{"id":75237,"date":"2024-07-23T15:20:56","date_gmt":"2024-07-23T20:20:56","guid":{"rendered":"https:\/\/luchonoticias.com\/?p=75237"},"modified":"2024-07-23T15:20:56","modified_gmt":"2024-07-23T20:20:56","slug":"interceptan-a-disidentes-de-las-farc-que-se-movilizaban-en-camionetas-de-la-unp-en-antioquia","status":"publish","type":"post","link":"https:\/\/luchonoticias.com\/editor\/interceptan-a-disidentes-de-las-farc-que-se-movilizaban-en-camionetas-de-la-unp-en-antioquia\/","title":{"rendered":"Interceptan a disidentes de las Farc que se movilizaban en camionetas de la UNP en Antioquia"},"content":{"rendered":"<p>Por Julio D\u00edaz S\u00e1nchez<\/p>\n<p>En un puesto de control instalado por el Ej\u00e9rcito entre Medell\u00edn y Amalfi en Antioquia, los militares interceptaron una caravana de camionetas de alta gama adscritas a la Unidad Nacional de Protecci\u00f3n UNP donde se movilizaban comandantes del Bloque Magdalena Medio del Estado Mayor Central de las disidencias de las Farc.<\/p>\n<p>El gobernador de Antioquia, Andr\u00e9s Juli\u00e1n Rend\u00f3n, dijo que los cabecillas de las disidencias de las Farc que se transportaban en los veh\u00edculos oficiales, entre ellos est\u00e1n Carlos Eduardo Garc\u00eda Tellez, alias &#8216;Andrey&#8217;, Alexander D\u00edaz Mendoza, alias &#8216;Calarc\u00e1&#8217; y alias &#8216;Ramiro&#8217;, alias &#8216;Firu&#8217;, este \u00faltimo registra orden de captura vigente por ocho delitos, entre ellos homicidio agravado y terrorismo.<\/p>\n<p>Por su parte, la Unidad Nacional de Protecci\u00f3n (UNP) emiti\u00f3 un comunicado para esclarecer los hechos relacionados con el puesto de control militar en la v\u00eda Medell\u00edn-Anor\u00ed donde se detuvo una caravana de veh\u00edculos que transportaban disidentes de las Farc sin salvoconducto.<\/p>\n<p>Seg\u00fan explic\u00f3 la entidad, que estos esquemas de protecci\u00f3n forman parte de la implementaci\u00f3n de las negociaciones de paz entre el Gobierno y grupos armados como el Ej\u00e9rcito de Liberaci\u00f3n Nacional (ELN) y un sector del Estado Mayor Central de las disidencias de las Farc.<\/p>\n<p>\u00abPor razones de seguridad los veh\u00edculos no deben ser forzados a ser abiertos en carretera y por ello deben ser conducidos a infraestructuras seguras y vigiladas por la autoridad\u00bb concluy\u00f3 la UNP.<\/p>\n","protected":false},"excerpt":{"rendered":"<p>Uno de los cabecillas del Estado Mayor Central de las Farc que se transportaba en las camionetas de la UNP es alias \u2018Firu\u2019 y tiene orden de captura vigente por la Fiscal\u00eda<\/p>\n","protected":false},"author":2,"featured_media":75238,"comment_status":"closed","ping_status":"open","sticky":false,"template":"","format":"standard","meta":{"footnotes":""},"categories":[28,32],"tags":[],"class_list":["post-75237","post","type-post","status-publish","format-standard","has-post-thumbnail","hentry","category-actualidad","category-nacional"],"yoast_head":"<!-- This site is optimized with the Yoast SEO plugin v26.6 - https:\/\/yoast.com\/wordpress\/plugins\/seo\/ -->\n<title>Interceptan a disidentes de las Farc que se movilizaban en camionetas de la UNP en Antioquia -<\/title>\n<meta name=\"description\" content=\"Uno de los cabecillas del Estado Mayor Central de las Farc que se transportaba en las camionetas de la UNP es alias \u2018Firu\u2019 y tiene orden de captura vigente por la Fiscal\u00eda\" \/>\n<meta name=\"robots\" content=\"index, follow, max-snippet:-1, max-image-preview:large, max-video-preview:-1\" \/>\n<link rel=\"canonical\" href=\"https:\/\/luchonoticias.com\/editor\/interceptan-a-disidentes-de-las-farc-que-se-movilizaban-en-camionetas-de-la-unp-en-antioquia\/\" \/>\n<meta property=\"og:locale\" content=\"es_ES\" \/>\n<meta property=\"og:type\" content=\"article\" \/>\n<meta property=\"og:title\" content=\"Interceptan a disidentes de las Farc que se movilizaban en camionetas de la UNP en Antioquia -\" \/>\n<meta property=\"og:description\" content=\"Uno de los cabecillas del Estado Mayor Central de las Farc que se transportaba en las camionetas de la UNP es alias \u2018Firu\u2019 y tiene orden de captura vigente por la Fiscal\u00eda\" \/>\n<meta property=\"og:url\" content=\"https:\/\/luchonoticias.com\/editor\/interceptan-a-disidentes-de-las-farc-que-se-movilizaban-en-camionetas-de-la-unp-en-antioquia\/\" \/>\n<meta property=\"article:publisher\" content=\"https:\/\/www.facebook.com\/luchonoticiasneiva\" \/>\n<meta property=\"article:published_time\" content=\"2024-07-23T20:20:56+00:00\" \/>\n<meta property=\"og:image\" content=\"https:\/\/luchonoticias.com\/editor\/wp-content\/uploads\/2024\/07\/camionetas.jpg\" \/>\n\t<meta property=\"og:image:width\" content=\"700\" \/>\n\t<meta property=\"og:image:height\" content=\"400\" \/>\n\t<meta property=\"og:image:type\" content=\"image\/jpeg\" \/>\n<meta name=\"author\" content=\"Editor General\" \/>\n<meta name=\"twitter:card\" content=\"summary_large_image\" \/>\n<meta name=\"twitter:label1\" content=\"Escrito por\" \/>\n\t<meta name=\"twitter:data1\" content=\"Editor General\" \/>\n\t<meta name=\"twitter:label2\" content=\"Tiempo de lectura\" \/>\n\t<meta name=\"twitter:data2\" content=\"2 minutos\" \/>\n<script type=\"application\/ld+json\" class=\"yoast-schema-graph\">{\"@context\":\"https:\/\/schema.org\",\"@graph\":[{\"@type\":\"Article\",\"@id\":\"https:\/\/luchonoticias.com\/editor\/interceptan-a-disidentes-de-las-farc-que-se-movilizaban-en-camionetas-de-la-unp-en-antioquia\/#article\",\"isPartOf\":{\"@id\":\"https:\/\/luchonoticias.com\/editor\/interceptan-a-disidentes-de-las-farc-que-se-movilizaban-en-camionetas-de-la-unp-en-antioquia\/\"},\"author\":{\"name\":\"Editor General\",\"@id\":\"https:\/\/luchonoticias.com\/editor\/#\/schema\/person\/29217990ddf6f14e35912b2866d591fb\"},\"headline\":\"Interceptan a disidentes de las Farc que se movilizaban en camionetas de la UNP en Antioquia\",\"datePublished\":\"2024-07-23T20:20:56+00:00\",\"mainEntityOfPage\":{\"@id\":\"https:\/\/luchonoticias.com\/editor\/interceptan-a-disidentes-de-las-farc-que-se-movilizaban-en-camionetas-de-la-unp-en-antioquia\/\"},\"wordCount\":271,\"publisher\":{\"@id\":\"https:\/\/luchonoticias.com\/editor\/#\/schema\/person\/7a7fd911f58561fd056dbac7b55af9cd\"},\"image\":{\"@id\":\"https:\/\/luchonoticias.com\/editor\/interceptan-a-disidentes-de-las-farc-que-se-movilizaban-en-camionetas-de-la-unp-en-antioquia\/#primaryimage\"},\"thumbnailUrl\":\"https:\/\/luchonoticias.com\/editor\/wp-content\/uploads\/2024\/07\/camionetas.jpg\",\"articleSection\":[\"Actualidad\",\"Nacional\"],\"inLanguage\":\"es\"},{\"@type\":\"WebPage\",\"@id\":\"https:\/\/luchonoticias.com\/editor\/interceptan-a-disidentes-de-las-farc-que-se-movilizaban-en-camionetas-de-la-unp-en-antioquia\/\",\"url\":\"https:\/\/luchonoticias.com\/editor\/interceptan-a-disidentes-de-las-farc-que-se-movilizaban-en-camionetas-de-la-unp-en-antioquia\/\",\"name\":\"Interceptan a disidentes de las Farc que se movilizaban en camionetas de la UNP en Antioquia -\",\"isPartOf\":{\"@id\":\"https:\/\/luchonoticias.com\/editor\/#website\"},\"primaryImageOfPage\":{\"@id\":\"https:\/\/luchonoticias.com\/editor\/interceptan-a-disidentes-de-las-farc-que-se-movilizaban-en-camionetas-de-la-unp-en-antioquia\/#primaryimage\"},\"image\":{\"@id\":\"https:\/\/luchonoticias.com\/editor\/interceptan-a-disidentes-de-las-farc-que-se-movilizaban-en-camionetas-de-la-unp-en-antioquia\/#primaryimage\"},\"thumbnailUrl\":\"https:\/\/luchonoticias.com\/editor\/wp-content\/uploads\/2024\/07\/camionetas.jpg\",\"datePublished\":\"2024-07-23T20:20:56+00:00\",\"description\":\"Uno de los cabecillas del Estado Mayor Central de las Farc que se transportaba en las camionetas de la UNP es alias \u2018Firu\u2019 y tiene orden de captura vigente por la Fiscal\u00eda\",\"breadcrumb\":{\"@id\":\"https:\/\/luchonoticias.com\/editor\/interceptan-a-disidentes-de-las-farc-que-se-movilizaban-en-camionetas-de-la-unp-en-antioquia\/#breadcrumb\"},\"inLanguage\":\"es\",\"potentialAction\":[{\"@type\":\"ReadAction\",\"target\":[\"https:\/\/luchonoticias.com\/editor\/interceptan-a-disidentes-de-las-farc-que-se-movilizaban-en-camionetas-de-la-unp-en-antioquia\/\"]}]},{\"@type\":\"ImageObject\",\"inLanguage\":\"es\",\"@id\":\"https:\/\/luchonoticias.com\/editor\/interceptan-a-disidentes-de-las-farc-que-se-movilizaban-en-camionetas-de-la-unp-en-antioquia\/#primaryimage\",\"url\":\"https:\/\/luchonoticias.com\/editor\/wp-content\/uploads\/2024\/07\/camionetas.jpg\",\"contentUrl\":\"https:\/\/luchonoticias.com\/editor\/wp-content\/uploads\/2024\/07\/camionetas.jpg\",\"width\":700,\"height\":400},{\"@type\":\"BreadcrumbList\",\"@id\":\"https:\/\/luchonoticias.com\/editor\/interceptan-a-disidentes-de-las-farc-que-se-movilizaban-en-camionetas-de-la-unp-en-antioquia\/#breadcrumb\",\"itemListElement\":[{\"@type\":\"ListItem\",\"position\":1,\"name\":\"Portada\",\"item\":\"https:\/\/luchonoticias.com\/editor\/\"},{\"@type\":\"ListItem\",\"position\":2,\"name\":\"Interceptan a disidentes de las Farc que se movilizaban en camionetas de la UNP en Antioquia\"}]},{\"@type\":\"WebSite\",\"@id\":\"https:\/\/luchonoticias.com\/editor\/#website\",\"url\":\"https:\/\/luchonoticias.com\/editor\/\",\"name\":\"\",\"description\":\"\",\"publisher\":{\"@id\":\"https:\/\/luchonoticias.com\/editor\/#\/schema\/person\/7a7fd911f58561fd056dbac7b55af9cd\"},\"potentialAction\":[{\"@type\":\"SearchAction\",\"target\":{\"@type\":\"EntryPoint\",\"urlTemplate\":\"https:\/\/luchonoticias.com\/editor\/?s={search_term_string}\"},\"query-input\":{\"@type\":\"PropertyValueSpecification\",\"valueRequired\":true,\"valueName\":\"search_term_string\"}}],\"inLanguage\":\"es\"},{\"@type\":[\"Person\",\"Organization\"],\"@id\":\"https:\/\/luchonoticias.com\/editor\/#\/schema\/person\/7a7fd911f58561fd056dbac7b55af9cd\",\"name\":\"admin\",\"image\":{\"@type\":\"ImageObject\",\"inLanguage\":\"es\",\"@id\":\"https:\/\/luchonoticias.com\/editor\/#\/schema\/person\/image\/\",\"url\":\"https:\/\/luchonoticias.com\/editor\/wp-content\/uploads\/2024\/02\/cropped-cropped-logolu.webp\",\"contentUrl\":\"https:\/\/luchonoticias.com\/editor\/wp-content\/uploads\/2024\/02\/cropped-cropped-logolu.webp\",\"width\":382,\"height\":170,\"caption\":\"admin\"},\"logo\":{\"@id\":\"https:\/\/luchonoticias.com\/editor\/#\/schema\/person\/image\/\"},\"sameAs\":[\"https:\/\/www.facebook.com\/luchonoticiasneiva\"]},{\"@type\":\"Person\",\"@id\":\"https:\/\/luchonoticias.com\/editor\/#\/schema\/person\/29217990ddf6f14e35912b2866d591fb\",\"name\":\"Editor General\",\"image\":{\"@type\":\"ImageObject\",\"inLanguage\":\"es\",\"@id\":\"https:\/\/luchonoticias.com\/editor\/#\/schema\/person\/image\/\",\"url\":\"https:\/\/luchonoticias.com\/editor\/wp-content\/uploads\/2024\/02\/cropped-cropped-logolu-150x150.webp\",\"contentUrl\":\"https:\/\/luchonoticias.com\/editor\/wp-content\/uploads\/2024\/02\/cropped-cropped-logolu-150x150.webp\",\"caption\":\"Editor General\"},\"sameAs\":[\"https:\/\/luchonoticias.com\/\"],\"url\":\"https:\/\/luchonoticias.com\/editor\/author\/editor-general\/\"}]}<\/script>\n<!-- \/ Yoast SEO plugin. -->","yoast_head_json":{"title":"Interceptan a disidentes de las Farc que se movilizaban en camionetas de la UNP en Antioquia -","description":"Uno de los cabecillas del Estado Mayor Central de las Farc que se transportaba en las camionetas de la UNP es alias \u2018Firu\u2019 y tiene orden de captura vigente por la Fiscal\u00eda","robots":{"index":"index","follow":"follow","max-snippet":"max-snippet:-1","max-image-preview":"max-image-preview:large","max-video-preview":"max-video-preview:-1"},"canonical":"https:\/\/luchonoticias.com\/editor\/interceptan-a-disidentes-de-las-farc-que-se-movilizaban-en-camionetas-de-la-unp-en-antioquia\/","og_locale":"es_ES","og_type":"article","og_title":"Interceptan a disidentes de las Farc que se movilizaban en camionetas de la UNP en Antioquia -","og_description":"Uno de los cabecillas del Estado Mayor Central de las Farc que se transportaba en las camionetas de la UNP es alias \u2018Firu\u2019 y tiene orden de captura vigente por la Fiscal\u00eda","og_url":"https:\/\/luchonoticias.com\/editor\/interceptan-a-disidentes-de-las-farc-que-se-movilizaban-en-camionetas-de-la-unp-en-antioquia\/","article_publisher":"https:\/\/www.facebook.com\/luchonoticiasneiva","article_published_time":"2024-07-23T20:20:56+00:00","og_image":[{"width":700,"height":400,"url":"https:\/\/luchonoticias.com\/editor\/wp-content\/uploads\/2024\/07\/camionetas.jpg","type":"image\/jpeg"}],"author":"Editor General","twitter_card":"summary_large_image","twitter_misc":{"Escrito por":"Editor General","Tiempo de lectura":"2 minutos"},"schema":{"@context":"https:\/\/schema.org","@graph":[{"@type":"Article","@id":"https:\/\/luchonoticias.com\/editor\/interceptan-a-disidentes-de-las-farc-que-se-movilizaban-en-camionetas-de-la-unp-en-antioquia\/#article","isPartOf":{"@id":"https:\/\/luchonoticias.com\/editor\/interceptan-a-disidentes-de-las-farc-que-se-movilizaban-en-camionetas-de-la-unp-en-antioquia\/"},"author":{"name":"Editor General","@id":"https:\/\/luchonoticias.com\/editor\/#\/schema\/person\/29217990ddf6f14e35912b2866d591fb"},"headline":"Interceptan a disidentes de las Farc que se movilizaban en camionetas de la UNP en Antioquia","datePublished":"2024-07-23T20:20:56+00:00","mainEntityOfPage":{"@id":"https:\/\/luchonoticias.com\/editor\/interceptan-a-disidentes-de-las-farc-que-se-movilizaban-en-camionetas-de-la-unp-en-antioquia\/"},"wordCount":271,"publisher":{"@id":"https:\/\/luchonoticias.com\/editor\/#\/schema\/person\/7a7fd911f58561fd056dbac7b55af9cd"},"image":{"@id":"https:\/\/luchonoticias.com\/editor\/interceptan-a-disidentes-de-las-farc-que-se-movilizaban-en-camionetas-de-la-unp-en-antioquia\/#primaryimage"},"thumbnailUrl":"https:\/\/luchonoticias.com\/editor\/wp-content\/uploads\/2024\/07\/camionetas.jpg","articleSection":["Actualidad","Nacional"],"inLanguage":"es"},{"@type":"WebPage","@id":"https:\/\/luchonoticias.com\/editor\/interceptan-a-disidentes-de-las-farc-que-se-movilizaban-en-camionetas-de-la-unp-en-antioquia\/","url":"https:\/\/luchonoticias.com\/editor\/interceptan-a-disidentes-de-las-farc-que-se-movilizaban-en-camionetas-de-la-unp-en-antioquia\/","name":"Interceptan a disidentes de las Farc que se movilizaban en camionetas de la UNP en Antioquia -","isPartOf":{"@id":"https:\/\/luchonoticias.com\/editor\/#website"},"primaryImageOfPage":{"@id":"https:\/\/luchonoticias.com\/editor\/interceptan-a-disidentes-de-las-farc-que-se-movilizaban-en-camionetas-de-la-unp-en-antioquia\/#primaryimage"},"image":{"@id":"https:\/\/luchonoticias.com\/editor\/interceptan-a-disidentes-de-las-farc-que-se-movilizaban-en-camionetas-de-la-unp-en-antioquia\/#primaryimage"},"thumbnailUrl":"https:\/\/luchonoticias.com\/editor\/wp-content\/uploads\/2024\/07\/camionetas.jpg","datePublished":"2024-07-23T20:20:56+00:00","description":"Uno de los cabecillas del Estado Mayor Central de las Farc que se transportaba en las camionetas de la UNP es alias \u2018Firu\u2019 y tiene orden de captura vigente por la Fiscal\u00eda","breadcrumb":{"@id":"https:\/\/luchonoticias.com\/editor\/interceptan-a-disidentes-de-las-farc-que-se-movilizaban-en-camionetas-de-la-unp-en-antioquia\/#breadcrumb"},"inLanguage":"es","potentialAction":[{"@type":"ReadAction","target":["https:\/\/luchonoticias.com\/editor\/interceptan-a-disidentes-de-las-farc-que-se-movilizaban-en-camionetas-de-la-unp-en-antioquia\/"]}]},{"@type":"ImageObject","inLanguage":"es","@id":"https:\/\/luchonoticias.com\/editor\/interceptan-a-disidentes-de-las-farc-que-se-movilizaban-en-camionetas-de-la-unp-en-antioquia\/#primaryimage","url":"https:\/\/luchonoticias.com\/editor\/wp-content\/uploads\/2024\/07\/camionetas.jpg","contentUrl":"https:\/\/luchonoticias.com\/editor\/wp-content\/uploads\/2024\/07\/camionetas.jpg","width":700,"height":400},{"@type":"BreadcrumbList","@id":"https:\/\/luchonoticias.com\/editor\/interceptan-a-disidentes-de-las-farc-que-se-movilizaban-en-camionetas-de-la-unp-en-antioquia\/#breadcrumb","itemListElement":[{"@type":"ListItem","position":1,"name":"Portada","item":"https:\/\/luchonoticias.com\/editor\/"},{"@type":"ListItem","position":2,"name":"Interceptan a disidentes de las Farc que se movilizaban en camionetas de la UNP en Antioquia"}]},{"@type":"WebSite","@id":"https:\/\/luchonoticias.com\/editor\/#website","url":"https:\/\/luchonoticias.com\/editor\/","name":"","description":"","publisher":{"@id":"https:\/\/luchonoticias.com\/editor\/#\/schema\/person\/7a7fd911f58561fd056dbac7b55af9cd"},"potentialAction":[{"@type":"SearchAction","target":{"@type":"EntryPoint","urlTemplate":"https:\/\/luchonoticias.com\/editor\/?s={search_term_string}"},"query-input":{"@type":"PropertyValueSpecification","valueRequired":true,"valueName":"search_term_string"}}],"inLanguage":"es"},{"@type":["Person","Organization"],"@id":"https:\/\/luchonoticias.com\/editor\/#\/schema\/person\/7a7fd911f58561fd056dbac7b55af9cd","name":"admin","image":{"@type":"ImageObject","inLanguage":"es","@id":"https:\/\/luchonoticias.com\/editor\/#\/schema\/person\/image\/","url":"https:\/\/luchonoticias.com\/editor\/wp-content\/uploads\/2024\/02\/cropped-cropped-logolu.webp","contentUrl":"https:\/\/luchonoticias.com\/editor\/wp-content\/uploads\/2024\/02\/cropped-cropped-logolu.webp","width":382,"height":170,"caption":"admin"},"logo":{"@id":"https:\/\/luchonoticias.com\/editor\/#\/schema\/person\/image\/"},"sameAs":["https:\/\/www.facebook.com\/luchonoticiasneiva"]},{"@type":"Person","@id":"https:\/\/luchonoticias.com\/editor\/#\/schema\/person\/29217990ddf6f14e35912b2866d591fb","name":"Editor General","image":{"@type":"ImageObject","inLanguage":"es","@id":"https:\/\/luchonoticias.com\/editor\/#\/schema\/person\/image\/","url":"https:\/\/luchonoticias.com\/editor\/wp-content\/uploads\/2024\/02\/cropped-cropped-logolu-150x150.webp","contentUrl":"https:\/\/luchonoticias.com\/editor\/wp-content\/uploads\/2024\/02\/cropped-cropped-logolu-150x150.webp","caption":"Editor General"},"sameAs":["https:\/\/luchonoticias.com\/"],"url":"https:\/\/luchonoticias.com\/editor\/author\/editor-general\/"}]}},"_links":{"self":[{"href":"https:\/\/luchonoticias.com\/editor\/wp-json\/wp\/v2\/posts\/75237","targetHints":{"allow":["GET"]}}],"collection":[{"href":"https:\/\/luchonoticias.com\/editor\/wp-json\/wp\/v2\/posts"}],"about":[{"href":"https:\/\/luchonoticias.com\/editor\/wp-json\/wp\/v2\/types\/post"}],"author":[{"embeddable":true,"href":"https:\/\/luchonoticias.com\/editor\/wp-json\/wp\/v2\/users\/2"}],"replies":[{"embeddable":true,"href":"https:\/\/luchonoticias.com\/editor\/wp-json\/wp\/v2\/comments?post=75237"}],"version-history":[{"count":1,"href":"https:\/\/luchonoticias.com\/editor\/wp-json\/wp\/v2\/posts\/75237\/revisions"}],"predecessor-version":[{"id":75239,"href":"https:\/\/luchonoticias.com\/editor\/wp-json\/wp\/v2\/posts\/75237\/revisions\/75239"}],"wp:featuredmedia":[{"embeddable":true,"href":"https:\/\/luchonoticias.com\/editor\/wp-json\/wp\/v2\/media\/75238"}],"wp:attachment":[{"href":"https:\/\/luchonoticias.com\/editor\/wp-json\/wp\/v2\/media?parent=75237"}],"wp:term":[{"taxonomy":"category","embeddable":true,"href":"https:\/\/luchonoticias.com\/editor\/wp-json\/wp\/v2\/categories?post=75237"},{"taxonomy":"post_tag","embeddable":true,"href":"https:\/\/luchonoticias.com\/editor\/wp-json\/wp\/v2\/tags?post=75237"}],"curies":[{"name":"wp","href":"https:\/\/api.w.org\/{rel}","templated":true}]}}