{"id":75240,"date":"2024-07-23T18:05:50","date_gmt":"2024-07-23T23:05:50","guid":{"rendered":"https:\/\/luchonoticias.com\/?p=75240"},"modified":"2024-07-23T18:05:50","modified_gmt":"2024-07-23T23:05:50","slug":"capturado-cabecilla-de-las-disidencias-que-iba-en-camioneta-de-la-unp","status":"publish","type":"post","link":"https:\/\/luchonoticias.com\/editor\/capturado-cabecilla-de-las-disidencias-que-iba-en-camioneta-de-la-unp\/","title":{"rendered":"Capturado cabecilla de las disidencias que iba en camioneta de la UNP"},"content":{"rendered":"<p>Las autoridades acabaron de capturar a Edgar de Jes\u00fas Orrego, alias &#8216;Firu&#8217;, cabecilla del frente 36 de las disidencias, luego de ser ubicado en la caravana que transportaba a otros jefes disidentes.<\/p>\n<p>El jefe disidente se transportaba en una caravana de camionetas de la Unidad Nacional de protecci\u00f3n (UNP) asignadas a miembros de las disidencias de las Farc, pertenecientes al denominado Estado Mayor Central, quienes est\u00e1n en conversaciones con el Gobierno Nacional.<\/p>\n<p>Los veh\u00edculos fueron interceptados en un ret\u00e9n que realiz\u00f3 el Ej\u00e9rcito Nacional en la v\u00eda Medell\u00edn &#8211; Anor\u00ed (Antioquia), en el sitio conocido como Puente Gabino.<\/p>\n<p>Entre las personas que estaban siendo transportadas iban tres cabecillas del Bloque Magdalena Medio quienes tienen \u00f3rdenes de captura suspendidas mientras dialogan con el Gobierno, se trata de \u2018Calarc\u00e1\u2019, \u2018Andrey\u2019 y \u2018Ramiro\u2019.<\/p>\n<p>Sin embargo, en esta caravana era transportado tambi\u00e9n Edgar de Jes\u00fas Orrego Arango, alias \u2018Firu\u2019, se\u00f1alado cabecilla de la estructura 36 de las disidencias del Estado Mayor Central &#8216;Gentil Duarte&#8217;, quien tiene orden de captura vigente, desde el 14 de febrero de 2024, con vigencia de un a\u00f1o.<\/p>\n<p>Este criminal debe responder por los delitos homicidio agravado, concierto para delinquir agravado, fabricaci\u00f3n, tr\u00e1fico y porte de armas de fuego o municiones.<\/p>\n<p>Igualmente, es se\u00f1alado por las autoridades en la utilizaci\u00f3n ilegal de uniformes e insignias, fabricaci\u00f3n, tr\u00e1fico y porte de armas, municiones de uso restringido, de uso privativo de las fuerzas armadas o explosivos, terrorismo, hurto calificado y agravado.<\/p>\n<p>No obstante, la Unidad Nacional de Protecci\u00f3n reiter\u00f3 que est\u00e1 prohibido transportar en los veh\u00edculos adscritos a la instituci\u00f3n, personas con \u00f3rdenes de captura, combatientes ni visitar \u00e1reas de guerra.<\/p>\n<p>\u201cDe inmediato se solicit\u00f3 que la caravana de veh\u00edculos fuera llevada a un centro policial para su respectiva inspecci\u00f3n. La UNP confirma que acompa\u00f1a el proceso de negociaci\u00f3n entre el gobierno y el ELN y un sector del EMC, al igual que otros grupos armados\u201d, confirm\u00f3 a trav\u00e9s de su cuenta de X.<\/p>\n<p>\u201cY, por tanto implementa esquemas colectivos de protecci\u00f3n referido a las personas indicadas por la Oficina del Consejero Comisionado de Paz. Dentro de ellos est\u00e1n Carlos Eduardo Garc\u00eda Tellez, alias \u201cAndrey\u201d y Alexander D\u00edas Mendoza, alias \u201cCalarc\u00e1\u201d.<\/p>\n","protected":false},"excerpt":{"rendered":"<p>Las autoridades acabaron de capturar a Edgar de Jes\u00fas Orrego, alias &#8216;Firu&#8217;, cabecilla del frente 36 de las disidencias de las Farc. <\/p>\n","protected":false},"author":2,"featured_media":75241,"comment_status":"closed","ping_status":"open","sticky":false,"template":"","format":"standard","meta":{"footnotes":""},"categories":[29],"tags":[],"class_list":["post-75240","post","type-post","status-publish","format-standard","has-post-thumbnail","hentry","category-judicial"],"yoast_head":"<!-- This site is optimized with the Yoast SEO plugin v26.6 - https:\/\/yoast.com\/wordpress\/plugins\/seo\/ -->\n<title>Capturado cabecilla de las disidencias que iba en camioneta de la UNP -<\/title>\n<meta name=\"description\" content=\"Las autoridades acabaron de capturar a Edgar de Jes\u00fas Orrego, alias &#039;Firu&#039;, cabecilla del frente 36 de las disidencias de las Farc.\" \/>\n<meta name=\"robots\" content=\"index, follow, max-snippet:-1, max-image-preview:large, max-video-preview:-1\" \/>\n<link rel=\"canonical\" href=\"https:\/\/luchonoticias.com\/editor\/capturado-cabecilla-de-las-disidencias-que-iba-en-camioneta-de-la-unp\/\" \/>\n<meta property=\"og:locale\" content=\"es_ES\" \/>\n<meta property=\"og:type\" content=\"article\" \/>\n<meta property=\"og:title\" content=\"Capturado cabecilla de las disidencias que iba en camioneta de la UNP -\" \/>\n<meta property=\"og:description\" content=\"Las autoridades acabaron de capturar a Edgar de Jes\u00fas Orrego, alias &#039;Firu&#039;, cabecilla del frente 36 de las disidencias de las Farc.\" \/>\n<meta property=\"og:url\" content=\"https:\/\/luchonoticias.com\/editor\/capturado-cabecilla-de-las-disidencias-que-iba-en-camioneta-de-la-unp\/\" \/>\n<meta property=\"article:publisher\" content=\"https:\/\/www.facebook.com\/luchonoticiasneiva\" \/>\n<meta property=\"article:published_time\" content=\"2024-07-23T23:05:50+00:00\" \/>\n<meta property=\"og:image\" content=\"https:\/\/luchonoticias.com\/editor\/wp-content\/uploads\/2024\/07\/cabecillas.jpg\" \/>\n\t<meta property=\"og:image:width\" content=\"700\" \/>\n\t<meta property=\"og:image:height\" content=\"400\" \/>\n\t<meta property=\"og:image:type\" content=\"image\/jpeg\" \/>\n<meta name=\"author\" content=\"Editor General\" \/>\n<meta name=\"twitter:card\" content=\"summary_large_image\" \/>\n<meta name=\"twitter:label1\" content=\"Escrito por\" \/>\n\t<meta name=\"twitter:data1\" content=\"Editor General\" \/>\n\t<meta name=\"twitter:label2\" content=\"Tiempo de lectura\" \/>\n\t<meta name=\"twitter:data2\" content=\"2 minutos\" \/>\n<script type=\"application\/ld+json\" class=\"yoast-schema-graph\">{\"@context\":\"https:\/\/schema.org\",\"@graph\":[{\"@type\":\"Article\",\"@id\":\"https:\/\/luchonoticias.com\/editor\/capturado-cabecilla-de-las-disidencias-que-iba-en-camioneta-de-la-unp\/#article\",\"isPartOf\":{\"@id\":\"https:\/\/luchonoticias.com\/editor\/capturado-cabecilla-de-las-disidencias-que-iba-en-camioneta-de-la-unp\/\"},\"author\":{\"name\":\"Editor General\",\"@id\":\"https:\/\/luchonoticias.com\/editor\/#\/schema\/person\/29217990ddf6f14e35912b2866d591fb\"},\"headline\":\"Capturado cabecilla de las disidencias que iba en camioneta de la UNP\",\"datePublished\":\"2024-07-23T23:05:50+00:00\",\"mainEntityOfPage\":{\"@id\":\"https:\/\/luchonoticias.com\/editor\/capturado-cabecilla-de-las-disidencias-que-iba-en-camioneta-de-la-unp\/\"},\"wordCount\":397,\"publisher\":{\"@id\":\"https:\/\/luchonoticias.com\/editor\/#\/schema\/person\/7a7fd911f58561fd056dbac7b55af9cd\"},\"image\":{\"@id\":\"https:\/\/luchonoticias.com\/editor\/capturado-cabecilla-de-las-disidencias-que-iba-en-camioneta-de-la-unp\/#primaryimage\"},\"thumbnailUrl\":\"https:\/\/luchonoticias.com\/editor\/wp-content\/uploads\/2024\/07\/cabecillas.jpg\",\"articleSection\":[\"Judicial\"],\"inLanguage\":\"es\"},{\"@type\":\"WebPage\",\"@id\":\"https:\/\/luchonoticias.com\/editor\/capturado-cabecilla-de-las-disidencias-que-iba-en-camioneta-de-la-unp\/\",\"url\":\"https:\/\/luchonoticias.com\/editor\/capturado-cabecilla-de-las-disidencias-que-iba-en-camioneta-de-la-unp\/\",\"name\":\"Capturado cabecilla de las disidencias que iba en camioneta de la UNP -\",\"isPartOf\":{\"@id\":\"https:\/\/luchonoticias.com\/editor\/#website\"},\"primaryImageOfPage\":{\"@id\":\"https:\/\/luchonoticias.com\/editor\/capturado-cabecilla-de-las-disidencias-que-iba-en-camioneta-de-la-unp\/#primaryimage\"},\"image\":{\"@id\":\"https:\/\/luchonoticias.com\/editor\/capturado-cabecilla-de-las-disidencias-que-iba-en-camioneta-de-la-unp\/#primaryimage\"},\"thumbnailUrl\":\"https:\/\/luchonoticias.com\/editor\/wp-content\/uploads\/2024\/07\/cabecillas.jpg\",\"datePublished\":\"2024-07-23T23:05:50+00:00\",\"description\":\"Las autoridades acabaron de capturar a Edgar de Jes\u00fas Orrego, alias 'Firu', cabecilla del frente 36 de las disidencias de las Farc.\",\"breadcrumb\":{\"@id\":\"https:\/\/luchonoticias.com\/editor\/capturado-cabecilla-de-las-disidencias-que-iba-en-camioneta-de-la-unp\/#breadcrumb\"},\"inLanguage\":\"es\",\"potentialAction\":[{\"@type\":\"ReadAction\",\"target\":[\"https:\/\/luchonoticias.com\/editor\/capturado-cabecilla-de-las-disidencias-que-iba-en-camioneta-de-la-unp\/\"]}]},{\"@type\":\"ImageObject\",\"inLanguage\":\"es\",\"@id\":\"https:\/\/luchonoticias.com\/editor\/capturado-cabecilla-de-las-disidencias-que-iba-en-camioneta-de-la-unp\/#primaryimage\",\"url\":\"https:\/\/luchonoticias.com\/editor\/wp-content\/uploads\/2024\/07\/cabecillas.jpg\",\"contentUrl\":\"https:\/\/luchonoticias.com\/editor\/wp-content\/uploads\/2024\/07\/cabecillas.jpg\",\"width\":700,\"height\":400},{\"@type\":\"BreadcrumbList\",\"@id\":\"https:\/\/luchonoticias.com\/editor\/capturado-cabecilla-de-las-disidencias-que-iba-en-camioneta-de-la-unp\/#breadcrumb\",\"itemListElement\":[{\"@type\":\"ListItem\",\"position\":1,\"name\":\"Portada\",\"item\":\"https:\/\/luchonoticias.com\/editor\/\"},{\"@type\":\"ListItem\",\"position\":2,\"name\":\"Capturado cabecilla de las disidencias que iba en camioneta de la UNP\"}]},{\"@type\":\"WebSite\",\"@id\":\"https:\/\/luchonoticias.com\/editor\/#website\",\"url\":\"https:\/\/luchonoticias.com\/editor\/\",\"name\":\"\",\"description\":\"\",\"publisher\":{\"@id\":\"https:\/\/luchonoticias.com\/editor\/#\/schema\/person\/7a7fd911f58561fd056dbac7b55af9cd\"},\"potentialAction\":[{\"@type\":\"SearchAction\",\"target\":{\"@type\":\"EntryPoint\",\"urlTemplate\":\"https:\/\/luchonoticias.com\/editor\/?s={search_term_string}\"},\"query-input\":{\"@type\":\"PropertyValueSpecification\",\"valueRequired\":true,\"valueName\":\"search_term_string\"}}],\"inLanguage\":\"es\"},{\"@type\":[\"Person\",\"Organization\"],\"@id\":\"https:\/\/luchonoticias.com\/editor\/#\/schema\/person\/7a7fd911f58561fd056dbac7b55af9cd\",\"name\":\"admin\",\"image\":{\"@type\":\"ImageObject\",\"inLanguage\":\"es\",\"@id\":\"https:\/\/luchonoticias.com\/editor\/#\/schema\/person\/image\/\",\"url\":\"https:\/\/luchonoticias.com\/editor\/wp-content\/uploads\/2024\/02\/cropped-cropped-logolu.webp\",\"contentUrl\":\"https:\/\/luchonoticias.com\/editor\/wp-content\/uploads\/2024\/02\/cropped-cropped-logolu.webp\",\"width\":382,\"height\":170,\"caption\":\"admin\"},\"logo\":{\"@id\":\"https:\/\/luchonoticias.com\/editor\/#\/schema\/person\/image\/\"},\"sameAs\":[\"https:\/\/www.facebook.com\/luchonoticiasneiva\"]},{\"@type\":\"Person\",\"@id\":\"https:\/\/luchonoticias.com\/editor\/#\/schema\/person\/29217990ddf6f14e35912b2866d591fb\",\"name\":\"Editor General\",\"image\":{\"@type\":\"ImageObject\",\"inLanguage\":\"es\",\"@id\":\"https:\/\/luchonoticias.com\/editor\/#\/schema\/person\/image\/\",\"url\":\"https:\/\/luchonoticias.com\/editor\/wp-content\/uploads\/2024\/02\/cropped-cropped-logolu-150x150.webp\",\"contentUrl\":\"https:\/\/luchonoticias.com\/editor\/wp-content\/uploads\/2024\/02\/cropped-cropped-logolu-150x150.webp\",\"caption\":\"Editor General\"},\"sameAs\":[\"https:\/\/luchonoticias.com\/\"],\"url\":\"https:\/\/luchonoticias.com\/editor\/author\/editor-general\/\"}]}<\/script>\n<!-- \/ Yoast SEO plugin. -->","yoast_head_json":{"title":"Capturado cabecilla de las disidencias que iba en camioneta de la UNP -","description":"Las autoridades acabaron de capturar a Edgar de Jes\u00fas Orrego, alias 'Firu', cabecilla del frente 36 de las disidencias de las Farc.","robots":{"index":"index","follow":"follow","max-snippet":"max-snippet:-1","max-image-preview":"max-image-preview:large","max-video-preview":"max-video-preview:-1"},"canonical":"https:\/\/luchonoticias.com\/editor\/capturado-cabecilla-de-las-disidencias-que-iba-en-camioneta-de-la-unp\/","og_locale":"es_ES","og_type":"article","og_title":"Capturado cabecilla de las disidencias que iba en camioneta de la UNP -","og_description":"Las autoridades acabaron de capturar a Edgar de Jes\u00fas Orrego, alias 'Firu', cabecilla del frente 36 de las disidencias de las Farc.","og_url":"https:\/\/luchonoticias.com\/editor\/capturado-cabecilla-de-las-disidencias-que-iba-en-camioneta-de-la-unp\/","article_publisher":"https:\/\/www.facebook.com\/luchonoticiasneiva","article_published_time":"2024-07-23T23:05:50+00:00","og_image":[{"width":700,"height":400,"url":"https:\/\/luchonoticias.com\/editor\/wp-content\/uploads\/2024\/07\/cabecillas.jpg","type":"image\/jpeg"}],"author":"Editor General","twitter_card":"summary_large_image","twitter_misc":{"Escrito por":"Editor General","Tiempo de lectura":"2 minutos"},"schema":{"@context":"https:\/\/schema.org","@graph":[{"@type":"Article","@id":"https:\/\/luchonoticias.com\/editor\/capturado-cabecilla-de-las-disidencias-que-iba-en-camioneta-de-la-unp\/#article","isPartOf":{"@id":"https:\/\/luchonoticias.com\/editor\/capturado-cabecilla-de-las-disidencias-que-iba-en-camioneta-de-la-unp\/"},"author":{"name":"Editor General","@id":"https:\/\/luchonoticias.com\/editor\/#\/schema\/person\/29217990ddf6f14e35912b2866d591fb"},"headline":"Capturado cabecilla de las disidencias que iba en camioneta de la UNP","datePublished":"2024-07-23T23:05:50+00:00","mainEntityOfPage":{"@id":"https:\/\/luchonoticias.com\/editor\/capturado-cabecilla-de-las-disidencias-que-iba-en-camioneta-de-la-unp\/"},"wordCount":397,"publisher":{"@id":"https:\/\/luchonoticias.com\/editor\/#\/schema\/person\/7a7fd911f58561fd056dbac7b55af9cd"},"image":{"@id":"https:\/\/luchonoticias.com\/editor\/capturado-cabecilla-de-las-disidencias-que-iba-en-camioneta-de-la-unp\/#primaryimage"},"thumbnailUrl":"https:\/\/luchonoticias.com\/editor\/wp-content\/uploads\/2024\/07\/cabecillas.jpg","articleSection":["Judicial"],"inLanguage":"es"},{"@type":"WebPage","@id":"https:\/\/luchonoticias.com\/editor\/capturado-cabecilla-de-las-disidencias-que-iba-en-camioneta-de-la-unp\/","url":"https:\/\/luchonoticias.com\/editor\/capturado-cabecilla-de-las-disidencias-que-iba-en-camioneta-de-la-unp\/","name":"Capturado cabecilla de las disidencias que iba en camioneta de la UNP -","isPartOf":{"@id":"https:\/\/luchonoticias.com\/editor\/#website"},"primaryImageOfPage":{"@id":"https:\/\/luchonoticias.com\/editor\/capturado-cabecilla-de-las-disidencias-que-iba-en-camioneta-de-la-unp\/#primaryimage"},"image":{"@id":"https:\/\/luchonoticias.com\/editor\/capturado-cabecilla-de-las-disidencias-que-iba-en-camioneta-de-la-unp\/#primaryimage"},"thumbnailUrl":"https:\/\/luchonoticias.com\/editor\/wp-content\/uploads\/2024\/07\/cabecillas.jpg","datePublished":"2024-07-23T23:05:50+00:00","description":"Las autoridades acabaron de capturar a Edgar de Jes\u00fas Orrego, alias 'Firu', cabecilla del frente 36 de las disidencias de las Farc.","breadcrumb":{"@id":"https:\/\/luchonoticias.com\/editor\/capturado-cabecilla-de-las-disidencias-que-iba-en-camioneta-de-la-unp\/#breadcrumb"},"inLanguage":"es","potentialAction":[{"@type":"ReadAction","target":["https:\/\/luchonoticias.com\/editor\/capturado-cabecilla-de-las-disidencias-que-iba-en-camioneta-de-la-unp\/"]}]},{"@type":"ImageObject","inLanguage":"es","@id":"https:\/\/luchonoticias.com\/editor\/capturado-cabecilla-de-las-disidencias-que-iba-en-camioneta-de-la-unp\/#primaryimage","url":"https:\/\/luchonoticias.com\/editor\/wp-content\/uploads\/2024\/07\/cabecillas.jpg","contentUrl":"https:\/\/luchonoticias.com\/editor\/wp-content\/uploads\/2024\/07\/cabecillas.jpg","width":700,"height":400},{"@type":"BreadcrumbList","@id":"https:\/\/luchonoticias.com\/editor\/capturado-cabecilla-de-las-disidencias-que-iba-en-camioneta-de-la-unp\/#breadcrumb","itemListElement":[{"@type":"ListItem","position":1,"name":"Portada","item":"https:\/\/luchonoticias.com\/editor\/"},{"@type":"ListItem","position":2,"name":"Capturado cabecilla de las disidencias que iba en camioneta de la UNP"}]},{"@type":"WebSite","@id":"https:\/\/luchonoticias.com\/editor\/#website","url":"https:\/\/luchonoticias.com\/editor\/","name":"","description":"","publisher":{"@id":"https:\/\/luchonoticias.com\/editor\/#\/schema\/person\/7a7fd911f58561fd056dbac7b55af9cd"},"potentialAction":[{"@type":"SearchAction","target":{"@type":"EntryPoint","urlTemplate":"https:\/\/luchonoticias.com\/editor\/?s={search_term_string}"},"query-input":{"@type":"PropertyValueSpecification","valueRequired":true,"valueName":"search_term_string"}}],"inLanguage":"es"},{"@type":["Person","Organization"],"@id":"https:\/\/luchonoticias.com\/editor\/#\/schema\/person\/7a7fd911f58561fd056dbac7b55af9cd","name":"admin","image":{"@type":"ImageObject","inLanguage":"es","@id":"https:\/\/luchonoticias.com\/editor\/#\/schema\/person\/image\/","url":"https:\/\/luchonoticias.com\/editor\/wp-content\/uploads\/2024\/02\/cropped-cropped-logolu.webp","contentUrl":"https:\/\/luchonoticias.com\/editor\/wp-content\/uploads\/2024\/02\/cropped-cropped-logolu.webp","width":382,"height":170,"caption":"admin"},"logo":{"@id":"https:\/\/luchonoticias.com\/editor\/#\/schema\/person\/image\/"},"sameAs":["https:\/\/www.facebook.com\/luchonoticiasneiva"]},{"@type":"Person","@id":"https:\/\/luchonoticias.com\/editor\/#\/schema\/person\/29217990ddf6f14e35912b2866d591fb","name":"Editor General","image":{"@type":"ImageObject","inLanguage":"es","@id":"https:\/\/luchonoticias.com\/editor\/#\/schema\/person\/image\/","url":"https:\/\/luchonoticias.com\/editor\/wp-content\/uploads\/2024\/02\/cropped-cropped-logolu-150x150.webp","contentUrl":"https:\/\/luchonoticias.com\/editor\/wp-content\/uploads\/2024\/02\/cropped-cropped-logolu-150x150.webp","caption":"Editor General"},"sameAs":["https:\/\/luchonoticias.com\/"],"url":"https:\/\/luchonoticias.com\/editor\/author\/editor-general\/"}]}},"_links":{"self":[{"href":"https:\/\/luchonoticias.com\/editor\/wp-json\/wp\/v2\/posts\/75240","targetHints":{"allow":["GET"]}}],"collection":[{"href":"https:\/\/luchonoticias.com\/editor\/wp-json\/wp\/v2\/posts"}],"about":[{"href":"https:\/\/luchonoticias.com\/editor\/wp-json\/wp\/v2\/types\/post"}],"author":[{"embeddable":true,"href":"https:\/\/luchonoticias.com\/editor\/wp-json\/wp\/v2\/users\/2"}],"replies":[{"embeddable":true,"href":"https:\/\/luchonoticias.com\/editor\/wp-json\/wp\/v2\/comments?post=75240"}],"version-history":[{"count":1,"href":"https:\/\/luchonoticias.com\/editor\/wp-json\/wp\/v2\/posts\/75240\/revisions"}],"predecessor-version":[{"id":75242,"href":"https:\/\/luchonoticias.com\/editor\/wp-json\/wp\/v2\/posts\/75240\/revisions\/75242"}],"wp:featuredmedia":[{"embeddable":true,"href":"https:\/\/luchonoticias.com\/editor\/wp-json\/wp\/v2\/media\/75241"}],"wp:attachment":[{"href":"https:\/\/luchonoticias.com\/editor\/wp-json\/wp\/v2\/media?parent=75240"}],"wp:term":[{"taxonomy":"category","embeddable":true,"href":"https:\/\/luchonoticias.com\/editor\/wp-json\/wp\/v2\/categories?post=75240"},{"taxonomy":"post_tag","embeddable":true,"href":"https:\/\/luchonoticias.com\/editor\/wp-json\/wp\/v2\/tags?post=75240"}],"curies":[{"name":"wp","href":"https:\/\/api.w.org\/{rel}","templated":true}]}}