{"id":75243,"date":"2024-07-23T18:13:53","date_gmt":"2024-07-23T23:13:53","guid":{"rendered":"https:\/\/luchonoticias.com\/?p=75243"},"modified":"2024-07-23T18:13:53","modified_gmt":"2024-07-23T23:13:53","slug":"la-usco-recibe-a-sus-nuevos-estudiantes","status":"publish","type":"post","link":"https:\/\/luchonoticias.com\/editor\/la-usco-recibe-a-sus-nuevos-estudiantes\/","title":{"rendered":"La Usco recibe a sus nuevos estudiantes"},"content":{"rendered":"<p>La Universidad Surcolombiana realiza por estos d\u00edas, las jornadas de inducci\u00f3n a los estudiantes nuevos del segundo semestre de 2022. Las actividades iniciaron en el auditorio Olga Tony Vidales, distribuidas por facultades; Educaci\u00f3n, Ciencias de la Salud, Ciencias Exactas y Naturales, Ciencias Sociales y Humanas, Ingenier\u00eda, Econom\u00eda y Administraci\u00f3n y Ciencias Jur\u00eddicas y Pol\u00edticas.<\/p>\n<p>Edgar Cometa, director administrativo de Bienestar Universitario se\u00f1al\u00f3 que la bienvenida a los estudiantes nuevos, se prepara con bastante tiempo de anticipaci\u00f3n, se hace la programaci\u00f3n de los horarios y los talleres deportivos, culturales y art\u00edsticos a los cuales los estudiantes asisten.<\/p>\n<p>\u201cA la sede Neiva, se vincularon 935 estudiantes, pero es una cifra que todav\u00eda puede subir porque algunos todav\u00eda est\u00e1n en el proceso de recolecci\u00f3n de algunos documentos\u201d, indic\u00f3.<\/p>\n<p>En el transcurso de la semana, \u201clos nuevos integrantes de la Universidad Surcolombiana, asistir\u00e1n a talleres de las diferentes \u00e1reas que conforman Bienestar Universitario; actividades deportivas y recreativas, talleres art\u00edsticos, de algunos instrumentos, manejo de la biblioteca y otros sistemas que se ofrecen como servicio en las diferentes \u00e1reas de la universidad\u201d, agreg\u00f3 Cometa.<\/p>\n<p>Sobre la inducci\u00f3n, los estudiantes tambi\u00e9n expresaron sus opiniones, mostr\u00e1ndose satisfechos con la informaci\u00f3n que recibieron, la oportunidad de conocer el campus y los servicios que ofrece la USCO, para fortalecer el proceso de formaci\u00f3n profesional.<\/p>\n<p>Juli\u00e1n Felipe Salazar de Ingenier\u00eda en Desarrollo de Software, indic\u00f3. \u201cMe pareci\u00f3 muy interesante, los concursos, los premios y que en la jornada de la tarde nos explicaron m\u00e1s a fondo el manejo de los correos, c\u00f3mo ingresar a la p\u00e1gina web y muchas cosas m\u00e1s que son importantes para alguien que ingresa nuevo\u201d.<\/p>\n<p>Por su parte, Sara Manuela G\u00f3mez Montoya del programa de Enfermer\u00eda, resalt\u00f3 que la inducci\u00f3n se llev\u00f3 a cabo de manera organizada. \u201cNos pudimos conocer entre todos, aprendimos sobre la carrera y despejamos muchas dudas sobre c\u00f3mo funciona la universidad\u201d.<\/p>\n<p>La pr\u00f3xima semana los estudiantes nuevos tendr\u00e1n actividades de refuerzos en algunas \u00e1reas, conocido como Semestre Cero, que los acerca mucho m\u00e1s al desarrollo normal acad\u00e9mico, de lo que vivir\u00e1n al interior de cada una de sus carreras.<\/p>\n<p>Las clases iniciar\u00e1n oficialmente el pr\u00f3ximo 5 de agosto, cuando adem\u00e1s regresan a clases los alumnos antiguos de la instituci\u00f3n.<\/p>\n","protected":false},"excerpt":{"rendered":"<p>La Universidad Surcolombiana realiza por estos d\u00edas, las jornadas de inducci\u00f3n a los estudiantes nuevos del segundo semestre de 2022.<\/p>\n","protected":false},"author":2,"featured_media":75244,"comment_status":"closed","ping_status":"open","sticky":false,"template":"","format":"standard","meta":{"footnotes":""},"categories":[33],"tags":[],"class_list":["post-75243","post","type-post","status-publish","format-standard","has-post-thumbnail","hentry","category-huila"],"yoast_head":"<!-- This site is optimized with the Yoast SEO plugin v26.6 - https:\/\/yoast.com\/wordpress\/plugins\/seo\/ -->\n<title>La Usco recibe a sus nuevos estudiantes -<\/title>\n<meta name=\"description\" content=\"La Universidad Surcolombiana realiza por estos d\u00edas, las jornadas de inducci\u00f3n a los estudiantes nuevos del segundo semestre de 2022.\" \/>\n<meta name=\"robots\" content=\"index, follow, max-snippet:-1, max-image-preview:large, max-video-preview:-1\" \/>\n<link rel=\"canonical\" href=\"https:\/\/luchonoticias.com\/editor\/la-usco-recibe-a-sus-nuevos-estudiantes\/\" \/>\n<meta property=\"og:locale\" content=\"es_ES\" \/>\n<meta property=\"og:type\" content=\"article\" \/>\n<meta property=\"og:title\" content=\"La Usco recibe a sus nuevos estudiantes -\" \/>\n<meta property=\"og:description\" content=\"La Universidad Surcolombiana realiza por estos d\u00edas, las jornadas de inducci\u00f3n a los estudiantes nuevos del segundo semestre de 2022.\" \/>\n<meta property=\"og:url\" content=\"https:\/\/luchonoticias.com\/editor\/la-usco-recibe-a-sus-nuevos-estudiantes\/\" \/>\n<meta property=\"article:publisher\" content=\"https:\/\/www.facebook.com\/luchonoticiasneiva\" \/>\n<meta property=\"article:published_time\" content=\"2024-07-23T23:13:53+00:00\" \/>\n<meta property=\"og:image\" content=\"https:\/\/luchonoticias.com\/editor\/wp-content\/uploads\/2024\/07\/usco-estudiantes.jpg\" \/>\n\t<meta property=\"og:image:width\" content=\"700\" \/>\n\t<meta property=\"og:image:height\" content=\"400\" \/>\n\t<meta property=\"og:image:type\" content=\"image\/jpeg\" \/>\n<meta name=\"author\" content=\"Editor General\" \/>\n<meta name=\"twitter:card\" content=\"summary_large_image\" \/>\n<meta name=\"twitter:label1\" content=\"Escrito por\" \/>\n\t<meta name=\"twitter:data1\" content=\"Editor General\" \/>\n\t<meta name=\"twitter:label2\" content=\"Tiempo de lectura\" \/>\n\t<meta name=\"twitter:data2\" content=\"2 minutos\" \/>\n<script type=\"application\/ld+json\" class=\"yoast-schema-graph\">{\"@context\":\"https:\/\/schema.org\",\"@graph\":[{\"@type\":\"Article\",\"@id\":\"https:\/\/luchonoticias.com\/editor\/la-usco-recibe-a-sus-nuevos-estudiantes\/#article\",\"isPartOf\":{\"@id\":\"https:\/\/luchonoticias.com\/editor\/la-usco-recibe-a-sus-nuevos-estudiantes\/\"},\"author\":{\"name\":\"Editor General\",\"@id\":\"https:\/\/luchonoticias.com\/editor\/#\/schema\/person\/29217990ddf6f14e35912b2866d591fb\"},\"headline\":\"La Usco recibe a sus nuevos estudiantes\",\"datePublished\":\"2024-07-23T23:13:53+00:00\",\"mainEntityOfPage\":{\"@id\":\"https:\/\/luchonoticias.com\/editor\/la-usco-recibe-a-sus-nuevos-estudiantes\/\"},\"wordCount\":413,\"publisher\":{\"@id\":\"https:\/\/luchonoticias.com\/editor\/#\/schema\/person\/7a7fd911f58561fd056dbac7b55af9cd\"},\"image\":{\"@id\":\"https:\/\/luchonoticias.com\/editor\/la-usco-recibe-a-sus-nuevos-estudiantes\/#primaryimage\"},\"thumbnailUrl\":\"https:\/\/luchonoticias.com\/editor\/wp-content\/uploads\/2024\/07\/usco-estudiantes.jpg\",\"articleSection\":[\"Huila\"],\"inLanguage\":\"es\"},{\"@type\":\"WebPage\",\"@id\":\"https:\/\/luchonoticias.com\/editor\/la-usco-recibe-a-sus-nuevos-estudiantes\/\",\"url\":\"https:\/\/luchonoticias.com\/editor\/la-usco-recibe-a-sus-nuevos-estudiantes\/\",\"name\":\"La Usco recibe a sus nuevos estudiantes -\",\"isPartOf\":{\"@id\":\"https:\/\/luchonoticias.com\/editor\/#website\"},\"primaryImageOfPage\":{\"@id\":\"https:\/\/luchonoticias.com\/editor\/la-usco-recibe-a-sus-nuevos-estudiantes\/#primaryimage\"},\"image\":{\"@id\":\"https:\/\/luchonoticias.com\/editor\/la-usco-recibe-a-sus-nuevos-estudiantes\/#primaryimage\"},\"thumbnailUrl\":\"https:\/\/luchonoticias.com\/editor\/wp-content\/uploads\/2024\/07\/usco-estudiantes.jpg\",\"datePublished\":\"2024-07-23T23:13:53+00:00\",\"description\":\"La Universidad Surcolombiana realiza por estos d\u00edas, las jornadas de inducci\u00f3n a los estudiantes nuevos del segundo semestre de 2022.\",\"breadcrumb\":{\"@id\":\"https:\/\/luchonoticias.com\/editor\/la-usco-recibe-a-sus-nuevos-estudiantes\/#breadcrumb\"},\"inLanguage\":\"es\",\"potentialAction\":[{\"@type\":\"ReadAction\",\"target\":[\"https:\/\/luchonoticias.com\/editor\/la-usco-recibe-a-sus-nuevos-estudiantes\/\"]}]},{\"@type\":\"ImageObject\",\"inLanguage\":\"es\",\"@id\":\"https:\/\/luchonoticias.com\/editor\/la-usco-recibe-a-sus-nuevos-estudiantes\/#primaryimage\",\"url\":\"https:\/\/luchonoticias.com\/editor\/wp-content\/uploads\/2024\/07\/usco-estudiantes.jpg\",\"contentUrl\":\"https:\/\/luchonoticias.com\/editor\/wp-content\/uploads\/2024\/07\/usco-estudiantes.jpg\",\"width\":700,\"height\":400},{\"@type\":\"BreadcrumbList\",\"@id\":\"https:\/\/luchonoticias.com\/editor\/la-usco-recibe-a-sus-nuevos-estudiantes\/#breadcrumb\",\"itemListElement\":[{\"@type\":\"ListItem\",\"position\":1,\"name\":\"Portada\",\"item\":\"https:\/\/luchonoticias.com\/editor\/\"},{\"@type\":\"ListItem\",\"position\":2,\"name\":\"La Usco recibe a sus nuevos estudiantes\"}]},{\"@type\":\"WebSite\",\"@id\":\"https:\/\/luchonoticias.com\/editor\/#website\",\"url\":\"https:\/\/luchonoticias.com\/editor\/\",\"name\":\"\",\"description\":\"\",\"publisher\":{\"@id\":\"https:\/\/luchonoticias.com\/editor\/#\/schema\/person\/7a7fd911f58561fd056dbac7b55af9cd\"},\"potentialAction\":[{\"@type\":\"SearchAction\",\"target\":{\"@type\":\"EntryPoint\",\"urlTemplate\":\"https:\/\/luchonoticias.com\/editor\/?s={search_term_string}\"},\"query-input\":{\"@type\":\"PropertyValueSpecification\",\"valueRequired\":true,\"valueName\":\"search_term_string\"}}],\"inLanguage\":\"es\"},{\"@type\":[\"Person\",\"Organization\"],\"@id\":\"https:\/\/luchonoticias.com\/editor\/#\/schema\/person\/7a7fd911f58561fd056dbac7b55af9cd\",\"name\":\"admin\",\"image\":{\"@type\":\"ImageObject\",\"inLanguage\":\"es\",\"@id\":\"https:\/\/luchonoticias.com\/editor\/#\/schema\/person\/image\/\",\"url\":\"https:\/\/luchonoticias.com\/editor\/wp-content\/uploads\/2024\/02\/cropped-cropped-logolu.webp\",\"contentUrl\":\"https:\/\/luchonoticias.com\/editor\/wp-content\/uploads\/2024\/02\/cropped-cropped-logolu.webp\",\"width\":382,\"height\":170,\"caption\":\"admin\"},\"logo\":{\"@id\":\"https:\/\/luchonoticias.com\/editor\/#\/schema\/person\/image\/\"},\"sameAs\":[\"https:\/\/www.facebook.com\/luchonoticiasneiva\"]},{\"@type\":\"Person\",\"@id\":\"https:\/\/luchonoticias.com\/editor\/#\/schema\/person\/29217990ddf6f14e35912b2866d591fb\",\"name\":\"Editor General\",\"image\":{\"@type\":\"ImageObject\",\"inLanguage\":\"es\",\"@id\":\"https:\/\/luchonoticias.com\/editor\/#\/schema\/person\/image\/\",\"url\":\"https:\/\/luchonoticias.com\/editor\/wp-content\/uploads\/2024\/02\/cropped-cropped-logolu-150x150.webp\",\"contentUrl\":\"https:\/\/luchonoticias.com\/editor\/wp-content\/uploads\/2024\/02\/cropped-cropped-logolu-150x150.webp\",\"caption\":\"Editor General\"},\"sameAs\":[\"https:\/\/luchonoticias.com\/\"],\"url\":\"https:\/\/luchonoticias.com\/editor\/author\/editor-general\/\"}]}<\/script>\n<!-- \/ Yoast SEO plugin. -->","yoast_head_json":{"title":"La Usco recibe a sus nuevos estudiantes -","description":"La Universidad Surcolombiana realiza por estos d\u00edas, las jornadas de inducci\u00f3n a los estudiantes nuevos del segundo semestre de 2022.","robots":{"index":"index","follow":"follow","max-snippet":"max-snippet:-1","max-image-preview":"max-image-preview:large","max-video-preview":"max-video-preview:-1"},"canonical":"https:\/\/luchonoticias.com\/editor\/la-usco-recibe-a-sus-nuevos-estudiantes\/","og_locale":"es_ES","og_type":"article","og_title":"La Usco recibe a sus nuevos estudiantes -","og_description":"La Universidad Surcolombiana realiza por estos d\u00edas, las jornadas de inducci\u00f3n a los estudiantes nuevos del segundo semestre de 2022.","og_url":"https:\/\/luchonoticias.com\/editor\/la-usco-recibe-a-sus-nuevos-estudiantes\/","article_publisher":"https:\/\/www.facebook.com\/luchonoticiasneiva","article_published_time":"2024-07-23T23:13:53+00:00","og_image":[{"width":700,"height":400,"url":"https:\/\/luchonoticias.com\/editor\/wp-content\/uploads\/2024\/07\/usco-estudiantes.jpg","type":"image\/jpeg"}],"author":"Editor General","twitter_card":"summary_large_image","twitter_misc":{"Escrito por":"Editor General","Tiempo de lectura":"2 minutos"},"schema":{"@context":"https:\/\/schema.org","@graph":[{"@type":"Article","@id":"https:\/\/luchonoticias.com\/editor\/la-usco-recibe-a-sus-nuevos-estudiantes\/#article","isPartOf":{"@id":"https:\/\/luchonoticias.com\/editor\/la-usco-recibe-a-sus-nuevos-estudiantes\/"},"author":{"name":"Editor General","@id":"https:\/\/luchonoticias.com\/editor\/#\/schema\/person\/29217990ddf6f14e35912b2866d591fb"},"headline":"La Usco recibe a sus nuevos estudiantes","datePublished":"2024-07-23T23:13:53+00:00","mainEntityOfPage":{"@id":"https:\/\/luchonoticias.com\/editor\/la-usco-recibe-a-sus-nuevos-estudiantes\/"},"wordCount":413,"publisher":{"@id":"https:\/\/luchonoticias.com\/editor\/#\/schema\/person\/7a7fd911f58561fd056dbac7b55af9cd"},"image":{"@id":"https:\/\/luchonoticias.com\/editor\/la-usco-recibe-a-sus-nuevos-estudiantes\/#primaryimage"},"thumbnailUrl":"https:\/\/luchonoticias.com\/editor\/wp-content\/uploads\/2024\/07\/usco-estudiantes.jpg","articleSection":["Huila"],"inLanguage":"es"},{"@type":"WebPage","@id":"https:\/\/luchonoticias.com\/editor\/la-usco-recibe-a-sus-nuevos-estudiantes\/","url":"https:\/\/luchonoticias.com\/editor\/la-usco-recibe-a-sus-nuevos-estudiantes\/","name":"La Usco recibe a sus nuevos estudiantes -","isPartOf":{"@id":"https:\/\/luchonoticias.com\/editor\/#website"},"primaryImageOfPage":{"@id":"https:\/\/luchonoticias.com\/editor\/la-usco-recibe-a-sus-nuevos-estudiantes\/#primaryimage"},"image":{"@id":"https:\/\/luchonoticias.com\/editor\/la-usco-recibe-a-sus-nuevos-estudiantes\/#primaryimage"},"thumbnailUrl":"https:\/\/luchonoticias.com\/editor\/wp-content\/uploads\/2024\/07\/usco-estudiantes.jpg","datePublished":"2024-07-23T23:13:53+00:00","description":"La Universidad Surcolombiana realiza por estos d\u00edas, las jornadas de inducci\u00f3n a los estudiantes nuevos del segundo semestre de 2022.","breadcrumb":{"@id":"https:\/\/luchonoticias.com\/editor\/la-usco-recibe-a-sus-nuevos-estudiantes\/#breadcrumb"},"inLanguage":"es","potentialAction":[{"@type":"ReadAction","target":["https:\/\/luchonoticias.com\/editor\/la-usco-recibe-a-sus-nuevos-estudiantes\/"]}]},{"@type":"ImageObject","inLanguage":"es","@id":"https:\/\/luchonoticias.com\/editor\/la-usco-recibe-a-sus-nuevos-estudiantes\/#primaryimage","url":"https:\/\/luchonoticias.com\/editor\/wp-content\/uploads\/2024\/07\/usco-estudiantes.jpg","contentUrl":"https:\/\/luchonoticias.com\/editor\/wp-content\/uploads\/2024\/07\/usco-estudiantes.jpg","width":700,"height":400},{"@type":"BreadcrumbList","@id":"https:\/\/luchonoticias.com\/editor\/la-usco-recibe-a-sus-nuevos-estudiantes\/#breadcrumb","itemListElement":[{"@type":"ListItem","position":1,"name":"Portada","item":"https:\/\/luchonoticias.com\/editor\/"},{"@type":"ListItem","position":2,"name":"La Usco recibe a sus nuevos estudiantes"}]},{"@type":"WebSite","@id":"https:\/\/luchonoticias.com\/editor\/#website","url":"https:\/\/luchonoticias.com\/editor\/","name":"","description":"","publisher":{"@id":"https:\/\/luchonoticias.com\/editor\/#\/schema\/person\/7a7fd911f58561fd056dbac7b55af9cd"},"potentialAction":[{"@type":"SearchAction","target":{"@type":"EntryPoint","urlTemplate":"https:\/\/luchonoticias.com\/editor\/?s={search_term_string}"},"query-input":{"@type":"PropertyValueSpecification","valueRequired":true,"valueName":"search_term_string"}}],"inLanguage":"es"},{"@type":["Person","Organization"],"@id":"https:\/\/luchonoticias.com\/editor\/#\/schema\/person\/7a7fd911f58561fd056dbac7b55af9cd","name":"admin","image":{"@type":"ImageObject","inLanguage":"es","@id":"https:\/\/luchonoticias.com\/editor\/#\/schema\/person\/image\/","url":"https:\/\/luchonoticias.com\/editor\/wp-content\/uploads\/2024\/02\/cropped-cropped-logolu.webp","contentUrl":"https:\/\/luchonoticias.com\/editor\/wp-content\/uploads\/2024\/02\/cropped-cropped-logolu.webp","width":382,"height":170,"caption":"admin"},"logo":{"@id":"https:\/\/luchonoticias.com\/editor\/#\/schema\/person\/image\/"},"sameAs":["https:\/\/www.facebook.com\/luchonoticiasneiva"]},{"@type":"Person","@id":"https:\/\/luchonoticias.com\/editor\/#\/schema\/person\/29217990ddf6f14e35912b2866d591fb","name":"Editor General","image":{"@type":"ImageObject","inLanguage":"es","@id":"https:\/\/luchonoticias.com\/editor\/#\/schema\/person\/image\/","url":"https:\/\/luchonoticias.com\/editor\/wp-content\/uploads\/2024\/02\/cropped-cropped-logolu-150x150.webp","contentUrl":"https:\/\/luchonoticias.com\/editor\/wp-content\/uploads\/2024\/02\/cropped-cropped-logolu-150x150.webp","caption":"Editor General"},"sameAs":["https:\/\/luchonoticias.com\/"],"url":"https:\/\/luchonoticias.com\/editor\/author\/editor-general\/"}]}},"_links":{"self":[{"href":"https:\/\/luchonoticias.com\/editor\/wp-json\/wp\/v2\/posts\/75243","targetHints":{"allow":["GET"]}}],"collection":[{"href":"https:\/\/luchonoticias.com\/editor\/wp-json\/wp\/v2\/posts"}],"about":[{"href":"https:\/\/luchonoticias.com\/editor\/wp-json\/wp\/v2\/types\/post"}],"author":[{"embeddable":true,"href":"https:\/\/luchonoticias.com\/editor\/wp-json\/wp\/v2\/users\/2"}],"replies":[{"embeddable":true,"href":"https:\/\/luchonoticias.com\/editor\/wp-json\/wp\/v2\/comments?post=75243"}],"version-history":[{"count":2,"href":"https:\/\/luchonoticias.com\/editor\/wp-json\/wp\/v2\/posts\/75243\/revisions"}],"predecessor-version":[{"id":75246,"href":"https:\/\/luchonoticias.com\/editor\/wp-json\/wp\/v2\/posts\/75243\/revisions\/75246"}],"wp:featuredmedia":[{"embeddable":true,"href":"https:\/\/luchonoticias.com\/editor\/wp-json\/wp\/v2\/media\/75244"}],"wp:attachment":[{"href":"https:\/\/luchonoticias.com\/editor\/wp-json\/wp\/v2\/media?parent=75243"}],"wp:term":[{"taxonomy":"category","embeddable":true,"href":"https:\/\/luchonoticias.com\/editor\/wp-json\/wp\/v2\/categories?post=75243"},{"taxonomy":"post_tag","embeddable":true,"href":"https:\/\/luchonoticias.com\/editor\/wp-json\/wp\/v2\/tags?post=75243"}],"curies":[{"name":"wp","href":"https:\/\/api.w.org\/{rel}","templated":true}]}}