{"id":75247,"date":"2024-07-23T18:26:22","date_gmt":"2024-07-23T23:26:22","guid":{"rendered":"https:\/\/luchonoticias.com\/?p=75247"},"modified":"2024-07-23T18:26:22","modified_gmt":"2024-07-23T23:26:22","slug":"jovenes-del-huila-incursionan-en-la-investigacion-criminal","status":"publish","type":"post","link":"https:\/\/luchonoticias.com\/editor\/jovenes-del-huila-incursionan-en-la-investigacion-criminal\/","title":{"rendered":"J\u00f3venes del Huila incursionan en la investigaci\u00f3n criminal"},"content":{"rendered":"<p>Con el apoyo de expertos investigadores, se realiz\u00f3 la clase inmersiva denominada \u00abRecolecci\u00f3n e incorporaci\u00f3n de evidencia f\u00edsica y elemento material probatorio\u00bb apoyado por docentes de la Facultad de Derecho y con la participaci\u00f3n de j\u00f3venes del Huila interesados en incursionar en el mundo de la investigaci\u00f3n criminal.<\/p>\n<p>Los participantes adem\u00e1s de adquirir conocimientos sobre esta \u00e1rea, realizaron ejercicios pr\u00e1cticos con la simulaci\u00f3n de la escena del crimen para la recolecci\u00f3n de pruebas y en ejercicios relacionados con la incorporaci\u00f3n del prueba como medio probatorio en el juicio oral, haciendo uso de la sala de audiencias del campus Neiva; esta clase inmersiva les permiti\u00f3 sentirse como investigadores y descubrir su inter\u00e9s por continuar su formaci\u00f3n acad\u00e9mica en modalidad de tecnolog\u00eda en esta instituci\u00f3n universitaria.<\/p>\n<p>La jornada fue liderada por la Facultad de Derecho con el prop\u00f3sito de motivar a las personas que se interesen por el campo de la criminal\u00edstica y las ciencias forenses, desarrollen ejercicios te\u00f3rico-pr\u00e1cticos para afianzar conocimientos y acercarse un poco al proceso de la investigaci\u00f3n criminal.<\/p>\n<p>La Universidad Cooperativa de Colombia se convierte en la primera Instituci\u00f3n de Educaci\u00f3n Superior en el departamento del Huila en ofertar el programa de Tecnolog\u00eda en Criminal\u00edstica y Ciencias Forenses, con la posibilidad de homologar cursos para continuar el Programa de Derecho.<\/p>\n","protected":false},"excerpt":{"rendered":"<p>Simulaci\u00f3n de la escena del crimen, uso de la sala de audiencias y c\u00e1mara gesell, fueron  algunas  actividades que desarrollaron los participantes de un taller inmersivo en  Investigaci\u00f3n en Criminal\u00edstica y Ciencias Forenses en la ciudad de Neiva. <\/p>\n","protected":false},"author":2,"featured_media":75248,"comment_status":"closed","ping_status":"open","sticky":false,"template":"","format":"standard","meta":{"footnotes":""},"categories":[31],"tags":[],"class_list":["post-75247","post","type-post","status-publish","format-standard","has-post-thumbnail","hentry","category-local"],"yoast_head":"<!-- This site is optimized with the Yoast SEO plugin v26.6 - https:\/\/yoast.com\/wordpress\/plugins\/seo\/ -->\n<title>J\u00f3venes del Huila incursionan en la investigaci\u00f3n criminal -<\/title>\n<meta name=\"description\" content=\"Simulaci\u00f3n de la escena del crimen, uso de la sala de audiencias y c\u00e1mara gesell, fueron algunas actividades que desarrollaron los participantes de un taller inmersivo en Investigaci\u00f3n en Criminal\u00edstica y Ciencias Forenses en la ciudad de Neiva.\" \/>\n<meta name=\"robots\" content=\"index, follow, max-snippet:-1, max-image-preview:large, max-video-preview:-1\" \/>\n<link rel=\"canonical\" href=\"https:\/\/luchonoticias.com\/editor\/jovenes-del-huila-incursionan-en-la-investigacion-criminal\/\" \/>\n<meta property=\"og:locale\" content=\"es_ES\" \/>\n<meta property=\"og:type\" content=\"article\" \/>\n<meta property=\"og:title\" content=\"J\u00f3venes del Huila incursionan en la investigaci\u00f3n criminal -\" \/>\n<meta property=\"og:description\" content=\"Simulaci\u00f3n de la escena del crimen, uso de la sala de audiencias y c\u00e1mara gesell, fueron algunas actividades que desarrollaron los participantes de un taller inmersivo en Investigaci\u00f3n en Criminal\u00edstica y Ciencias Forenses en la ciudad de Neiva.\" \/>\n<meta property=\"og:url\" content=\"https:\/\/luchonoticias.com\/editor\/jovenes-del-huila-incursionan-en-la-investigacion-criminal\/\" \/>\n<meta property=\"article:publisher\" content=\"https:\/\/www.facebook.com\/luchonoticiasneiva\" \/>\n<meta property=\"article:published_time\" content=\"2024-07-23T23:26:22+00:00\" \/>\n<meta property=\"og:image\" content=\"https:\/\/luchonoticias.com\/editor\/wp-content\/uploads\/2024\/07\/investigacion-judicial.jpg\" \/>\n\t<meta property=\"og:image:width\" content=\"700\" \/>\n\t<meta property=\"og:image:height\" content=\"400\" \/>\n\t<meta property=\"og:image:type\" content=\"image\/jpeg\" \/>\n<meta name=\"author\" content=\"Editor General\" \/>\n<meta name=\"twitter:card\" content=\"summary_large_image\" \/>\n<meta name=\"twitter:label1\" content=\"Escrito por\" \/>\n\t<meta name=\"twitter:data1\" content=\"Editor General\" \/>\n\t<meta name=\"twitter:label2\" content=\"Tiempo de lectura\" \/>\n\t<meta name=\"twitter:data2\" content=\"2 minutos\" \/>\n<script type=\"application\/ld+json\" class=\"yoast-schema-graph\">{\"@context\":\"https:\/\/schema.org\",\"@graph\":[{\"@type\":\"Article\",\"@id\":\"https:\/\/luchonoticias.com\/editor\/jovenes-del-huila-incursionan-en-la-investigacion-criminal\/#article\",\"isPartOf\":{\"@id\":\"https:\/\/luchonoticias.com\/editor\/jovenes-del-huila-incursionan-en-la-investigacion-criminal\/\"},\"author\":{\"name\":\"Editor General\",\"@id\":\"https:\/\/luchonoticias.com\/editor\/#\/schema\/person\/29217990ddf6f14e35912b2866d591fb\"},\"headline\":\"J\u00f3venes del Huila incursionan en la investigaci\u00f3n criminal\",\"datePublished\":\"2024-07-23T23:26:22+00:00\",\"mainEntityOfPage\":{\"@id\":\"https:\/\/luchonoticias.com\/editor\/jovenes-del-huila-incursionan-en-la-investigacion-criminal\/\"},\"wordCount\":247,\"publisher\":{\"@id\":\"https:\/\/luchonoticias.com\/editor\/#\/schema\/person\/7a7fd911f58561fd056dbac7b55af9cd\"},\"image\":{\"@id\":\"https:\/\/luchonoticias.com\/editor\/jovenes-del-huila-incursionan-en-la-investigacion-criminal\/#primaryimage\"},\"thumbnailUrl\":\"https:\/\/luchonoticias.com\/editor\/wp-content\/uploads\/2024\/07\/investigacion-judicial.jpg\",\"articleSection\":[\"Local\"],\"inLanguage\":\"es\"},{\"@type\":\"WebPage\",\"@id\":\"https:\/\/luchonoticias.com\/editor\/jovenes-del-huila-incursionan-en-la-investigacion-criminal\/\",\"url\":\"https:\/\/luchonoticias.com\/editor\/jovenes-del-huila-incursionan-en-la-investigacion-criminal\/\",\"name\":\"J\u00f3venes del Huila incursionan en la investigaci\u00f3n criminal -\",\"isPartOf\":{\"@id\":\"https:\/\/luchonoticias.com\/editor\/#website\"},\"primaryImageOfPage\":{\"@id\":\"https:\/\/luchonoticias.com\/editor\/jovenes-del-huila-incursionan-en-la-investigacion-criminal\/#primaryimage\"},\"image\":{\"@id\":\"https:\/\/luchonoticias.com\/editor\/jovenes-del-huila-incursionan-en-la-investigacion-criminal\/#primaryimage\"},\"thumbnailUrl\":\"https:\/\/luchonoticias.com\/editor\/wp-content\/uploads\/2024\/07\/investigacion-judicial.jpg\",\"datePublished\":\"2024-07-23T23:26:22+00:00\",\"description\":\"Simulaci\u00f3n de la escena del crimen, uso de la sala de audiencias y c\u00e1mara gesell, fueron algunas actividades que desarrollaron los participantes de un taller inmersivo en Investigaci\u00f3n en Criminal\u00edstica y Ciencias Forenses en la ciudad de Neiva.\",\"breadcrumb\":{\"@id\":\"https:\/\/luchonoticias.com\/editor\/jovenes-del-huila-incursionan-en-la-investigacion-criminal\/#breadcrumb\"},\"inLanguage\":\"es\",\"potentialAction\":[{\"@type\":\"ReadAction\",\"target\":[\"https:\/\/luchonoticias.com\/editor\/jovenes-del-huila-incursionan-en-la-investigacion-criminal\/\"]}]},{\"@type\":\"ImageObject\",\"inLanguage\":\"es\",\"@id\":\"https:\/\/luchonoticias.com\/editor\/jovenes-del-huila-incursionan-en-la-investigacion-criminal\/#primaryimage\",\"url\":\"https:\/\/luchonoticias.com\/editor\/wp-content\/uploads\/2024\/07\/investigacion-judicial.jpg\",\"contentUrl\":\"https:\/\/luchonoticias.com\/editor\/wp-content\/uploads\/2024\/07\/investigacion-judicial.jpg\",\"width\":700,\"height\":400},{\"@type\":\"BreadcrumbList\",\"@id\":\"https:\/\/luchonoticias.com\/editor\/jovenes-del-huila-incursionan-en-la-investigacion-criminal\/#breadcrumb\",\"itemListElement\":[{\"@type\":\"ListItem\",\"position\":1,\"name\":\"Portada\",\"item\":\"https:\/\/luchonoticias.com\/editor\/\"},{\"@type\":\"ListItem\",\"position\":2,\"name\":\"J\u00f3venes del Huila incursionan en la investigaci\u00f3n criminal\"}]},{\"@type\":\"WebSite\",\"@id\":\"https:\/\/luchonoticias.com\/editor\/#website\",\"url\":\"https:\/\/luchonoticias.com\/editor\/\",\"name\":\"\",\"description\":\"\",\"publisher\":{\"@id\":\"https:\/\/luchonoticias.com\/editor\/#\/schema\/person\/7a7fd911f58561fd056dbac7b55af9cd\"},\"potentialAction\":[{\"@type\":\"SearchAction\",\"target\":{\"@type\":\"EntryPoint\",\"urlTemplate\":\"https:\/\/luchonoticias.com\/editor\/?s={search_term_string}\"},\"query-input\":{\"@type\":\"PropertyValueSpecification\",\"valueRequired\":true,\"valueName\":\"search_term_string\"}}],\"inLanguage\":\"es\"},{\"@type\":[\"Person\",\"Organization\"],\"@id\":\"https:\/\/luchonoticias.com\/editor\/#\/schema\/person\/7a7fd911f58561fd056dbac7b55af9cd\",\"name\":\"admin\",\"image\":{\"@type\":\"ImageObject\",\"inLanguage\":\"es\",\"@id\":\"https:\/\/luchonoticias.com\/editor\/#\/schema\/person\/image\/\",\"url\":\"https:\/\/luchonoticias.com\/editor\/wp-content\/uploads\/2024\/02\/cropped-cropped-logolu.webp\",\"contentUrl\":\"https:\/\/luchonoticias.com\/editor\/wp-content\/uploads\/2024\/02\/cropped-cropped-logolu.webp\",\"width\":382,\"height\":170,\"caption\":\"admin\"},\"logo\":{\"@id\":\"https:\/\/luchonoticias.com\/editor\/#\/schema\/person\/image\/\"},\"sameAs\":[\"https:\/\/www.facebook.com\/luchonoticiasneiva\"]},{\"@type\":\"Person\",\"@id\":\"https:\/\/luchonoticias.com\/editor\/#\/schema\/person\/29217990ddf6f14e35912b2866d591fb\",\"name\":\"Editor General\",\"image\":{\"@type\":\"ImageObject\",\"inLanguage\":\"es\",\"@id\":\"https:\/\/luchonoticias.com\/editor\/#\/schema\/person\/image\/\",\"url\":\"https:\/\/luchonoticias.com\/editor\/wp-content\/uploads\/2024\/02\/cropped-cropped-logolu-150x150.webp\",\"contentUrl\":\"https:\/\/luchonoticias.com\/editor\/wp-content\/uploads\/2024\/02\/cropped-cropped-logolu-150x150.webp\",\"caption\":\"Editor General\"},\"sameAs\":[\"https:\/\/luchonoticias.com\/\"],\"url\":\"https:\/\/luchonoticias.com\/editor\/author\/editor-general\/\"}]}<\/script>\n<!-- \/ Yoast SEO plugin. -->","yoast_head_json":{"title":"J\u00f3venes del Huila incursionan en la investigaci\u00f3n criminal -","description":"Simulaci\u00f3n de la escena del crimen, uso de la sala de audiencias y c\u00e1mara gesell, fueron algunas actividades que desarrollaron los participantes de un taller inmersivo en Investigaci\u00f3n en Criminal\u00edstica y Ciencias Forenses en la ciudad de Neiva.","robots":{"index":"index","follow":"follow","max-snippet":"max-snippet:-1","max-image-preview":"max-image-preview:large","max-video-preview":"max-video-preview:-1"},"canonical":"https:\/\/luchonoticias.com\/editor\/jovenes-del-huila-incursionan-en-la-investigacion-criminal\/","og_locale":"es_ES","og_type":"article","og_title":"J\u00f3venes del Huila incursionan en la investigaci\u00f3n criminal -","og_description":"Simulaci\u00f3n de la escena del crimen, uso de la sala de audiencias y c\u00e1mara gesell, fueron algunas actividades que desarrollaron los participantes de un taller inmersivo en Investigaci\u00f3n en Criminal\u00edstica y Ciencias Forenses en la ciudad de Neiva.","og_url":"https:\/\/luchonoticias.com\/editor\/jovenes-del-huila-incursionan-en-la-investigacion-criminal\/","article_publisher":"https:\/\/www.facebook.com\/luchonoticiasneiva","article_published_time":"2024-07-23T23:26:22+00:00","og_image":[{"width":700,"height":400,"url":"https:\/\/luchonoticias.com\/editor\/wp-content\/uploads\/2024\/07\/investigacion-judicial.jpg","type":"image\/jpeg"}],"author":"Editor General","twitter_card":"summary_large_image","twitter_misc":{"Escrito por":"Editor General","Tiempo de lectura":"2 minutos"},"schema":{"@context":"https:\/\/schema.org","@graph":[{"@type":"Article","@id":"https:\/\/luchonoticias.com\/editor\/jovenes-del-huila-incursionan-en-la-investigacion-criminal\/#article","isPartOf":{"@id":"https:\/\/luchonoticias.com\/editor\/jovenes-del-huila-incursionan-en-la-investigacion-criminal\/"},"author":{"name":"Editor General","@id":"https:\/\/luchonoticias.com\/editor\/#\/schema\/person\/29217990ddf6f14e35912b2866d591fb"},"headline":"J\u00f3venes del Huila incursionan en la investigaci\u00f3n criminal","datePublished":"2024-07-23T23:26:22+00:00","mainEntityOfPage":{"@id":"https:\/\/luchonoticias.com\/editor\/jovenes-del-huila-incursionan-en-la-investigacion-criminal\/"},"wordCount":247,"publisher":{"@id":"https:\/\/luchonoticias.com\/editor\/#\/schema\/person\/7a7fd911f58561fd056dbac7b55af9cd"},"image":{"@id":"https:\/\/luchonoticias.com\/editor\/jovenes-del-huila-incursionan-en-la-investigacion-criminal\/#primaryimage"},"thumbnailUrl":"https:\/\/luchonoticias.com\/editor\/wp-content\/uploads\/2024\/07\/investigacion-judicial.jpg","articleSection":["Local"],"inLanguage":"es"},{"@type":"WebPage","@id":"https:\/\/luchonoticias.com\/editor\/jovenes-del-huila-incursionan-en-la-investigacion-criminal\/","url":"https:\/\/luchonoticias.com\/editor\/jovenes-del-huila-incursionan-en-la-investigacion-criminal\/","name":"J\u00f3venes del Huila incursionan en la investigaci\u00f3n criminal -","isPartOf":{"@id":"https:\/\/luchonoticias.com\/editor\/#website"},"primaryImageOfPage":{"@id":"https:\/\/luchonoticias.com\/editor\/jovenes-del-huila-incursionan-en-la-investigacion-criminal\/#primaryimage"},"image":{"@id":"https:\/\/luchonoticias.com\/editor\/jovenes-del-huila-incursionan-en-la-investigacion-criminal\/#primaryimage"},"thumbnailUrl":"https:\/\/luchonoticias.com\/editor\/wp-content\/uploads\/2024\/07\/investigacion-judicial.jpg","datePublished":"2024-07-23T23:26:22+00:00","description":"Simulaci\u00f3n de la escena del crimen, uso de la sala de audiencias y c\u00e1mara gesell, fueron algunas actividades que desarrollaron los participantes de un taller inmersivo en Investigaci\u00f3n en Criminal\u00edstica y Ciencias Forenses en la ciudad de Neiva.","breadcrumb":{"@id":"https:\/\/luchonoticias.com\/editor\/jovenes-del-huila-incursionan-en-la-investigacion-criminal\/#breadcrumb"},"inLanguage":"es","potentialAction":[{"@type":"ReadAction","target":["https:\/\/luchonoticias.com\/editor\/jovenes-del-huila-incursionan-en-la-investigacion-criminal\/"]}]},{"@type":"ImageObject","inLanguage":"es","@id":"https:\/\/luchonoticias.com\/editor\/jovenes-del-huila-incursionan-en-la-investigacion-criminal\/#primaryimage","url":"https:\/\/luchonoticias.com\/editor\/wp-content\/uploads\/2024\/07\/investigacion-judicial.jpg","contentUrl":"https:\/\/luchonoticias.com\/editor\/wp-content\/uploads\/2024\/07\/investigacion-judicial.jpg","width":700,"height":400},{"@type":"BreadcrumbList","@id":"https:\/\/luchonoticias.com\/editor\/jovenes-del-huila-incursionan-en-la-investigacion-criminal\/#breadcrumb","itemListElement":[{"@type":"ListItem","position":1,"name":"Portada","item":"https:\/\/luchonoticias.com\/editor\/"},{"@type":"ListItem","position":2,"name":"J\u00f3venes del Huila incursionan en la investigaci\u00f3n criminal"}]},{"@type":"WebSite","@id":"https:\/\/luchonoticias.com\/editor\/#website","url":"https:\/\/luchonoticias.com\/editor\/","name":"","description":"","publisher":{"@id":"https:\/\/luchonoticias.com\/editor\/#\/schema\/person\/7a7fd911f58561fd056dbac7b55af9cd"},"potentialAction":[{"@type":"SearchAction","target":{"@type":"EntryPoint","urlTemplate":"https:\/\/luchonoticias.com\/editor\/?s={search_term_string}"},"query-input":{"@type":"PropertyValueSpecification","valueRequired":true,"valueName":"search_term_string"}}],"inLanguage":"es"},{"@type":["Person","Organization"],"@id":"https:\/\/luchonoticias.com\/editor\/#\/schema\/person\/7a7fd911f58561fd056dbac7b55af9cd","name":"admin","image":{"@type":"ImageObject","inLanguage":"es","@id":"https:\/\/luchonoticias.com\/editor\/#\/schema\/person\/image\/","url":"https:\/\/luchonoticias.com\/editor\/wp-content\/uploads\/2024\/02\/cropped-cropped-logolu.webp","contentUrl":"https:\/\/luchonoticias.com\/editor\/wp-content\/uploads\/2024\/02\/cropped-cropped-logolu.webp","width":382,"height":170,"caption":"admin"},"logo":{"@id":"https:\/\/luchonoticias.com\/editor\/#\/schema\/person\/image\/"},"sameAs":["https:\/\/www.facebook.com\/luchonoticiasneiva"]},{"@type":"Person","@id":"https:\/\/luchonoticias.com\/editor\/#\/schema\/person\/29217990ddf6f14e35912b2866d591fb","name":"Editor General","image":{"@type":"ImageObject","inLanguage":"es","@id":"https:\/\/luchonoticias.com\/editor\/#\/schema\/person\/image\/","url":"https:\/\/luchonoticias.com\/editor\/wp-content\/uploads\/2024\/02\/cropped-cropped-logolu-150x150.webp","contentUrl":"https:\/\/luchonoticias.com\/editor\/wp-content\/uploads\/2024\/02\/cropped-cropped-logolu-150x150.webp","caption":"Editor General"},"sameAs":["https:\/\/luchonoticias.com\/"],"url":"https:\/\/luchonoticias.com\/editor\/author\/editor-general\/"}]}},"_links":{"self":[{"href":"https:\/\/luchonoticias.com\/editor\/wp-json\/wp\/v2\/posts\/75247","targetHints":{"allow":["GET"]}}],"collection":[{"href":"https:\/\/luchonoticias.com\/editor\/wp-json\/wp\/v2\/posts"}],"about":[{"href":"https:\/\/luchonoticias.com\/editor\/wp-json\/wp\/v2\/types\/post"}],"author":[{"embeddable":true,"href":"https:\/\/luchonoticias.com\/editor\/wp-json\/wp\/v2\/users\/2"}],"replies":[{"embeddable":true,"href":"https:\/\/luchonoticias.com\/editor\/wp-json\/wp\/v2\/comments?post=75247"}],"version-history":[{"count":1,"href":"https:\/\/luchonoticias.com\/editor\/wp-json\/wp\/v2\/posts\/75247\/revisions"}],"predecessor-version":[{"id":75249,"href":"https:\/\/luchonoticias.com\/editor\/wp-json\/wp\/v2\/posts\/75247\/revisions\/75249"}],"wp:featuredmedia":[{"embeddable":true,"href":"https:\/\/luchonoticias.com\/editor\/wp-json\/wp\/v2\/media\/75248"}],"wp:attachment":[{"href":"https:\/\/luchonoticias.com\/editor\/wp-json\/wp\/v2\/media?parent=75247"}],"wp:term":[{"taxonomy":"category","embeddable":true,"href":"https:\/\/luchonoticias.com\/editor\/wp-json\/wp\/v2\/categories?post=75247"},{"taxonomy":"post_tag","embeddable":true,"href":"https:\/\/luchonoticias.com\/editor\/wp-json\/wp\/v2\/tags?post=75247"}],"curies":[{"name":"wp","href":"https:\/\/api.w.org\/{rel}","templated":true}]}}