{"id":75250,"date":"2024-07-23T19:00:59","date_gmt":"2024-07-24T00:00:59","guid":{"rendered":"https:\/\/luchonoticias.com\/?p=75250"},"modified":"2024-07-23T19:00:59","modified_gmt":"2024-07-24T00:00:59","slug":"alerta-atletico-huila-se-va-de-la-ciudad","status":"publish","type":"post","link":"https:\/\/luchonoticias.com\/editor\/alerta-atletico-huila-se-va-de-la-ciudad\/","title":{"rendered":"Alerta: \u00bfAtl\u00e9tico Huila se va de la ciudad?"},"content":{"rendered":"<p>Apenas ha comenzado el campeonato del segundo semestre de la Primera B pero son cada vez m\u00e1s fuertes los rumores de que el Atl\u00e9tico Huila se ir\u00e1 de la regi\u00f3n, en caso de que para el a\u00f1o entrante no se encuentre listo el estadio Guillermo Plazas Alcid.<\/p>\n<p>De acuerdo con medios virtuales, todo indica de que la directiva del cuadro regional estar\u00eda llev\u00e1ndose el equipo para enero del a\u00f1o entrante, concretamente para Barrancabermeja, que se encuentra carente de f\u00fatbol profesional tras el traslado del Alianza Petrolera a Valledupar (hoy Alianza FC).<\/p>\n<p>A ello se le suma que el mismo presidente del club, Maruan David Issa, anunci\u00f3 en medios nacionales que de no estar listo el escenario, tomar\u00edan decisiones, incluso hasta exculp\u00e1ndose en caso de que la afici\u00f3n los comience a se\u00f1alar.<\/p>\n<p>Sobre el tema del estadio tanto las autoridades departamentales como municipales, han se\u00f1alado que los trabajos comenzar\u00e1n el a\u00f1o entrante y terminar\u00e1n en 2026 ya que argumentan que en este a\u00f1o se busca definir los recursos as\u00ed como una consultor\u00eda de la real situaci\u00f3n y necesidades del escenario.<\/p>\n","protected":false},"excerpt":{"rendered":"<p>Informaciones extraoficiales apuntan a que el Atl\u00e9tico Huila se ir\u00eda del departamento para enero de 2025.<\/p>\n","protected":false},"author":2,"featured_media":73678,"comment_status":"closed","ping_status":"open","sticky":false,"template":"","format":"standard","meta":{"footnotes":""},"categories":[34],"tags":[],"class_list":["post-75250","post","type-post","status-publish","format-standard","has-post-thumbnail","hentry","category-deportes"],"yoast_head":"<!-- This site is optimized with the Yoast SEO plugin v26.6 - https:\/\/yoast.com\/wordpress\/plugins\/seo\/ -->\n<title>Alerta: \u00bfAtl\u00e9tico Huila se va de la ciudad? -<\/title>\n<meta name=\"description\" content=\"Informaciones extraoficiales apuntan a que el Atl\u00e9tico Huila se ir\u00eda del departamento para enero de 2025.\" \/>\n<meta name=\"robots\" content=\"index, follow, max-snippet:-1, max-image-preview:large, max-video-preview:-1\" \/>\n<link rel=\"canonical\" href=\"https:\/\/luchonoticias.com\/editor\/alerta-atletico-huila-se-va-de-la-ciudad\/\" \/>\n<meta property=\"og:locale\" content=\"es_ES\" \/>\n<meta property=\"og:type\" content=\"article\" \/>\n<meta property=\"og:title\" content=\"Alerta: \u00bfAtl\u00e9tico Huila se va de la ciudad? -\" \/>\n<meta property=\"og:description\" content=\"Informaciones extraoficiales apuntan a que el Atl\u00e9tico Huila se ir\u00eda del departamento para enero de 2025.\" \/>\n<meta property=\"og:url\" content=\"https:\/\/luchonoticias.com\/editor\/alerta-atletico-huila-se-va-de-la-ciudad\/\" \/>\n<meta property=\"article:publisher\" content=\"https:\/\/www.facebook.com\/luchonoticiasneiva\" \/>\n<meta property=\"article:published_time\" content=\"2024-07-24T00:00:59+00:00\" \/>\n<meta property=\"og:image\" content=\"https:\/\/luchonoticias.com\/editor\/wp-content\/uploads\/2024\/06\/atletico-huila-2.jpg\" \/>\n\t<meta property=\"og:image:width\" content=\"700\" \/>\n\t<meta property=\"og:image:height\" content=\"400\" \/>\n\t<meta property=\"og:image:type\" content=\"image\/jpeg\" \/>\n<meta name=\"author\" content=\"Editor General\" \/>\n<meta name=\"twitter:card\" content=\"summary_large_image\" \/>\n<meta name=\"twitter:label1\" content=\"Escrito por\" \/>\n\t<meta name=\"twitter:data1\" content=\"Editor General\" \/>\n\t<meta name=\"twitter:label2\" content=\"Tiempo de lectura\" \/>\n\t<meta name=\"twitter:data2\" content=\"2 minutos\" \/>\n<script type=\"application\/ld+json\" class=\"yoast-schema-graph\">{\"@context\":\"https:\/\/schema.org\",\"@graph\":[{\"@type\":\"Article\",\"@id\":\"https:\/\/luchonoticias.com\/editor\/alerta-atletico-huila-se-va-de-la-ciudad\/#article\",\"isPartOf\":{\"@id\":\"https:\/\/luchonoticias.com\/editor\/alerta-atletico-huila-se-va-de-la-ciudad\/\"},\"author\":{\"name\":\"Editor General\",\"@id\":\"https:\/\/luchonoticias.com\/editor\/#\/schema\/person\/29217990ddf6f14e35912b2866d591fb\"},\"headline\":\"Alerta: \u00bfAtl\u00e9tico Huila se va de la ciudad?\",\"datePublished\":\"2024-07-24T00:00:59+00:00\",\"mainEntityOfPage\":{\"@id\":\"https:\/\/luchonoticias.com\/editor\/alerta-atletico-huila-se-va-de-la-ciudad\/\"},\"wordCount\":206,\"publisher\":{\"@id\":\"https:\/\/luchonoticias.com\/editor\/#\/schema\/person\/7a7fd911f58561fd056dbac7b55af9cd\"},\"image\":{\"@id\":\"https:\/\/luchonoticias.com\/editor\/alerta-atletico-huila-se-va-de-la-ciudad\/#primaryimage\"},\"thumbnailUrl\":\"https:\/\/luchonoticias.com\/editor\/wp-content\/uploads\/2024\/06\/atletico-huila-2.jpg\",\"articleSection\":[\"Deportes\"],\"inLanguage\":\"es\"},{\"@type\":\"WebPage\",\"@id\":\"https:\/\/luchonoticias.com\/editor\/alerta-atletico-huila-se-va-de-la-ciudad\/\",\"url\":\"https:\/\/luchonoticias.com\/editor\/alerta-atletico-huila-se-va-de-la-ciudad\/\",\"name\":\"Alerta: \u00bfAtl\u00e9tico Huila se va de la ciudad? -\",\"isPartOf\":{\"@id\":\"https:\/\/luchonoticias.com\/editor\/#website\"},\"primaryImageOfPage\":{\"@id\":\"https:\/\/luchonoticias.com\/editor\/alerta-atletico-huila-se-va-de-la-ciudad\/#primaryimage\"},\"image\":{\"@id\":\"https:\/\/luchonoticias.com\/editor\/alerta-atletico-huila-se-va-de-la-ciudad\/#primaryimage\"},\"thumbnailUrl\":\"https:\/\/luchonoticias.com\/editor\/wp-content\/uploads\/2024\/06\/atletico-huila-2.jpg\",\"datePublished\":\"2024-07-24T00:00:59+00:00\",\"description\":\"Informaciones extraoficiales apuntan a que el Atl\u00e9tico Huila se ir\u00eda del departamento para enero de 2025.\",\"breadcrumb\":{\"@id\":\"https:\/\/luchonoticias.com\/editor\/alerta-atletico-huila-se-va-de-la-ciudad\/#breadcrumb\"},\"inLanguage\":\"es\",\"potentialAction\":[{\"@type\":\"ReadAction\",\"target\":[\"https:\/\/luchonoticias.com\/editor\/alerta-atletico-huila-se-va-de-la-ciudad\/\"]}]},{\"@type\":\"ImageObject\",\"inLanguage\":\"es\",\"@id\":\"https:\/\/luchonoticias.com\/editor\/alerta-atletico-huila-se-va-de-la-ciudad\/#primaryimage\",\"url\":\"https:\/\/luchonoticias.com\/editor\/wp-content\/uploads\/2024\/06\/atletico-huila-2.jpg\",\"contentUrl\":\"https:\/\/luchonoticias.com\/editor\/wp-content\/uploads\/2024\/06\/atletico-huila-2.jpg\",\"width\":700,\"height\":400},{\"@type\":\"BreadcrumbList\",\"@id\":\"https:\/\/luchonoticias.com\/editor\/alerta-atletico-huila-se-va-de-la-ciudad\/#breadcrumb\",\"itemListElement\":[{\"@type\":\"ListItem\",\"position\":1,\"name\":\"Portada\",\"item\":\"https:\/\/luchonoticias.com\/editor\/\"},{\"@type\":\"ListItem\",\"position\":2,\"name\":\"Alerta: \u00bfAtl\u00e9tico Huila se va de la ciudad?\"}]},{\"@type\":\"WebSite\",\"@id\":\"https:\/\/luchonoticias.com\/editor\/#website\",\"url\":\"https:\/\/luchonoticias.com\/editor\/\",\"name\":\"\",\"description\":\"\",\"publisher\":{\"@id\":\"https:\/\/luchonoticias.com\/editor\/#\/schema\/person\/7a7fd911f58561fd056dbac7b55af9cd\"},\"potentialAction\":[{\"@type\":\"SearchAction\",\"target\":{\"@type\":\"EntryPoint\",\"urlTemplate\":\"https:\/\/luchonoticias.com\/editor\/?s={search_term_string}\"},\"query-input\":{\"@type\":\"PropertyValueSpecification\",\"valueRequired\":true,\"valueName\":\"search_term_string\"}}],\"inLanguage\":\"es\"},{\"@type\":[\"Person\",\"Organization\"],\"@id\":\"https:\/\/luchonoticias.com\/editor\/#\/schema\/person\/7a7fd911f58561fd056dbac7b55af9cd\",\"name\":\"admin\",\"image\":{\"@type\":\"ImageObject\",\"inLanguage\":\"es\",\"@id\":\"https:\/\/luchonoticias.com\/editor\/#\/schema\/person\/image\/\",\"url\":\"https:\/\/luchonoticias.com\/editor\/wp-content\/uploads\/2024\/02\/cropped-cropped-logolu.webp\",\"contentUrl\":\"https:\/\/luchonoticias.com\/editor\/wp-content\/uploads\/2024\/02\/cropped-cropped-logolu.webp\",\"width\":382,\"height\":170,\"caption\":\"admin\"},\"logo\":{\"@id\":\"https:\/\/luchonoticias.com\/editor\/#\/schema\/person\/image\/\"},\"sameAs\":[\"https:\/\/www.facebook.com\/luchonoticiasneiva\"]},{\"@type\":\"Person\",\"@id\":\"https:\/\/luchonoticias.com\/editor\/#\/schema\/person\/29217990ddf6f14e35912b2866d591fb\",\"name\":\"Editor General\",\"image\":{\"@type\":\"ImageObject\",\"inLanguage\":\"es\",\"@id\":\"https:\/\/luchonoticias.com\/editor\/#\/schema\/person\/image\/\",\"url\":\"https:\/\/luchonoticias.com\/editor\/wp-content\/uploads\/2024\/02\/cropped-cropped-logolu-150x150.webp\",\"contentUrl\":\"https:\/\/luchonoticias.com\/editor\/wp-content\/uploads\/2024\/02\/cropped-cropped-logolu-150x150.webp\",\"caption\":\"Editor General\"},\"sameAs\":[\"https:\/\/luchonoticias.com\/\"],\"url\":\"https:\/\/luchonoticias.com\/editor\/author\/editor-general\/\"}]}<\/script>\n<!-- \/ Yoast SEO plugin. -->","yoast_head_json":{"title":"Alerta: \u00bfAtl\u00e9tico Huila se va de la ciudad? -","description":"Informaciones extraoficiales apuntan a que el Atl\u00e9tico Huila se ir\u00eda del departamento para enero de 2025.","robots":{"index":"index","follow":"follow","max-snippet":"max-snippet:-1","max-image-preview":"max-image-preview:large","max-video-preview":"max-video-preview:-1"},"canonical":"https:\/\/luchonoticias.com\/editor\/alerta-atletico-huila-se-va-de-la-ciudad\/","og_locale":"es_ES","og_type":"article","og_title":"Alerta: \u00bfAtl\u00e9tico Huila se va de la ciudad? -","og_description":"Informaciones extraoficiales apuntan a que el Atl\u00e9tico Huila se ir\u00eda del departamento para enero de 2025.","og_url":"https:\/\/luchonoticias.com\/editor\/alerta-atletico-huila-se-va-de-la-ciudad\/","article_publisher":"https:\/\/www.facebook.com\/luchonoticiasneiva","article_published_time":"2024-07-24T00:00:59+00:00","og_image":[{"width":700,"height":400,"url":"https:\/\/luchonoticias.com\/editor\/wp-content\/uploads\/2024\/06\/atletico-huila-2.jpg","type":"image\/jpeg"}],"author":"Editor General","twitter_card":"summary_large_image","twitter_misc":{"Escrito por":"Editor General","Tiempo de lectura":"2 minutos"},"schema":{"@context":"https:\/\/schema.org","@graph":[{"@type":"Article","@id":"https:\/\/luchonoticias.com\/editor\/alerta-atletico-huila-se-va-de-la-ciudad\/#article","isPartOf":{"@id":"https:\/\/luchonoticias.com\/editor\/alerta-atletico-huila-se-va-de-la-ciudad\/"},"author":{"name":"Editor General","@id":"https:\/\/luchonoticias.com\/editor\/#\/schema\/person\/29217990ddf6f14e35912b2866d591fb"},"headline":"Alerta: \u00bfAtl\u00e9tico Huila se va de la ciudad?","datePublished":"2024-07-24T00:00:59+00:00","mainEntityOfPage":{"@id":"https:\/\/luchonoticias.com\/editor\/alerta-atletico-huila-se-va-de-la-ciudad\/"},"wordCount":206,"publisher":{"@id":"https:\/\/luchonoticias.com\/editor\/#\/schema\/person\/7a7fd911f58561fd056dbac7b55af9cd"},"image":{"@id":"https:\/\/luchonoticias.com\/editor\/alerta-atletico-huila-se-va-de-la-ciudad\/#primaryimage"},"thumbnailUrl":"https:\/\/luchonoticias.com\/editor\/wp-content\/uploads\/2024\/06\/atletico-huila-2.jpg","articleSection":["Deportes"],"inLanguage":"es"},{"@type":"WebPage","@id":"https:\/\/luchonoticias.com\/editor\/alerta-atletico-huila-se-va-de-la-ciudad\/","url":"https:\/\/luchonoticias.com\/editor\/alerta-atletico-huila-se-va-de-la-ciudad\/","name":"Alerta: \u00bfAtl\u00e9tico Huila se va de la ciudad? -","isPartOf":{"@id":"https:\/\/luchonoticias.com\/editor\/#website"},"primaryImageOfPage":{"@id":"https:\/\/luchonoticias.com\/editor\/alerta-atletico-huila-se-va-de-la-ciudad\/#primaryimage"},"image":{"@id":"https:\/\/luchonoticias.com\/editor\/alerta-atletico-huila-se-va-de-la-ciudad\/#primaryimage"},"thumbnailUrl":"https:\/\/luchonoticias.com\/editor\/wp-content\/uploads\/2024\/06\/atletico-huila-2.jpg","datePublished":"2024-07-24T00:00:59+00:00","description":"Informaciones extraoficiales apuntan a que el Atl\u00e9tico Huila se ir\u00eda del departamento para enero de 2025.","breadcrumb":{"@id":"https:\/\/luchonoticias.com\/editor\/alerta-atletico-huila-se-va-de-la-ciudad\/#breadcrumb"},"inLanguage":"es","potentialAction":[{"@type":"ReadAction","target":["https:\/\/luchonoticias.com\/editor\/alerta-atletico-huila-se-va-de-la-ciudad\/"]}]},{"@type":"ImageObject","inLanguage":"es","@id":"https:\/\/luchonoticias.com\/editor\/alerta-atletico-huila-se-va-de-la-ciudad\/#primaryimage","url":"https:\/\/luchonoticias.com\/editor\/wp-content\/uploads\/2024\/06\/atletico-huila-2.jpg","contentUrl":"https:\/\/luchonoticias.com\/editor\/wp-content\/uploads\/2024\/06\/atletico-huila-2.jpg","width":700,"height":400},{"@type":"BreadcrumbList","@id":"https:\/\/luchonoticias.com\/editor\/alerta-atletico-huila-se-va-de-la-ciudad\/#breadcrumb","itemListElement":[{"@type":"ListItem","position":1,"name":"Portada","item":"https:\/\/luchonoticias.com\/editor\/"},{"@type":"ListItem","position":2,"name":"Alerta: \u00bfAtl\u00e9tico Huila se va de la ciudad?"}]},{"@type":"WebSite","@id":"https:\/\/luchonoticias.com\/editor\/#website","url":"https:\/\/luchonoticias.com\/editor\/","name":"","description":"","publisher":{"@id":"https:\/\/luchonoticias.com\/editor\/#\/schema\/person\/7a7fd911f58561fd056dbac7b55af9cd"},"potentialAction":[{"@type":"SearchAction","target":{"@type":"EntryPoint","urlTemplate":"https:\/\/luchonoticias.com\/editor\/?s={search_term_string}"},"query-input":{"@type":"PropertyValueSpecification","valueRequired":true,"valueName":"search_term_string"}}],"inLanguage":"es"},{"@type":["Person","Organization"],"@id":"https:\/\/luchonoticias.com\/editor\/#\/schema\/person\/7a7fd911f58561fd056dbac7b55af9cd","name":"admin","image":{"@type":"ImageObject","inLanguage":"es","@id":"https:\/\/luchonoticias.com\/editor\/#\/schema\/person\/image\/","url":"https:\/\/luchonoticias.com\/editor\/wp-content\/uploads\/2024\/02\/cropped-cropped-logolu.webp","contentUrl":"https:\/\/luchonoticias.com\/editor\/wp-content\/uploads\/2024\/02\/cropped-cropped-logolu.webp","width":382,"height":170,"caption":"admin"},"logo":{"@id":"https:\/\/luchonoticias.com\/editor\/#\/schema\/person\/image\/"},"sameAs":["https:\/\/www.facebook.com\/luchonoticiasneiva"]},{"@type":"Person","@id":"https:\/\/luchonoticias.com\/editor\/#\/schema\/person\/29217990ddf6f14e35912b2866d591fb","name":"Editor General","image":{"@type":"ImageObject","inLanguage":"es","@id":"https:\/\/luchonoticias.com\/editor\/#\/schema\/person\/image\/","url":"https:\/\/luchonoticias.com\/editor\/wp-content\/uploads\/2024\/02\/cropped-cropped-logolu-150x150.webp","contentUrl":"https:\/\/luchonoticias.com\/editor\/wp-content\/uploads\/2024\/02\/cropped-cropped-logolu-150x150.webp","caption":"Editor General"},"sameAs":["https:\/\/luchonoticias.com\/"],"url":"https:\/\/luchonoticias.com\/editor\/author\/editor-general\/"}]}},"_links":{"self":[{"href":"https:\/\/luchonoticias.com\/editor\/wp-json\/wp\/v2\/posts\/75250","targetHints":{"allow":["GET"]}}],"collection":[{"href":"https:\/\/luchonoticias.com\/editor\/wp-json\/wp\/v2\/posts"}],"about":[{"href":"https:\/\/luchonoticias.com\/editor\/wp-json\/wp\/v2\/types\/post"}],"author":[{"embeddable":true,"href":"https:\/\/luchonoticias.com\/editor\/wp-json\/wp\/v2\/users\/2"}],"replies":[{"embeddable":true,"href":"https:\/\/luchonoticias.com\/editor\/wp-json\/wp\/v2\/comments?post=75250"}],"version-history":[{"count":2,"href":"https:\/\/luchonoticias.com\/editor\/wp-json\/wp\/v2\/posts\/75250\/revisions"}],"predecessor-version":[{"id":75252,"href":"https:\/\/luchonoticias.com\/editor\/wp-json\/wp\/v2\/posts\/75250\/revisions\/75252"}],"wp:featuredmedia":[{"embeddable":true,"href":"https:\/\/luchonoticias.com\/editor\/wp-json\/wp\/v2\/media\/73678"}],"wp:attachment":[{"href":"https:\/\/luchonoticias.com\/editor\/wp-json\/wp\/v2\/media?parent=75250"}],"wp:term":[{"taxonomy":"category","embeddable":true,"href":"https:\/\/luchonoticias.com\/editor\/wp-json\/wp\/v2\/categories?post=75250"},{"taxonomy":"post_tag","embeddable":true,"href":"https:\/\/luchonoticias.com\/editor\/wp-json\/wp\/v2\/tags?post=75250"}],"curies":[{"name":"wp","href":"https:\/\/api.w.org\/{rel}","templated":true}]}}