{"id":75256,"date":"2024-07-24T05:10:33","date_gmt":"2024-07-24T10:10:33","guid":{"rendered":"https:\/\/luchonoticias.com\/?p=75256"},"modified":"2024-07-24T05:10:33","modified_gmt":"2024-07-24T10:10:33","slug":"recursos-de-renta-joven-para-apoyar-a-aprendices-del-sena","status":"publish","type":"post","link":"https:\/\/luchonoticias.com\/editor\/recursos-de-renta-joven-para-apoyar-a-aprendices-del-sena\/","title":{"rendered":"Recursos de Renta Joven para apoyar a aprendices del Sena"},"content":{"rendered":"<p>Desde este mi\u00e9rcoles 24 y hasta el 2 de agosto, Prosperidad Social realizar\u00e1 la entrega del tercer ciclo de incentivos del programa Renta Joven a estudiantes del SENA, correspondiente al periodo febrero &#8211; marzo del 2024.<\/p>\n<p>La inversi\u00f3n para esta entrega ser\u00e1 de 15.505 millones de pesos y cubrir\u00e1 principalmente a mujeres (22.182 de un total de 39.876 participantes).<\/p>\n<p>Los departamentos con mayor n\u00famero de beneficiarios para este ciclo son Atl\u00e1ntico (5.052), Bogot\u00e1 (3.773), Antioquia (3.556), Valle del Cauca (2.898) y Bol\u00edvar (2.861).<\/p>\n<p>El programa Renta Joven es la evoluci\u00f3n de J\u00f3venes en Acci\u00f3n y surge con el \u00e1nimo de contribuir a la inclusi\u00f3n social y econ\u00f3mica de las juventudes y promover la consolidaci\u00f3n de trayectorias de vida desde la dignidad.<\/p>\n<p>En tal sentido, Prosperidad Social defini\u00f3 el calendario de pagos del 2024 para estudiantes del SENA, luego de realizar ajustes operativos:<\/p>\n<p>\u00b7\u00a0\u00a0\u00a0\u00a0\u00a0\u00a0\u00a0\u00a0 El cuarto ciclo de pagos ir\u00e1 del 26 de agosto al 9 de septiembre.<\/p>\n<p>\u00b7\u00a0\u00a0\u00a0\u00a0\u00a0\u00a0\u00a0\u00a0 El quinto ciclo va del 18 de octubre al 1\u00b0 de noviembre.<\/p>\n<p>\u00b7\u00a0\u00a0\u00a0\u00a0\u00a0\u00a0\u00a0\u00a0 El sexto ciclo va del 17 al 31 de diciembre.<\/p>\n<p>Renta Joven refuerza la ley de gratuidad en la educaci\u00f3n, mediante un subsidio de manutenci\u00f3n a los estudiantes, que los apoya en sus gastos de transporte, fotocopias y alimentaci\u00f3n.<\/p>\n<p><strong>Nuevas inscripciones al pr\u200bograma<\/strong><\/p>\n<p>El pasado 20 de julio Prosperidad Social abri\u00f3 nuevas inscripciones al programa Renta Joven, que espera incorporar entre 80.000 y 100.000 nuevos participantes.<\/p>\n<p>Por primera vez, los estudiantes de las escuelas normales superiores podr\u00e1n realizar la inscripci\u00f3n al programa. La entidad, adem\u00e1s, tambi\u00e9n busca incluir a comunidades ind\u00edgenas y afrocolombianas.<\/p>\n<p>En este contexto, la entidad firm\u00f3 dos nuevos convenios: el primero es con la Universidad Aut\u00f3noma Ind\u00edgena Intercultural (UAIIN), primera universidad netamente ind\u00edgena del pa\u00eds, y el segundo con el departamento de Guain\u00eda, a trav\u00e9s de la Universidad Minuto\u202fde Dios, que ofrecer\u00e1 los beneficios de Renta Joven a los estudiantes de esta regi\u00f3n y dar\u00e1 prioridad a un territorio rezagado en t\u00e9rminos de educaci\u00f3n.<\/p>\n<p>Uno de los requisitos para recibir este beneficio es estar matriculado en un proceso de formaci\u00f3n complementaria o educaci\u00f3n superior en los niveles t\u00e9cnico, tecn\u00f3logo o universitario (pregrado) en modalidad presencial, distancia tradicional, o virtualidad.\u200b<\/p>\n<p>Los interesados \u2014j\u00f3venes entre 14 y 18 a\u00f1os\u2014 en vincularse al programa Renta Joven podr\u00e1n realizar el proceso de prerregistro hasta el 15 de octubre del a\u00f1o en curso.<\/p>\n","protected":false},"excerpt":{"rendered":"<p>\u200bSon 39.876 beneficiarios los que recibir\u00e1n este subsidio para contribuir a sus gastos de manutenci\u00f3n.<\/p>\n","protected":false},"author":2,"featured_media":75257,"comment_status":"closed","ping_status":"open","sticky":false,"template":"","format":"standard","meta":{"footnotes":""},"categories":[32],"tags":[],"class_list":["post-75256","post","type-post","status-publish","format-standard","has-post-thumbnail","hentry","category-nacional"],"yoast_head":"<!-- This site is optimized with the Yoast SEO plugin v26.6 - https:\/\/yoast.com\/wordpress\/plugins\/seo\/ -->\n<title>Recursos de Renta Joven para apoyar a aprendices del Sena -<\/title>\n<meta name=\"description\" content=\"\u200bSon 39.876 beneficiarios los que recibir\u00e1n este subsidio para contribuir a sus gastos de manutenci\u00f3n.\" \/>\n<meta name=\"robots\" content=\"index, follow, max-snippet:-1, max-image-preview:large, max-video-preview:-1\" \/>\n<link rel=\"canonical\" href=\"https:\/\/luchonoticias.com\/editor\/recursos-de-renta-joven-para-apoyar-a-aprendices-del-sena\/\" \/>\n<meta property=\"og:locale\" content=\"es_ES\" \/>\n<meta property=\"og:type\" content=\"article\" \/>\n<meta property=\"og:title\" content=\"Recursos de Renta Joven para apoyar a aprendices del Sena -\" \/>\n<meta property=\"og:description\" content=\"\u200bSon 39.876 beneficiarios los que recibir\u00e1n este subsidio para contribuir a sus gastos de manutenci\u00f3n.\" \/>\n<meta property=\"og:url\" content=\"https:\/\/luchonoticias.com\/editor\/recursos-de-renta-joven-para-apoyar-a-aprendices-del-sena\/\" \/>\n<meta property=\"article:publisher\" content=\"https:\/\/www.facebook.com\/luchonoticiasneiva\" \/>\n<meta property=\"article:published_time\" content=\"2024-07-24T10:10:33+00:00\" \/>\n<meta property=\"og:image\" content=\"https:\/\/luchonoticias.com\/editor\/wp-content\/uploads\/2024\/07\/renta-joven-2.jpg\" \/>\n\t<meta property=\"og:image:width\" content=\"700\" \/>\n\t<meta property=\"og:image:height\" content=\"400\" \/>\n\t<meta property=\"og:image:type\" content=\"image\/jpeg\" \/>\n<meta name=\"author\" content=\"Editor General\" \/>\n<meta name=\"twitter:card\" content=\"summary_large_image\" \/>\n<meta name=\"twitter:label1\" content=\"Escrito por\" \/>\n\t<meta name=\"twitter:data1\" content=\"Editor General\" \/>\n\t<meta name=\"twitter:label2\" content=\"Tiempo de lectura\" \/>\n\t<meta name=\"twitter:data2\" content=\"2 minutos\" \/>\n<script type=\"application\/ld+json\" class=\"yoast-schema-graph\">{\"@context\":\"https:\/\/schema.org\",\"@graph\":[{\"@type\":\"Article\",\"@id\":\"https:\/\/luchonoticias.com\/editor\/recursos-de-renta-joven-para-apoyar-a-aprendices-del-sena\/#article\",\"isPartOf\":{\"@id\":\"https:\/\/luchonoticias.com\/editor\/recursos-de-renta-joven-para-apoyar-a-aprendices-del-sena\/\"},\"author\":{\"name\":\"Editor General\",\"@id\":\"https:\/\/luchonoticias.com\/editor\/#\/schema\/person\/29217990ddf6f14e35912b2866d591fb\"},\"headline\":\"Recursos de Renta Joven para apoyar a aprendices del Sena\",\"datePublished\":\"2024-07-24T10:10:33+00:00\",\"mainEntityOfPage\":{\"@id\":\"https:\/\/luchonoticias.com\/editor\/recursos-de-renta-joven-para-apoyar-a-aprendices-del-sena\/\"},\"wordCount\":413,\"publisher\":{\"@id\":\"https:\/\/luchonoticias.com\/editor\/#\/schema\/person\/7a7fd911f58561fd056dbac7b55af9cd\"},\"image\":{\"@id\":\"https:\/\/luchonoticias.com\/editor\/recursos-de-renta-joven-para-apoyar-a-aprendices-del-sena\/#primaryimage\"},\"thumbnailUrl\":\"https:\/\/luchonoticias.com\/editor\/wp-content\/uploads\/2024\/07\/renta-joven-2.jpg\",\"articleSection\":[\"Nacional\"],\"inLanguage\":\"es\"},{\"@type\":\"WebPage\",\"@id\":\"https:\/\/luchonoticias.com\/editor\/recursos-de-renta-joven-para-apoyar-a-aprendices-del-sena\/\",\"url\":\"https:\/\/luchonoticias.com\/editor\/recursos-de-renta-joven-para-apoyar-a-aprendices-del-sena\/\",\"name\":\"Recursos de Renta Joven para apoyar a aprendices del Sena -\",\"isPartOf\":{\"@id\":\"https:\/\/luchonoticias.com\/editor\/#website\"},\"primaryImageOfPage\":{\"@id\":\"https:\/\/luchonoticias.com\/editor\/recursos-de-renta-joven-para-apoyar-a-aprendices-del-sena\/#primaryimage\"},\"image\":{\"@id\":\"https:\/\/luchonoticias.com\/editor\/recursos-de-renta-joven-para-apoyar-a-aprendices-del-sena\/#primaryimage\"},\"thumbnailUrl\":\"https:\/\/luchonoticias.com\/editor\/wp-content\/uploads\/2024\/07\/renta-joven-2.jpg\",\"datePublished\":\"2024-07-24T10:10:33+00:00\",\"description\":\"\u200bSon 39.876 beneficiarios los que recibir\u00e1n este subsidio para contribuir a sus gastos de manutenci\u00f3n.\",\"breadcrumb\":{\"@id\":\"https:\/\/luchonoticias.com\/editor\/recursos-de-renta-joven-para-apoyar-a-aprendices-del-sena\/#breadcrumb\"},\"inLanguage\":\"es\",\"potentialAction\":[{\"@type\":\"ReadAction\",\"target\":[\"https:\/\/luchonoticias.com\/editor\/recursos-de-renta-joven-para-apoyar-a-aprendices-del-sena\/\"]}]},{\"@type\":\"ImageObject\",\"inLanguage\":\"es\",\"@id\":\"https:\/\/luchonoticias.com\/editor\/recursos-de-renta-joven-para-apoyar-a-aprendices-del-sena\/#primaryimage\",\"url\":\"https:\/\/luchonoticias.com\/editor\/wp-content\/uploads\/2024\/07\/renta-joven-2.jpg\",\"contentUrl\":\"https:\/\/luchonoticias.com\/editor\/wp-content\/uploads\/2024\/07\/renta-joven-2.jpg\",\"width\":700,\"height\":400},{\"@type\":\"BreadcrumbList\",\"@id\":\"https:\/\/luchonoticias.com\/editor\/recursos-de-renta-joven-para-apoyar-a-aprendices-del-sena\/#breadcrumb\",\"itemListElement\":[{\"@type\":\"ListItem\",\"position\":1,\"name\":\"Portada\",\"item\":\"https:\/\/luchonoticias.com\/editor\/\"},{\"@type\":\"ListItem\",\"position\":2,\"name\":\"Recursos de Renta Joven para apoyar a aprendices del Sena\"}]},{\"@type\":\"WebSite\",\"@id\":\"https:\/\/luchonoticias.com\/editor\/#website\",\"url\":\"https:\/\/luchonoticias.com\/editor\/\",\"name\":\"\",\"description\":\"\",\"publisher\":{\"@id\":\"https:\/\/luchonoticias.com\/editor\/#\/schema\/person\/7a7fd911f58561fd056dbac7b55af9cd\"},\"potentialAction\":[{\"@type\":\"SearchAction\",\"target\":{\"@type\":\"EntryPoint\",\"urlTemplate\":\"https:\/\/luchonoticias.com\/editor\/?s={search_term_string}\"},\"query-input\":{\"@type\":\"PropertyValueSpecification\",\"valueRequired\":true,\"valueName\":\"search_term_string\"}}],\"inLanguage\":\"es\"},{\"@type\":[\"Person\",\"Organization\"],\"@id\":\"https:\/\/luchonoticias.com\/editor\/#\/schema\/person\/7a7fd911f58561fd056dbac7b55af9cd\",\"name\":\"admin\",\"image\":{\"@type\":\"ImageObject\",\"inLanguage\":\"es\",\"@id\":\"https:\/\/luchonoticias.com\/editor\/#\/schema\/person\/image\/\",\"url\":\"https:\/\/luchonoticias.com\/editor\/wp-content\/uploads\/2024\/02\/cropped-cropped-logolu.webp\",\"contentUrl\":\"https:\/\/luchonoticias.com\/editor\/wp-content\/uploads\/2024\/02\/cropped-cropped-logolu.webp\",\"width\":382,\"height\":170,\"caption\":\"admin\"},\"logo\":{\"@id\":\"https:\/\/luchonoticias.com\/editor\/#\/schema\/person\/image\/\"},\"sameAs\":[\"https:\/\/www.facebook.com\/luchonoticiasneiva\"]},{\"@type\":\"Person\",\"@id\":\"https:\/\/luchonoticias.com\/editor\/#\/schema\/person\/29217990ddf6f14e35912b2866d591fb\",\"name\":\"Editor General\",\"image\":{\"@type\":\"ImageObject\",\"inLanguage\":\"es\",\"@id\":\"https:\/\/luchonoticias.com\/editor\/#\/schema\/person\/image\/\",\"url\":\"https:\/\/luchonoticias.com\/editor\/wp-content\/uploads\/2024\/02\/cropped-cropped-logolu-150x150.webp\",\"contentUrl\":\"https:\/\/luchonoticias.com\/editor\/wp-content\/uploads\/2024\/02\/cropped-cropped-logolu-150x150.webp\",\"caption\":\"Editor General\"},\"sameAs\":[\"https:\/\/luchonoticias.com\/\"],\"url\":\"https:\/\/luchonoticias.com\/editor\/author\/editor-general\/\"}]}<\/script>\n<!-- \/ Yoast SEO plugin. -->","yoast_head_json":{"title":"Recursos de Renta Joven para apoyar a aprendices del Sena -","description":"\u200bSon 39.876 beneficiarios los que recibir\u00e1n este subsidio para contribuir a sus gastos de manutenci\u00f3n.","robots":{"index":"index","follow":"follow","max-snippet":"max-snippet:-1","max-image-preview":"max-image-preview:large","max-video-preview":"max-video-preview:-1"},"canonical":"https:\/\/luchonoticias.com\/editor\/recursos-de-renta-joven-para-apoyar-a-aprendices-del-sena\/","og_locale":"es_ES","og_type":"article","og_title":"Recursos de Renta Joven para apoyar a aprendices del Sena -","og_description":"\u200bSon 39.876 beneficiarios los que recibir\u00e1n este subsidio para contribuir a sus gastos de manutenci\u00f3n.","og_url":"https:\/\/luchonoticias.com\/editor\/recursos-de-renta-joven-para-apoyar-a-aprendices-del-sena\/","article_publisher":"https:\/\/www.facebook.com\/luchonoticiasneiva","article_published_time":"2024-07-24T10:10:33+00:00","og_image":[{"width":700,"height":400,"url":"https:\/\/luchonoticias.com\/editor\/wp-content\/uploads\/2024\/07\/renta-joven-2.jpg","type":"image\/jpeg"}],"author":"Editor General","twitter_card":"summary_large_image","twitter_misc":{"Escrito por":"Editor General","Tiempo de lectura":"2 minutos"},"schema":{"@context":"https:\/\/schema.org","@graph":[{"@type":"Article","@id":"https:\/\/luchonoticias.com\/editor\/recursos-de-renta-joven-para-apoyar-a-aprendices-del-sena\/#article","isPartOf":{"@id":"https:\/\/luchonoticias.com\/editor\/recursos-de-renta-joven-para-apoyar-a-aprendices-del-sena\/"},"author":{"name":"Editor General","@id":"https:\/\/luchonoticias.com\/editor\/#\/schema\/person\/29217990ddf6f14e35912b2866d591fb"},"headline":"Recursos de Renta Joven para apoyar a aprendices del Sena","datePublished":"2024-07-24T10:10:33+00:00","mainEntityOfPage":{"@id":"https:\/\/luchonoticias.com\/editor\/recursos-de-renta-joven-para-apoyar-a-aprendices-del-sena\/"},"wordCount":413,"publisher":{"@id":"https:\/\/luchonoticias.com\/editor\/#\/schema\/person\/7a7fd911f58561fd056dbac7b55af9cd"},"image":{"@id":"https:\/\/luchonoticias.com\/editor\/recursos-de-renta-joven-para-apoyar-a-aprendices-del-sena\/#primaryimage"},"thumbnailUrl":"https:\/\/luchonoticias.com\/editor\/wp-content\/uploads\/2024\/07\/renta-joven-2.jpg","articleSection":["Nacional"],"inLanguage":"es"},{"@type":"WebPage","@id":"https:\/\/luchonoticias.com\/editor\/recursos-de-renta-joven-para-apoyar-a-aprendices-del-sena\/","url":"https:\/\/luchonoticias.com\/editor\/recursos-de-renta-joven-para-apoyar-a-aprendices-del-sena\/","name":"Recursos de Renta Joven para apoyar a aprendices del Sena -","isPartOf":{"@id":"https:\/\/luchonoticias.com\/editor\/#website"},"primaryImageOfPage":{"@id":"https:\/\/luchonoticias.com\/editor\/recursos-de-renta-joven-para-apoyar-a-aprendices-del-sena\/#primaryimage"},"image":{"@id":"https:\/\/luchonoticias.com\/editor\/recursos-de-renta-joven-para-apoyar-a-aprendices-del-sena\/#primaryimage"},"thumbnailUrl":"https:\/\/luchonoticias.com\/editor\/wp-content\/uploads\/2024\/07\/renta-joven-2.jpg","datePublished":"2024-07-24T10:10:33+00:00","description":"\u200bSon 39.876 beneficiarios los que recibir\u00e1n este subsidio para contribuir a sus gastos de manutenci\u00f3n.","breadcrumb":{"@id":"https:\/\/luchonoticias.com\/editor\/recursos-de-renta-joven-para-apoyar-a-aprendices-del-sena\/#breadcrumb"},"inLanguage":"es","potentialAction":[{"@type":"ReadAction","target":["https:\/\/luchonoticias.com\/editor\/recursos-de-renta-joven-para-apoyar-a-aprendices-del-sena\/"]}]},{"@type":"ImageObject","inLanguage":"es","@id":"https:\/\/luchonoticias.com\/editor\/recursos-de-renta-joven-para-apoyar-a-aprendices-del-sena\/#primaryimage","url":"https:\/\/luchonoticias.com\/editor\/wp-content\/uploads\/2024\/07\/renta-joven-2.jpg","contentUrl":"https:\/\/luchonoticias.com\/editor\/wp-content\/uploads\/2024\/07\/renta-joven-2.jpg","width":700,"height":400},{"@type":"BreadcrumbList","@id":"https:\/\/luchonoticias.com\/editor\/recursos-de-renta-joven-para-apoyar-a-aprendices-del-sena\/#breadcrumb","itemListElement":[{"@type":"ListItem","position":1,"name":"Portada","item":"https:\/\/luchonoticias.com\/editor\/"},{"@type":"ListItem","position":2,"name":"Recursos de Renta Joven para apoyar a aprendices del Sena"}]},{"@type":"WebSite","@id":"https:\/\/luchonoticias.com\/editor\/#website","url":"https:\/\/luchonoticias.com\/editor\/","name":"","description":"","publisher":{"@id":"https:\/\/luchonoticias.com\/editor\/#\/schema\/person\/7a7fd911f58561fd056dbac7b55af9cd"},"potentialAction":[{"@type":"SearchAction","target":{"@type":"EntryPoint","urlTemplate":"https:\/\/luchonoticias.com\/editor\/?s={search_term_string}"},"query-input":{"@type":"PropertyValueSpecification","valueRequired":true,"valueName":"search_term_string"}}],"inLanguage":"es"},{"@type":["Person","Organization"],"@id":"https:\/\/luchonoticias.com\/editor\/#\/schema\/person\/7a7fd911f58561fd056dbac7b55af9cd","name":"admin","image":{"@type":"ImageObject","inLanguage":"es","@id":"https:\/\/luchonoticias.com\/editor\/#\/schema\/person\/image\/","url":"https:\/\/luchonoticias.com\/editor\/wp-content\/uploads\/2024\/02\/cropped-cropped-logolu.webp","contentUrl":"https:\/\/luchonoticias.com\/editor\/wp-content\/uploads\/2024\/02\/cropped-cropped-logolu.webp","width":382,"height":170,"caption":"admin"},"logo":{"@id":"https:\/\/luchonoticias.com\/editor\/#\/schema\/person\/image\/"},"sameAs":["https:\/\/www.facebook.com\/luchonoticiasneiva"]},{"@type":"Person","@id":"https:\/\/luchonoticias.com\/editor\/#\/schema\/person\/29217990ddf6f14e35912b2866d591fb","name":"Editor General","image":{"@type":"ImageObject","inLanguage":"es","@id":"https:\/\/luchonoticias.com\/editor\/#\/schema\/person\/image\/","url":"https:\/\/luchonoticias.com\/editor\/wp-content\/uploads\/2024\/02\/cropped-cropped-logolu-150x150.webp","contentUrl":"https:\/\/luchonoticias.com\/editor\/wp-content\/uploads\/2024\/02\/cropped-cropped-logolu-150x150.webp","caption":"Editor General"},"sameAs":["https:\/\/luchonoticias.com\/"],"url":"https:\/\/luchonoticias.com\/editor\/author\/editor-general\/"}]}},"_links":{"self":[{"href":"https:\/\/luchonoticias.com\/editor\/wp-json\/wp\/v2\/posts\/75256","targetHints":{"allow":["GET"]}}],"collection":[{"href":"https:\/\/luchonoticias.com\/editor\/wp-json\/wp\/v2\/posts"}],"about":[{"href":"https:\/\/luchonoticias.com\/editor\/wp-json\/wp\/v2\/types\/post"}],"author":[{"embeddable":true,"href":"https:\/\/luchonoticias.com\/editor\/wp-json\/wp\/v2\/users\/2"}],"replies":[{"embeddable":true,"href":"https:\/\/luchonoticias.com\/editor\/wp-json\/wp\/v2\/comments?post=75256"}],"version-history":[{"count":1,"href":"https:\/\/luchonoticias.com\/editor\/wp-json\/wp\/v2\/posts\/75256\/revisions"}],"predecessor-version":[{"id":75258,"href":"https:\/\/luchonoticias.com\/editor\/wp-json\/wp\/v2\/posts\/75256\/revisions\/75258"}],"wp:featuredmedia":[{"embeddable":true,"href":"https:\/\/luchonoticias.com\/editor\/wp-json\/wp\/v2\/media\/75257"}],"wp:attachment":[{"href":"https:\/\/luchonoticias.com\/editor\/wp-json\/wp\/v2\/media?parent=75256"}],"wp:term":[{"taxonomy":"category","embeddable":true,"href":"https:\/\/luchonoticias.com\/editor\/wp-json\/wp\/v2\/categories?post=75256"},{"taxonomy":"post_tag","embeddable":true,"href":"https:\/\/luchonoticias.com\/editor\/wp-json\/wp\/v2\/tags?post=75256"}],"curies":[{"name":"wp","href":"https:\/\/api.w.org\/{rel}","templated":true}]}}