{"id":75259,"date":"2024-07-24T05:16:11","date_gmt":"2024-07-24T10:16:11","guid":{"rendered":"https:\/\/luchonoticias.com\/?p=75259"},"modified":"2024-07-24T05:16:11","modified_gmt":"2024-07-24T10:16:11","slug":"verificando-el-funcionamiento-del-pae-en-san-agustin","status":"publish","type":"post","link":"https:\/\/luchonoticias.com\/editor\/verificando-el-funcionamiento-del-pae-en-san-agustin\/","title":{"rendered":"Verificando el funcionamiento del PAE en San Agust\u00edn"},"content":{"rendered":"<p>Una visita a las instituciones educativas Laureano G\u00f3mez de la verdad Mesitas y al plantel educativo de la comunidad ind\u00edgena Yanacona, en el municipio de San Agust\u00edn, llev\u00f3 a cabo el coordinador general del PAE, Germ\u00e1n Dar\u00edo Delgado Bola\u00f1os, en articulaci\u00f3n con la UAPA (Unidad de Alimentos para Aprender), del Ministerio de Educaci\u00f3n.<\/p>\n<p>\u00abNos encontramos en el sur del Departamento del Huila, en zona rural del Municipio de San Agust\u00edn, siguiendo las orientaciones del Gobernador Rodrigo Villalba Mosquera, con el acompa\u00f1amiento a nivel pa\u00eds de la UAPA, haciendo verificaci\u00f3n con las comunidades educativas y autoridades locales, sobre la prestaci\u00f3n del Programa de Alimentaci\u00f3n Escolar\u00bb, afirm\u00f3 el funcionario.<\/p>\n<p>\u00abContamos con la presencia del ingeniero Guillermo Mar\u00edn, y Alexander Monsalve, funcionarios de la UAPA, haciendo un ejercicio de verificaci\u00f3n de la operaci\u00f3n del PAE, constatando que las cosas se hagan ajustadas la normatividad, con los criterios de calidad e inocuidad exigidos. Este trabajo de campo nos permiti\u00f3 escuchar a todos los actores inmersos en la prestaci\u00f3n de este servicio\u00bb puntualiz\u00f3.<\/p>\n<p>El coordinador del PAE Huila se\u00f1al\u00f3 que de esta visita se revel\u00f3 que el servicio opera con normalidad con algunos ajustes que hay que realizar pero que no revisten mayor gravedad. Destac\u00f3 que estas visitas a campo se seguir\u00e1n realizando en varios municipios del territorio.<\/p>\n<p>\u201cEl objetivo que tenemos desde el gobierno departamental es continuar haciendo un trabajo bastante riguroso en el sentido de propender por la adecuada prestaci\u00f3n del servicio, por la calidad de los alimentos, por la oportunidad en el suministro de los mismos, de tal manera que las poblaciones se sigan beneficiando y podamos aportar positivamente al desarrollo de nuestros ni\u00f1os, ni\u00f1as y adolescentes\u201d, concluy\u00f3.<\/p>\n","protected":false},"excerpt":{"rendered":"<p>Para verificar la buena prestaci\u00f3n del servicio, el coordinador general del PAE Huila, dio un reporte sobre visita de campo realizada a instituciones educativas del sur del Huila, en el municipio de San Agust\u00edn.<\/p>\n","protected":false},"author":2,"featured_media":75260,"comment_status":"closed","ping_status":"open","sticky":false,"template":"","format":"standard","meta":{"footnotes":""},"categories":[33],"tags":[],"class_list":["post-75259","post","type-post","status-publish","format-standard","has-post-thumbnail","hentry","category-huila"],"yoast_head":"<!-- This site is optimized with the Yoast SEO plugin v26.6 - https:\/\/yoast.com\/wordpress\/plugins\/seo\/ -->\n<title>Verificando el funcionamiento del PAE en San Agust\u00edn -<\/title>\n<meta name=\"description\" content=\"Para verificar la buena prestaci\u00f3n del servicio, el coordinador general del PAE Huila, dio un reporte sobre visita de campo realizada a instituciones educativas del sur del Huila, en el municipio de San Agust\u00edn.\" \/>\n<meta name=\"robots\" content=\"index, follow, max-snippet:-1, max-image-preview:large, max-video-preview:-1\" \/>\n<link rel=\"canonical\" href=\"https:\/\/luchonoticias.com\/editor\/verificando-el-funcionamiento-del-pae-en-san-agustin\/\" \/>\n<meta property=\"og:locale\" content=\"es_ES\" \/>\n<meta property=\"og:type\" content=\"article\" \/>\n<meta property=\"og:title\" content=\"Verificando el funcionamiento del PAE en San Agust\u00edn -\" \/>\n<meta property=\"og:description\" content=\"Para verificar la buena prestaci\u00f3n del servicio, el coordinador general del PAE Huila, dio un reporte sobre visita de campo realizada a instituciones educativas del sur del Huila, en el municipio de San Agust\u00edn.\" \/>\n<meta property=\"og:url\" content=\"https:\/\/luchonoticias.com\/editor\/verificando-el-funcionamiento-del-pae-en-san-agustin\/\" \/>\n<meta property=\"article:publisher\" content=\"https:\/\/www.facebook.com\/luchonoticiasneiva\" \/>\n<meta property=\"article:published_time\" content=\"2024-07-24T10:16:11+00:00\" \/>\n<meta property=\"og:image\" content=\"https:\/\/luchonoticias.com\/editor\/wp-content\/uploads\/2024\/07\/educacion-PAE.jpg\" \/>\n\t<meta property=\"og:image:width\" content=\"700\" \/>\n\t<meta property=\"og:image:height\" content=\"400\" \/>\n\t<meta property=\"og:image:type\" content=\"image\/jpeg\" \/>\n<meta name=\"author\" content=\"Editor General\" \/>\n<meta name=\"twitter:card\" content=\"summary_large_image\" \/>\n<meta name=\"twitter:label1\" content=\"Escrito por\" \/>\n\t<meta name=\"twitter:data1\" content=\"Editor General\" \/>\n\t<meta name=\"twitter:label2\" content=\"Tiempo de lectura\" \/>\n\t<meta name=\"twitter:data2\" content=\"2 minutos\" \/>\n<script type=\"application\/ld+json\" class=\"yoast-schema-graph\">{\"@context\":\"https:\/\/schema.org\",\"@graph\":[{\"@type\":\"Article\",\"@id\":\"https:\/\/luchonoticias.com\/editor\/verificando-el-funcionamiento-del-pae-en-san-agustin\/#article\",\"isPartOf\":{\"@id\":\"https:\/\/luchonoticias.com\/editor\/verificando-el-funcionamiento-del-pae-en-san-agustin\/\"},\"author\":{\"name\":\"Editor General\",\"@id\":\"https:\/\/luchonoticias.com\/editor\/#\/schema\/person\/29217990ddf6f14e35912b2866d591fb\"},\"headline\":\"Verificando el funcionamiento del PAE en San Agust\u00edn\",\"datePublished\":\"2024-07-24T10:16:11+00:00\",\"mainEntityOfPage\":{\"@id\":\"https:\/\/luchonoticias.com\/editor\/verificando-el-funcionamiento-del-pae-en-san-agustin\/\"},\"wordCount\":308,\"publisher\":{\"@id\":\"https:\/\/luchonoticias.com\/editor\/#\/schema\/person\/7a7fd911f58561fd056dbac7b55af9cd\"},\"image\":{\"@id\":\"https:\/\/luchonoticias.com\/editor\/verificando-el-funcionamiento-del-pae-en-san-agustin\/#primaryimage\"},\"thumbnailUrl\":\"https:\/\/luchonoticias.com\/editor\/wp-content\/uploads\/2024\/07\/educacion-PAE.jpg\",\"articleSection\":[\"Huila\"],\"inLanguage\":\"es\"},{\"@type\":\"WebPage\",\"@id\":\"https:\/\/luchonoticias.com\/editor\/verificando-el-funcionamiento-del-pae-en-san-agustin\/\",\"url\":\"https:\/\/luchonoticias.com\/editor\/verificando-el-funcionamiento-del-pae-en-san-agustin\/\",\"name\":\"Verificando el funcionamiento del PAE en San Agust\u00edn -\",\"isPartOf\":{\"@id\":\"https:\/\/luchonoticias.com\/editor\/#website\"},\"primaryImageOfPage\":{\"@id\":\"https:\/\/luchonoticias.com\/editor\/verificando-el-funcionamiento-del-pae-en-san-agustin\/#primaryimage\"},\"image\":{\"@id\":\"https:\/\/luchonoticias.com\/editor\/verificando-el-funcionamiento-del-pae-en-san-agustin\/#primaryimage\"},\"thumbnailUrl\":\"https:\/\/luchonoticias.com\/editor\/wp-content\/uploads\/2024\/07\/educacion-PAE.jpg\",\"datePublished\":\"2024-07-24T10:16:11+00:00\",\"description\":\"Para verificar la buena prestaci\u00f3n del servicio, el coordinador general del PAE Huila, dio un reporte sobre visita de campo realizada a instituciones educativas del sur del Huila, en el municipio de San Agust\u00edn.\",\"breadcrumb\":{\"@id\":\"https:\/\/luchonoticias.com\/editor\/verificando-el-funcionamiento-del-pae-en-san-agustin\/#breadcrumb\"},\"inLanguage\":\"es\",\"potentialAction\":[{\"@type\":\"ReadAction\",\"target\":[\"https:\/\/luchonoticias.com\/editor\/verificando-el-funcionamiento-del-pae-en-san-agustin\/\"]}]},{\"@type\":\"ImageObject\",\"inLanguage\":\"es\",\"@id\":\"https:\/\/luchonoticias.com\/editor\/verificando-el-funcionamiento-del-pae-en-san-agustin\/#primaryimage\",\"url\":\"https:\/\/luchonoticias.com\/editor\/wp-content\/uploads\/2024\/07\/educacion-PAE.jpg\",\"contentUrl\":\"https:\/\/luchonoticias.com\/editor\/wp-content\/uploads\/2024\/07\/educacion-PAE.jpg\",\"width\":700,\"height\":400},{\"@type\":\"BreadcrumbList\",\"@id\":\"https:\/\/luchonoticias.com\/editor\/verificando-el-funcionamiento-del-pae-en-san-agustin\/#breadcrumb\",\"itemListElement\":[{\"@type\":\"ListItem\",\"position\":1,\"name\":\"Portada\",\"item\":\"https:\/\/luchonoticias.com\/editor\/\"},{\"@type\":\"ListItem\",\"position\":2,\"name\":\"Verificando el funcionamiento del PAE en San Agust\u00edn\"}]},{\"@type\":\"WebSite\",\"@id\":\"https:\/\/luchonoticias.com\/editor\/#website\",\"url\":\"https:\/\/luchonoticias.com\/editor\/\",\"name\":\"\",\"description\":\"\",\"publisher\":{\"@id\":\"https:\/\/luchonoticias.com\/editor\/#\/schema\/person\/7a7fd911f58561fd056dbac7b55af9cd\"},\"potentialAction\":[{\"@type\":\"SearchAction\",\"target\":{\"@type\":\"EntryPoint\",\"urlTemplate\":\"https:\/\/luchonoticias.com\/editor\/?s={search_term_string}\"},\"query-input\":{\"@type\":\"PropertyValueSpecification\",\"valueRequired\":true,\"valueName\":\"search_term_string\"}}],\"inLanguage\":\"es\"},{\"@type\":[\"Person\",\"Organization\"],\"@id\":\"https:\/\/luchonoticias.com\/editor\/#\/schema\/person\/7a7fd911f58561fd056dbac7b55af9cd\",\"name\":\"admin\",\"image\":{\"@type\":\"ImageObject\",\"inLanguage\":\"es\",\"@id\":\"https:\/\/luchonoticias.com\/editor\/#\/schema\/person\/image\/\",\"url\":\"https:\/\/luchonoticias.com\/editor\/wp-content\/uploads\/2024\/02\/cropped-cropped-logolu.webp\",\"contentUrl\":\"https:\/\/luchonoticias.com\/editor\/wp-content\/uploads\/2024\/02\/cropped-cropped-logolu.webp\",\"width\":382,\"height\":170,\"caption\":\"admin\"},\"logo\":{\"@id\":\"https:\/\/luchonoticias.com\/editor\/#\/schema\/person\/image\/\"},\"sameAs\":[\"https:\/\/www.facebook.com\/luchonoticiasneiva\"]},{\"@type\":\"Person\",\"@id\":\"https:\/\/luchonoticias.com\/editor\/#\/schema\/person\/29217990ddf6f14e35912b2866d591fb\",\"name\":\"Editor General\",\"image\":{\"@type\":\"ImageObject\",\"inLanguage\":\"es\",\"@id\":\"https:\/\/luchonoticias.com\/editor\/#\/schema\/person\/image\/\",\"url\":\"https:\/\/luchonoticias.com\/editor\/wp-content\/uploads\/2024\/02\/cropped-cropped-logolu-150x150.webp\",\"contentUrl\":\"https:\/\/luchonoticias.com\/editor\/wp-content\/uploads\/2024\/02\/cropped-cropped-logolu-150x150.webp\",\"caption\":\"Editor General\"},\"sameAs\":[\"https:\/\/luchonoticias.com\/\"],\"url\":\"https:\/\/luchonoticias.com\/editor\/author\/editor-general\/\"}]}<\/script>\n<!-- \/ Yoast SEO plugin. -->","yoast_head_json":{"title":"Verificando el funcionamiento del PAE en San Agust\u00edn -","description":"Para verificar la buena prestaci\u00f3n del servicio, el coordinador general del PAE Huila, dio un reporte sobre visita de campo realizada a instituciones educativas del sur del Huila, en el municipio de San Agust\u00edn.","robots":{"index":"index","follow":"follow","max-snippet":"max-snippet:-1","max-image-preview":"max-image-preview:large","max-video-preview":"max-video-preview:-1"},"canonical":"https:\/\/luchonoticias.com\/editor\/verificando-el-funcionamiento-del-pae-en-san-agustin\/","og_locale":"es_ES","og_type":"article","og_title":"Verificando el funcionamiento del PAE en San Agust\u00edn -","og_description":"Para verificar la buena prestaci\u00f3n del servicio, el coordinador general del PAE Huila, dio un reporte sobre visita de campo realizada a instituciones educativas del sur del Huila, en el municipio de San Agust\u00edn.","og_url":"https:\/\/luchonoticias.com\/editor\/verificando-el-funcionamiento-del-pae-en-san-agustin\/","article_publisher":"https:\/\/www.facebook.com\/luchonoticiasneiva","article_published_time":"2024-07-24T10:16:11+00:00","og_image":[{"width":700,"height":400,"url":"https:\/\/luchonoticias.com\/editor\/wp-content\/uploads\/2024\/07\/educacion-PAE.jpg","type":"image\/jpeg"}],"author":"Editor General","twitter_card":"summary_large_image","twitter_misc":{"Escrito por":"Editor General","Tiempo de lectura":"2 minutos"},"schema":{"@context":"https:\/\/schema.org","@graph":[{"@type":"Article","@id":"https:\/\/luchonoticias.com\/editor\/verificando-el-funcionamiento-del-pae-en-san-agustin\/#article","isPartOf":{"@id":"https:\/\/luchonoticias.com\/editor\/verificando-el-funcionamiento-del-pae-en-san-agustin\/"},"author":{"name":"Editor General","@id":"https:\/\/luchonoticias.com\/editor\/#\/schema\/person\/29217990ddf6f14e35912b2866d591fb"},"headline":"Verificando el funcionamiento del PAE en San Agust\u00edn","datePublished":"2024-07-24T10:16:11+00:00","mainEntityOfPage":{"@id":"https:\/\/luchonoticias.com\/editor\/verificando-el-funcionamiento-del-pae-en-san-agustin\/"},"wordCount":308,"publisher":{"@id":"https:\/\/luchonoticias.com\/editor\/#\/schema\/person\/7a7fd911f58561fd056dbac7b55af9cd"},"image":{"@id":"https:\/\/luchonoticias.com\/editor\/verificando-el-funcionamiento-del-pae-en-san-agustin\/#primaryimage"},"thumbnailUrl":"https:\/\/luchonoticias.com\/editor\/wp-content\/uploads\/2024\/07\/educacion-PAE.jpg","articleSection":["Huila"],"inLanguage":"es"},{"@type":"WebPage","@id":"https:\/\/luchonoticias.com\/editor\/verificando-el-funcionamiento-del-pae-en-san-agustin\/","url":"https:\/\/luchonoticias.com\/editor\/verificando-el-funcionamiento-del-pae-en-san-agustin\/","name":"Verificando el funcionamiento del PAE en San Agust\u00edn -","isPartOf":{"@id":"https:\/\/luchonoticias.com\/editor\/#website"},"primaryImageOfPage":{"@id":"https:\/\/luchonoticias.com\/editor\/verificando-el-funcionamiento-del-pae-en-san-agustin\/#primaryimage"},"image":{"@id":"https:\/\/luchonoticias.com\/editor\/verificando-el-funcionamiento-del-pae-en-san-agustin\/#primaryimage"},"thumbnailUrl":"https:\/\/luchonoticias.com\/editor\/wp-content\/uploads\/2024\/07\/educacion-PAE.jpg","datePublished":"2024-07-24T10:16:11+00:00","description":"Para verificar la buena prestaci\u00f3n del servicio, el coordinador general del PAE Huila, dio un reporte sobre visita de campo realizada a instituciones educativas del sur del Huila, en el municipio de San Agust\u00edn.","breadcrumb":{"@id":"https:\/\/luchonoticias.com\/editor\/verificando-el-funcionamiento-del-pae-en-san-agustin\/#breadcrumb"},"inLanguage":"es","potentialAction":[{"@type":"ReadAction","target":["https:\/\/luchonoticias.com\/editor\/verificando-el-funcionamiento-del-pae-en-san-agustin\/"]}]},{"@type":"ImageObject","inLanguage":"es","@id":"https:\/\/luchonoticias.com\/editor\/verificando-el-funcionamiento-del-pae-en-san-agustin\/#primaryimage","url":"https:\/\/luchonoticias.com\/editor\/wp-content\/uploads\/2024\/07\/educacion-PAE.jpg","contentUrl":"https:\/\/luchonoticias.com\/editor\/wp-content\/uploads\/2024\/07\/educacion-PAE.jpg","width":700,"height":400},{"@type":"BreadcrumbList","@id":"https:\/\/luchonoticias.com\/editor\/verificando-el-funcionamiento-del-pae-en-san-agustin\/#breadcrumb","itemListElement":[{"@type":"ListItem","position":1,"name":"Portada","item":"https:\/\/luchonoticias.com\/editor\/"},{"@type":"ListItem","position":2,"name":"Verificando el funcionamiento del PAE en San Agust\u00edn"}]},{"@type":"WebSite","@id":"https:\/\/luchonoticias.com\/editor\/#website","url":"https:\/\/luchonoticias.com\/editor\/","name":"","description":"","publisher":{"@id":"https:\/\/luchonoticias.com\/editor\/#\/schema\/person\/7a7fd911f58561fd056dbac7b55af9cd"},"potentialAction":[{"@type":"SearchAction","target":{"@type":"EntryPoint","urlTemplate":"https:\/\/luchonoticias.com\/editor\/?s={search_term_string}"},"query-input":{"@type":"PropertyValueSpecification","valueRequired":true,"valueName":"search_term_string"}}],"inLanguage":"es"},{"@type":["Person","Organization"],"@id":"https:\/\/luchonoticias.com\/editor\/#\/schema\/person\/7a7fd911f58561fd056dbac7b55af9cd","name":"admin","image":{"@type":"ImageObject","inLanguage":"es","@id":"https:\/\/luchonoticias.com\/editor\/#\/schema\/person\/image\/","url":"https:\/\/luchonoticias.com\/editor\/wp-content\/uploads\/2024\/02\/cropped-cropped-logolu.webp","contentUrl":"https:\/\/luchonoticias.com\/editor\/wp-content\/uploads\/2024\/02\/cropped-cropped-logolu.webp","width":382,"height":170,"caption":"admin"},"logo":{"@id":"https:\/\/luchonoticias.com\/editor\/#\/schema\/person\/image\/"},"sameAs":["https:\/\/www.facebook.com\/luchonoticiasneiva"]},{"@type":"Person","@id":"https:\/\/luchonoticias.com\/editor\/#\/schema\/person\/29217990ddf6f14e35912b2866d591fb","name":"Editor General","image":{"@type":"ImageObject","inLanguage":"es","@id":"https:\/\/luchonoticias.com\/editor\/#\/schema\/person\/image\/","url":"https:\/\/luchonoticias.com\/editor\/wp-content\/uploads\/2024\/02\/cropped-cropped-logolu-150x150.webp","contentUrl":"https:\/\/luchonoticias.com\/editor\/wp-content\/uploads\/2024\/02\/cropped-cropped-logolu-150x150.webp","caption":"Editor General"},"sameAs":["https:\/\/luchonoticias.com\/"],"url":"https:\/\/luchonoticias.com\/editor\/author\/editor-general\/"}]}},"_links":{"self":[{"href":"https:\/\/luchonoticias.com\/editor\/wp-json\/wp\/v2\/posts\/75259","targetHints":{"allow":["GET"]}}],"collection":[{"href":"https:\/\/luchonoticias.com\/editor\/wp-json\/wp\/v2\/posts"}],"about":[{"href":"https:\/\/luchonoticias.com\/editor\/wp-json\/wp\/v2\/types\/post"}],"author":[{"embeddable":true,"href":"https:\/\/luchonoticias.com\/editor\/wp-json\/wp\/v2\/users\/2"}],"replies":[{"embeddable":true,"href":"https:\/\/luchonoticias.com\/editor\/wp-json\/wp\/v2\/comments?post=75259"}],"version-history":[{"count":1,"href":"https:\/\/luchonoticias.com\/editor\/wp-json\/wp\/v2\/posts\/75259\/revisions"}],"predecessor-version":[{"id":75261,"href":"https:\/\/luchonoticias.com\/editor\/wp-json\/wp\/v2\/posts\/75259\/revisions\/75261"}],"wp:featuredmedia":[{"embeddable":true,"href":"https:\/\/luchonoticias.com\/editor\/wp-json\/wp\/v2\/media\/75260"}],"wp:attachment":[{"href":"https:\/\/luchonoticias.com\/editor\/wp-json\/wp\/v2\/media?parent=75259"}],"wp:term":[{"taxonomy":"category","embeddable":true,"href":"https:\/\/luchonoticias.com\/editor\/wp-json\/wp\/v2\/categories?post=75259"},{"taxonomy":"post_tag","embeddable":true,"href":"https:\/\/luchonoticias.com\/editor\/wp-json\/wp\/v2\/tags?post=75259"}],"curies":[{"name":"wp","href":"https:\/\/api.w.org\/{rel}","templated":true}]}}