{"id":75296,"date":"2024-07-24T20:10:32","date_gmt":"2024-07-25T01:10:32","guid":{"rendered":"https:\/\/luchonoticias.com\/?p=75296"},"modified":"2024-07-24T20:10:32","modified_gmt":"2024-07-25T01:10:32","slug":"los-dias-clave-para-colombia-en-los-juegos-olimpicos","status":"publish","type":"post","link":"https:\/\/luchonoticias.com\/editor\/los-dias-clave-para-colombia-en-los-juegos-olimpicos\/","title":{"rendered":"Los d\u00edas clave para Colombia en los Juegos Ol\u00edmpicos"},"content":{"rendered":"<div class=\"page-info\">\n<div class=\"div_entradilla_default alto_contraste\">\n<p>Par\u00eds se viste de gala para recibir los mejores atletas del mundo en los Juegos Ol\u00edmpicos y Colombia estar\u00e1 representada por 89 atletas, 52 mujeres y 37 hombres, de los cuales 60 son debutantes. Desde este jueves, la delegaci\u00f3n nacional entrar\u00e1 en acci\u00f3n con dos deportes: tiro con arco y f\u00fatbol femenino.<\/p>\n<\/div>\n<\/div>\n<p>Desde las 2:30 a.m., Ana Mar\u00eda Rend\u00f3n compite en la clasificaci\u00f3n de tiro con arco individual, la cual servir\u00e1 para elegir a los mejores 32 arqueros para la fase de 32avos. Para esta atleta ser\u00e1n sus cuartos Juegos Ol\u00edmpicos, teniendo en cuenta que particip\u00f3 en Beijing 2008; Londres 2012 y Rio de Janeiro 2016.<\/p>\n<p>Posteriormente, entrar\u00e1n en competencia Santiago Arcila, Jorge Enr\u00edquez y Andr\u00e9s Hern\u00e1ndez, en el clasificatorio de tiro con arco individual masculino. Mientras que la selecci\u00f3n femenina de f\u00fatbol, a las 2:00 p.m. enfrentar\u00e1 a su similar de Francia, en la primera jornada del grupo A del campeonato.<\/p>\n<p>El 27 de julio, el pa\u00eds vivir\u00e1 las primeras finales, en las que pueden estar atletas colombianos: el patinador Jhancarlos Gonz\u00e1lez competir\u00e1 a las 5:00 a.m. en la fase de clasificaci\u00f3n de skateboarding modalidad Street, de lograr pasar, podr\u00e1 estar en la competencia por medallas, que ser\u00e1 a partir de las 10:00 a.m. As\u00ed mismo, Erika Lasso estar\u00e1 disputando combates en los -48kg, que ese d\u00eda define medallas. Daniel Felipe Mart\u00ednez, quien estaba pactado para participar en la prueba de la contrarreloj individual, no ser\u00e1 de la partida. Mientras que, debutan en boxeo Angie Vald\u00e9s y Jenny Arias.<\/p>\n<p>Los nadadores colombianos: Stefan\u00eda G\u00f3mez y Anthony Rinc\u00f3n, entrar\u00e1n en acci\u00f3n el domingo 28 en los 100m espalda y pecho, respectivamente. Ambos estar\u00e1n en las eliminatorias, de pasar avanzar\u00e1n a semifinales y, posiblemente, a la final que se realizar\u00e1 el 29 de julio. De lograrlo emular\u00edan lo que hizo Pablo Restrepo en Los \u00c1ngeles 1984: llegar a la final.<\/p>\n<p>El 29 de julio, tambi\u00e9n compite Diego Arias en la final de Cross Country. Dos d\u00edas despu\u00e9s Queen Saray Villegas puede llegar a la final de BMX freestyle. Ese mi\u00e9rcoles 31, tambi\u00e9n, ser\u00e1 la final de triatl\u00f3n femenino, con la presencia de Carolina Vel\u00e1squez, quien estar\u00e1 representando al pa\u00eds en este deporte, por primera vez desde Londres 2012 y es la primera mujer desde que lo hizo Fiorella DCroz, en Atenas 2004.<\/p>\n<p>Agosto comienza con la final de los 20km marcha, con Lorena Arenas, quien fue medallista de plata en esta prueba en los Juegos Ol\u00edmpicos de Tokio 2020, adem\u00e1s se llevar\u00e1 a cabo la competencia de concurso completo de gimnasia con Luisa Blanco, quien debuta en los Juegos Ol\u00edmpicos.<\/p>\n<p>Un d\u00eda despu\u00e9s, el 2 de agosto, es la presentaci\u00f3n de \u00c1ngel Hern\u00e1ndez, quien buscar\u00e1 estar dentro de los mejores ocho de gimnasia trampol\u00edn. Adem\u00e1s, el BMX ser\u00e1 protagonista. Por primera vez, Colombia cuenta con tres representantes en masculino y dos en femenino. Ese d\u00eda ser\u00e1n las semifinales y la final de un deporte que ha contado con un colombiano presente en el podio desde Londres 2012.<\/p>\n<p>El 3 de agosto, ser\u00e1 la prueba de fondo de ciclismo ruta, tanto en masculino como femenino. En la que estar\u00e1n presentes Daniel Mart\u00ednez, Santiago Buitrago y Paula Pati\u00f1o. Ese d\u00eda, tambi\u00e9n se llevar\u00e1n a cabo las finales de tiro con arco individual femenino y ser\u00e1n las semifinales de boxeo 60kg, divisi\u00f3n en la que est\u00e1 la subcampeona panamericana, Angie Vald\u00e9s.<\/p>\n<p>Al d\u00eda siguiente, son las finales de tiro con arco individual masculino, adem\u00e1s de las semifinales de boxeo en los 54kg, divisi\u00f3n que cuenta con la subcampeona mundial, Jenny Arias. Adem\u00e1s, ese d\u00eda el golf define su campe\u00f3n y Luisa Blanco participa en la final de barras asim\u00e9tricas. Ese 4 de agosto, el atletismo, deporte rey, tendr\u00e1 su primera gran final. A las 2:55 p.m. se correr\u00e1n los 100mts planos, prueba en la que est\u00e1n clasificados Jhonny Renter\u00eda y Ronal Longa.<\/p>\n<p>El 5 de agosto, es d\u00eda de gimnasia y Colombia contar\u00e1 con la presencia de un joven que ha deslumbrado al pa\u00eds con sus presentaciones \u00c1ngel Barajas. El atleta, por decisi\u00f3n de su entrenador, solo participar\u00e1 en las finales de barras paralelas y barra fija. Mientras que, Luisa Blanco estar\u00e1 en barra de equilibrio y suelo.<\/p>\n<p>Por su parte, el 6 de agosto ser\u00e1 la semifinal de los 50kg, categor\u00eda en la que est\u00e1 la medallista, Ingrit Valencia. Adem\u00e1s, ese d\u00eda ser\u00e1n las finales de lanzamiento de martillo y salto largo, donde se espera la presencia de Mayra Gaviria y Arnovis Dalmero, respectivamente.<\/p>\n<p>El 7 de agosto tendr\u00e1 las finales de relevos marcha y lucha, pero la atenci\u00f3n se centrar\u00e1 en la final de lanzamiento de disco y de los 400m, pruebas en las que se clasificaron Mauricio Ortega y Anthony Zambrano, respectivamente. Ambos tendr\u00e1n que estar en las fases clasificatorias.<\/p>\n<p>Finales en \u00f3mnium, keirin femenino, levantamiento de pesas 59kg y 73kg, boxeo 54kg, salto de longitud femenino. El 8 de agosto es para marcar en el calendario, con la definici\u00f3n de deportes en los que estar\u00e1n presentes nombres como los de: Fernando Gaviria, Martha Bayona, Yeny \u00c1lvarez, Luis J. Mosquera, Jenny Arias y Natalia Linares.<\/p>\n<p>Pero no todo termina el 8, un d\u00eda despu\u00e9s aparecen las finales de velocidad individual en ciclismo de pista, con Kevin Quintero y Christian Ortega; de los 400m femenino, con Lina Licona y Evelis Aguilar y de levantamiento de pesas 89 kg, con Yeison L\u00f3pez. Otro d\u00eda para seguir de cerca la participaci\u00f3n de los colombianos.<\/p>\n<p>Mientras que, el s\u00e1bado 10 puede ser el turno para Flor Denis Ruiz y el 11 para Kevin Quintero y Martha Bayona, debido a que se disputan las finales de lanzamiento de jabalina, del keirin masculino y velocidad femenina. As\u00ed se bajar\u00e1 el tel\u00f3n de Par\u00eds 2024.<\/p>\n","protected":false},"excerpt":{"rendered":"<p>La delegaci\u00f3n nacional tendr\u00e1 participaci\u00f3n desde el 25 de julio hasta el 11 de agosto en el certamen.<\/p>\n","protected":false},"author":2,"featured_media":75297,"comment_status":"closed","ping_status":"open","sticky":false,"template":"","format":"standard","meta":{"footnotes":""},"categories":[34],"tags":[],"class_list":["post-75296","post","type-post","status-publish","format-standard","has-post-thumbnail","hentry","category-deportes"],"yoast_head":"<!-- This site is optimized with the Yoast SEO plugin v26.6 - https:\/\/yoast.com\/wordpress\/plugins\/seo\/ -->\n<title>Los d\u00edas clave para Colombia en los Juegos Ol\u00edmpicos -<\/title>\n<meta name=\"description\" content=\"La delegaci\u00f3n nacional tendr\u00e1 participaci\u00f3n desde el 25 de julio hasta el 11 de agosto en el certamen.\" \/>\n<meta name=\"robots\" content=\"index, follow, max-snippet:-1, max-image-preview:large, max-video-preview:-1\" \/>\n<link rel=\"canonical\" href=\"https:\/\/luchonoticias.com\/editor\/los-dias-clave-para-colombia-en-los-juegos-olimpicos\/\" \/>\n<meta property=\"og:locale\" content=\"es_ES\" \/>\n<meta property=\"og:type\" content=\"article\" \/>\n<meta property=\"og:title\" content=\"Los d\u00edas clave para Colombia en los Juegos Ol\u00edmpicos -\" \/>\n<meta property=\"og:description\" content=\"La delegaci\u00f3n nacional tendr\u00e1 participaci\u00f3n desde el 25 de julio hasta el 11 de agosto en el certamen.\" \/>\n<meta property=\"og:url\" content=\"https:\/\/luchonoticias.com\/editor\/los-dias-clave-para-colombia-en-los-juegos-olimpicos\/\" \/>\n<meta property=\"article:publisher\" content=\"https:\/\/www.facebook.com\/luchonoticiasneiva\" \/>\n<meta property=\"article:published_time\" content=\"2024-07-25T01:10:32+00:00\" \/>\n<meta property=\"og:image\" content=\"https:\/\/luchonoticias.com\/editor\/wp-content\/uploads\/2024\/07\/mariana-pajon.jpg\" \/>\n\t<meta property=\"og:image:width\" content=\"700\" \/>\n\t<meta property=\"og:image:height\" content=\"400\" \/>\n\t<meta property=\"og:image:type\" content=\"image\/jpeg\" \/>\n<meta name=\"author\" content=\"Editor General\" \/>\n<meta name=\"twitter:card\" content=\"summary_large_image\" \/>\n<meta name=\"twitter:label1\" content=\"Escrito por\" \/>\n\t<meta name=\"twitter:data1\" content=\"Editor General\" \/>\n\t<meta name=\"twitter:label2\" content=\"Tiempo de lectura\" \/>\n\t<meta name=\"twitter:data2\" content=\"5 minutos\" \/>\n<script type=\"application\/ld+json\" class=\"yoast-schema-graph\">{\"@context\":\"https:\/\/schema.org\",\"@graph\":[{\"@type\":\"Article\",\"@id\":\"https:\/\/luchonoticias.com\/editor\/los-dias-clave-para-colombia-en-los-juegos-olimpicos\/#article\",\"isPartOf\":{\"@id\":\"https:\/\/luchonoticias.com\/editor\/los-dias-clave-para-colombia-en-los-juegos-olimpicos\/\"},\"author\":{\"name\":\"Editor General\",\"@id\":\"https:\/\/luchonoticias.com\/editor\/#\/schema\/person\/29217990ddf6f14e35912b2866d591fb\"},\"headline\":\"Los d\u00edas clave para Colombia en los Juegos Ol\u00edmpicos\",\"datePublished\":\"2024-07-25T01:10:32+00:00\",\"mainEntityOfPage\":{\"@id\":\"https:\/\/luchonoticias.com\/editor\/los-dias-clave-para-colombia-en-los-juegos-olimpicos\/\"},\"wordCount\":1016,\"publisher\":{\"@id\":\"https:\/\/luchonoticias.com\/editor\/#\/schema\/person\/7a7fd911f58561fd056dbac7b55af9cd\"},\"image\":{\"@id\":\"https:\/\/luchonoticias.com\/editor\/los-dias-clave-para-colombia-en-los-juegos-olimpicos\/#primaryimage\"},\"thumbnailUrl\":\"https:\/\/luchonoticias.com\/editor\/wp-content\/uploads\/2024\/07\/mariana-pajon.jpg\",\"articleSection\":[\"Deportes\"],\"inLanguage\":\"es\"},{\"@type\":\"WebPage\",\"@id\":\"https:\/\/luchonoticias.com\/editor\/los-dias-clave-para-colombia-en-los-juegos-olimpicos\/\",\"url\":\"https:\/\/luchonoticias.com\/editor\/los-dias-clave-para-colombia-en-los-juegos-olimpicos\/\",\"name\":\"Los d\u00edas clave para Colombia en los Juegos Ol\u00edmpicos -\",\"isPartOf\":{\"@id\":\"https:\/\/luchonoticias.com\/editor\/#website\"},\"primaryImageOfPage\":{\"@id\":\"https:\/\/luchonoticias.com\/editor\/los-dias-clave-para-colombia-en-los-juegos-olimpicos\/#primaryimage\"},\"image\":{\"@id\":\"https:\/\/luchonoticias.com\/editor\/los-dias-clave-para-colombia-en-los-juegos-olimpicos\/#primaryimage\"},\"thumbnailUrl\":\"https:\/\/luchonoticias.com\/editor\/wp-content\/uploads\/2024\/07\/mariana-pajon.jpg\",\"datePublished\":\"2024-07-25T01:10:32+00:00\",\"description\":\"La delegaci\u00f3n nacional tendr\u00e1 participaci\u00f3n desde el 25 de julio hasta el 11 de agosto en el certamen.\",\"breadcrumb\":{\"@id\":\"https:\/\/luchonoticias.com\/editor\/los-dias-clave-para-colombia-en-los-juegos-olimpicos\/#breadcrumb\"},\"inLanguage\":\"es\",\"potentialAction\":[{\"@type\":\"ReadAction\",\"target\":[\"https:\/\/luchonoticias.com\/editor\/los-dias-clave-para-colombia-en-los-juegos-olimpicos\/\"]}]},{\"@type\":\"ImageObject\",\"inLanguage\":\"es\",\"@id\":\"https:\/\/luchonoticias.com\/editor\/los-dias-clave-para-colombia-en-los-juegos-olimpicos\/#primaryimage\",\"url\":\"https:\/\/luchonoticias.com\/editor\/wp-content\/uploads\/2024\/07\/mariana-pajon.jpg\",\"contentUrl\":\"https:\/\/luchonoticias.com\/editor\/wp-content\/uploads\/2024\/07\/mariana-pajon.jpg\",\"width\":700,\"height\":400},{\"@type\":\"BreadcrumbList\",\"@id\":\"https:\/\/luchonoticias.com\/editor\/los-dias-clave-para-colombia-en-los-juegos-olimpicos\/#breadcrumb\",\"itemListElement\":[{\"@type\":\"ListItem\",\"position\":1,\"name\":\"Portada\",\"item\":\"https:\/\/luchonoticias.com\/editor\/\"},{\"@type\":\"ListItem\",\"position\":2,\"name\":\"Los d\u00edas clave para Colombia en los Juegos Ol\u00edmpicos\"}]},{\"@type\":\"WebSite\",\"@id\":\"https:\/\/luchonoticias.com\/editor\/#website\",\"url\":\"https:\/\/luchonoticias.com\/editor\/\",\"name\":\"\",\"description\":\"\",\"publisher\":{\"@id\":\"https:\/\/luchonoticias.com\/editor\/#\/schema\/person\/7a7fd911f58561fd056dbac7b55af9cd\"},\"potentialAction\":[{\"@type\":\"SearchAction\",\"target\":{\"@type\":\"EntryPoint\",\"urlTemplate\":\"https:\/\/luchonoticias.com\/editor\/?s={search_term_string}\"},\"query-input\":{\"@type\":\"PropertyValueSpecification\",\"valueRequired\":true,\"valueName\":\"search_term_string\"}}],\"inLanguage\":\"es\"},{\"@type\":[\"Person\",\"Organization\"],\"@id\":\"https:\/\/luchonoticias.com\/editor\/#\/schema\/person\/7a7fd911f58561fd056dbac7b55af9cd\",\"name\":\"admin\",\"image\":{\"@type\":\"ImageObject\",\"inLanguage\":\"es\",\"@id\":\"https:\/\/luchonoticias.com\/editor\/#\/schema\/person\/image\/\",\"url\":\"https:\/\/luchonoticias.com\/editor\/wp-content\/uploads\/2024\/02\/cropped-cropped-logolu.webp\",\"contentUrl\":\"https:\/\/luchonoticias.com\/editor\/wp-content\/uploads\/2024\/02\/cropped-cropped-logolu.webp\",\"width\":382,\"height\":170,\"caption\":\"admin\"},\"logo\":{\"@id\":\"https:\/\/luchonoticias.com\/editor\/#\/schema\/person\/image\/\"},\"sameAs\":[\"https:\/\/www.facebook.com\/luchonoticiasneiva\"]},{\"@type\":\"Person\",\"@id\":\"https:\/\/luchonoticias.com\/editor\/#\/schema\/person\/29217990ddf6f14e35912b2866d591fb\",\"name\":\"Editor General\",\"image\":{\"@type\":\"ImageObject\",\"inLanguage\":\"es\",\"@id\":\"https:\/\/luchonoticias.com\/editor\/#\/schema\/person\/image\/\",\"url\":\"https:\/\/luchonoticias.com\/editor\/wp-content\/uploads\/2024\/02\/cropped-cropped-logolu-150x150.webp\",\"contentUrl\":\"https:\/\/luchonoticias.com\/editor\/wp-content\/uploads\/2024\/02\/cropped-cropped-logolu-150x150.webp\",\"caption\":\"Editor General\"},\"sameAs\":[\"https:\/\/luchonoticias.com\/\"],\"url\":\"https:\/\/luchonoticias.com\/editor\/author\/editor-general\/\"}]}<\/script>\n<!-- \/ Yoast SEO plugin. -->","yoast_head_json":{"title":"Los d\u00edas clave para Colombia en los Juegos Ol\u00edmpicos -","description":"La delegaci\u00f3n nacional tendr\u00e1 participaci\u00f3n desde el 25 de julio hasta el 11 de agosto en el certamen.","robots":{"index":"index","follow":"follow","max-snippet":"max-snippet:-1","max-image-preview":"max-image-preview:large","max-video-preview":"max-video-preview:-1"},"canonical":"https:\/\/luchonoticias.com\/editor\/los-dias-clave-para-colombia-en-los-juegos-olimpicos\/","og_locale":"es_ES","og_type":"article","og_title":"Los d\u00edas clave para Colombia en los Juegos Ol\u00edmpicos -","og_description":"La delegaci\u00f3n nacional tendr\u00e1 participaci\u00f3n desde el 25 de julio hasta el 11 de agosto en el certamen.","og_url":"https:\/\/luchonoticias.com\/editor\/los-dias-clave-para-colombia-en-los-juegos-olimpicos\/","article_publisher":"https:\/\/www.facebook.com\/luchonoticiasneiva","article_published_time":"2024-07-25T01:10:32+00:00","og_image":[{"width":700,"height":400,"url":"https:\/\/luchonoticias.com\/editor\/wp-content\/uploads\/2024\/07\/mariana-pajon.jpg","type":"image\/jpeg"}],"author":"Editor General","twitter_card":"summary_large_image","twitter_misc":{"Escrito por":"Editor General","Tiempo de lectura":"5 minutos"},"schema":{"@context":"https:\/\/schema.org","@graph":[{"@type":"Article","@id":"https:\/\/luchonoticias.com\/editor\/los-dias-clave-para-colombia-en-los-juegos-olimpicos\/#article","isPartOf":{"@id":"https:\/\/luchonoticias.com\/editor\/los-dias-clave-para-colombia-en-los-juegos-olimpicos\/"},"author":{"name":"Editor General","@id":"https:\/\/luchonoticias.com\/editor\/#\/schema\/person\/29217990ddf6f14e35912b2866d591fb"},"headline":"Los d\u00edas clave para Colombia en los Juegos Ol\u00edmpicos","datePublished":"2024-07-25T01:10:32+00:00","mainEntityOfPage":{"@id":"https:\/\/luchonoticias.com\/editor\/los-dias-clave-para-colombia-en-los-juegos-olimpicos\/"},"wordCount":1016,"publisher":{"@id":"https:\/\/luchonoticias.com\/editor\/#\/schema\/person\/7a7fd911f58561fd056dbac7b55af9cd"},"image":{"@id":"https:\/\/luchonoticias.com\/editor\/los-dias-clave-para-colombia-en-los-juegos-olimpicos\/#primaryimage"},"thumbnailUrl":"https:\/\/luchonoticias.com\/editor\/wp-content\/uploads\/2024\/07\/mariana-pajon.jpg","articleSection":["Deportes"],"inLanguage":"es"},{"@type":"WebPage","@id":"https:\/\/luchonoticias.com\/editor\/los-dias-clave-para-colombia-en-los-juegos-olimpicos\/","url":"https:\/\/luchonoticias.com\/editor\/los-dias-clave-para-colombia-en-los-juegos-olimpicos\/","name":"Los d\u00edas clave para Colombia en los Juegos Ol\u00edmpicos -","isPartOf":{"@id":"https:\/\/luchonoticias.com\/editor\/#website"},"primaryImageOfPage":{"@id":"https:\/\/luchonoticias.com\/editor\/los-dias-clave-para-colombia-en-los-juegos-olimpicos\/#primaryimage"},"image":{"@id":"https:\/\/luchonoticias.com\/editor\/los-dias-clave-para-colombia-en-los-juegos-olimpicos\/#primaryimage"},"thumbnailUrl":"https:\/\/luchonoticias.com\/editor\/wp-content\/uploads\/2024\/07\/mariana-pajon.jpg","datePublished":"2024-07-25T01:10:32+00:00","description":"La delegaci\u00f3n nacional tendr\u00e1 participaci\u00f3n desde el 25 de julio hasta el 11 de agosto en el certamen.","breadcrumb":{"@id":"https:\/\/luchonoticias.com\/editor\/los-dias-clave-para-colombia-en-los-juegos-olimpicos\/#breadcrumb"},"inLanguage":"es","potentialAction":[{"@type":"ReadAction","target":["https:\/\/luchonoticias.com\/editor\/los-dias-clave-para-colombia-en-los-juegos-olimpicos\/"]}]},{"@type":"ImageObject","inLanguage":"es","@id":"https:\/\/luchonoticias.com\/editor\/los-dias-clave-para-colombia-en-los-juegos-olimpicos\/#primaryimage","url":"https:\/\/luchonoticias.com\/editor\/wp-content\/uploads\/2024\/07\/mariana-pajon.jpg","contentUrl":"https:\/\/luchonoticias.com\/editor\/wp-content\/uploads\/2024\/07\/mariana-pajon.jpg","width":700,"height":400},{"@type":"BreadcrumbList","@id":"https:\/\/luchonoticias.com\/editor\/los-dias-clave-para-colombia-en-los-juegos-olimpicos\/#breadcrumb","itemListElement":[{"@type":"ListItem","position":1,"name":"Portada","item":"https:\/\/luchonoticias.com\/editor\/"},{"@type":"ListItem","position":2,"name":"Los d\u00edas clave para Colombia en los Juegos Ol\u00edmpicos"}]},{"@type":"WebSite","@id":"https:\/\/luchonoticias.com\/editor\/#website","url":"https:\/\/luchonoticias.com\/editor\/","name":"","description":"","publisher":{"@id":"https:\/\/luchonoticias.com\/editor\/#\/schema\/person\/7a7fd911f58561fd056dbac7b55af9cd"},"potentialAction":[{"@type":"SearchAction","target":{"@type":"EntryPoint","urlTemplate":"https:\/\/luchonoticias.com\/editor\/?s={search_term_string}"},"query-input":{"@type":"PropertyValueSpecification","valueRequired":true,"valueName":"search_term_string"}}],"inLanguage":"es"},{"@type":["Person","Organization"],"@id":"https:\/\/luchonoticias.com\/editor\/#\/schema\/person\/7a7fd911f58561fd056dbac7b55af9cd","name":"admin","image":{"@type":"ImageObject","inLanguage":"es","@id":"https:\/\/luchonoticias.com\/editor\/#\/schema\/person\/image\/","url":"https:\/\/luchonoticias.com\/editor\/wp-content\/uploads\/2024\/02\/cropped-cropped-logolu.webp","contentUrl":"https:\/\/luchonoticias.com\/editor\/wp-content\/uploads\/2024\/02\/cropped-cropped-logolu.webp","width":382,"height":170,"caption":"admin"},"logo":{"@id":"https:\/\/luchonoticias.com\/editor\/#\/schema\/person\/image\/"},"sameAs":["https:\/\/www.facebook.com\/luchonoticiasneiva"]},{"@type":"Person","@id":"https:\/\/luchonoticias.com\/editor\/#\/schema\/person\/29217990ddf6f14e35912b2866d591fb","name":"Editor General","image":{"@type":"ImageObject","inLanguage":"es","@id":"https:\/\/luchonoticias.com\/editor\/#\/schema\/person\/image\/","url":"https:\/\/luchonoticias.com\/editor\/wp-content\/uploads\/2024\/02\/cropped-cropped-logolu-150x150.webp","contentUrl":"https:\/\/luchonoticias.com\/editor\/wp-content\/uploads\/2024\/02\/cropped-cropped-logolu-150x150.webp","caption":"Editor General"},"sameAs":["https:\/\/luchonoticias.com\/"],"url":"https:\/\/luchonoticias.com\/editor\/author\/editor-general\/"}]}},"_links":{"self":[{"href":"https:\/\/luchonoticias.com\/editor\/wp-json\/wp\/v2\/posts\/75296","targetHints":{"allow":["GET"]}}],"collection":[{"href":"https:\/\/luchonoticias.com\/editor\/wp-json\/wp\/v2\/posts"}],"about":[{"href":"https:\/\/luchonoticias.com\/editor\/wp-json\/wp\/v2\/types\/post"}],"author":[{"embeddable":true,"href":"https:\/\/luchonoticias.com\/editor\/wp-json\/wp\/v2\/users\/2"}],"replies":[{"embeddable":true,"href":"https:\/\/luchonoticias.com\/editor\/wp-json\/wp\/v2\/comments?post=75296"}],"version-history":[{"count":1,"href":"https:\/\/luchonoticias.com\/editor\/wp-json\/wp\/v2\/posts\/75296\/revisions"}],"predecessor-version":[{"id":75298,"href":"https:\/\/luchonoticias.com\/editor\/wp-json\/wp\/v2\/posts\/75296\/revisions\/75298"}],"wp:featuredmedia":[{"embeddable":true,"href":"https:\/\/luchonoticias.com\/editor\/wp-json\/wp\/v2\/media\/75297"}],"wp:attachment":[{"href":"https:\/\/luchonoticias.com\/editor\/wp-json\/wp\/v2\/media?parent=75296"}],"wp:term":[{"taxonomy":"category","embeddable":true,"href":"https:\/\/luchonoticias.com\/editor\/wp-json\/wp\/v2\/categories?post=75296"},{"taxonomy":"post_tag","embeddable":true,"href":"https:\/\/luchonoticias.com\/editor\/wp-json\/wp\/v2\/tags?post=75296"}],"curies":[{"name":"wp","href":"https:\/\/api.w.org\/{rel}","templated":true}]}}