{"id":75299,"date":"2024-07-25T07:11:55","date_gmt":"2024-07-25T12:11:55","guid":{"rendered":"https:\/\/luchonoticias.com\/?p=75299"},"modified":"2024-07-25T07:12:16","modified_gmt":"2024-07-25T12:12:16","slug":"discutida-realidad-de-la-ptar-en-el-concejo-de-neiva","status":"publish","type":"post","link":"https:\/\/luchonoticias.com\/editor\/discutida-realidad-de-la-ptar-en-el-concejo-de-neiva\/","title":{"rendered":"Discutida realidad de la PTAR en el Concejo de Neiva"},"content":{"rendered":"<p>\u201cNo podemos decirles mentiras a los ciudadanos, ni a ustedes concejales\u201d. Con esta expresi\u00f3n tan contundente se fij\u00f3 la presentaci\u00f3n del informe completo realizado y entregado por el gerente de Las Ceibas Empresas P\u00fablicas de Neiva, Andr\u00e9s Eduardo Charry Guilombo ante el Concejo de Neiva sobre la realidad y situaci\u00f3n actual del proyecto de la PTAR en la ciudad.<\/p>\n<p>De acuerdo a un trabajo minucioso de investigaci\u00f3n y recopilaci\u00f3n de datos que el gerente hizo con el apoyo de la oficina de planeaci\u00f3n, jur\u00eddica y otras \u00e1reas de importancia en el tema, desde el fallo que dict\u00f3 el Tribunal Administrativo del Huila en el a\u00f1o 2005 y bas\u00e1ndose en todos los documentos pertinentes, auditor\u00edas, consultor\u00edas, compra de predios y\/o gesti\u00f3n fiscal, se logr\u00f3 determinar que el proyecto PTAR debe arrancar desde cero, con nuevas y firmes bases.<\/p>\n<p>\u201cLogramos corroborar que, en el Viceministerio de Vivienda, Ciudad y Territorio, el proceso de la PTAR que cursaba all\u00ed, se encuentra archivado, porque no estaba en armon\u00eda con las resoluciones del viceministerio. Igual pasa en la ANLA, basado en las resoluciones 661 de 2019 y la 799 de 2021. Esto no permite que pueda seguir el proceso de licenciamiento y viabilidad t\u00e9cnica\u2026hay que volver a reformular los procedimientos en armon\u00eda con estas disposiciones legales\u201d manifest\u00f3, Andr\u00e9s Eduardo Charry, gerente de Las Ceibas EPN.<\/p>\n<p>Asegur\u00f3 el funcionario, que hay disposici\u00f3n de la alcald\u00eda, abanderada por el ingeniero Germ\u00e1n Casagua B. y la actual gerencia para brindarle la PTAR a la ciudad, pero se debe hacer lo correcto. Actuar con responsabilidad en las decisiones que se toman frente a los recursos que se invierten.<\/p>\n<p>\u201cHay que hacer las cosas bien, y que sean coherentes, agotar cada uno de los pasos que tanto Viceministerio como la Autoridad Ambiental (ANLA) nos ha dispuesto. Son 19 a\u00f1os de estudios que no llevaron a ning\u00fan fin y que permitieron ver e identificar, cu\u00e1les son las cosas que no se deben hacer para cometer errores y perjudicar al pueblo\u201d dijo.<\/p>\n<p><strong>\u00bfQu\u00e9 pas\u00f3 con los estudios hechos en a\u00f1os anteriores?<\/strong><\/p>\n<p>Andr\u00e9s Ed. Charry, reiter\u00f3 que fueron m\u00e1s de 3900 millones de pesos gastados en estudios de prefactibilidad que no llegaron a viabilizar el proyecto; m\u00e1s de 6.100 en compra de predios que est\u00e1n por verificarse si son aptos y cumplen con lo dispuesto para la construcci\u00f3n de la PTAR, ya que algunas administraciones han permitido que se construyan urbanizaciones muy cerca de donde estar\u00eda dispuesta la ubicaci\u00f3n de La Planta de Tratamiento de Aguas Residuales, y esto por norma ambiental genera problemas. Por tal motivo es indispensable tener una nueva consultor\u00eda que determine la viabilidad.<\/p>\n<p>\u201cNosotros como equipo responsable, desde la gerencia hemos llegado a la conclusi\u00f3n que para eso es la consultor\u00eda, para saber si verdaderamente se puede destinar este lote para la materializaci\u00f3n del proyecto de la PTAR. Se debe analizar toda la historia del proyecto para tratar de no cometer los mismos errores y que esto en un futuro sea para problemas legales y da\u00f1os a la sociedad\u201d expres\u00f3 el gerente.<\/p>\n<p><strong>\u00bfQu\u00e9 se ha logrado hacer en esta gerencia?<\/strong><\/p>\n<p>De acuerdo al gerente, Andr\u00e9s Eduardo Charry, en lo que va del 2024, el equipo gerencial, jur\u00eddico, administrativo y financiero de Las Ceibas Empresas P\u00fablicas logr\u00f3 obtener avances significativos:<\/p>\n<p>&#8211;\u00a0\u00a0\u00a0\u00a0\u00a0\u00a0 Resolver el l\u00edo jur\u00eddico que exist\u00eda sobre el contrato de consultor\u00eda 009 del 2017 con la empresa Hidrosan, ya que dicho contrato no se encontraba liquidado, generando, adem\u00e1s de vac\u00edos financieros una incertidumbre en la contrataci\u00f3n con otra consultor\u00eda de estudio.<\/p>\n<p>&#8211;\u00a0\u00a0\u00a0\u00a0\u00a0\u00a0 Se logr\u00f3 apoyo por parte de las autoridades Holandesas del Agua, desde el programa Blue Deal INSPIRAGUA, quienes para el mes de agosto entregar\u00e1n un an\u00e1lisis completo para conocer cu\u00e1l ser\u00eda la tecnolog\u00eda adecuada a utilizar en el proyecto, teniendo en cuenta la calidad del agua, la poblaci\u00f3n de la ciudad, costos de tratamiento y las condiciones ambientales propias del lugar.<\/p>\n<p>&#8211;\u00a0\u00a0\u00a0\u00a0\u00a0\u00a0 Se cuenta con disponibilidad presupuestal para la contrataci\u00f3n de la actualizaci\u00f3n de los estudios y dise\u00f1os de la PTAR<\/p>\n<p>&#8211;\u00a0\u00a0\u00a0\u00a0\u00a0\u00a0 Finalmente, en el marco del Congreso de ANDESCO se adelantaron acercamientos con firmas consultoras Nacionales e Internacionales, con el fin de obtener propuestas reales y viabilizadas de proyectos para ciudades pares en el VMCT y en la ANLA.<\/p>\n<p>\u201cLas decisiones de la gerencia, es realizar el proyecto modelado o por fase para alcanzar a hacer cierres financieros mucho m\u00e1s r\u00e1pido y que sea viable el proyecto. La invitaci\u00f3n es al concejo para crear una comisi\u00f3n accidental, liderado por concejales que hagan acompa\u00f1amiento y ayuden en la toma de decisiones, ya que este proyecto es de gran incidencia social en nuestro municipio\u201d<\/p>\n<p>El funcionario afirm\u00f3 tambi\u00e9n, que en el momento de avanzar con el proyecto se tiene claro que ser\u00e1 por fases; la primera fase o discusi\u00f3n ser\u00eda sobre el lugar de ubicaci\u00f3n y la tecnolog\u00eda que se va a utilizar en el proyecto PTAR, porque inciden diferentes actores pol\u00edticos y ambientales que determinen que en ese lugar se debe o no hacer la construcci\u00f3n, ya sea en la cuota m\u00e1s baja del r\u00edo o m\u00e1s hacia el norte.<\/p>\n<p>\u201cQueremos determinar cu\u00e1l es la realidad y orientaci\u00f3n del proyecto, pero esto solo lo puede dar un estudio t\u00e9cnico id\u00f3neo para hacer las cosas de la mejor manera\u201d asegur\u00f3.<\/p>\n","protected":false},"excerpt":{"rendered":"<p>Hay completa disposici\u00f3n e inter\u00e9s de la alcald\u00eda, abanderada por el ingeniero Germ\u00e1n Casagua B. y la actual gerencia, en darle la PTAR a la ciudad, pero se debe hacer lo correcto y no mentirle a los neivanos. Actuar con responsabilidad en las decisiones que se toman frente a los recursos que se invierten.<\/p>\n","protected":false},"author":2,"featured_media":75300,"comment_status":"closed","ping_status":"open","sticky":false,"template":"","format":"standard","meta":{"footnotes":""},"categories":[31],"tags":[],"class_list":["post-75299","post","type-post","status-publish","format-standard","has-post-thumbnail","hentry","category-local"],"yoast_head":"<!-- This site is optimized with the Yoast SEO plugin v26.6 - https:\/\/yoast.com\/wordpress\/plugins\/seo\/ -->\n<title>Discutida realidad de la PTAR en el Concejo de Neiva -<\/title>\n<meta name=\"description\" content=\"Hay completa disposici\u00f3n e inter\u00e9s de la alcald\u00eda, abanderada por el ingeniero Germ\u00e1n Casagua B. y la actual gerencia, en darle la PTAR a la ciudad, pero se debe hacer lo correcto y no mentirle a los neivanos. Actuar con responsabilidad en las decisiones que se toman frente a los recursos que se invierten.\" \/>\n<meta name=\"robots\" content=\"index, follow, max-snippet:-1, max-image-preview:large, max-video-preview:-1\" \/>\n<link rel=\"canonical\" href=\"https:\/\/luchonoticias.com\/editor\/discutida-realidad-de-la-ptar-en-el-concejo-de-neiva\/\" \/>\n<meta property=\"og:locale\" content=\"es_ES\" \/>\n<meta property=\"og:type\" content=\"article\" \/>\n<meta property=\"og:title\" content=\"Discutida realidad de la PTAR en el Concejo de Neiva -\" \/>\n<meta property=\"og:description\" content=\"Hay completa disposici\u00f3n e inter\u00e9s de la alcald\u00eda, abanderada por el ingeniero Germ\u00e1n Casagua B. y la actual gerencia, en darle la PTAR a la ciudad, pero se debe hacer lo correcto y no mentirle a los neivanos. Actuar con responsabilidad en las decisiones que se toman frente a los recursos que se invierten.\" \/>\n<meta property=\"og:url\" content=\"https:\/\/luchonoticias.com\/editor\/discutida-realidad-de-la-ptar-en-el-concejo-de-neiva\/\" \/>\n<meta property=\"article:publisher\" content=\"https:\/\/www.facebook.com\/luchonoticiasneiva\" \/>\n<meta property=\"article:published_time\" content=\"2024-07-25T12:11:55+00:00\" \/>\n<meta property=\"article:modified_time\" content=\"2024-07-25T12:12:16+00:00\" \/>\n<meta property=\"og:image\" content=\"https:\/\/luchonoticias.com\/editor\/wp-content\/uploads\/2024\/07\/concejo-de-neiva.jpg\" \/>\n\t<meta property=\"og:image:width\" content=\"700\" \/>\n\t<meta property=\"og:image:height\" content=\"400\" \/>\n\t<meta property=\"og:image:type\" content=\"image\/jpeg\" \/>\n<meta name=\"author\" content=\"Editor General\" \/>\n<meta name=\"twitter:card\" content=\"summary_large_image\" \/>\n<meta name=\"twitter:label1\" content=\"Escrito por\" \/>\n\t<meta name=\"twitter:data1\" content=\"Editor General\" \/>\n\t<meta name=\"twitter:label2\" content=\"Tiempo de lectura\" \/>\n\t<meta name=\"twitter:data2\" content=\"5 minutos\" \/>\n<script type=\"application\/ld+json\" class=\"yoast-schema-graph\">{\"@context\":\"https:\/\/schema.org\",\"@graph\":[{\"@type\":\"Article\",\"@id\":\"https:\/\/luchonoticias.com\/editor\/discutida-realidad-de-la-ptar-en-el-concejo-de-neiva\/#article\",\"isPartOf\":{\"@id\":\"https:\/\/luchonoticias.com\/editor\/discutida-realidad-de-la-ptar-en-el-concejo-de-neiva\/\"},\"author\":{\"name\":\"Editor General\",\"@id\":\"https:\/\/luchonoticias.com\/editor\/#\/schema\/person\/29217990ddf6f14e35912b2866d591fb\"},\"headline\":\"Discutida realidad de la PTAR en el Concejo de Neiva\",\"datePublished\":\"2024-07-25T12:11:55+00:00\",\"dateModified\":\"2024-07-25T12:12:16+00:00\",\"mainEntityOfPage\":{\"@id\":\"https:\/\/luchonoticias.com\/editor\/discutida-realidad-de-la-ptar-en-el-concejo-de-neiva\/\"},\"wordCount\":949,\"publisher\":{\"@id\":\"https:\/\/luchonoticias.com\/editor\/#\/schema\/person\/7a7fd911f58561fd056dbac7b55af9cd\"},\"image\":{\"@id\":\"https:\/\/luchonoticias.com\/editor\/discutida-realidad-de-la-ptar-en-el-concejo-de-neiva\/#primaryimage\"},\"thumbnailUrl\":\"https:\/\/luchonoticias.com\/editor\/wp-content\/uploads\/2024\/07\/concejo-de-neiva.jpg\",\"articleSection\":[\"Local\"],\"inLanguage\":\"es\"},{\"@type\":\"WebPage\",\"@id\":\"https:\/\/luchonoticias.com\/editor\/discutida-realidad-de-la-ptar-en-el-concejo-de-neiva\/\",\"url\":\"https:\/\/luchonoticias.com\/editor\/discutida-realidad-de-la-ptar-en-el-concejo-de-neiva\/\",\"name\":\"Discutida realidad de la PTAR en el Concejo de Neiva -\",\"isPartOf\":{\"@id\":\"https:\/\/luchonoticias.com\/editor\/#website\"},\"primaryImageOfPage\":{\"@id\":\"https:\/\/luchonoticias.com\/editor\/discutida-realidad-de-la-ptar-en-el-concejo-de-neiva\/#primaryimage\"},\"image\":{\"@id\":\"https:\/\/luchonoticias.com\/editor\/discutida-realidad-de-la-ptar-en-el-concejo-de-neiva\/#primaryimage\"},\"thumbnailUrl\":\"https:\/\/luchonoticias.com\/editor\/wp-content\/uploads\/2024\/07\/concejo-de-neiva.jpg\",\"datePublished\":\"2024-07-25T12:11:55+00:00\",\"dateModified\":\"2024-07-25T12:12:16+00:00\",\"description\":\"Hay completa disposici\u00f3n e inter\u00e9s de la alcald\u00eda, abanderada por el ingeniero Germ\u00e1n Casagua B. y la actual gerencia, en darle la PTAR a la ciudad, pero se debe hacer lo correcto y no mentirle a los neivanos. Actuar con responsabilidad en las decisiones que se toman frente a los recursos que se invierten.\",\"breadcrumb\":{\"@id\":\"https:\/\/luchonoticias.com\/editor\/discutida-realidad-de-la-ptar-en-el-concejo-de-neiva\/#breadcrumb\"},\"inLanguage\":\"es\",\"potentialAction\":[{\"@type\":\"ReadAction\",\"target\":[\"https:\/\/luchonoticias.com\/editor\/discutida-realidad-de-la-ptar-en-el-concejo-de-neiva\/\"]}]},{\"@type\":\"ImageObject\",\"inLanguage\":\"es\",\"@id\":\"https:\/\/luchonoticias.com\/editor\/discutida-realidad-de-la-ptar-en-el-concejo-de-neiva\/#primaryimage\",\"url\":\"https:\/\/luchonoticias.com\/editor\/wp-content\/uploads\/2024\/07\/concejo-de-neiva.jpg\",\"contentUrl\":\"https:\/\/luchonoticias.com\/editor\/wp-content\/uploads\/2024\/07\/concejo-de-neiva.jpg\",\"width\":700,\"height\":400},{\"@type\":\"BreadcrumbList\",\"@id\":\"https:\/\/luchonoticias.com\/editor\/discutida-realidad-de-la-ptar-en-el-concejo-de-neiva\/#breadcrumb\",\"itemListElement\":[{\"@type\":\"ListItem\",\"position\":1,\"name\":\"Portada\",\"item\":\"https:\/\/luchonoticias.com\/editor\/\"},{\"@type\":\"ListItem\",\"position\":2,\"name\":\"Discutida realidad de la PTAR en el Concejo de Neiva\"}]},{\"@type\":\"WebSite\",\"@id\":\"https:\/\/luchonoticias.com\/editor\/#website\",\"url\":\"https:\/\/luchonoticias.com\/editor\/\",\"name\":\"\",\"description\":\"\",\"publisher\":{\"@id\":\"https:\/\/luchonoticias.com\/editor\/#\/schema\/person\/7a7fd911f58561fd056dbac7b55af9cd\"},\"potentialAction\":[{\"@type\":\"SearchAction\",\"target\":{\"@type\":\"EntryPoint\",\"urlTemplate\":\"https:\/\/luchonoticias.com\/editor\/?s={search_term_string}\"},\"query-input\":{\"@type\":\"PropertyValueSpecification\",\"valueRequired\":true,\"valueName\":\"search_term_string\"}}],\"inLanguage\":\"es\"},{\"@type\":[\"Person\",\"Organization\"],\"@id\":\"https:\/\/luchonoticias.com\/editor\/#\/schema\/person\/7a7fd911f58561fd056dbac7b55af9cd\",\"name\":\"admin\",\"image\":{\"@type\":\"ImageObject\",\"inLanguage\":\"es\",\"@id\":\"https:\/\/luchonoticias.com\/editor\/#\/schema\/person\/image\/\",\"url\":\"https:\/\/luchonoticias.com\/editor\/wp-content\/uploads\/2024\/02\/cropped-cropped-logolu.webp\",\"contentUrl\":\"https:\/\/luchonoticias.com\/editor\/wp-content\/uploads\/2024\/02\/cropped-cropped-logolu.webp\",\"width\":382,\"height\":170,\"caption\":\"admin\"},\"logo\":{\"@id\":\"https:\/\/luchonoticias.com\/editor\/#\/schema\/person\/image\/\"},\"sameAs\":[\"https:\/\/www.facebook.com\/luchonoticiasneiva\"]},{\"@type\":\"Person\",\"@id\":\"https:\/\/luchonoticias.com\/editor\/#\/schema\/person\/29217990ddf6f14e35912b2866d591fb\",\"name\":\"Editor General\",\"image\":{\"@type\":\"ImageObject\",\"inLanguage\":\"es\",\"@id\":\"https:\/\/luchonoticias.com\/editor\/#\/schema\/person\/image\/\",\"url\":\"https:\/\/luchonoticias.com\/editor\/wp-content\/uploads\/2024\/02\/cropped-cropped-logolu-150x150.webp\",\"contentUrl\":\"https:\/\/luchonoticias.com\/editor\/wp-content\/uploads\/2024\/02\/cropped-cropped-logolu-150x150.webp\",\"caption\":\"Editor General\"},\"sameAs\":[\"https:\/\/luchonoticias.com\/\"],\"url\":\"https:\/\/luchonoticias.com\/editor\/author\/editor-general\/\"}]}<\/script>\n<!-- \/ Yoast SEO plugin. -->","yoast_head_json":{"title":"Discutida realidad de la PTAR en el Concejo de Neiva -","description":"Hay completa disposici\u00f3n e inter\u00e9s de la alcald\u00eda, abanderada por el ingeniero Germ\u00e1n Casagua B. y la actual gerencia, en darle la PTAR a la ciudad, pero se debe hacer lo correcto y no mentirle a los neivanos. Actuar con responsabilidad en las decisiones que se toman frente a los recursos que se invierten.","robots":{"index":"index","follow":"follow","max-snippet":"max-snippet:-1","max-image-preview":"max-image-preview:large","max-video-preview":"max-video-preview:-1"},"canonical":"https:\/\/luchonoticias.com\/editor\/discutida-realidad-de-la-ptar-en-el-concejo-de-neiva\/","og_locale":"es_ES","og_type":"article","og_title":"Discutida realidad de la PTAR en el Concejo de Neiva -","og_description":"Hay completa disposici\u00f3n e inter\u00e9s de la alcald\u00eda, abanderada por el ingeniero Germ\u00e1n Casagua B. y la actual gerencia, en darle la PTAR a la ciudad, pero se debe hacer lo correcto y no mentirle a los neivanos. Actuar con responsabilidad en las decisiones que se toman frente a los recursos que se invierten.","og_url":"https:\/\/luchonoticias.com\/editor\/discutida-realidad-de-la-ptar-en-el-concejo-de-neiva\/","article_publisher":"https:\/\/www.facebook.com\/luchonoticiasneiva","article_published_time":"2024-07-25T12:11:55+00:00","article_modified_time":"2024-07-25T12:12:16+00:00","og_image":[{"width":700,"height":400,"url":"https:\/\/luchonoticias.com\/editor\/wp-content\/uploads\/2024\/07\/concejo-de-neiva.jpg","type":"image\/jpeg"}],"author":"Editor General","twitter_card":"summary_large_image","twitter_misc":{"Escrito por":"Editor General","Tiempo de lectura":"5 minutos"},"schema":{"@context":"https:\/\/schema.org","@graph":[{"@type":"Article","@id":"https:\/\/luchonoticias.com\/editor\/discutida-realidad-de-la-ptar-en-el-concejo-de-neiva\/#article","isPartOf":{"@id":"https:\/\/luchonoticias.com\/editor\/discutida-realidad-de-la-ptar-en-el-concejo-de-neiva\/"},"author":{"name":"Editor General","@id":"https:\/\/luchonoticias.com\/editor\/#\/schema\/person\/29217990ddf6f14e35912b2866d591fb"},"headline":"Discutida realidad de la PTAR en el Concejo de Neiva","datePublished":"2024-07-25T12:11:55+00:00","dateModified":"2024-07-25T12:12:16+00:00","mainEntityOfPage":{"@id":"https:\/\/luchonoticias.com\/editor\/discutida-realidad-de-la-ptar-en-el-concejo-de-neiva\/"},"wordCount":949,"publisher":{"@id":"https:\/\/luchonoticias.com\/editor\/#\/schema\/person\/7a7fd911f58561fd056dbac7b55af9cd"},"image":{"@id":"https:\/\/luchonoticias.com\/editor\/discutida-realidad-de-la-ptar-en-el-concejo-de-neiva\/#primaryimage"},"thumbnailUrl":"https:\/\/luchonoticias.com\/editor\/wp-content\/uploads\/2024\/07\/concejo-de-neiva.jpg","articleSection":["Local"],"inLanguage":"es"},{"@type":"WebPage","@id":"https:\/\/luchonoticias.com\/editor\/discutida-realidad-de-la-ptar-en-el-concejo-de-neiva\/","url":"https:\/\/luchonoticias.com\/editor\/discutida-realidad-de-la-ptar-en-el-concejo-de-neiva\/","name":"Discutida realidad de la PTAR en el Concejo de Neiva -","isPartOf":{"@id":"https:\/\/luchonoticias.com\/editor\/#website"},"primaryImageOfPage":{"@id":"https:\/\/luchonoticias.com\/editor\/discutida-realidad-de-la-ptar-en-el-concejo-de-neiva\/#primaryimage"},"image":{"@id":"https:\/\/luchonoticias.com\/editor\/discutida-realidad-de-la-ptar-en-el-concejo-de-neiva\/#primaryimage"},"thumbnailUrl":"https:\/\/luchonoticias.com\/editor\/wp-content\/uploads\/2024\/07\/concejo-de-neiva.jpg","datePublished":"2024-07-25T12:11:55+00:00","dateModified":"2024-07-25T12:12:16+00:00","description":"Hay completa disposici\u00f3n e inter\u00e9s de la alcald\u00eda, abanderada por el ingeniero Germ\u00e1n Casagua B. y la actual gerencia, en darle la PTAR a la ciudad, pero se debe hacer lo correcto y no mentirle a los neivanos. Actuar con responsabilidad en las decisiones que se toman frente a los recursos que se invierten.","breadcrumb":{"@id":"https:\/\/luchonoticias.com\/editor\/discutida-realidad-de-la-ptar-en-el-concejo-de-neiva\/#breadcrumb"},"inLanguage":"es","potentialAction":[{"@type":"ReadAction","target":["https:\/\/luchonoticias.com\/editor\/discutida-realidad-de-la-ptar-en-el-concejo-de-neiva\/"]}]},{"@type":"ImageObject","inLanguage":"es","@id":"https:\/\/luchonoticias.com\/editor\/discutida-realidad-de-la-ptar-en-el-concejo-de-neiva\/#primaryimage","url":"https:\/\/luchonoticias.com\/editor\/wp-content\/uploads\/2024\/07\/concejo-de-neiva.jpg","contentUrl":"https:\/\/luchonoticias.com\/editor\/wp-content\/uploads\/2024\/07\/concejo-de-neiva.jpg","width":700,"height":400},{"@type":"BreadcrumbList","@id":"https:\/\/luchonoticias.com\/editor\/discutida-realidad-de-la-ptar-en-el-concejo-de-neiva\/#breadcrumb","itemListElement":[{"@type":"ListItem","position":1,"name":"Portada","item":"https:\/\/luchonoticias.com\/editor\/"},{"@type":"ListItem","position":2,"name":"Discutida realidad de la PTAR en el Concejo de Neiva"}]},{"@type":"WebSite","@id":"https:\/\/luchonoticias.com\/editor\/#website","url":"https:\/\/luchonoticias.com\/editor\/","name":"","description":"","publisher":{"@id":"https:\/\/luchonoticias.com\/editor\/#\/schema\/person\/7a7fd911f58561fd056dbac7b55af9cd"},"potentialAction":[{"@type":"SearchAction","target":{"@type":"EntryPoint","urlTemplate":"https:\/\/luchonoticias.com\/editor\/?s={search_term_string}"},"query-input":{"@type":"PropertyValueSpecification","valueRequired":true,"valueName":"search_term_string"}}],"inLanguage":"es"},{"@type":["Person","Organization"],"@id":"https:\/\/luchonoticias.com\/editor\/#\/schema\/person\/7a7fd911f58561fd056dbac7b55af9cd","name":"admin","image":{"@type":"ImageObject","inLanguage":"es","@id":"https:\/\/luchonoticias.com\/editor\/#\/schema\/person\/image\/","url":"https:\/\/luchonoticias.com\/editor\/wp-content\/uploads\/2024\/02\/cropped-cropped-logolu.webp","contentUrl":"https:\/\/luchonoticias.com\/editor\/wp-content\/uploads\/2024\/02\/cropped-cropped-logolu.webp","width":382,"height":170,"caption":"admin"},"logo":{"@id":"https:\/\/luchonoticias.com\/editor\/#\/schema\/person\/image\/"},"sameAs":["https:\/\/www.facebook.com\/luchonoticiasneiva"]},{"@type":"Person","@id":"https:\/\/luchonoticias.com\/editor\/#\/schema\/person\/29217990ddf6f14e35912b2866d591fb","name":"Editor General","image":{"@type":"ImageObject","inLanguage":"es","@id":"https:\/\/luchonoticias.com\/editor\/#\/schema\/person\/image\/","url":"https:\/\/luchonoticias.com\/editor\/wp-content\/uploads\/2024\/02\/cropped-cropped-logolu-150x150.webp","contentUrl":"https:\/\/luchonoticias.com\/editor\/wp-content\/uploads\/2024\/02\/cropped-cropped-logolu-150x150.webp","caption":"Editor General"},"sameAs":["https:\/\/luchonoticias.com\/"],"url":"https:\/\/luchonoticias.com\/editor\/author\/editor-general\/"}]}},"_links":{"self":[{"href":"https:\/\/luchonoticias.com\/editor\/wp-json\/wp\/v2\/posts\/75299","targetHints":{"allow":["GET"]}}],"collection":[{"href":"https:\/\/luchonoticias.com\/editor\/wp-json\/wp\/v2\/posts"}],"about":[{"href":"https:\/\/luchonoticias.com\/editor\/wp-json\/wp\/v2\/types\/post"}],"author":[{"embeddable":true,"href":"https:\/\/luchonoticias.com\/editor\/wp-json\/wp\/v2\/users\/2"}],"replies":[{"embeddable":true,"href":"https:\/\/luchonoticias.com\/editor\/wp-json\/wp\/v2\/comments?post=75299"}],"version-history":[{"count":1,"href":"https:\/\/luchonoticias.com\/editor\/wp-json\/wp\/v2\/posts\/75299\/revisions"}],"predecessor-version":[{"id":75301,"href":"https:\/\/luchonoticias.com\/editor\/wp-json\/wp\/v2\/posts\/75299\/revisions\/75301"}],"wp:featuredmedia":[{"embeddable":true,"href":"https:\/\/luchonoticias.com\/editor\/wp-json\/wp\/v2\/media\/75300"}],"wp:attachment":[{"href":"https:\/\/luchonoticias.com\/editor\/wp-json\/wp\/v2\/media?parent=75299"}],"wp:term":[{"taxonomy":"category","embeddable":true,"href":"https:\/\/luchonoticias.com\/editor\/wp-json\/wp\/v2\/categories?post=75299"},{"taxonomy":"post_tag","embeddable":true,"href":"https:\/\/luchonoticias.com\/editor\/wp-json\/wp\/v2\/tags?post=75299"}],"curies":[{"name":"wp","href":"https:\/\/api.w.org\/{rel}","templated":true}]}}