{"id":75302,"date":"2024-07-25T07:16:26","date_gmt":"2024-07-25T12:16:26","guid":{"rendered":"https:\/\/luchonoticias.com\/?p=75302"},"modified":"2024-07-25T07:16:26","modified_gmt":"2024-07-25T12:16:26","slug":"templo-catolico-de-yaguara-llega-a-60-anos-de-construccion","status":"publish","type":"post","link":"https:\/\/luchonoticias.com\/editor\/templo-catolico-de-yaguara-llega-a-60-anos-de-construccion\/","title":{"rendered":"Templo cat\u00f3lico de Yaguar\u00e1 llega a 60 a\u00f1os de construcci\u00f3n"},"content":{"rendered":"<p>La comunidad de Yaguar\u00e1 amaneci\u00f3 celebrando con j\u00fabilo el 60 aniversario del Templo Santa Ana, una de las joyas arquitect\u00f3nicas m\u00e1s emblem\u00e1ticas del Huila. Este templo, s\u00edmbolo de fe y uni\u00f3n comunitaria, ha sido testigo de la historia y devoci\u00f3n de sus habitantes.<\/p>\n<p>La construcci\u00f3n del Templo de Santa Ana fue un esfuerzo colectivo, lleno de sacrificio y solidaridad. La comunidad entera particip\u00f3 en diversas actividades para recaudar fondos y materializar este sue\u00f1o.<\/p>\n<p>El p\u00e1rroco actual, Padre Yeison Jair Ram\u00edrez Caycedo, invita a todos los fieles a participar en las m\u00faltiples actividades organizadas para esta importante celebraci\u00f3n, que culminar\u00e1 con una solemne eucarist\u00eda el pr\u00f3ximo 28 de julio a las 11 de la ma\u00f1ana, presidida por monse\u00f1or Marco Antonio Merchan Ladino.<\/p>\n<p>El Padre Ram\u00edrez Caycedo enfatiza la importancia del templo como atractivo tur\u00edstico religioso que todos deben visitar, record\u00e1ndonos que este aniversario es no solo un evento religioso, sino una celebraci\u00f3n del esp\u00edritu comunitario y de la resiliencia que ha definido a Yaguar\u00e1.<\/p>\n<p>Por: Osmar Tovar.<\/p>\n","protected":false},"excerpt":{"rendered":"<p>La comunidad de Yaguar\u00e1 amaneci\u00f3 celebrando con j\u00fabilo el 60 aniversario del Templo Santa Ana, una de las joyas arquitect\u00f3nicas m\u00e1s emblem\u00e1ticas del Huila.<\/p>\n","protected":false},"author":2,"featured_media":75303,"comment_status":"closed","ping_status":"open","sticky":false,"template":"","format":"standard","meta":{"footnotes":""},"categories":[33],"tags":[],"class_list":["post-75302","post","type-post","status-publish","format-standard","has-post-thumbnail","hentry","category-huila"],"yoast_head":"<!-- This site is optimized with the Yoast SEO plugin v26.6 - https:\/\/yoast.com\/wordpress\/plugins\/seo\/ -->\n<title>Templo cat\u00f3lico de Yaguar\u00e1 llega a 60 a\u00f1os de construcci\u00f3n -<\/title>\n<meta name=\"description\" content=\"La comunidad de Yaguar\u00e1 amaneci\u00f3 celebrando con j\u00fabilo el 60 aniversario del Templo Santa Ana, una de las joyas arquitect\u00f3nicas m\u00e1s emblem\u00e1ticas del Huila.\" \/>\n<meta name=\"robots\" content=\"index, follow, max-snippet:-1, max-image-preview:large, max-video-preview:-1\" \/>\n<link rel=\"canonical\" href=\"https:\/\/luchonoticias.com\/editor\/templo-catolico-de-yaguara-llega-a-60-anos-de-construccion\/\" \/>\n<meta property=\"og:locale\" content=\"es_ES\" \/>\n<meta property=\"og:type\" content=\"article\" \/>\n<meta property=\"og:title\" content=\"Templo cat\u00f3lico de Yaguar\u00e1 llega a 60 a\u00f1os de construcci\u00f3n -\" \/>\n<meta property=\"og:description\" content=\"La comunidad de Yaguar\u00e1 amaneci\u00f3 celebrando con j\u00fabilo el 60 aniversario del Templo Santa Ana, una de las joyas arquitect\u00f3nicas m\u00e1s emblem\u00e1ticas del Huila.\" \/>\n<meta property=\"og:url\" content=\"https:\/\/luchonoticias.com\/editor\/templo-catolico-de-yaguara-llega-a-60-anos-de-construccion\/\" \/>\n<meta property=\"article:publisher\" content=\"https:\/\/www.facebook.com\/luchonoticiasneiva\" \/>\n<meta property=\"article:published_time\" content=\"2024-07-25T12:16:26+00:00\" \/>\n<meta property=\"og:image\" content=\"https:\/\/luchonoticias.com\/editor\/wp-content\/uploads\/2024\/07\/yaguara.jpg\" \/>\n\t<meta property=\"og:image:width\" content=\"700\" \/>\n\t<meta property=\"og:image:height\" content=\"400\" \/>\n\t<meta property=\"og:image:type\" content=\"image\/jpeg\" \/>\n<meta name=\"author\" content=\"Editor General\" \/>\n<meta name=\"twitter:card\" content=\"summary_large_image\" \/>\n<meta name=\"twitter:label1\" content=\"Escrito por\" \/>\n\t<meta name=\"twitter:data1\" content=\"Editor General\" \/>\n\t<meta name=\"twitter:label2\" content=\"Tiempo de lectura\" \/>\n\t<meta name=\"twitter:data2\" content=\"1 minuto\" \/>\n<script type=\"application\/ld+json\" class=\"yoast-schema-graph\">{\"@context\":\"https:\/\/schema.org\",\"@graph\":[{\"@type\":\"Article\",\"@id\":\"https:\/\/luchonoticias.com\/editor\/templo-catolico-de-yaguara-llega-a-60-anos-de-construccion\/#article\",\"isPartOf\":{\"@id\":\"https:\/\/luchonoticias.com\/editor\/templo-catolico-de-yaguara-llega-a-60-anos-de-construccion\/\"},\"author\":{\"name\":\"Editor General\",\"@id\":\"https:\/\/luchonoticias.com\/editor\/#\/schema\/person\/29217990ddf6f14e35912b2866d591fb\"},\"headline\":\"Templo cat\u00f3lico de Yaguar\u00e1 llega a 60 a\u00f1os de construcci\u00f3n\",\"datePublished\":\"2024-07-25T12:16:26+00:00\",\"mainEntityOfPage\":{\"@id\":\"https:\/\/luchonoticias.com\/editor\/templo-catolico-de-yaguara-llega-a-60-anos-de-construccion\/\"},\"wordCount\":197,\"publisher\":{\"@id\":\"https:\/\/luchonoticias.com\/editor\/#\/schema\/person\/7a7fd911f58561fd056dbac7b55af9cd\"},\"image\":{\"@id\":\"https:\/\/luchonoticias.com\/editor\/templo-catolico-de-yaguara-llega-a-60-anos-de-construccion\/#primaryimage\"},\"thumbnailUrl\":\"https:\/\/luchonoticias.com\/editor\/wp-content\/uploads\/2024\/07\/yaguara.jpg\",\"articleSection\":[\"Huila\"],\"inLanguage\":\"es\"},{\"@type\":\"WebPage\",\"@id\":\"https:\/\/luchonoticias.com\/editor\/templo-catolico-de-yaguara-llega-a-60-anos-de-construccion\/\",\"url\":\"https:\/\/luchonoticias.com\/editor\/templo-catolico-de-yaguara-llega-a-60-anos-de-construccion\/\",\"name\":\"Templo cat\u00f3lico de Yaguar\u00e1 llega a 60 a\u00f1os de construcci\u00f3n -\",\"isPartOf\":{\"@id\":\"https:\/\/luchonoticias.com\/editor\/#website\"},\"primaryImageOfPage\":{\"@id\":\"https:\/\/luchonoticias.com\/editor\/templo-catolico-de-yaguara-llega-a-60-anos-de-construccion\/#primaryimage\"},\"image\":{\"@id\":\"https:\/\/luchonoticias.com\/editor\/templo-catolico-de-yaguara-llega-a-60-anos-de-construccion\/#primaryimage\"},\"thumbnailUrl\":\"https:\/\/luchonoticias.com\/editor\/wp-content\/uploads\/2024\/07\/yaguara.jpg\",\"datePublished\":\"2024-07-25T12:16:26+00:00\",\"description\":\"La comunidad de Yaguar\u00e1 amaneci\u00f3 celebrando con j\u00fabilo el 60 aniversario del Templo Santa Ana, una de las joyas arquitect\u00f3nicas m\u00e1s emblem\u00e1ticas del Huila.\",\"breadcrumb\":{\"@id\":\"https:\/\/luchonoticias.com\/editor\/templo-catolico-de-yaguara-llega-a-60-anos-de-construccion\/#breadcrumb\"},\"inLanguage\":\"es\",\"potentialAction\":[{\"@type\":\"ReadAction\",\"target\":[\"https:\/\/luchonoticias.com\/editor\/templo-catolico-de-yaguara-llega-a-60-anos-de-construccion\/\"]}]},{\"@type\":\"ImageObject\",\"inLanguage\":\"es\",\"@id\":\"https:\/\/luchonoticias.com\/editor\/templo-catolico-de-yaguara-llega-a-60-anos-de-construccion\/#primaryimage\",\"url\":\"https:\/\/luchonoticias.com\/editor\/wp-content\/uploads\/2024\/07\/yaguara.jpg\",\"contentUrl\":\"https:\/\/luchonoticias.com\/editor\/wp-content\/uploads\/2024\/07\/yaguara.jpg\",\"width\":700,\"height\":400},{\"@type\":\"BreadcrumbList\",\"@id\":\"https:\/\/luchonoticias.com\/editor\/templo-catolico-de-yaguara-llega-a-60-anos-de-construccion\/#breadcrumb\",\"itemListElement\":[{\"@type\":\"ListItem\",\"position\":1,\"name\":\"Portada\",\"item\":\"https:\/\/luchonoticias.com\/editor\/\"},{\"@type\":\"ListItem\",\"position\":2,\"name\":\"Templo cat\u00f3lico de Yaguar\u00e1 llega a 60 a\u00f1os de construcci\u00f3n\"}]},{\"@type\":\"WebSite\",\"@id\":\"https:\/\/luchonoticias.com\/editor\/#website\",\"url\":\"https:\/\/luchonoticias.com\/editor\/\",\"name\":\"\",\"description\":\"\",\"publisher\":{\"@id\":\"https:\/\/luchonoticias.com\/editor\/#\/schema\/person\/7a7fd911f58561fd056dbac7b55af9cd\"},\"potentialAction\":[{\"@type\":\"SearchAction\",\"target\":{\"@type\":\"EntryPoint\",\"urlTemplate\":\"https:\/\/luchonoticias.com\/editor\/?s={search_term_string}\"},\"query-input\":{\"@type\":\"PropertyValueSpecification\",\"valueRequired\":true,\"valueName\":\"search_term_string\"}}],\"inLanguage\":\"es\"},{\"@type\":[\"Person\",\"Organization\"],\"@id\":\"https:\/\/luchonoticias.com\/editor\/#\/schema\/person\/7a7fd911f58561fd056dbac7b55af9cd\",\"name\":\"admin\",\"image\":{\"@type\":\"ImageObject\",\"inLanguage\":\"es\",\"@id\":\"https:\/\/luchonoticias.com\/editor\/#\/schema\/person\/image\/\",\"url\":\"https:\/\/luchonoticias.com\/editor\/wp-content\/uploads\/2024\/02\/cropped-cropped-logolu.webp\",\"contentUrl\":\"https:\/\/luchonoticias.com\/editor\/wp-content\/uploads\/2024\/02\/cropped-cropped-logolu.webp\",\"width\":382,\"height\":170,\"caption\":\"admin\"},\"logo\":{\"@id\":\"https:\/\/luchonoticias.com\/editor\/#\/schema\/person\/image\/\"},\"sameAs\":[\"https:\/\/www.facebook.com\/luchonoticiasneiva\"]},{\"@type\":\"Person\",\"@id\":\"https:\/\/luchonoticias.com\/editor\/#\/schema\/person\/29217990ddf6f14e35912b2866d591fb\",\"name\":\"Editor General\",\"image\":{\"@type\":\"ImageObject\",\"inLanguage\":\"es\",\"@id\":\"https:\/\/luchonoticias.com\/editor\/#\/schema\/person\/image\/\",\"url\":\"https:\/\/luchonoticias.com\/editor\/wp-content\/uploads\/2024\/02\/cropped-cropped-logolu-150x150.webp\",\"contentUrl\":\"https:\/\/luchonoticias.com\/editor\/wp-content\/uploads\/2024\/02\/cropped-cropped-logolu-150x150.webp\",\"caption\":\"Editor General\"},\"sameAs\":[\"https:\/\/luchonoticias.com\/\"],\"url\":\"https:\/\/luchonoticias.com\/editor\/author\/editor-general\/\"}]}<\/script>\n<!-- \/ Yoast SEO plugin. -->","yoast_head_json":{"title":"Templo cat\u00f3lico de Yaguar\u00e1 llega a 60 a\u00f1os de construcci\u00f3n -","description":"La comunidad de Yaguar\u00e1 amaneci\u00f3 celebrando con j\u00fabilo el 60 aniversario del Templo Santa Ana, una de las joyas arquitect\u00f3nicas m\u00e1s emblem\u00e1ticas del Huila.","robots":{"index":"index","follow":"follow","max-snippet":"max-snippet:-1","max-image-preview":"max-image-preview:large","max-video-preview":"max-video-preview:-1"},"canonical":"https:\/\/luchonoticias.com\/editor\/templo-catolico-de-yaguara-llega-a-60-anos-de-construccion\/","og_locale":"es_ES","og_type":"article","og_title":"Templo cat\u00f3lico de Yaguar\u00e1 llega a 60 a\u00f1os de construcci\u00f3n -","og_description":"La comunidad de Yaguar\u00e1 amaneci\u00f3 celebrando con j\u00fabilo el 60 aniversario del Templo Santa Ana, una de las joyas arquitect\u00f3nicas m\u00e1s emblem\u00e1ticas del Huila.","og_url":"https:\/\/luchonoticias.com\/editor\/templo-catolico-de-yaguara-llega-a-60-anos-de-construccion\/","article_publisher":"https:\/\/www.facebook.com\/luchonoticiasneiva","article_published_time":"2024-07-25T12:16:26+00:00","og_image":[{"width":700,"height":400,"url":"https:\/\/luchonoticias.com\/editor\/wp-content\/uploads\/2024\/07\/yaguara.jpg","type":"image\/jpeg"}],"author":"Editor General","twitter_card":"summary_large_image","twitter_misc":{"Escrito por":"Editor General","Tiempo de lectura":"1 minuto"},"schema":{"@context":"https:\/\/schema.org","@graph":[{"@type":"Article","@id":"https:\/\/luchonoticias.com\/editor\/templo-catolico-de-yaguara-llega-a-60-anos-de-construccion\/#article","isPartOf":{"@id":"https:\/\/luchonoticias.com\/editor\/templo-catolico-de-yaguara-llega-a-60-anos-de-construccion\/"},"author":{"name":"Editor General","@id":"https:\/\/luchonoticias.com\/editor\/#\/schema\/person\/29217990ddf6f14e35912b2866d591fb"},"headline":"Templo cat\u00f3lico de Yaguar\u00e1 llega a 60 a\u00f1os de construcci\u00f3n","datePublished":"2024-07-25T12:16:26+00:00","mainEntityOfPage":{"@id":"https:\/\/luchonoticias.com\/editor\/templo-catolico-de-yaguara-llega-a-60-anos-de-construccion\/"},"wordCount":197,"publisher":{"@id":"https:\/\/luchonoticias.com\/editor\/#\/schema\/person\/7a7fd911f58561fd056dbac7b55af9cd"},"image":{"@id":"https:\/\/luchonoticias.com\/editor\/templo-catolico-de-yaguara-llega-a-60-anos-de-construccion\/#primaryimage"},"thumbnailUrl":"https:\/\/luchonoticias.com\/editor\/wp-content\/uploads\/2024\/07\/yaguara.jpg","articleSection":["Huila"],"inLanguage":"es"},{"@type":"WebPage","@id":"https:\/\/luchonoticias.com\/editor\/templo-catolico-de-yaguara-llega-a-60-anos-de-construccion\/","url":"https:\/\/luchonoticias.com\/editor\/templo-catolico-de-yaguara-llega-a-60-anos-de-construccion\/","name":"Templo cat\u00f3lico de Yaguar\u00e1 llega a 60 a\u00f1os de construcci\u00f3n -","isPartOf":{"@id":"https:\/\/luchonoticias.com\/editor\/#website"},"primaryImageOfPage":{"@id":"https:\/\/luchonoticias.com\/editor\/templo-catolico-de-yaguara-llega-a-60-anos-de-construccion\/#primaryimage"},"image":{"@id":"https:\/\/luchonoticias.com\/editor\/templo-catolico-de-yaguara-llega-a-60-anos-de-construccion\/#primaryimage"},"thumbnailUrl":"https:\/\/luchonoticias.com\/editor\/wp-content\/uploads\/2024\/07\/yaguara.jpg","datePublished":"2024-07-25T12:16:26+00:00","description":"La comunidad de Yaguar\u00e1 amaneci\u00f3 celebrando con j\u00fabilo el 60 aniversario del Templo Santa Ana, una de las joyas arquitect\u00f3nicas m\u00e1s emblem\u00e1ticas del Huila.","breadcrumb":{"@id":"https:\/\/luchonoticias.com\/editor\/templo-catolico-de-yaguara-llega-a-60-anos-de-construccion\/#breadcrumb"},"inLanguage":"es","potentialAction":[{"@type":"ReadAction","target":["https:\/\/luchonoticias.com\/editor\/templo-catolico-de-yaguara-llega-a-60-anos-de-construccion\/"]}]},{"@type":"ImageObject","inLanguage":"es","@id":"https:\/\/luchonoticias.com\/editor\/templo-catolico-de-yaguara-llega-a-60-anos-de-construccion\/#primaryimage","url":"https:\/\/luchonoticias.com\/editor\/wp-content\/uploads\/2024\/07\/yaguara.jpg","contentUrl":"https:\/\/luchonoticias.com\/editor\/wp-content\/uploads\/2024\/07\/yaguara.jpg","width":700,"height":400},{"@type":"BreadcrumbList","@id":"https:\/\/luchonoticias.com\/editor\/templo-catolico-de-yaguara-llega-a-60-anos-de-construccion\/#breadcrumb","itemListElement":[{"@type":"ListItem","position":1,"name":"Portada","item":"https:\/\/luchonoticias.com\/editor\/"},{"@type":"ListItem","position":2,"name":"Templo cat\u00f3lico de Yaguar\u00e1 llega a 60 a\u00f1os de construcci\u00f3n"}]},{"@type":"WebSite","@id":"https:\/\/luchonoticias.com\/editor\/#website","url":"https:\/\/luchonoticias.com\/editor\/","name":"","description":"","publisher":{"@id":"https:\/\/luchonoticias.com\/editor\/#\/schema\/person\/7a7fd911f58561fd056dbac7b55af9cd"},"potentialAction":[{"@type":"SearchAction","target":{"@type":"EntryPoint","urlTemplate":"https:\/\/luchonoticias.com\/editor\/?s={search_term_string}"},"query-input":{"@type":"PropertyValueSpecification","valueRequired":true,"valueName":"search_term_string"}}],"inLanguage":"es"},{"@type":["Person","Organization"],"@id":"https:\/\/luchonoticias.com\/editor\/#\/schema\/person\/7a7fd911f58561fd056dbac7b55af9cd","name":"admin","image":{"@type":"ImageObject","inLanguage":"es","@id":"https:\/\/luchonoticias.com\/editor\/#\/schema\/person\/image\/","url":"https:\/\/luchonoticias.com\/editor\/wp-content\/uploads\/2024\/02\/cropped-cropped-logolu.webp","contentUrl":"https:\/\/luchonoticias.com\/editor\/wp-content\/uploads\/2024\/02\/cropped-cropped-logolu.webp","width":382,"height":170,"caption":"admin"},"logo":{"@id":"https:\/\/luchonoticias.com\/editor\/#\/schema\/person\/image\/"},"sameAs":["https:\/\/www.facebook.com\/luchonoticiasneiva"]},{"@type":"Person","@id":"https:\/\/luchonoticias.com\/editor\/#\/schema\/person\/29217990ddf6f14e35912b2866d591fb","name":"Editor General","image":{"@type":"ImageObject","inLanguage":"es","@id":"https:\/\/luchonoticias.com\/editor\/#\/schema\/person\/image\/","url":"https:\/\/luchonoticias.com\/editor\/wp-content\/uploads\/2024\/02\/cropped-cropped-logolu-150x150.webp","contentUrl":"https:\/\/luchonoticias.com\/editor\/wp-content\/uploads\/2024\/02\/cropped-cropped-logolu-150x150.webp","caption":"Editor General"},"sameAs":["https:\/\/luchonoticias.com\/"],"url":"https:\/\/luchonoticias.com\/editor\/author\/editor-general\/"}]}},"_links":{"self":[{"href":"https:\/\/luchonoticias.com\/editor\/wp-json\/wp\/v2\/posts\/75302","targetHints":{"allow":["GET"]}}],"collection":[{"href":"https:\/\/luchonoticias.com\/editor\/wp-json\/wp\/v2\/posts"}],"about":[{"href":"https:\/\/luchonoticias.com\/editor\/wp-json\/wp\/v2\/types\/post"}],"author":[{"embeddable":true,"href":"https:\/\/luchonoticias.com\/editor\/wp-json\/wp\/v2\/users\/2"}],"replies":[{"embeddable":true,"href":"https:\/\/luchonoticias.com\/editor\/wp-json\/wp\/v2\/comments?post=75302"}],"version-history":[{"count":1,"href":"https:\/\/luchonoticias.com\/editor\/wp-json\/wp\/v2\/posts\/75302\/revisions"}],"predecessor-version":[{"id":75304,"href":"https:\/\/luchonoticias.com\/editor\/wp-json\/wp\/v2\/posts\/75302\/revisions\/75304"}],"wp:featuredmedia":[{"embeddable":true,"href":"https:\/\/luchonoticias.com\/editor\/wp-json\/wp\/v2\/media\/75303"}],"wp:attachment":[{"href":"https:\/\/luchonoticias.com\/editor\/wp-json\/wp\/v2\/media?parent=75302"}],"wp:term":[{"taxonomy":"category","embeddable":true,"href":"https:\/\/luchonoticias.com\/editor\/wp-json\/wp\/v2\/categories?post=75302"},{"taxonomy":"post_tag","embeddable":true,"href":"https:\/\/luchonoticias.com\/editor\/wp-json\/wp\/v2\/tags?post=75302"}],"curies":[{"name":"wp","href":"https:\/\/api.w.org\/{rel}","templated":true}]}}