{"id":75305,"date":"2024-07-25T07:20:43","date_gmt":"2024-07-25T12:20:43","guid":{"rendered":"https:\/\/luchonoticias.com\/?p=75305"},"modified":"2024-07-25T07:20:43","modified_gmt":"2024-07-25T12:20:43","slug":"concierto-binacional-por-el-nacimiento-de-simon-bolivar","status":"publish","type":"post","link":"https:\/\/luchonoticias.com\/editor\/concierto-binacional-por-el-nacimiento-de-simon-bolivar\/","title":{"rendered":"Concierto binacional por el nacimiento de Sim\u00f3n Bol\u00edvar"},"content":{"rendered":"<p>Ayer Colombia y Venezuela se unieron para celebrar el natalicio n\u00famero 241 del Libertador Sim\u00f3n Bol\u00edvar, con un concierto de la Orquesta Sinf\u00f3nica Binacional, compuesta por m\u00e1s de 80 m\u00fasicos, con un repertorio que incluye obras de Pyotr Ilyich Tchaikovsky, Dmitri Shostakovich y Franz von Supp\u00e9, adem\u00e1s de interpretaciones de m\u00fasica tradicional colombiana y venezolana.<\/p>\n<p>El concierto se cumpli\u00f3 en el Centro Nacional de las Artes Delia Zapata Olivella, ubicado en el centro de Bogot\u00e1 y fue\u00a0una iniciativa promovida por el Ministerio de Relaciones Exteriores de Colombia; el Ministerio de las Culturas, las Artes y los Saberes y su programa Sonidos para la Construcci\u00f3n de Paz; la Asociaci\u00f3n Nacional Sinf\u00f3nica de Colombia; el Centro Nacional de las Artes Delia Zapata Olivella y la Orquesta Binacional de Colombia y Venezuela.<\/p>\n<p>Esta orquesta es una iniciativa sociocultural y art\u00edstica del maestro Eduardo Ortiz, fundada el 11 de abril de 2019, en medio de la coyuntura migratoria entre Colombia y Venezuela.<\/p>\n<p>Su misi\u00f3n es promover la integraci\u00f3n social y la inclusi\u00f3n a trav\u00e9s de la m\u00fasica, brindando una plataforma para artistas migrantes venezolanos, colombianos retornados y residentes en ambos pa\u00edses.<\/p>\n","protected":false},"excerpt":{"rendered":"<p>\u200bLa Orquesta Sinf\u00f3nica Binacional, compuesta por m\u00e1s de 80 m\u00fasicos, conmemor\u00f3 esta fecha en el Centro Nacional de las Artes Delia Zapata Olivella de Bogot\u00e1.<\/p>\n","protected":false},"author":2,"featured_media":75306,"comment_status":"closed","ping_status":"open","sticky":false,"template":"","format":"standard","meta":{"footnotes":""},"categories":[28,32],"tags":[],"class_list":["post-75305","post","type-post","status-publish","format-standard","has-post-thumbnail","hentry","category-actualidad","category-nacional"],"yoast_head":"<!-- This site is optimized with the Yoast SEO plugin v26.6 - https:\/\/yoast.com\/wordpress\/plugins\/seo\/ -->\n<title>Concierto binacional por el nacimiento de Sim\u00f3n Bol\u00edvar -<\/title>\n<meta name=\"robots\" content=\"index, follow, max-snippet:-1, max-image-preview:large, max-video-preview:-1\" \/>\n<link rel=\"canonical\" href=\"https:\/\/luchonoticias.com\/editor\/concierto-binacional-por-el-nacimiento-de-simon-bolivar\/\" \/>\n<meta property=\"og:locale\" content=\"es_ES\" \/>\n<meta property=\"og:type\" content=\"article\" \/>\n<meta property=\"og:title\" content=\"Concierto binacional por el nacimiento de Sim\u00f3n Bol\u00edvar -\" \/>\n<meta property=\"og:url\" content=\"https:\/\/luchonoticias.com\/editor\/concierto-binacional-por-el-nacimiento-de-simon-bolivar\/\" \/>\n<meta property=\"article:publisher\" content=\"https:\/\/www.facebook.com\/luchonoticiasneiva\" \/>\n<meta property=\"article:published_time\" content=\"2024-07-25T12:20:43+00:00\" \/>\n<meta property=\"og:image\" content=\"https:\/\/luchonoticias.com\/editor\/wp-content\/uploads\/2024\/07\/orquesta-binacional.jpg\" \/>\n\t<meta property=\"og:image:width\" content=\"700\" \/>\n\t<meta property=\"og:image:height\" content=\"400\" \/>\n\t<meta property=\"og:image:type\" content=\"image\/jpeg\" \/>\n<meta name=\"author\" content=\"Editor General\" \/>\n<meta name=\"twitter:card\" content=\"summary_large_image\" \/>\n<meta name=\"twitter:label1\" content=\"Escrito por\" \/>\n\t<meta name=\"twitter:data1\" content=\"Editor General\" \/>\n\t<meta name=\"twitter:label2\" content=\"Tiempo de lectura\" \/>\n\t<meta name=\"twitter:data2\" content=\"2 minutos\" \/>\n<script type=\"application\/ld+json\" class=\"yoast-schema-graph\">{\"@context\":\"https:\/\/schema.org\",\"@graph\":[{\"@type\":\"Article\",\"@id\":\"https:\/\/luchonoticias.com\/editor\/concierto-binacional-por-el-nacimiento-de-simon-bolivar\/#article\",\"isPartOf\":{\"@id\":\"https:\/\/luchonoticias.com\/editor\/concierto-binacional-por-el-nacimiento-de-simon-bolivar\/\"},\"author\":{\"name\":\"Editor General\",\"@id\":\"https:\/\/luchonoticias.com\/editor\/#\/schema\/person\/29217990ddf6f14e35912b2866d591fb\"},\"headline\":\"Concierto binacional por el nacimiento de Sim\u00f3n Bol\u00edvar\",\"datePublished\":\"2024-07-25T12:20:43+00:00\",\"mainEntityOfPage\":{\"@id\":\"https:\/\/luchonoticias.com\/editor\/concierto-binacional-por-el-nacimiento-de-simon-bolivar\/\"},\"wordCount\":212,\"publisher\":{\"@id\":\"https:\/\/luchonoticias.com\/editor\/#\/schema\/person\/7a7fd911f58561fd056dbac7b55af9cd\"},\"image\":{\"@id\":\"https:\/\/luchonoticias.com\/editor\/concierto-binacional-por-el-nacimiento-de-simon-bolivar\/#primaryimage\"},\"thumbnailUrl\":\"https:\/\/luchonoticias.com\/editor\/wp-content\/uploads\/2024\/07\/orquesta-binacional.jpg\",\"articleSection\":[\"Actualidad\",\"Nacional\"],\"inLanguage\":\"es\"},{\"@type\":\"WebPage\",\"@id\":\"https:\/\/luchonoticias.com\/editor\/concierto-binacional-por-el-nacimiento-de-simon-bolivar\/\",\"url\":\"https:\/\/luchonoticias.com\/editor\/concierto-binacional-por-el-nacimiento-de-simon-bolivar\/\",\"name\":\"Concierto binacional por el nacimiento de Sim\u00f3n Bol\u00edvar -\",\"isPartOf\":{\"@id\":\"https:\/\/luchonoticias.com\/editor\/#website\"},\"primaryImageOfPage\":{\"@id\":\"https:\/\/luchonoticias.com\/editor\/concierto-binacional-por-el-nacimiento-de-simon-bolivar\/#primaryimage\"},\"image\":{\"@id\":\"https:\/\/luchonoticias.com\/editor\/concierto-binacional-por-el-nacimiento-de-simon-bolivar\/#primaryimage\"},\"thumbnailUrl\":\"https:\/\/luchonoticias.com\/editor\/wp-content\/uploads\/2024\/07\/orquesta-binacional.jpg\",\"datePublished\":\"2024-07-25T12:20:43+00:00\",\"breadcrumb\":{\"@id\":\"https:\/\/luchonoticias.com\/editor\/concierto-binacional-por-el-nacimiento-de-simon-bolivar\/#breadcrumb\"},\"inLanguage\":\"es\",\"potentialAction\":[{\"@type\":\"ReadAction\",\"target\":[\"https:\/\/luchonoticias.com\/editor\/concierto-binacional-por-el-nacimiento-de-simon-bolivar\/\"]}]},{\"@type\":\"ImageObject\",\"inLanguage\":\"es\",\"@id\":\"https:\/\/luchonoticias.com\/editor\/concierto-binacional-por-el-nacimiento-de-simon-bolivar\/#primaryimage\",\"url\":\"https:\/\/luchonoticias.com\/editor\/wp-content\/uploads\/2024\/07\/orquesta-binacional.jpg\",\"contentUrl\":\"https:\/\/luchonoticias.com\/editor\/wp-content\/uploads\/2024\/07\/orquesta-binacional.jpg\",\"width\":700,\"height\":400},{\"@type\":\"BreadcrumbList\",\"@id\":\"https:\/\/luchonoticias.com\/editor\/concierto-binacional-por-el-nacimiento-de-simon-bolivar\/#breadcrumb\",\"itemListElement\":[{\"@type\":\"ListItem\",\"position\":1,\"name\":\"Portada\",\"item\":\"https:\/\/luchonoticias.com\/editor\/\"},{\"@type\":\"ListItem\",\"position\":2,\"name\":\"Concierto binacional por el nacimiento de Sim\u00f3n Bol\u00edvar\"}]},{\"@type\":\"WebSite\",\"@id\":\"https:\/\/luchonoticias.com\/editor\/#website\",\"url\":\"https:\/\/luchonoticias.com\/editor\/\",\"name\":\"\",\"description\":\"\",\"publisher\":{\"@id\":\"https:\/\/luchonoticias.com\/editor\/#\/schema\/person\/7a7fd911f58561fd056dbac7b55af9cd\"},\"potentialAction\":[{\"@type\":\"SearchAction\",\"target\":{\"@type\":\"EntryPoint\",\"urlTemplate\":\"https:\/\/luchonoticias.com\/editor\/?s={search_term_string}\"},\"query-input\":{\"@type\":\"PropertyValueSpecification\",\"valueRequired\":true,\"valueName\":\"search_term_string\"}}],\"inLanguage\":\"es\"},{\"@type\":[\"Person\",\"Organization\"],\"@id\":\"https:\/\/luchonoticias.com\/editor\/#\/schema\/person\/7a7fd911f58561fd056dbac7b55af9cd\",\"name\":\"admin\",\"image\":{\"@type\":\"ImageObject\",\"inLanguage\":\"es\",\"@id\":\"https:\/\/luchonoticias.com\/editor\/#\/schema\/person\/image\/\",\"url\":\"https:\/\/luchonoticias.com\/editor\/wp-content\/uploads\/2024\/02\/cropped-cropped-logolu.webp\",\"contentUrl\":\"https:\/\/luchonoticias.com\/editor\/wp-content\/uploads\/2024\/02\/cropped-cropped-logolu.webp\",\"width\":382,\"height\":170,\"caption\":\"admin\"},\"logo\":{\"@id\":\"https:\/\/luchonoticias.com\/editor\/#\/schema\/person\/image\/\"},\"sameAs\":[\"https:\/\/www.facebook.com\/luchonoticiasneiva\"]},{\"@type\":\"Person\",\"@id\":\"https:\/\/luchonoticias.com\/editor\/#\/schema\/person\/29217990ddf6f14e35912b2866d591fb\",\"name\":\"Editor General\",\"image\":{\"@type\":\"ImageObject\",\"inLanguage\":\"es\",\"@id\":\"https:\/\/luchonoticias.com\/editor\/#\/schema\/person\/image\/\",\"url\":\"https:\/\/luchonoticias.com\/editor\/wp-content\/uploads\/2024\/02\/cropped-cropped-logolu-150x150.webp\",\"contentUrl\":\"https:\/\/luchonoticias.com\/editor\/wp-content\/uploads\/2024\/02\/cropped-cropped-logolu-150x150.webp\",\"caption\":\"Editor General\"},\"sameAs\":[\"https:\/\/luchonoticias.com\/\"],\"url\":\"https:\/\/luchonoticias.com\/editor\/author\/editor-general\/\"}]}<\/script>\n<!-- \/ Yoast SEO plugin. -->","yoast_head_json":{"title":"Concierto binacional por el nacimiento de Sim\u00f3n Bol\u00edvar -","robots":{"index":"index","follow":"follow","max-snippet":"max-snippet:-1","max-image-preview":"max-image-preview:large","max-video-preview":"max-video-preview:-1"},"canonical":"https:\/\/luchonoticias.com\/editor\/concierto-binacional-por-el-nacimiento-de-simon-bolivar\/","og_locale":"es_ES","og_type":"article","og_title":"Concierto binacional por el nacimiento de Sim\u00f3n Bol\u00edvar -","og_url":"https:\/\/luchonoticias.com\/editor\/concierto-binacional-por-el-nacimiento-de-simon-bolivar\/","article_publisher":"https:\/\/www.facebook.com\/luchonoticiasneiva","article_published_time":"2024-07-25T12:20:43+00:00","og_image":[{"width":700,"height":400,"url":"https:\/\/luchonoticias.com\/editor\/wp-content\/uploads\/2024\/07\/orquesta-binacional.jpg","type":"image\/jpeg"}],"author":"Editor General","twitter_card":"summary_large_image","twitter_misc":{"Escrito por":"Editor General","Tiempo de lectura":"2 minutos"},"schema":{"@context":"https:\/\/schema.org","@graph":[{"@type":"Article","@id":"https:\/\/luchonoticias.com\/editor\/concierto-binacional-por-el-nacimiento-de-simon-bolivar\/#article","isPartOf":{"@id":"https:\/\/luchonoticias.com\/editor\/concierto-binacional-por-el-nacimiento-de-simon-bolivar\/"},"author":{"name":"Editor General","@id":"https:\/\/luchonoticias.com\/editor\/#\/schema\/person\/29217990ddf6f14e35912b2866d591fb"},"headline":"Concierto binacional por el nacimiento de Sim\u00f3n Bol\u00edvar","datePublished":"2024-07-25T12:20:43+00:00","mainEntityOfPage":{"@id":"https:\/\/luchonoticias.com\/editor\/concierto-binacional-por-el-nacimiento-de-simon-bolivar\/"},"wordCount":212,"publisher":{"@id":"https:\/\/luchonoticias.com\/editor\/#\/schema\/person\/7a7fd911f58561fd056dbac7b55af9cd"},"image":{"@id":"https:\/\/luchonoticias.com\/editor\/concierto-binacional-por-el-nacimiento-de-simon-bolivar\/#primaryimage"},"thumbnailUrl":"https:\/\/luchonoticias.com\/editor\/wp-content\/uploads\/2024\/07\/orquesta-binacional.jpg","articleSection":["Actualidad","Nacional"],"inLanguage":"es"},{"@type":"WebPage","@id":"https:\/\/luchonoticias.com\/editor\/concierto-binacional-por-el-nacimiento-de-simon-bolivar\/","url":"https:\/\/luchonoticias.com\/editor\/concierto-binacional-por-el-nacimiento-de-simon-bolivar\/","name":"Concierto binacional por el nacimiento de Sim\u00f3n Bol\u00edvar -","isPartOf":{"@id":"https:\/\/luchonoticias.com\/editor\/#website"},"primaryImageOfPage":{"@id":"https:\/\/luchonoticias.com\/editor\/concierto-binacional-por-el-nacimiento-de-simon-bolivar\/#primaryimage"},"image":{"@id":"https:\/\/luchonoticias.com\/editor\/concierto-binacional-por-el-nacimiento-de-simon-bolivar\/#primaryimage"},"thumbnailUrl":"https:\/\/luchonoticias.com\/editor\/wp-content\/uploads\/2024\/07\/orquesta-binacional.jpg","datePublished":"2024-07-25T12:20:43+00:00","breadcrumb":{"@id":"https:\/\/luchonoticias.com\/editor\/concierto-binacional-por-el-nacimiento-de-simon-bolivar\/#breadcrumb"},"inLanguage":"es","potentialAction":[{"@type":"ReadAction","target":["https:\/\/luchonoticias.com\/editor\/concierto-binacional-por-el-nacimiento-de-simon-bolivar\/"]}]},{"@type":"ImageObject","inLanguage":"es","@id":"https:\/\/luchonoticias.com\/editor\/concierto-binacional-por-el-nacimiento-de-simon-bolivar\/#primaryimage","url":"https:\/\/luchonoticias.com\/editor\/wp-content\/uploads\/2024\/07\/orquesta-binacional.jpg","contentUrl":"https:\/\/luchonoticias.com\/editor\/wp-content\/uploads\/2024\/07\/orquesta-binacional.jpg","width":700,"height":400},{"@type":"BreadcrumbList","@id":"https:\/\/luchonoticias.com\/editor\/concierto-binacional-por-el-nacimiento-de-simon-bolivar\/#breadcrumb","itemListElement":[{"@type":"ListItem","position":1,"name":"Portada","item":"https:\/\/luchonoticias.com\/editor\/"},{"@type":"ListItem","position":2,"name":"Concierto binacional por el nacimiento de Sim\u00f3n Bol\u00edvar"}]},{"@type":"WebSite","@id":"https:\/\/luchonoticias.com\/editor\/#website","url":"https:\/\/luchonoticias.com\/editor\/","name":"","description":"","publisher":{"@id":"https:\/\/luchonoticias.com\/editor\/#\/schema\/person\/7a7fd911f58561fd056dbac7b55af9cd"},"potentialAction":[{"@type":"SearchAction","target":{"@type":"EntryPoint","urlTemplate":"https:\/\/luchonoticias.com\/editor\/?s={search_term_string}"},"query-input":{"@type":"PropertyValueSpecification","valueRequired":true,"valueName":"search_term_string"}}],"inLanguage":"es"},{"@type":["Person","Organization"],"@id":"https:\/\/luchonoticias.com\/editor\/#\/schema\/person\/7a7fd911f58561fd056dbac7b55af9cd","name":"admin","image":{"@type":"ImageObject","inLanguage":"es","@id":"https:\/\/luchonoticias.com\/editor\/#\/schema\/person\/image\/","url":"https:\/\/luchonoticias.com\/editor\/wp-content\/uploads\/2024\/02\/cropped-cropped-logolu.webp","contentUrl":"https:\/\/luchonoticias.com\/editor\/wp-content\/uploads\/2024\/02\/cropped-cropped-logolu.webp","width":382,"height":170,"caption":"admin"},"logo":{"@id":"https:\/\/luchonoticias.com\/editor\/#\/schema\/person\/image\/"},"sameAs":["https:\/\/www.facebook.com\/luchonoticiasneiva"]},{"@type":"Person","@id":"https:\/\/luchonoticias.com\/editor\/#\/schema\/person\/29217990ddf6f14e35912b2866d591fb","name":"Editor General","image":{"@type":"ImageObject","inLanguage":"es","@id":"https:\/\/luchonoticias.com\/editor\/#\/schema\/person\/image\/","url":"https:\/\/luchonoticias.com\/editor\/wp-content\/uploads\/2024\/02\/cropped-cropped-logolu-150x150.webp","contentUrl":"https:\/\/luchonoticias.com\/editor\/wp-content\/uploads\/2024\/02\/cropped-cropped-logolu-150x150.webp","caption":"Editor General"},"sameAs":["https:\/\/luchonoticias.com\/"],"url":"https:\/\/luchonoticias.com\/editor\/author\/editor-general\/"}]}},"_links":{"self":[{"href":"https:\/\/luchonoticias.com\/editor\/wp-json\/wp\/v2\/posts\/75305","targetHints":{"allow":["GET"]}}],"collection":[{"href":"https:\/\/luchonoticias.com\/editor\/wp-json\/wp\/v2\/posts"}],"about":[{"href":"https:\/\/luchonoticias.com\/editor\/wp-json\/wp\/v2\/types\/post"}],"author":[{"embeddable":true,"href":"https:\/\/luchonoticias.com\/editor\/wp-json\/wp\/v2\/users\/2"}],"replies":[{"embeddable":true,"href":"https:\/\/luchonoticias.com\/editor\/wp-json\/wp\/v2\/comments?post=75305"}],"version-history":[{"count":2,"href":"https:\/\/luchonoticias.com\/editor\/wp-json\/wp\/v2\/posts\/75305\/revisions"}],"predecessor-version":[{"id":75308,"href":"https:\/\/luchonoticias.com\/editor\/wp-json\/wp\/v2\/posts\/75305\/revisions\/75308"}],"wp:featuredmedia":[{"embeddable":true,"href":"https:\/\/luchonoticias.com\/editor\/wp-json\/wp\/v2\/media\/75306"}],"wp:attachment":[{"href":"https:\/\/luchonoticias.com\/editor\/wp-json\/wp\/v2\/media?parent=75305"}],"wp:term":[{"taxonomy":"category","embeddable":true,"href":"https:\/\/luchonoticias.com\/editor\/wp-json\/wp\/v2\/categories?post=75305"},{"taxonomy":"post_tag","embeddable":true,"href":"https:\/\/luchonoticias.com\/editor\/wp-json\/wp\/v2\/tags?post=75305"}],"curies":[{"name":"wp","href":"https:\/\/api.w.org\/{rel}","templated":true}]}}