{"id":75309,"date":"2024-07-25T07:26:14","date_gmt":"2024-07-25T12:26:14","guid":{"rendered":"https:\/\/luchonoticias.com\/?p=75309"},"modified":"2024-07-25T07:26:14","modified_gmt":"2024-07-25T12:26:14","slug":"neiva-tambien-se-alista-para-la-jornada-de-vacunacion","status":"publish","type":"post","link":"https:\/\/luchonoticias.com\/editor\/neiva-tambien-se-alista-para-la-jornada-de-vacunacion\/","title":{"rendered":"Neiva tambi\u00e9n se alista para la jornada de vacunaci\u00f3n"},"content":{"rendered":"<p>Las vacunas salvan vidas y es muy importante que la poblaci\u00f3n acoja todos los programas de vacunaci\u00f3n que se realizan en coordinaci\u00f3n con el Ministerio de Salud y las secretar\u00edas de Salud del Huila y Neiva, como la que se va a realizar este s\u00e1bado en todos los centros de salud de la ESE Carmen Emilia Ospina, en zona urbana y rural, en horario de 8:00 a.m. a 4:00 p.m.<\/p>\n<p>La jornada busca llegar a todos los sectores del municipio de Neiva para que la poblaci\u00f3n que por alg\u00fan motivo no ha podido acudir a los biol\u00f3gicos, lo haga ahora y se ponga al d\u00eda con el esquema de vacunaci\u00f3n.<\/p>\n<p>\u00bfQui\u00e9nes se pueden vacunar?<\/p>\n<p>Las acciones de la Tercera Jornada Nacional de Vacunaci\u00f3n \u201cVacunarse Salva Vidas\u201d est\u00e1n enfocadas en garantizar la vacunaci\u00f3n en las siguientes poblaciones:<\/p>\n<p>\u2022 Poblaci\u00f3n infantil menor de 6 a\u00f1os<br \/>\n\u2022 Ni\u00f1as de 9 a 17 a\u00f1os<br \/>\n\u2022 Ni\u00f1os de 9 a 14 a\u00f1os<br \/>\n\u2022 Mujeres gestantes<br \/>\n\u2022 Mujeres en edad f\u00e9rtil de 10 a 49 a\u00f1os<br \/>\n\u2022 Poblaci\u00f3n susceptible para fiebre amarilla<br \/>\n\u2022 Poblaci\u00f3n susceptible para COVID-19<br \/>\n\u2022 Poblaci\u00f3n mayor de 60 a\u00f1os<\/p>\n<p>Asimismo, a partir del 15 de julio de 2024 se ampl\u00edo la edad de aplicaci\u00f3n de la vacuna contra el Virus de Papiloma Humano (VPH), en ni\u00f1os el esquema es de una \u00fanica dosis, en ni\u00f1as sanas de 9 a 17 a\u00f1os y en ni\u00f1os sanos de 9 a 14 a\u00f1os, y dos dosis en ni\u00f1os y ni\u00f1as de las mismas edades inmunosuprimidos.<\/p>\n<p>La invitaci\u00f3n es para que la comunidad no deje pasar esta oportunidad y visite este s\u00e1bado 27 de julio los centros de salud de a ESE Carmen Emilia Ospina, en donde los estar\u00e1n guiando seg\u00fan la vacuna que le corresponda.<\/p>\n<p>La coordinadora del Programa de Vacunaci\u00f3n de ESE, Daniela Duss\u00e1n, expres\u00f3 la importancia de que la comunidad acuda a vacunarse. \u201cLa jornada est\u00e1 enfocada en vacunaci\u00f3n VPH y Fiebre Amarilla, sin embargo se van a aplicar tambi\u00e9n todos los biol\u00f3gicos del Programa Ampliado de Inmunizaci\u00f3n, PAI, que contiene las vacunas para ni\u00f1os de cero a cinco a\u00f1os, mujeres embarazadas, y mayores de sesenta a\u00f1os. Lo \u00fanico que debe hacer quien desee vacunarse es acudir a los centros de salud en horario establecido\u201d.<\/p>\n","protected":false},"excerpt":{"rendered":"<p>La ESE Carmen Emilia Ospina se vincula el pr\u00f3ximo s\u00e1bado 27 de julio a la Tercera Jornada Nacional de Vacunaci\u00f3n \u00abvacunarse salva vidas\u00bb.<\/p>\n","protected":false},"author":2,"featured_media":75310,"comment_status":"closed","ping_status":"open","sticky":false,"template":"","format":"standard","meta":{"footnotes":""},"categories":[31],"tags":[],"class_list":["post-75309","post","type-post","status-publish","format-standard","has-post-thumbnail","hentry","category-local"],"yoast_head":"<!-- This site is optimized with the Yoast SEO plugin v26.6 - https:\/\/yoast.com\/wordpress\/plugins\/seo\/ -->\n<title>Neiva tambi\u00e9n se alista para la jornada de vacunaci\u00f3n -<\/title>\n<meta name=\"description\" content=\"La ESE Carmen Emilia Ospina se vincula el pr\u00f3ximo s\u00e1bado 27 de julio a la Tercera Jornada Nacional de Vacunaci\u00f3n &quot;vacunarse salva vidas&quot;.\" \/>\n<meta name=\"robots\" content=\"index, follow, max-snippet:-1, max-image-preview:large, max-video-preview:-1\" \/>\n<link rel=\"canonical\" href=\"https:\/\/luchonoticias.com\/editor\/neiva-tambien-se-alista-para-la-jornada-de-vacunacion\/\" \/>\n<meta property=\"og:locale\" content=\"es_ES\" \/>\n<meta property=\"og:type\" content=\"article\" \/>\n<meta property=\"og:title\" content=\"Neiva tambi\u00e9n se alista para la jornada de vacunaci\u00f3n -\" \/>\n<meta property=\"og:description\" content=\"La ESE Carmen Emilia Ospina se vincula el pr\u00f3ximo s\u00e1bado 27 de julio a la Tercera Jornada Nacional de Vacunaci\u00f3n &quot;vacunarse salva vidas&quot;.\" \/>\n<meta property=\"og:url\" content=\"https:\/\/luchonoticias.com\/editor\/neiva-tambien-se-alista-para-la-jornada-de-vacunacion\/\" \/>\n<meta property=\"article:publisher\" content=\"https:\/\/www.facebook.com\/luchonoticiasneiva\" \/>\n<meta property=\"article:published_time\" content=\"2024-07-25T12:26:14+00:00\" \/>\n<meta property=\"og:image\" content=\"https:\/\/luchonoticias.com\/editor\/wp-content\/uploads\/2024\/07\/vacunacion-lnuch.jpg\" \/>\n\t<meta property=\"og:image:width\" content=\"700\" \/>\n\t<meta property=\"og:image:height\" content=\"400\" \/>\n\t<meta property=\"og:image:type\" content=\"image\/jpeg\" \/>\n<meta name=\"author\" content=\"Editor General\" \/>\n<meta name=\"twitter:card\" content=\"summary_large_image\" \/>\n<meta name=\"twitter:label1\" content=\"Escrito por\" \/>\n\t<meta name=\"twitter:data1\" content=\"Editor General\" \/>\n\t<meta name=\"twitter:label2\" content=\"Tiempo de lectura\" \/>\n\t<meta name=\"twitter:data2\" content=\"2 minutos\" \/>\n<script type=\"application\/ld+json\" class=\"yoast-schema-graph\">{\"@context\":\"https:\/\/schema.org\",\"@graph\":[{\"@type\":\"Article\",\"@id\":\"https:\/\/luchonoticias.com\/editor\/neiva-tambien-se-alista-para-la-jornada-de-vacunacion\/#article\",\"isPartOf\":{\"@id\":\"https:\/\/luchonoticias.com\/editor\/neiva-tambien-se-alista-para-la-jornada-de-vacunacion\/\"},\"author\":{\"name\":\"Editor General\",\"@id\":\"https:\/\/luchonoticias.com\/editor\/#\/schema\/person\/29217990ddf6f14e35912b2866d591fb\"},\"headline\":\"Neiva tambi\u00e9n se alista para la jornada de vacunaci\u00f3n\",\"datePublished\":\"2024-07-25T12:26:14+00:00\",\"mainEntityOfPage\":{\"@id\":\"https:\/\/luchonoticias.com\/editor\/neiva-tambien-se-alista-para-la-jornada-de-vacunacion\/\"},\"wordCount\":408,\"publisher\":{\"@id\":\"https:\/\/luchonoticias.com\/editor\/#\/schema\/person\/7a7fd911f58561fd056dbac7b55af9cd\"},\"image\":{\"@id\":\"https:\/\/luchonoticias.com\/editor\/neiva-tambien-se-alista-para-la-jornada-de-vacunacion\/#primaryimage\"},\"thumbnailUrl\":\"https:\/\/luchonoticias.com\/editor\/wp-content\/uploads\/2024\/07\/vacunacion-lnuch.jpg\",\"articleSection\":[\"Local\"],\"inLanguage\":\"es\"},{\"@type\":\"WebPage\",\"@id\":\"https:\/\/luchonoticias.com\/editor\/neiva-tambien-se-alista-para-la-jornada-de-vacunacion\/\",\"url\":\"https:\/\/luchonoticias.com\/editor\/neiva-tambien-se-alista-para-la-jornada-de-vacunacion\/\",\"name\":\"Neiva tambi\u00e9n se alista para la jornada de vacunaci\u00f3n -\",\"isPartOf\":{\"@id\":\"https:\/\/luchonoticias.com\/editor\/#website\"},\"primaryImageOfPage\":{\"@id\":\"https:\/\/luchonoticias.com\/editor\/neiva-tambien-se-alista-para-la-jornada-de-vacunacion\/#primaryimage\"},\"image\":{\"@id\":\"https:\/\/luchonoticias.com\/editor\/neiva-tambien-se-alista-para-la-jornada-de-vacunacion\/#primaryimage\"},\"thumbnailUrl\":\"https:\/\/luchonoticias.com\/editor\/wp-content\/uploads\/2024\/07\/vacunacion-lnuch.jpg\",\"datePublished\":\"2024-07-25T12:26:14+00:00\",\"description\":\"La ESE Carmen Emilia Ospina se vincula el pr\u00f3ximo s\u00e1bado 27 de julio a la Tercera Jornada Nacional de Vacunaci\u00f3n \\\"vacunarse salva vidas\\\".\",\"breadcrumb\":{\"@id\":\"https:\/\/luchonoticias.com\/editor\/neiva-tambien-se-alista-para-la-jornada-de-vacunacion\/#breadcrumb\"},\"inLanguage\":\"es\",\"potentialAction\":[{\"@type\":\"ReadAction\",\"target\":[\"https:\/\/luchonoticias.com\/editor\/neiva-tambien-se-alista-para-la-jornada-de-vacunacion\/\"]}]},{\"@type\":\"ImageObject\",\"inLanguage\":\"es\",\"@id\":\"https:\/\/luchonoticias.com\/editor\/neiva-tambien-se-alista-para-la-jornada-de-vacunacion\/#primaryimage\",\"url\":\"https:\/\/luchonoticias.com\/editor\/wp-content\/uploads\/2024\/07\/vacunacion-lnuch.jpg\",\"contentUrl\":\"https:\/\/luchonoticias.com\/editor\/wp-content\/uploads\/2024\/07\/vacunacion-lnuch.jpg\",\"width\":700,\"height\":400},{\"@type\":\"BreadcrumbList\",\"@id\":\"https:\/\/luchonoticias.com\/editor\/neiva-tambien-se-alista-para-la-jornada-de-vacunacion\/#breadcrumb\",\"itemListElement\":[{\"@type\":\"ListItem\",\"position\":1,\"name\":\"Portada\",\"item\":\"https:\/\/luchonoticias.com\/editor\/\"},{\"@type\":\"ListItem\",\"position\":2,\"name\":\"Neiva tambi\u00e9n se alista para la jornada de vacunaci\u00f3n\"}]},{\"@type\":\"WebSite\",\"@id\":\"https:\/\/luchonoticias.com\/editor\/#website\",\"url\":\"https:\/\/luchonoticias.com\/editor\/\",\"name\":\"\",\"description\":\"\",\"publisher\":{\"@id\":\"https:\/\/luchonoticias.com\/editor\/#\/schema\/person\/7a7fd911f58561fd056dbac7b55af9cd\"},\"potentialAction\":[{\"@type\":\"SearchAction\",\"target\":{\"@type\":\"EntryPoint\",\"urlTemplate\":\"https:\/\/luchonoticias.com\/editor\/?s={search_term_string}\"},\"query-input\":{\"@type\":\"PropertyValueSpecification\",\"valueRequired\":true,\"valueName\":\"search_term_string\"}}],\"inLanguage\":\"es\"},{\"@type\":[\"Person\",\"Organization\"],\"@id\":\"https:\/\/luchonoticias.com\/editor\/#\/schema\/person\/7a7fd911f58561fd056dbac7b55af9cd\",\"name\":\"admin\",\"image\":{\"@type\":\"ImageObject\",\"inLanguage\":\"es\",\"@id\":\"https:\/\/luchonoticias.com\/editor\/#\/schema\/person\/image\/\",\"url\":\"https:\/\/luchonoticias.com\/editor\/wp-content\/uploads\/2024\/02\/cropped-cropped-logolu.webp\",\"contentUrl\":\"https:\/\/luchonoticias.com\/editor\/wp-content\/uploads\/2024\/02\/cropped-cropped-logolu.webp\",\"width\":382,\"height\":170,\"caption\":\"admin\"},\"logo\":{\"@id\":\"https:\/\/luchonoticias.com\/editor\/#\/schema\/person\/image\/\"},\"sameAs\":[\"https:\/\/www.facebook.com\/luchonoticiasneiva\"]},{\"@type\":\"Person\",\"@id\":\"https:\/\/luchonoticias.com\/editor\/#\/schema\/person\/29217990ddf6f14e35912b2866d591fb\",\"name\":\"Editor General\",\"image\":{\"@type\":\"ImageObject\",\"inLanguage\":\"es\",\"@id\":\"https:\/\/luchonoticias.com\/editor\/#\/schema\/person\/image\/\",\"url\":\"https:\/\/luchonoticias.com\/editor\/wp-content\/uploads\/2024\/02\/cropped-cropped-logolu-150x150.webp\",\"contentUrl\":\"https:\/\/luchonoticias.com\/editor\/wp-content\/uploads\/2024\/02\/cropped-cropped-logolu-150x150.webp\",\"caption\":\"Editor General\"},\"sameAs\":[\"https:\/\/luchonoticias.com\/\"],\"url\":\"https:\/\/luchonoticias.com\/editor\/author\/editor-general\/\"}]}<\/script>\n<!-- \/ Yoast SEO plugin. -->","yoast_head_json":{"title":"Neiva tambi\u00e9n se alista para la jornada de vacunaci\u00f3n -","description":"La ESE Carmen Emilia Ospina se vincula el pr\u00f3ximo s\u00e1bado 27 de julio a la Tercera Jornada Nacional de Vacunaci\u00f3n \"vacunarse salva vidas\".","robots":{"index":"index","follow":"follow","max-snippet":"max-snippet:-1","max-image-preview":"max-image-preview:large","max-video-preview":"max-video-preview:-1"},"canonical":"https:\/\/luchonoticias.com\/editor\/neiva-tambien-se-alista-para-la-jornada-de-vacunacion\/","og_locale":"es_ES","og_type":"article","og_title":"Neiva tambi\u00e9n se alista para la jornada de vacunaci\u00f3n -","og_description":"La ESE Carmen Emilia Ospina se vincula el pr\u00f3ximo s\u00e1bado 27 de julio a la Tercera Jornada Nacional de Vacunaci\u00f3n \"vacunarse salva vidas\".","og_url":"https:\/\/luchonoticias.com\/editor\/neiva-tambien-se-alista-para-la-jornada-de-vacunacion\/","article_publisher":"https:\/\/www.facebook.com\/luchonoticiasneiva","article_published_time":"2024-07-25T12:26:14+00:00","og_image":[{"width":700,"height":400,"url":"https:\/\/luchonoticias.com\/editor\/wp-content\/uploads\/2024\/07\/vacunacion-lnuch.jpg","type":"image\/jpeg"}],"author":"Editor General","twitter_card":"summary_large_image","twitter_misc":{"Escrito por":"Editor General","Tiempo de lectura":"2 minutos"},"schema":{"@context":"https:\/\/schema.org","@graph":[{"@type":"Article","@id":"https:\/\/luchonoticias.com\/editor\/neiva-tambien-se-alista-para-la-jornada-de-vacunacion\/#article","isPartOf":{"@id":"https:\/\/luchonoticias.com\/editor\/neiva-tambien-se-alista-para-la-jornada-de-vacunacion\/"},"author":{"name":"Editor General","@id":"https:\/\/luchonoticias.com\/editor\/#\/schema\/person\/29217990ddf6f14e35912b2866d591fb"},"headline":"Neiva tambi\u00e9n se alista para la jornada de vacunaci\u00f3n","datePublished":"2024-07-25T12:26:14+00:00","mainEntityOfPage":{"@id":"https:\/\/luchonoticias.com\/editor\/neiva-tambien-se-alista-para-la-jornada-de-vacunacion\/"},"wordCount":408,"publisher":{"@id":"https:\/\/luchonoticias.com\/editor\/#\/schema\/person\/7a7fd911f58561fd056dbac7b55af9cd"},"image":{"@id":"https:\/\/luchonoticias.com\/editor\/neiva-tambien-se-alista-para-la-jornada-de-vacunacion\/#primaryimage"},"thumbnailUrl":"https:\/\/luchonoticias.com\/editor\/wp-content\/uploads\/2024\/07\/vacunacion-lnuch.jpg","articleSection":["Local"],"inLanguage":"es"},{"@type":"WebPage","@id":"https:\/\/luchonoticias.com\/editor\/neiva-tambien-se-alista-para-la-jornada-de-vacunacion\/","url":"https:\/\/luchonoticias.com\/editor\/neiva-tambien-se-alista-para-la-jornada-de-vacunacion\/","name":"Neiva tambi\u00e9n se alista para la jornada de vacunaci\u00f3n -","isPartOf":{"@id":"https:\/\/luchonoticias.com\/editor\/#website"},"primaryImageOfPage":{"@id":"https:\/\/luchonoticias.com\/editor\/neiva-tambien-se-alista-para-la-jornada-de-vacunacion\/#primaryimage"},"image":{"@id":"https:\/\/luchonoticias.com\/editor\/neiva-tambien-se-alista-para-la-jornada-de-vacunacion\/#primaryimage"},"thumbnailUrl":"https:\/\/luchonoticias.com\/editor\/wp-content\/uploads\/2024\/07\/vacunacion-lnuch.jpg","datePublished":"2024-07-25T12:26:14+00:00","description":"La ESE Carmen Emilia Ospina se vincula el pr\u00f3ximo s\u00e1bado 27 de julio a la Tercera Jornada Nacional de Vacunaci\u00f3n \"vacunarse salva vidas\".","breadcrumb":{"@id":"https:\/\/luchonoticias.com\/editor\/neiva-tambien-se-alista-para-la-jornada-de-vacunacion\/#breadcrumb"},"inLanguage":"es","potentialAction":[{"@type":"ReadAction","target":["https:\/\/luchonoticias.com\/editor\/neiva-tambien-se-alista-para-la-jornada-de-vacunacion\/"]}]},{"@type":"ImageObject","inLanguage":"es","@id":"https:\/\/luchonoticias.com\/editor\/neiva-tambien-se-alista-para-la-jornada-de-vacunacion\/#primaryimage","url":"https:\/\/luchonoticias.com\/editor\/wp-content\/uploads\/2024\/07\/vacunacion-lnuch.jpg","contentUrl":"https:\/\/luchonoticias.com\/editor\/wp-content\/uploads\/2024\/07\/vacunacion-lnuch.jpg","width":700,"height":400},{"@type":"BreadcrumbList","@id":"https:\/\/luchonoticias.com\/editor\/neiva-tambien-se-alista-para-la-jornada-de-vacunacion\/#breadcrumb","itemListElement":[{"@type":"ListItem","position":1,"name":"Portada","item":"https:\/\/luchonoticias.com\/editor\/"},{"@type":"ListItem","position":2,"name":"Neiva tambi\u00e9n se alista para la jornada de vacunaci\u00f3n"}]},{"@type":"WebSite","@id":"https:\/\/luchonoticias.com\/editor\/#website","url":"https:\/\/luchonoticias.com\/editor\/","name":"","description":"","publisher":{"@id":"https:\/\/luchonoticias.com\/editor\/#\/schema\/person\/7a7fd911f58561fd056dbac7b55af9cd"},"potentialAction":[{"@type":"SearchAction","target":{"@type":"EntryPoint","urlTemplate":"https:\/\/luchonoticias.com\/editor\/?s={search_term_string}"},"query-input":{"@type":"PropertyValueSpecification","valueRequired":true,"valueName":"search_term_string"}}],"inLanguage":"es"},{"@type":["Person","Organization"],"@id":"https:\/\/luchonoticias.com\/editor\/#\/schema\/person\/7a7fd911f58561fd056dbac7b55af9cd","name":"admin","image":{"@type":"ImageObject","inLanguage":"es","@id":"https:\/\/luchonoticias.com\/editor\/#\/schema\/person\/image\/","url":"https:\/\/luchonoticias.com\/editor\/wp-content\/uploads\/2024\/02\/cropped-cropped-logolu.webp","contentUrl":"https:\/\/luchonoticias.com\/editor\/wp-content\/uploads\/2024\/02\/cropped-cropped-logolu.webp","width":382,"height":170,"caption":"admin"},"logo":{"@id":"https:\/\/luchonoticias.com\/editor\/#\/schema\/person\/image\/"},"sameAs":["https:\/\/www.facebook.com\/luchonoticiasneiva"]},{"@type":"Person","@id":"https:\/\/luchonoticias.com\/editor\/#\/schema\/person\/29217990ddf6f14e35912b2866d591fb","name":"Editor General","image":{"@type":"ImageObject","inLanguage":"es","@id":"https:\/\/luchonoticias.com\/editor\/#\/schema\/person\/image\/","url":"https:\/\/luchonoticias.com\/editor\/wp-content\/uploads\/2024\/02\/cropped-cropped-logolu-150x150.webp","contentUrl":"https:\/\/luchonoticias.com\/editor\/wp-content\/uploads\/2024\/02\/cropped-cropped-logolu-150x150.webp","caption":"Editor General"},"sameAs":["https:\/\/luchonoticias.com\/"],"url":"https:\/\/luchonoticias.com\/editor\/author\/editor-general\/"}]}},"_links":{"self":[{"href":"https:\/\/luchonoticias.com\/editor\/wp-json\/wp\/v2\/posts\/75309","targetHints":{"allow":["GET"]}}],"collection":[{"href":"https:\/\/luchonoticias.com\/editor\/wp-json\/wp\/v2\/posts"}],"about":[{"href":"https:\/\/luchonoticias.com\/editor\/wp-json\/wp\/v2\/types\/post"}],"author":[{"embeddable":true,"href":"https:\/\/luchonoticias.com\/editor\/wp-json\/wp\/v2\/users\/2"}],"replies":[{"embeddable":true,"href":"https:\/\/luchonoticias.com\/editor\/wp-json\/wp\/v2\/comments?post=75309"}],"version-history":[{"count":1,"href":"https:\/\/luchonoticias.com\/editor\/wp-json\/wp\/v2\/posts\/75309\/revisions"}],"predecessor-version":[{"id":75311,"href":"https:\/\/luchonoticias.com\/editor\/wp-json\/wp\/v2\/posts\/75309\/revisions\/75311"}],"wp:featuredmedia":[{"embeddable":true,"href":"https:\/\/luchonoticias.com\/editor\/wp-json\/wp\/v2\/media\/75310"}],"wp:attachment":[{"href":"https:\/\/luchonoticias.com\/editor\/wp-json\/wp\/v2\/media?parent=75309"}],"wp:term":[{"taxonomy":"category","embeddable":true,"href":"https:\/\/luchonoticias.com\/editor\/wp-json\/wp\/v2\/categories?post=75309"},{"taxonomy":"post_tag","embeddable":true,"href":"https:\/\/luchonoticias.com\/editor\/wp-json\/wp\/v2\/tags?post=75309"}],"curies":[{"name":"wp","href":"https:\/\/api.w.org\/{rel}","templated":true}]}}