{"id":75319,"date":"2024-07-25T15:38:12","date_gmt":"2024-07-25T20:38:12","guid":{"rendered":"https:\/\/luchonoticias.com\/?p=75319"},"modified":"2024-07-25T15:38:12","modified_gmt":"2024-07-25T20:38:12","slug":"definido-el-mapa-de-ruido-para-garzon","status":"publish","type":"post","link":"https:\/\/luchonoticias.com\/editor\/definido-el-mapa-de-ruido-para-garzon\/","title":{"rendered":"Definido el mapa de ruido para Garz\u00f3n"},"content":{"rendered":"<p>El municipio de Garz\u00f3n ya cuenta con una herramienta que le permite evaluar lo relacionado a la contaminaci\u00f3n por ruido ambiental y le da la posibilidad de mejorar la toma de decisiones de planes de acci\u00f3n para enfrentar esta problem\u00e1tica.<\/p>\n<p>Esto obedece a que la Corporaci\u00f3n Aut\u00f3noma Regional del Alto Magdalena &#8211; CAM en articulaci\u00f3n con la Universidad Surcolombiana, adelant\u00f3 un estudio del ruido ambiental del municipio garzone\u00f1o el cual fue socializado a las autoridades locales para trabajar en conjunto en la b\u00fasqueda de soluciones.<\/p>\n<p>\u201cSe busc\u00f3 abordar de manera completa el problema del ruido en Garz\u00f3n, por lo que realizamos un an\u00e1lisis detallado de los niveles de ruido en diferentes \u00e1reas, identificado las principales fuentes de este problema y evaluado c\u00f3mo percibe la comunidad estos niveles\u201d, indic\u00f3 Javier Collazos, profesional de autoridad ambiental Urbana de la CAM, quien asegur\u00f3 que durante este proceso, se recopil\u00f3 informaci\u00f3n detallada que ayud\u00f3 a entender c\u00f3mo diversas actividades humanas contribuyen al ruido en el municipio.<\/p>\n<p>\u201cEstas mediciones se realizaron con un son\u00f3metro y bajo unos modelos donde se pueden tener mapas de ruido ambiental, que fue una grilla de 19 puntos de medici\u00f3n donde se abarc\u00f3 pr\u00e1cticamente toda la zona centro de Garz\u00f3n, \u00e1rea importante del municipio porque ah\u00ed confluyen tanto el \u00e1rea comercial como residencial\u201d, explic\u00f3 Collazos.<\/p>\n<p>Zonas m\u00e1s ruidosas<\/p>\n<p>Seg\u00fan el profesional de la CAM, de acuerdo con los resultados del estudio, las zonas de mayor afectaci\u00f3n por contaminaci\u00f3n auditiva son las zonas de establecimientos abiertos al p\u00fablico como bares y discotecas (zona rosa) y una que queda detr\u00e1s del Centro Comercial Paseo del Rosario.<\/p>\n<p>Igualmente se aprecia que la movilidad vehicular es una importante fuente de ruido debido al tr\u00e1nsito a alta velocidad de estos automotores; pero tambi\u00e9n se evidenci\u00f3 que muchas motocicletas del municipio transitan sin el silenciador en sus exostos.<\/p>\n<p>\u201cLo que se puede evidenciar es que hay unos incumplimientos muy importantes y las zonas donde m\u00e1s se present\u00f3 estos incumplimientos fueron en las zonas de alto tr\u00e1fico vehicular pero tambi\u00e9n en las zonas de alto impacto por uso comercial, como por ejemplo la zona rosa\u201d, explic\u00f3 el profesional de autoridad ambiental urbana de la corporaci\u00f3n.<\/p>\n<p><strong>Metodolog\u00eda<\/strong><\/p>\n<p>Este estudio determin\u00f3 un an\u00e1lisis detallado de los niveles de ruido en diferentes \u00e1reas, de acuerdo con los l\u00edmites m\u00e1ximos permitidos por las normas colombianas, identific\u00f3 las principales fuentes de este problema y evalu\u00f3 c\u00f3mo percibe la comunidad estos niveles. No solo se tuvo en cuenta el ruido generado por equipos sonoros en el centro, sino tambi\u00e9n de otras fuentes tales como los veh\u00edculos, sector comercial, entre otros.<\/p>\n<p>Fueron 19 puntos de medici\u00f3n en 137 hect\u00e1reas donde se tomaron muestras en horas del d\u00eda, noche, d\u00edas h\u00e1biles y fines de semana, con el objetivo de tener pruebas en todas las condiciones propias del municipio para analizar sus resultados.<\/p>\n<p><strong>Percepci\u00f3n<\/strong><\/p>\n<p>Tambi\u00e9n se elabor\u00f3 una encuesta para medir la percepci\u00f3n y qu\u00e9 opini\u00f3n tiene la comunidad con respecto a las diferentes fuentes de ruido, arrojando que las personas encuestadas determinaron que para ellos la principal fuente de ruido era la motocicleta, seguido de otras actividades que desarrollan las fuentes m\u00f3viles como es el uso excesivo del pito y actividades de perifoneo.<\/p>\n<p>\u201cLas actividades comerciales si bien es una actividad importante en la generaci\u00f3n de ruido para la comunidad no es tan importante como lo es el tr\u00e1nsito de motocicleta o el perifoneo\u201d, asegur\u00f3 Javier Collazos.<\/p>\n<p>Adem\u00e1s el estudio arroj\u00f3 que dentro de los efectos a la salud por la exposici\u00f3n prolongada al ruido se encuentran la p\u00e9rdida de la audici\u00f3n, hipertensi\u00f3n, irritabilidad, insomnio, bajo rendimiento adem\u00e1s de la depreciaci\u00f3n o p\u00e9rdida de valor econ\u00f3mico en los terrenos implicados.<\/p>\n<p><strong>Trabajo en conjunto<\/strong><\/p>\n<p>Finalmente se asegur\u00f3 que este mapa permitir\u00e1 a la autoridad ambiental del Huila y otras autoridades correspondientes a trabajar en conjunto para definir estrategias o planes de descontaminaci\u00f3n que permitan reducir la contaminaci\u00f3n auditiva en estos sectores del municipio.<\/p>\n<p>\u201cSi bien no es algo alarmante, si es algo que debe la atenci\u00f3n de las administraciones y todos los organismos con competencia en temas de ruido\u201d, asegur\u00f3 Collazos.<\/p>\n<p>Por eso se\u00f1ala que la idea es que entre todas las entidades del municipio, polic\u00eda, comunidad y organizaciones ambientales puedan participar en la reducci\u00f3n de los niveles de ruido desde la educaci\u00f3n ambiental y la sensibilizaci\u00f3n para que as\u00ed se trabaje con el sector transporte, la movilidad y el sector de bienes y servicios.<\/p>\n","protected":false},"excerpt":{"rendered":"<p>De acuerdo con el estudio, existen dos fuentes primordiales de ruido en el municipio, el tr\u00e1nsito de motocicletas y los establecimientos nocturnos de la zona rosa.<\/p>\n","protected":false},"author":2,"featured_media":75320,"comment_status":"closed","ping_status":"open","sticky":false,"template":"","format":"standard","meta":{"footnotes":""},"categories":[33],"tags":[],"class_list":["post-75319","post","type-post","status-publish","format-standard","has-post-thumbnail","hentry","category-huila"],"yoast_head":"<!-- This site is optimized with the Yoast SEO plugin v26.6 - https:\/\/yoast.com\/wordpress\/plugins\/seo\/ -->\n<title>Definido el mapa de ruido para Garz\u00f3n -<\/title>\n<meta name=\"description\" content=\"De acuerdo con el estudio, existen dos fuentes primordiales de ruido en el municipio, el tr\u00e1nsito de motocicletas y los establecimientos nocturnos de la zona rosa.\" \/>\n<meta name=\"robots\" content=\"index, follow, max-snippet:-1, max-image-preview:large, max-video-preview:-1\" \/>\n<link rel=\"canonical\" href=\"https:\/\/luchonoticias.com\/editor\/definido-el-mapa-de-ruido-para-garzon\/\" \/>\n<meta property=\"og:locale\" content=\"es_ES\" \/>\n<meta property=\"og:type\" content=\"article\" \/>\n<meta property=\"og:title\" content=\"Definido el mapa de ruido para Garz\u00f3n -\" \/>\n<meta property=\"og:description\" content=\"De acuerdo con el estudio, existen dos fuentes primordiales de ruido en el municipio, el tr\u00e1nsito de motocicletas y los establecimientos nocturnos de la zona rosa.\" \/>\n<meta property=\"og:url\" content=\"https:\/\/luchonoticias.com\/editor\/definido-el-mapa-de-ruido-para-garzon\/\" \/>\n<meta property=\"article:publisher\" content=\"https:\/\/www.facebook.com\/luchonoticiasneiva\" \/>\n<meta property=\"article:published_time\" content=\"2024-07-25T20:38:12+00:00\" \/>\n<meta property=\"og:image\" content=\"https:\/\/luchonoticias.com\/editor\/wp-content\/uploads\/2024\/07\/garzon-huila.jpg\" \/>\n\t<meta property=\"og:image:width\" content=\"700\" \/>\n\t<meta property=\"og:image:height\" content=\"400\" \/>\n\t<meta property=\"og:image:type\" content=\"image\/jpeg\" \/>\n<meta name=\"author\" content=\"Editor General\" \/>\n<meta name=\"twitter:card\" content=\"summary_large_image\" \/>\n<meta name=\"twitter:label1\" content=\"Escrito por\" \/>\n\t<meta name=\"twitter:data1\" content=\"Editor General\" \/>\n\t<meta name=\"twitter:label2\" content=\"Tiempo de lectura\" \/>\n\t<meta name=\"twitter:data2\" content=\"4 minutos\" \/>\n<script type=\"application\/ld+json\" class=\"yoast-schema-graph\">{\"@context\":\"https:\/\/schema.org\",\"@graph\":[{\"@type\":\"Article\",\"@id\":\"https:\/\/luchonoticias.com\/editor\/definido-el-mapa-de-ruido-para-garzon\/#article\",\"isPartOf\":{\"@id\":\"https:\/\/luchonoticias.com\/editor\/definido-el-mapa-de-ruido-para-garzon\/\"},\"author\":{\"name\":\"Editor General\",\"@id\":\"https:\/\/luchonoticias.com\/editor\/#\/schema\/person\/29217990ddf6f14e35912b2866d591fb\"},\"headline\":\"Definido el mapa de ruido para Garz\u00f3n\",\"datePublished\":\"2024-07-25T20:38:12+00:00\",\"mainEntityOfPage\":{\"@id\":\"https:\/\/luchonoticias.com\/editor\/definido-el-mapa-de-ruido-para-garzon\/\"},\"wordCount\":800,\"publisher\":{\"@id\":\"https:\/\/luchonoticias.com\/editor\/#\/schema\/person\/7a7fd911f58561fd056dbac7b55af9cd\"},\"image\":{\"@id\":\"https:\/\/luchonoticias.com\/editor\/definido-el-mapa-de-ruido-para-garzon\/#primaryimage\"},\"thumbnailUrl\":\"https:\/\/luchonoticias.com\/editor\/wp-content\/uploads\/2024\/07\/garzon-huila.jpg\",\"articleSection\":[\"Huila\"],\"inLanguage\":\"es\"},{\"@type\":\"WebPage\",\"@id\":\"https:\/\/luchonoticias.com\/editor\/definido-el-mapa-de-ruido-para-garzon\/\",\"url\":\"https:\/\/luchonoticias.com\/editor\/definido-el-mapa-de-ruido-para-garzon\/\",\"name\":\"Definido el mapa de ruido para Garz\u00f3n -\",\"isPartOf\":{\"@id\":\"https:\/\/luchonoticias.com\/editor\/#website\"},\"primaryImageOfPage\":{\"@id\":\"https:\/\/luchonoticias.com\/editor\/definido-el-mapa-de-ruido-para-garzon\/#primaryimage\"},\"image\":{\"@id\":\"https:\/\/luchonoticias.com\/editor\/definido-el-mapa-de-ruido-para-garzon\/#primaryimage\"},\"thumbnailUrl\":\"https:\/\/luchonoticias.com\/editor\/wp-content\/uploads\/2024\/07\/garzon-huila.jpg\",\"datePublished\":\"2024-07-25T20:38:12+00:00\",\"description\":\"De acuerdo con el estudio, existen dos fuentes primordiales de ruido en el municipio, el tr\u00e1nsito de motocicletas y los establecimientos nocturnos de la zona rosa.\",\"breadcrumb\":{\"@id\":\"https:\/\/luchonoticias.com\/editor\/definido-el-mapa-de-ruido-para-garzon\/#breadcrumb\"},\"inLanguage\":\"es\",\"potentialAction\":[{\"@type\":\"ReadAction\",\"target\":[\"https:\/\/luchonoticias.com\/editor\/definido-el-mapa-de-ruido-para-garzon\/\"]}]},{\"@type\":\"ImageObject\",\"inLanguage\":\"es\",\"@id\":\"https:\/\/luchonoticias.com\/editor\/definido-el-mapa-de-ruido-para-garzon\/#primaryimage\",\"url\":\"https:\/\/luchonoticias.com\/editor\/wp-content\/uploads\/2024\/07\/garzon-huila.jpg\",\"contentUrl\":\"https:\/\/luchonoticias.com\/editor\/wp-content\/uploads\/2024\/07\/garzon-huila.jpg\",\"width\":700,\"height\":400},{\"@type\":\"BreadcrumbList\",\"@id\":\"https:\/\/luchonoticias.com\/editor\/definido-el-mapa-de-ruido-para-garzon\/#breadcrumb\",\"itemListElement\":[{\"@type\":\"ListItem\",\"position\":1,\"name\":\"Portada\",\"item\":\"https:\/\/luchonoticias.com\/editor\/\"},{\"@type\":\"ListItem\",\"position\":2,\"name\":\"Definido el mapa de ruido para Garz\u00f3n\"}]},{\"@type\":\"WebSite\",\"@id\":\"https:\/\/luchonoticias.com\/editor\/#website\",\"url\":\"https:\/\/luchonoticias.com\/editor\/\",\"name\":\"\",\"description\":\"\",\"publisher\":{\"@id\":\"https:\/\/luchonoticias.com\/editor\/#\/schema\/person\/7a7fd911f58561fd056dbac7b55af9cd\"},\"potentialAction\":[{\"@type\":\"SearchAction\",\"target\":{\"@type\":\"EntryPoint\",\"urlTemplate\":\"https:\/\/luchonoticias.com\/editor\/?s={search_term_string}\"},\"query-input\":{\"@type\":\"PropertyValueSpecification\",\"valueRequired\":true,\"valueName\":\"search_term_string\"}}],\"inLanguage\":\"es\"},{\"@type\":[\"Person\",\"Organization\"],\"@id\":\"https:\/\/luchonoticias.com\/editor\/#\/schema\/person\/7a7fd911f58561fd056dbac7b55af9cd\",\"name\":\"admin\",\"image\":{\"@type\":\"ImageObject\",\"inLanguage\":\"es\",\"@id\":\"https:\/\/luchonoticias.com\/editor\/#\/schema\/person\/image\/\",\"url\":\"https:\/\/luchonoticias.com\/editor\/wp-content\/uploads\/2024\/02\/cropped-cropped-logolu.webp\",\"contentUrl\":\"https:\/\/luchonoticias.com\/editor\/wp-content\/uploads\/2024\/02\/cropped-cropped-logolu.webp\",\"width\":382,\"height\":170,\"caption\":\"admin\"},\"logo\":{\"@id\":\"https:\/\/luchonoticias.com\/editor\/#\/schema\/person\/image\/\"},\"sameAs\":[\"https:\/\/www.facebook.com\/luchonoticiasneiva\"]},{\"@type\":\"Person\",\"@id\":\"https:\/\/luchonoticias.com\/editor\/#\/schema\/person\/29217990ddf6f14e35912b2866d591fb\",\"name\":\"Editor General\",\"image\":{\"@type\":\"ImageObject\",\"inLanguage\":\"es\",\"@id\":\"https:\/\/luchonoticias.com\/editor\/#\/schema\/person\/image\/\",\"url\":\"https:\/\/luchonoticias.com\/editor\/wp-content\/uploads\/2024\/02\/cropped-cropped-logolu-150x150.webp\",\"contentUrl\":\"https:\/\/luchonoticias.com\/editor\/wp-content\/uploads\/2024\/02\/cropped-cropped-logolu-150x150.webp\",\"caption\":\"Editor General\"},\"sameAs\":[\"https:\/\/luchonoticias.com\/\"],\"url\":\"https:\/\/luchonoticias.com\/editor\/author\/editor-general\/\"}]}<\/script>\n<!-- \/ Yoast SEO plugin. -->","yoast_head_json":{"title":"Definido el mapa de ruido para Garz\u00f3n -","description":"De acuerdo con el estudio, existen dos fuentes primordiales de ruido en el municipio, el tr\u00e1nsito de motocicletas y los establecimientos nocturnos de la zona rosa.","robots":{"index":"index","follow":"follow","max-snippet":"max-snippet:-1","max-image-preview":"max-image-preview:large","max-video-preview":"max-video-preview:-1"},"canonical":"https:\/\/luchonoticias.com\/editor\/definido-el-mapa-de-ruido-para-garzon\/","og_locale":"es_ES","og_type":"article","og_title":"Definido el mapa de ruido para Garz\u00f3n -","og_description":"De acuerdo con el estudio, existen dos fuentes primordiales de ruido en el municipio, el tr\u00e1nsito de motocicletas y los establecimientos nocturnos de la zona rosa.","og_url":"https:\/\/luchonoticias.com\/editor\/definido-el-mapa-de-ruido-para-garzon\/","article_publisher":"https:\/\/www.facebook.com\/luchonoticiasneiva","article_published_time":"2024-07-25T20:38:12+00:00","og_image":[{"width":700,"height":400,"url":"https:\/\/luchonoticias.com\/editor\/wp-content\/uploads\/2024\/07\/garzon-huila.jpg","type":"image\/jpeg"}],"author":"Editor General","twitter_card":"summary_large_image","twitter_misc":{"Escrito por":"Editor General","Tiempo de lectura":"4 minutos"},"schema":{"@context":"https:\/\/schema.org","@graph":[{"@type":"Article","@id":"https:\/\/luchonoticias.com\/editor\/definido-el-mapa-de-ruido-para-garzon\/#article","isPartOf":{"@id":"https:\/\/luchonoticias.com\/editor\/definido-el-mapa-de-ruido-para-garzon\/"},"author":{"name":"Editor General","@id":"https:\/\/luchonoticias.com\/editor\/#\/schema\/person\/29217990ddf6f14e35912b2866d591fb"},"headline":"Definido el mapa de ruido para Garz\u00f3n","datePublished":"2024-07-25T20:38:12+00:00","mainEntityOfPage":{"@id":"https:\/\/luchonoticias.com\/editor\/definido-el-mapa-de-ruido-para-garzon\/"},"wordCount":800,"publisher":{"@id":"https:\/\/luchonoticias.com\/editor\/#\/schema\/person\/7a7fd911f58561fd056dbac7b55af9cd"},"image":{"@id":"https:\/\/luchonoticias.com\/editor\/definido-el-mapa-de-ruido-para-garzon\/#primaryimage"},"thumbnailUrl":"https:\/\/luchonoticias.com\/editor\/wp-content\/uploads\/2024\/07\/garzon-huila.jpg","articleSection":["Huila"],"inLanguage":"es"},{"@type":"WebPage","@id":"https:\/\/luchonoticias.com\/editor\/definido-el-mapa-de-ruido-para-garzon\/","url":"https:\/\/luchonoticias.com\/editor\/definido-el-mapa-de-ruido-para-garzon\/","name":"Definido el mapa de ruido para Garz\u00f3n -","isPartOf":{"@id":"https:\/\/luchonoticias.com\/editor\/#website"},"primaryImageOfPage":{"@id":"https:\/\/luchonoticias.com\/editor\/definido-el-mapa-de-ruido-para-garzon\/#primaryimage"},"image":{"@id":"https:\/\/luchonoticias.com\/editor\/definido-el-mapa-de-ruido-para-garzon\/#primaryimage"},"thumbnailUrl":"https:\/\/luchonoticias.com\/editor\/wp-content\/uploads\/2024\/07\/garzon-huila.jpg","datePublished":"2024-07-25T20:38:12+00:00","description":"De acuerdo con el estudio, existen dos fuentes primordiales de ruido en el municipio, el tr\u00e1nsito de motocicletas y los establecimientos nocturnos de la zona rosa.","breadcrumb":{"@id":"https:\/\/luchonoticias.com\/editor\/definido-el-mapa-de-ruido-para-garzon\/#breadcrumb"},"inLanguage":"es","potentialAction":[{"@type":"ReadAction","target":["https:\/\/luchonoticias.com\/editor\/definido-el-mapa-de-ruido-para-garzon\/"]}]},{"@type":"ImageObject","inLanguage":"es","@id":"https:\/\/luchonoticias.com\/editor\/definido-el-mapa-de-ruido-para-garzon\/#primaryimage","url":"https:\/\/luchonoticias.com\/editor\/wp-content\/uploads\/2024\/07\/garzon-huila.jpg","contentUrl":"https:\/\/luchonoticias.com\/editor\/wp-content\/uploads\/2024\/07\/garzon-huila.jpg","width":700,"height":400},{"@type":"BreadcrumbList","@id":"https:\/\/luchonoticias.com\/editor\/definido-el-mapa-de-ruido-para-garzon\/#breadcrumb","itemListElement":[{"@type":"ListItem","position":1,"name":"Portada","item":"https:\/\/luchonoticias.com\/editor\/"},{"@type":"ListItem","position":2,"name":"Definido el mapa de ruido para Garz\u00f3n"}]},{"@type":"WebSite","@id":"https:\/\/luchonoticias.com\/editor\/#website","url":"https:\/\/luchonoticias.com\/editor\/","name":"","description":"","publisher":{"@id":"https:\/\/luchonoticias.com\/editor\/#\/schema\/person\/7a7fd911f58561fd056dbac7b55af9cd"},"potentialAction":[{"@type":"SearchAction","target":{"@type":"EntryPoint","urlTemplate":"https:\/\/luchonoticias.com\/editor\/?s={search_term_string}"},"query-input":{"@type":"PropertyValueSpecification","valueRequired":true,"valueName":"search_term_string"}}],"inLanguage":"es"},{"@type":["Person","Organization"],"@id":"https:\/\/luchonoticias.com\/editor\/#\/schema\/person\/7a7fd911f58561fd056dbac7b55af9cd","name":"admin","image":{"@type":"ImageObject","inLanguage":"es","@id":"https:\/\/luchonoticias.com\/editor\/#\/schema\/person\/image\/","url":"https:\/\/luchonoticias.com\/editor\/wp-content\/uploads\/2024\/02\/cropped-cropped-logolu.webp","contentUrl":"https:\/\/luchonoticias.com\/editor\/wp-content\/uploads\/2024\/02\/cropped-cropped-logolu.webp","width":382,"height":170,"caption":"admin"},"logo":{"@id":"https:\/\/luchonoticias.com\/editor\/#\/schema\/person\/image\/"},"sameAs":["https:\/\/www.facebook.com\/luchonoticiasneiva"]},{"@type":"Person","@id":"https:\/\/luchonoticias.com\/editor\/#\/schema\/person\/29217990ddf6f14e35912b2866d591fb","name":"Editor General","image":{"@type":"ImageObject","inLanguage":"es","@id":"https:\/\/luchonoticias.com\/editor\/#\/schema\/person\/image\/","url":"https:\/\/luchonoticias.com\/editor\/wp-content\/uploads\/2024\/02\/cropped-cropped-logolu-150x150.webp","contentUrl":"https:\/\/luchonoticias.com\/editor\/wp-content\/uploads\/2024\/02\/cropped-cropped-logolu-150x150.webp","caption":"Editor General"},"sameAs":["https:\/\/luchonoticias.com\/"],"url":"https:\/\/luchonoticias.com\/editor\/author\/editor-general\/"}]}},"_links":{"self":[{"href":"https:\/\/luchonoticias.com\/editor\/wp-json\/wp\/v2\/posts\/75319","targetHints":{"allow":["GET"]}}],"collection":[{"href":"https:\/\/luchonoticias.com\/editor\/wp-json\/wp\/v2\/posts"}],"about":[{"href":"https:\/\/luchonoticias.com\/editor\/wp-json\/wp\/v2\/types\/post"}],"author":[{"embeddable":true,"href":"https:\/\/luchonoticias.com\/editor\/wp-json\/wp\/v2\/users\/2"}],"replies":[{"embeddable":true,"href":"https:\/\/luchonoticias.com\/editor\/wp-json\/wp\/v2\/comments?post=75319"}],"version-history":[{"count":1,"href":"https:\/\/luchonoticias.com\/editor\/wp-json\/wp\/v2\/posts\/75319\/revisions"}],"predecessor-version":[{"id":75321,"href":"https:\/\/luchonoticias.com\/editor\/wp-json\/wp\/v2\/posts\/75319\/revisions\/75321"}],"wp:featuredmedia":[{"embeddable":true,"href":"https:\/\/luchonoticias.com\/editor\/wp-json\/wp\/v2\/media\/75320"}],"wp:attachment":[{"href":"https:\/\/luchonoticias.com\/editor\/wp-json\/wp\/v2\/media?parent=75319"}],"wp:term":[{"taxonomy":"category","embeddable":true,"href":"https:\/\/luchonoticias.com\/editor\/wp-json\/wp\/v2\/categories?post=75319"},{"taxonomy":"post_tag","embeddable":true,"href":"https:\/\/luchonoticias.com\/editor\/wp-json\/wp\/v2\/tags?post=75319"}],"curies":[{"name":"wp","href":"https:\/\/api.w.org\/{rel}","templated":true}]}}