{"id":75322,"date":"2024-07-25T16:08:22","date_gmt":"2024-07-25T21:08:22","guid":{"rendered":"https:\/\/luchonoticias.com\/?p=75322"},"modified":"2024-07-25T16:08:22","modified_gmt":"2024-07-25T21:08:22","slug":"derrota-colombiana-en-el-inicio-del-futbol-femenino-en-paris-2024","status":"publish","type":"post","link":"https:\/\/luchonoticias.com\/editor\/derrota-colombiana-en-el-inicio-del-futbol-femenino-en-paris-2024\/","title":{"rendered":"Derrota colombiana en el inicio del f\u00fatbol femenino en Par\u00eds 2024"},"content":{"rendered":"<p>La Selecci\u00f3n Colombia perdi\u00f3 3:2 ante Francia por la primera fecha del torneo de f\u00fatbol femenino de los Juegos Ol\u00edmpicos Par\u00eds 2024.<\/p>\n<p>Un mal primer tiempo sentenci\u00f3 a las nacionales que en el segundo tiempo lograron un cambio de actitud que les permiti\u00f3 recortar distancias ante las locales aunque a la postre, insuficiente.<\/p>\n<p>En lo que fue la primera mitad Francia fue la dominadora del partido con Marie Katoto quien hizo doblete adem\u00e1s de Kenza Dali.<\/p>\n<p>Ya en la segunda parte Colombia reacciona y descuenta: primero con Catalina Usme de penal y luego mediante Manuela Pavi; la escuadra nacional tuvo conqu\u00e9 para el empate pero la falta de punter\u00eda y la reacci\u00f3n &#8216;in extremis&#8217; de las locales no lo permitieron.<\/p>\n<p>Por si fuera poco sobre el final del partido el elenco femenil nacional se qued\u00f3 con una jugadora menos tras la expulsi\u00f3n de Mayra Ram\u00edrez.<\/p>\n<p>Para la segunda fecha la Selecci\u00f3n Colombia se enfrentar\u00e1 a Nueva Zelandia.<\/p>\n","protected":false},"excerpt":{"rendered":"<p>Colombia comenz\u00f3 perdiendo ante Francia en el inicio del f\u00fatbol femenino en los Juegos Ol\u00edmpicos. <\/p>\n","protected":false},"author":2,"featured_media":75323,"comment_status":"closed","ping_status":"open","sticky":false,"template":"","format":"standard","meta":{"footnotes":""},"categories":[34],"tags":[],"class_list":["post-75322","post","type-post","status-publish","format-standard","has-post-thumbnail","hentry","category-deportes"],"yoast_head":"<!-- This site is optimized with the Yoast SEO plugin v26.6 - https:\/\/yoast.com\/wordpress\/plugins\/seo\/ -->\n<title>Derrota colombiana en el inicio del f\u00fatbol femenino en Par\u00eds 2024 -<\/title>\n<meta name=\"description\" content=\"Colombia comenz\u00f3 perdiendo ante Francia en el inicio del f\u00fatbol femenino en los Juegos Ol\u00edmpicos.\" \/>\n<meta name=\"robots\" content=\"index, follow, max-snippet:-1, max-image-preview:large, max-video-preview:-1\" \/>\n<link rel=\"canonical\" href=\"https:\/\/luchonoticias.com\/editor\/derrota-colombiana-en-el-inicio-del-futbol-femenino-en-paris-2024\/\" \/>\n<meta property=\"og:locale\" content=\"es_ES\" \/>\n<meta property=\"og:type\" content=\"article\" \/>\n<meta property=\"og:title\" content=\"Derrota colombiana en el inicio del f\u00fatbol femenino en Par\u00eds 2024 -\" \/>\n<meta property=\"og:description\" content=\"Colombia comenz\u00f3 perdiendo ante Francia en el inicio del f\u00fatbol femenino en los Juegos Ol\u00edmpicos.\" \/>\n<meta property=\"og:url\" content=\"https:\/\/luchonoticias.com\/editor\/derrota-colombiana-en-el-inicio-del-futbol-femenino-en-paris-2024\/\" \/>\n<meta property=\"article:publisher\" content=\"https:\/\/www.facebook.com\/luchonoticiasneiva\" \/>\n<meta property=\"article:published_time\" content=\"2024-07-25T21:08:22+00:00\" \/>\n<meta property=\"og:image\" content=\"https:\/\/luchonoticias.com\/editor\/wp-content\/uploads\/2024\/07\/colombia-francia.jpg\" \/>\n\t<meta property=\"og:image:width\" content=\"700\" \/>\n\t<meta property=\"og:image:height\" content=\"400\" \/>\n\t<meta property=\"og:image:type\" content=\"image\/jpeg\" \/>\n<meta name=\"author\" content=\"Editor General\" \/>\n<meta name=\"twitter:card\" content=\"summary_large_image\" \/>\n<meta name=\"twitter:label1\" content=\"Escrito por\" \/>\n\t<meta name=\"twitter:data1\" content=\"Editor General\" \/>\n\t<meta name=\"twitter:label2\" content=\"Tiempo de lectura\" \/>\n\t<meta name=\"twitter:data2\" content=\"1 minuto\" \/>\n<script type=\"application\/ld+json\" class=\"yoast-schema-graph\">{\"@context\":\"https:\/\/schema.org\",\"@graph\":[{\"@type\":\"Article\",\"@id\":\"https:\/\/luchonoticias.com\/editor\/derrota-colombiana-en-el-inicio-del-futbol-femenino-en-paris-2024\/#article\",\"isPartOf\":{\"@id\":\"https:\/\/luchonoticias.com\/editor\/derrota-colombiana-en-el-inicio-del-futbol-femenino-en-paris-2024\/\"},\"author\":{\"name\":\"Editor General\",\"@id\":\"https:\/\/luchonoticias.com\/editor\/#\/schema\/person\/29217990ddf6f14e35912b2866d591fb\"},\"headline\":\"Derrota colombiana en el inicio del f\u00fatbol femenino en Par\u00eds 2024\",\"datePublished\":\"2024-07-25T21:08:22+00:00\",\"mainEntityOfPage\":{\"@id\":\"https:\/\/luchonoticias.com\/editor\/derrota-colombiana-en-el-inicio-del-futbol-femenino-en-paris-2024\/\"},\"wordCount\":177,\"publisher\":{\"@id\":\"https:\/\/luchonoticias.com\/editor\/#\/schema\/person\/7a7fd911f58561fd056dbac7b55af9cd\"},\"image\":{\"@id\":\"https:\/\/luchonoticias.com\/editor\/derrota-colombiana-en-el-inicio-del-futbol-femenino-en-paris-2024\/#primaryimage\"},\"thumbnailUrl\":\"https:\/\/luchonoticias.com\/editor\/wp-content\/uploads\/2024\/07\/colombia-francia.jpg\",\"articleSection\":[\"Deportes\"],\"inLanguage\":\"es\"},{\"@type\":\"WebPage\",\"@id\":\"https:\/\/luchonoticias.com\/editor\/derrota-colombiana-en-el-inicio-del-futbol-femenino-en-paris-2024\/\",\"url\":\"https:\/\/luchonoticias.com\/editor\/derrota-colombiana-en-el-inicio-del-futbol-femenino-en-paris-2024\/\",\"name\":\"Derrota colombiana en el inicio del f\u00fatbol femenino en Par\u00eds 2024 -\",\"isPartOf\":{\"@id\":\"https:\/\/luchonoticias.com\/editor\/#website\"},\"primaryImageOfPage\":{\"@id\":\"https:\/\/luchonoticias.com\/editor\/derrota-colombiana-en-el-inicio-del-futbol-femenino-en-paris-2024\/#primaryimage\"},\"image\":{\"@id\":\"https:\/\/luchonoticias.com\/editor\/derrota-colombiana-en-el-inicio-del-futbol-femenino-en-paris-2024\/#primaryimage\"},\"thumbnailUrl\":\"https:\/\/luchonoticias.com\/editor\/wp-content\/uploads\/2024\/07\/colombia-francia.jpg\",\"datePublished\":\"2024-07-25T21:08:22+00:00\",\"description\":\"Colombia comenz\u00f3 perdiendo ante Francia en el inicio del f\u00fatbol femenino en los Juegos Ol\u00edmpicos.\",\"breadcrumb\":{\"@id\":\"https:\/\/luchonoticias.com\/editor\/derrota-colombiana-en-el-inicio-del-futbol-femenino-en-paris-2024\/#breadcrumb\"},\"inLanguage\":\"es\",\"potentialAction\":[{\"@type\":\"ReadAction\",\"target\":[\"https:\/\/luchonoticias.com\/editor\/derrota-colombiana-en-el-inicio-del-futbol-femenino-en-paris-2024\/\"]}]},{\"@type\":\"ImageObject\",\"inLanguage\":\"es\",\"@id\":\"https:\/\/luchonoticias.com\/editor\/derrota-colombiana-en-el-inicio-del-futbol-femenino-en-paris-2024\/#primaryimage\",\"url\":\"https:\/\/luchonoticias.com\/editor\/wp-content\/uploads\/2024\/07\/colombia-francia.jpg\",\"contentUrl\":\"https:\/\/luchonoticias.com\/editor\/wp-content\/uploads\/2024\/07\/colombia-francia.jpg\",\"width\":700,\"height\":400},{\"@type\":\"BreadcrumbList\",\"@id\":\"https:\/\/luchonoticias.com\/editor\/derrota-colombiana-en-el-inicio-del-futbol-femenino-en-paris-2024\/#breadcrumb\",\"itemListElement\":[{\"@type\":\"ListItem\",\"position\":1,\"name\":\"Portada\",\"item\":\"https:\/\/luchonoticias.com\/editor\/\"},{\"@type\":\"ListItem\",\"position\":2,\"name\":\"Derrota colombiana en el inicio del f\u00fatbol femenino en Par\u00eds 2024\"}]},{\"@type\":\"WebSite\",\"@id\":\"https:\/\/luchonoticias.com\/editor\/#website\",\"url\":\"https:\/\/luchonoticias.com\/editor\/\",\"name\":\"\",\"description\":\"\",\"publisher\":{\"@id\":\"https:\/\/luchonoticias.com\/editor\/#\/schema\/person\/7a7fd911f58561fd056dbac7b55af9cd\"},\"potentialAction\":[{\"@type\":\"SearchAction\",\"target\":{\"@type\":\"EntryPoint\",\"urlTemplate\":\"https:\/\/luchonoticias.com\/editor\/?s={search_term_string}\"},\"query-input\":{\"@type\":\"PropertyValueSpecification\",\"valueRequired\":true,\"valueName\":\"search_term_string\"}}],\"inLanguage\":\"es\"},{\"@type\":[\"Person\",\"Organization\"],\"@id\":\"https:\/\/luchonoticias.com\/editor\/#\/schema\/person\/7a7fd911f58561fd056dbac7b55af9cd\",\"name\":\"admin\",\"image\":{\"@type\":\"ImageObject\",\"inLanguage\":\"es\",\"@id\":\"https:\/\/luchonoticias.com\/editor\/#\/schema\/person\/image\/\",\"url\":\"https:\/\/luchonoticias.com\/editor\/wp-content\/uploads\/2024\/02\/cropped-cropped-logolu.webp\",\"contentUrl\":\"https:\/\/luchonoticias.com\/editor\/wp-content\/uploads\/2024\/02\/cropped-cropped-logolu.webp\",\"width\":382,\"height\":170,\"caption\":\"admin\"},\"logo\":{\"@id\":\"https:\/\/luchonoticias.com\/editor\/#\/schema\/person\/image\/\"},\"sameAs\":[\"https:\/\/www.facebook.com\/luchonoticiasneiva\"]},{\"@type\":\"Person\",\"@id\":\"https:\/\/luchonoticias.com\/editor\/#\/schema\/person\/29217990ddf6f14e35912b2866d591fb\",\"name\":\"Editor General\",\"image\":{\"@type\":\"ImageObject\",\"inLanguage\":\"es\",\"@id\":\"https:\/\/luchonoticias.com\/editor\/#\/schema\/person\/image\/\",\"url\":\"https:\/\/luchonoticias.com\/editor\/wp-content\/uploads\/2024\/02\/cropped-cropped-logolu-150x150.webp\",\"contentUrl\":\"https:\/\/luchonoticias.com\/editor\/wp-content\/uploads\/2024\/02\/cropped-cropped-logolu-150x150.webp\",\"caption\":\"Editor General\"},\"sameAs\":[\"https:\/\/luchonoticias.com\/\"],\"url\":\"https:\/\/luchonoticias.com\/editor\/author\/editor-general\/\"}]}<\/script>\n<!-- \/ Yoast SEO plugin. -->","yoast_head_json":{"title":"Derrota colombiana en el inicio del f\u00fatbol femenino en Par\u00eds 2024 -","description":"Colombia comenz\u00f3 perdiendo ante Francia en el inicio del f\u00fatbol femenino en los Juegos Ol\u00edmpicos.","robots":{"index":"index","follow":"follow","max-snippet":"max-snippet:-1","max-image-preview":"max-image-preview:large","max-video-preview":"max-video-preview:-1"},"canonical":"https:\/\/luchonoticias.com\/editor\/derrota-colombiana-en-el-inicio-del-futbol-femenino-en-paris-2024\/","og_locale":"es_ES","og_type":"article","og_title":"Derrota colombiana en el inicio del f\u00fatbol femenino en Par\u00eds 2024 -","og_description":"Colombia comenz\u00f3 perdiendo ante Francia en el inicio del f\u00fatbol femenino en los Juegos Ol\u00edmpicos.","og_url":"https:\/\/luchonoticias.com\/editor\/derrota-colombiana-en-el-inicio-del-futbol-femenino-en-paris-2024\/","article_publisher":"https:\/\/www.facebook.com\/luchonoticiasneiva","article_published_time":"2024-07-25T21:08:22+00:00","og_image":[{"width":700,"height":400,"url":"https:\/\/luchonoticias.com\/editor\/wp-content\/uploads\/2024\/07\/colombia-francia.jpg","type":"image\/jpeg"}],"author":"Editor General","twitter_card":"summary_large_image","twitter_misc":{"Escrito por":"Editor General","Tiempo de lectura":"1 minuto"},"schema":{"@context":"https:\/\/schema.org","@graph":[{"@type":"Article","@id":"https:\/\/luchonoticias.com\/editor\/derrota-colombiana-en-el-inicio-del-futbol-femenino-en-paris-2024\/#article","isPartOf":{"@id":"https:\/\/luchonoticias.com\/editor\/derrota-colombiana-en-el-inicio-del-futbol-femenino-en-paris-2024\/"},"author":{"name":"Editor General","@id":"https:\/\/luchonoticias.com\/editor\/#\/schema\/person\/29217990ddf6f14e35912b2866d591fb"},"headline":"Derrota colombiana en el inicio del f\u00fatbol femenino en Par\u00eds 2024","datePublished":"2024-07-25T21:08:22+00:00","mainEntityOfPage":{"@id":"https:\/\/luchonoticias.com\/editor\/derrota-colombiana-en-el-inicio-del-futbol-femenino-en-paris-2024\/"},"wordCount":177,"publisher":{"@id":"https:\/\/luchonoticias.com\/editor\/#\/schema\/person\/7a7fd911f58561fd056dbac7b55af9cd"},"image":{"@id":"https:\/\/luchonoticias.com\/editor\/derrota-colombiana-en-el-inicio-del-futbol-femenino-en-paris-2024\/#primaryimage"},"thumbnailUrl":"https:\/\/luchonoticias.com\/editor\/wp-content\/uploads\/2024\/07\/colombia-francia.jpg","articleSection":["Deportes"],"inLanguage":"es"},{"@type":"WebPage","@id":"https:\/\/luchonoticias.com\/editor\/derrota-colombiana-en-el-inicio-del-futbol-femenino-en-paris-2024\/","url":"https:\/\/luchonoticias.com\/editor\/derrota-colombiana-en-el-inicio-del-futbol-femenino-en-paris-2024\/","name":"Derrota colombiana en el inicio del f\u00fatbol femenino en Par\u00eds 2024 -","isPartOf":{"@id":"https:\/\/luchonoticias.com\/editor\/#website"},"primaryImageOfPage":{"@id":"https:\/\/luchonoticias.com\/editor\/derrota-colombiana-en-el-inicio-del-futbol-femenino-en-paris-2024\/#primaryimage"},"image":{"@id":"https:\/\/luchonoticias.com\/editor\/derrota-colombiana-en-el-inicio-del-futbol-femenino-en-paris-2024\/#primaryimage"},"thumbnailUrl":"https:\/\/luchonoticias.com\/editor\/wp-content\/uploads\/2024\/07\/colombia-francia.jpg","datePublished":"2024-07-25T21:08:22+00:00","description":"Colombia comenz\u00f3 perdiendo ante Francia en el inicio del f\u00fatbol femenino en los Juegos Ol\u00edmpicos.","breadcrumb":{"@id":"https:\/\/luchonoticias.com\/editor\/derrota-colombiana-en-el-inicio-del-futbol-femenino-en-paris-2024\/#breadcrumb"},"inLanguage":"es","potentialAction":[{"@type":"ReadAction","target":["https:\/\/luchonoticias.com\/editor\/derrota-colombiana-en-el-inicio-del-futbol-femenino-en-paris-2024\/"]}]},{"@type":"ImageObject","inLanguage":"es","@id":"https:\/\/luchonoticias.com\/editor\/derrota-colombiana-en-el-inicio-del-futbol-femenino-en-paris-2024\/#primaryimage","url":"https:\/\/luchonoticias.com\/editor\/wp-content\/uploads\/2024\/07\/colombia-francia.jpg","contentUrl":"https:\/\/luchonoticias.com\/editor\/wp-content\/uploads\/2024\/07\/colombia-francia.jpg","width":700,"height":400},{"@type":"BreadcrumbList","@id":"https:\/\/luchonoticias.com\/editor\/derrota-colombiana-en-el-inicio-del-futbol-femenino-en-paris-2024\/#breadcrumb","itemListElement":[{"@type":"ListItem","position":1,"name":"Portada","item":"https:\/\/luchonoticias.com\/editor\/"},{"@type":"ListItem","position":2,"name":"Derrota colombiana en el inicio del f\u00fatbol femenino en Par\u00eds 2024"}]},{"@type":"WebSite","@id":"https:\/\/luchonoticias.com\/editor\/#website","url":"https:\/\/luchonoticias.com\/editor\/","name":"","description":"","publisher":{"@id":"https:\/\/luchonoticias.com\/editor\/#\/schema\/person\/7a7fd911f58561fd056dbac7b55af9cd"},"potentialAction":[{"@type":"SearchAction","target":{"@type":"EntryPoint","urlTemplate":"https:\/\/luchonoticias.com\/editor\/?s={search_term_string}"},"query-input":{"@type":"PropertyValueSpecification","valueRequired":true,"valueName":"search_term_string"}}],"inLanguage":"es"},{"@type":["Person","Organization"],"@id":"https:\/\/luchonoticias.com\/editor\/#\/schema\/person\/7a7fd911f58561fd056dbac7b55af9cd","name":"admin","image":{"@type":"ImageObject","inLanguage":"es","@id":"https:\/\/luchonoticias.com\/editor\/#\/schema\/person\/image\/","url":"https:\/\/luchonoticias.com\/editor\/wp-content\/uploads\/2024\/02\/cropped-cropped-logolu.webp","contentUrl":"https:\/\/luchonoticias.com\/editor\/wp-content\/uploads\/2024\/02\/cropped-cropped-logolu.webp","width":382,"height":170,"caption":"admin"},"logo":{"@id":"https:\/\/luchonoticias.com\/editor\/#\/schema\/person\/image\/"},"sameAs":["https:\/\/www.facebook.com\/luchonoticiasneiva"]},{"@type":"Person","@id":"https:\/\/luchonoticias.com\/editor\/#\/schema\/person\/29217990ddf6f14e35912b2866d591fb","name":"Editor General","image":{"@type":"ImageObject","inLanguage":"es","@id":"https:\/\/luchonoticias.com\/editor\/#\/schema\/person\/image\/","url":"https:\/\/luchonoticias.com\/editor\/wp-content\/uploads\/2024\/02\/cropped-cropped-logolu-150x150.webp","contentUrl":"https:\/\/luchonoticias.com\/editor\/wp-content\/uploads\/2024\/02\/cropped-cropped-logolu-150x150.webp","caption":"Editor General"},"sameAs":["https:\/\/luchonoticias.com\/"],"url":"https:\/\/luchonoticias.com\/editor\/author\/editor-general\/"}]}},"_links":{"self":[{"href":"https:\/\/luchonoticias.com\/editor\/wp-json\/wp\/v2\/posts\/75322","targetHints":{"allow":["GET"]}}],"collection":[{"href":"https:\/\/luchonoticias.com\/editor\/wp-json\/wp\/v2\/posts"}],"about":[{"href":"https:\/\/luchonoticias.com\/editor\/wp-json\/wp\/v2\/types\/post"}],"author":[{"embeddable":true,"href":"https:\/\/luchonoticias.com\/editor\/wp-json\/wp\/v2\/users\/2"}],"replies":[{"embeddable":true,"href":"https:\/\/luchonoticias.com\/editor\/wp-json\/wp\/v2\/comments?post=75322"}],"version-history":[{"count":1,"href":"https:\/\/luchonoticias.com\/editor\/wp-json\/wp\/v2\/posts\/75322\/revisions"}],"predecessor-version":[{"id":75324,"href":"https:\/\/luchonoticias.com\/editor\/wp-json\/wp\/v2\/posts\/75322\/revisions\/75324"}],"wp:featuredmedia":[{"embeddable":true,"href":"https:\/\/luchonoticias.com\/editor\/wp-json\/wp\/v2\/media\/75323"}],"wp:attachment":[{"href":"https:\/\/luchonoticias.com\/editor\/wp-json\/wp\/v2\/media?parent=75322"}],"wp:term":[{"taxonomy":"category","embeddable":true,"href":"https:\/\/luchonoticias.com\/editor\/wp-json\/wp\/v2\/categories?post=75322"},{"taxonomy":"post_tag","embeddable":true,"href":"https:\/\/luchonoticias.com\/editor\/wp-json\/wp\/v2\/tags?post=75322"}],"curies":[{"name":"wp","href":"https:\/\/api.w.org\/{rel}","templated":true}]}}