{"id":75332,"date":"2024-07-26T07:06:30","date_gmt":"2024-07-26T12:06:30","guid":{"rendered":"https:\/\/luchonoticias.com\/?p=75332"},"modified":"2024-07-26T07:06:30","modified_gmt":"2024-07-26T12:06:30","slug":"atletico-huila-buscara-los-tres-puntos-ante-el-real-cartagena","status":"publish","type":"post","link":"https:\/\/luchonoticias.com\/editor\/atletico-huila-buscara-los-tres-puntos-ante-el-real-cartagena\/","title":{"rendered":"Atl\u00e9tico Huila buscar\u00e1 los tres puntos ante el Real Cartagena"},"content":{"rendered":"<p>Hoy a las 7:30 de la noche el Atl\u00e9tico Huila visitar\u00e1 a Real Cartagena en juego por la segunda fecha del torneo del segundo semestre de la Primera B.<\/p>\n<p>Ambos equipos llegan con puntos aunque con contextos diferentes; mientras que el Atl\u00e9tico Huila venci\u00f3 en su patio al Quind\u00edo, el Real Cartagena apenas sum\u00f3 un punto como visitante en la fecha pasada ante el Internacional Palmira, por lo que buscar\u00e1 &#8216;cuadrar caja&#8217; ante los huilenses.<\/p>\n<p>No menos importante es el ambiente enrarecido con el que el cuadro huilense afronta este compromiso, todo debido a informaciones extraoficiales de un posible traslado del equipo a Barrancabermeja, algo que se ha venido rumorando desde semanas atr\u00e1s y del cual, aun no hay pronunciamiento oficial frente a ello.<\/p>\n<p>Ya en lo estrictamente deportivo se contempla la posibilidad de algunas novedades, entre ellas el retorno de Sebasti\u00e1n Hern\u00e1ndez.<\/p>\n","protected":false},"excerpt":{"rendered":"<p>Hoy a las 7:30 de la noche el Atl\u00e9tico Huila visitar\u00e1 a Real Cartagena en juego por la segunda fecha del torneo del segundo semestre de la Primera B.<\/p>\n","protected":false},"author":2,"featured_media":75333,"comment_status":"closed","ping_status":"open","sticky":false,"template":"","format":"standard","meta":{"footnotes":""},"categories":[34],"tags":[],"class_list":["post-75332","post","type-post","status-publish","format-standard","has-post-thumbnail","hentry","category-deportes"],"yoast_head":"<!-- This site is optimized with the Yoast SEO plugin v26.6 - https:\/\/yoast.com\/wordpress\/plugins\/seo\/ -->\n<title>Atl\u00e9tico Huila buscar\u00e1 los tres puntos ante el Real Cartagena -<\/title>\n<meta name=\"description\" content=\"Hoy a las 7:30 de la noche el Atl\u00e9tico Huila visitar\u00e1 a Real Cartagena en juego por la segunda fecha del torneo del segundo semestre de la Primera B.\" \/>\n<meta name=\"robots\" content=\"index, follow, max-snippet:-1, max-image-preview:large, max-video-preview:-1\" \/>\n<link rel=\"canonical\" href=\"https:\/\/luchonoticias.com\/editor\/atletico-huila-buscara-los-tres-puntos-ante-el-real-cartagena\/\" \/>\n<meta property=\"og:locale\" content=\"es_ES\" \/>\n<meta property=\"og:type\" content=\"article\" \/>\n<meta property=\"og:title\" content=\"Atl\u00e9tico Huila buscar\u00e1 los tres puntos ante el Real Cartagena -\" \/>\n<meta property=\"og:description\" content=\"Hoy a las 7:30 de la noche el Atl\u00e9tico Huila visitar\u00e1 a Real Cartagena en juego por la segunda fecha del torneo del segundo semestre de la Primera B.\" \/>\n<meta property=\"og:url\" content=\"https:\/\/luchonoticias.com\/editor\/atletico-huila-buscara-los-tres-puntos-ante-el-real-cartagena\/\" \/>\n<meta property=\"article:publisher\" content=\"https:\/\/www.facebook.com\/luchonoticiasneiva\" \/>\n<meta property=\"article:published_time\" content=\"2024-07-26T12:06:30+00:00\" \/>\n<meta property=\"og:image\" content=\"https:\/\/luchonoticias.com\/editor\/wp-content\/uploads\/2024\/07\/atletico-huila-1.jpg\" \/>\n\t<meta property=\"og:image:width\" content=\"700\" \/>\n\t<meta property=\"og:image:height\" content=\"400\" \/>\n\t<meta property=\"og:image:type\" content=\"image\/jpeg\" \/>\n<meta name=\"author\" content=\"Editor General\" \/>\n<meta name=\"twitter:card\" content=\"summary_large_image\" \/>\n<meta name=\"twitter:label1\" content=\"Escrito por\" \/>\n\t<meta name=\"twitter:data1\" content=\"Editor General\" \/>\n\t<meta name=\"twitter:label2\" content=\"Tiempo de lectura\" \/>\n\t<meta name=\"twitter:data2\" content=\"1 minuto\" \/>\n<script type=\"application\/ld+json\" class=\"yoast-schema-graph\">{\"@context\":\"https:\/\/schema.org\",\"@graph\":[{\"@type\":\"Article\",\"@id\":\"https:\/\/luchonoticias.com\/editor\/atletico-huila-buscara-los-tres-puntos-ante-el-real-cartagena\/#article\",\"isPartOf\":{\"@id\":\"https:\/\/luchonoticias.com\/editor\/atletico-huila-buscara-los-tres-puntos-ante-el-real-cartagena\/\"},\"author\":{\"name\":\"Editor General\",\"@id\":\"https:\/\/luchonoticias.com\/editor\/#\/schema\/person\/29217990ddf6f14e35912b2866d591fb\"},\"headline\":\"Atl\u00e9tico Huila buscar\u00e1 los tres puntos ante el Real Cartagena\",\"datePublished\":\"2024-07-26T12:06:30+00:00\",\"mainEntityOfPage\":{\"@id\":\"https:\/\/luchonoticias.com\/editor\/atletico-huila-buscara-los-tres-puntos-ante-el-real-cartagena\/\"},\"wordCount\":159,\"publisher\":{\"@id\":\"https:\/\/luchonoticias.com\/editor\/#\/schema\/person\/7a7fd911f58561fd056dbac7b55af9cd\"},\"image\":{\"@id\":\"https:\/\/luchonoticias.com\/editor\/atletico-huila-buscara-los-tres-puntos-ante-el-real-cartagena\/#primaryimage\"},\"thumbnailUrl\":\"https:\/\/luchonoticias.com\/editor\/wp-content\/uploads\/2024\/07\/atletico-huila-1.jpg\",\"articleSection\":[\"Deportes\"],\"inLanguage\":\"es\"},{\"@type\":\"WebPage\",\"@id\":\"https:\/\/luchonoticias.com\/editor\/atletico-huila-buscara-los-tres-puntos-ante-el-real-cartagena\/\",\"url\":\"https:\/\/luchonoticias.com\/editor\/atletico-huila-buscara-los-tres-puntos-ante-el-real-cartagena\/\",\"name\":\"Atl\u00e9tico Huila buscar\u00e1 los tres puntos ante el Real Cartagena -\",\"isPartOf\":{\"@id\":\"https:\/\/luchonoticias.com\/editor\/#website\"},\"primaryImageOfPage\":{\"@id\":\"https:\/\/luchonoticias.com\/editor\/atletico-huila-buscara-los-tres-puntos-ante-el-real-cartagena\/#primaryimage\"},\"image\":{\"@id\":\"https:\/\/luchonoticias.com\/editor\/atletico-huila-buscara-los-tres-puntos-ante-el-real-cartagena\/#primaryimage\"},\"thumbnailUrl\":\"https:\/\/luchonoticias.com\/editor\/wp-content\/uploads\/2024\/07\/atletico-huila-1.jpg\",\"datePublished\":\"2024-07-26T12:06:30+00:00\",\"description\":\"Hoy a las 7:30 de la noche el Atl\u00e9tico Huila visitar\u00e1 a Real Cartagena en juego por la segunda fecha del torneo del segundo semestre de la Primera B.\",\"breadcrumb\":{\"@id\":\"https:\/\/luchonoticias.com\/editor\/atletico-huila-buscara-los-tres-puntos-ante-el-real-cartagena\/#breadcrumb\"},\"inLanguage\":\"es\",\"potentialAction\":[{\"@type\":\"ReadAction\",\"target\":[\"https:\/\/luchonoticias.com\/editor\/atletico-huila-buscara-los-tres-puntos-ante-el-real-cartagena\/\"]}]},{\"@type\":\"ImageObject\",\"inLanguage\":\"es\",\"@id\":\"https:\/\/luchonoticias.com\/editor\/atletico-huila-buscara-los-tres-puntos-ante-el-real-cartagena\/#primaryimage\",\"url\":\"https:\/\/luchonoticias.com\/editor\/wp-content\/uploads\/2024\/07\/atletico-huila-1.jpg\",\"contentUrl\":\"https:\/\/luchonoticias.com\/editor\/wp-content\/uploads\/2024\/07\/atletico-huila-1.jpg\",\"width\":700,\"height\":400},{\"@type\":\"BreadcrumbList\",\"@id\":\"https:\/\/luchonoticias.com\/editor\/atletico-huila-buscara-los-tres-puntos-ante-el-real-cartagena\/#breadcrumb\",\"itemListElement\":[{\"@type\":\"ListItem\",\"position\":1,\"name\":\"Portada\",\"item\":\"https:\/\/luchonoticias.com\/editor\/\"},{\"@type\":\"ListItem\",\"position\":2,\"name\":\"Atl\u00e9tico Huila buscar\u00e1 los tres puntos ante el Real Cartagena\"}]},{\"@type\":\"WebSite\",\"@id\":\"https:\/\/luchonoticias.com\/editor\/#website\",\"url\":\"https:\/\/luchonoticias.com\/editor\/\",\"name\":\"\",\"description\":\"\",\"publisher\":{\"@id\":\"https:\/\/luchonoticias.com\/editor\/#\/schema\/person\/7a7fd911f58561fd056dbac7b55af9cd\"},\"potentialAction\":[{\"@type\":\"SearchAction\",\"target\":{\"@type\":\"EntryPoint\",\"urlTemplate\":\"https:\/\/luchonoticias.com\/editor\/?s={search_term_string}\"},\"query-input\":{\"@type\":\"PropertyValueSpecification\",\"valueRequired\":true,\"valueName\":\"search_term_string\"}}],\"inLanguage\":\"es\"},{\"@type\":[\"Person\",\"Organization\"],\"@id\":\"https:\/\/luchonoticias.com\/editor\/#\/schema\/person\/7a7fd911f58561fd056dbac7b55af9cd\",\"name\":\"admin\",\"image\":{\"@type\":\"ImageObject\",\"inLanguage\":\"es\",\"@id\":\"https:\/\/luchonoticias.com\/editor\/#\/schema\/person\/image\/\",\"url\":\"https:\/\/luchonoticias.com\/editor\/wp-content\/uploads\/2024\/02\/cropped-cropped-logolu.webp\",\"contentUrl\":\"https:\/\/luchonoticias.com\/editor\/wp-content\/uploads\/2024\/02\/cropped-cropped-logolu.webp\",\"width\":382,\"height\":170,\"caption\":\"admin\"},\"logo\":{\"@id\":\"https:\/\/luchonoticias.com\/editor\/#\/schema\/person\/image\/\"},\"sameAs\":[\"https:\/\/www.facebook.com\/luchonoticiasneiva\"]},{\"@type\":\"Person\",\"@id\":\"https:\/\/luchonoticias.com\/editor\/#\/schema\/person\/29217990ddf6f14e35912b2866d591fb\",\"name\":\"Editor General\",\"image\":{\"@type\":\"ImageObject\",\"inLanguage\":\"es\",\"@id\":\"https:\/\/luchonoticias.com\/editor\/#\/schema\/person\/image\/\",\"url\":\"https:\/\/luchonoticias.com\/editor\/wp-content\/uploads\/2024\/02\/cropped-cropped-logolu-150x150.webp\",\"contentUrl\":\"https:\/\/luchonoticias.com\/editor\/wp-content\/uploads\/2024\/02\/cropped-cropped-logolu-150x150.webp\",\"caption\":\"Editor General\"},\"sameAs\":[\"https:\/\/luchonoticias.com\/\"],\"url\":\"https:\/\/luchonoticias.com\/editor\/author\/editor-general\/\"}]}<\/script>\n<!-- \/ Yoast SEO plugin. -->","yoast_head_json":{"title":"Atl\u00e9tico Huila buscar\u00e1 los tres puntos ante el Real Cartagena -","description":"Hoy a las 7:30 de la noche el Atl\u00e9tico Huila visitar\u00e1 a Real Cartagena en juego por la segunda fecha del torneo del segundo semestre de la Primera B.","robots":{"index":"index","follow":"follow","max-snippet":"max-snippet:-1","max-image-preview":"max-image-preview:large","max-video-preview":"max-video-preview:-1"},"canonical":"https:\/\/luchonoticias.com\/editor\/atletico-huila-buscara-los-tres-puntos-ante-el-real-cartagena\/","og_locale":"es_ES","og_type":"article","og_title":"Atl\u00e9tico Huila buscar\u00e1 los tres puntos ante el Real Cartagena -","og_description":"Hoy a las 7:30 de la noche el Atl\u00e9tico Huila visitar\u00e1 a Real Cartagena en juego por la segunda fecha del torneo del segundo semestre de la Primera B.","og_url":"https:\/\/luchonoticias.com\/editor\/atletico-huila-buscara-los-tres-puntos-ante-el-real-cartagena\/","article_publisher":"https:\/\/www.facebook.com\/luchonoticiasneiva","article_published_time":"2024-07-26T12:06:30+00:00","og_image":[{"width":700,"height":400,"url":"https:\/\/luchonoticias.com\/editor\/wp-content\/uploads\/2024\/07\/atletico-huila-1.jpg","type":"image\/jpeg"}],"author":"Editor General","twitter_card":"summary_large_image","twitter_misc":{"Escrito por":"Editor General","Tiempo de lectura":"1 minuto"},"schema":{"@context":"https:\/\/schema.org","@graph":[{"@type":"Article","@id":"https:\/\/luchonoticias.com\/editor\/atletico-huila-buscara-los-tres-puntos-ante-el-real-cartagena\/#article","isPartOf":{"@id":"https:\/\/luchonoticias.com\/editor\/atletico-huila-buscara-los-tres-puntos-ante-el-real-cartagena\/"},"author":{"name":"Editor General","@id":"https:\/\/luchonoticias.com\/editor\/#\/schema\/person\/29217990ddf6f14e35912b2866d591fb"},"headline":"Atl\u00e9tico Huila buscar\u00e1 los tres puntos ante el Real Cartagena","datePublished":"2024-07-26T12:06:30+00:00","mainEntityOfPage":{"@id":"https:\/\/luchonoticias.com\/editor\/atletico-huila-buscara-los-tres-puntos-ante-el-real-cartagena\/"},"wordCount":159,"publisher":{"@id":"https:\/\/luchonoticias.com\/editor\/#\/schema\/person\/7a7fd911f58561fd056dbac7b55af9cd"},"image":{"@id":"https:\/\/luchonoticias.com\/editor\/atletico-huila-buscara-los-tres-puntos-ante-el-real-cartagena\/#primaryimage"},"thumbnailUrl":"https:\/\/luchonoticias.com\/editor\/wp-content\/uploads\/2024\/07\/atletico-huila-1.jpg","articleSection":["Deportes"],"inLanguage":"es"},{"@type":"WebPage","@id":"https:\/\/luchonoticias.com\/editor\/atletico-huila-buscara-los-tres-puntos-ante-el-real-cartagena\/","url":"https:\/\/luchonoticias.com\/editor\/atletico-huila-buscara-los-tres-puntos-ante-el-real-cartagena\/","name":"Atl\u00e9tico Huila buscar\u00e1 los tres puntos ante el Real Cartagena -","isPartOf":{"@id":"https:\/\/luchonoticias.com\/editor\/#website"},"primaryImageOfPage":{"@id":"https:\/\/luchonoticias.com\/editor\/atletico-huila-buscara-los-tres-puntos-ante-el-real-cartagena\/#primaryimage"},"image":{"@id":"https:\/\/luchonoticias.com\/editor\/atletico-huila-buscara-los-tres-puntos-ante-el-real-cartagena\/#primaryimage"},"thumbnailUrl":"https:\/\/luchonoticias.com\/editor\/wp-content\/uploads\/2024\/07\/atletico-huila-1.jpg","datePublished":"2024-07-26T12:06:30+00:00","description":"Hoy a las 7:30 de la noche el Atl\u00e9tico Huila visitar\u00e1 a Real Cartagena en juego por la segunda fecha del torneo del segundo semestre de la Primera B.","breadcrumb":{"@id":"https:\/\/luchonoticias.com\/editor\/atletico-huila-buscara-los-tres-puntos-ante-el-real-cartagena\/#breadcrumb"},"inLanguage":"es","potentialAction":[{"@type":"ReadAction","target":["https:\/\/luchonoticias.com\/editor\/atletico-huila-buscara-los-tres-puntos-ante-el-real-cartagena\/"]}]},{"@type":"ImageObject","inLanguage":"es","@id":"https:\/\/luchonoticias.com\/editor\/atletico-huila-buscara-los-tres-puntos-ante-el-real-cartagena\/#primaryimage","url":"https:\/\/luchonoticias.com\/editor\/wp-content\/uploads\/2024\/07\/atletico-huila-1.jpg","contentUrl":"https:\/\/luchonoticias.com\/editor\/wp-content\/uploads\/2024\/07\/atletico-huila-1.jpg","width":700,"height":400},{"@type":"BreadcrumbList","@id":"https:\/\/luchonoticias.com\/editor\/atletico-huila-buscara-los-tres-puntos-ante-el-real-cartagena\/#breadcrumb","itemListElement":[{"@type":"ListItem","position":1,"name":"Portada","item":"https:\/\/luchonoticias.com\/editor\/"},{"@type":"ListItem","position":2,"name":"Atl\u00e9tico Huila buscar\u00e1 los tres puntos ante el Real Cartagena"}]},{"@type":"WebSite","@id":"https:\/\/luchonoticias.com\/editor\/#website","url":"https:\/\/luchonoticias.com\/editor\/","name":"","description":"","publisher":{"@id":"https:\/\/luchonoticias.com\/editor\/#\/schema\/person\/7a7fd911f58561fd056dbac7b55af9cd"},"potentialAction":[{"@type":"SearchAction","target":{"@type":"EntryPoint","urlTemplate":"https:\/\/luchonoticias.com\/editor\/?s={search_term_string}"},"query-input":{"@type":"PropertyValueSpecification","valueRequired":true,"valueName":"search_term_string"}}],"inLanguage":"es"},{"@type":["Person","Organization"],"@id":"https:\/\/luchonoticias.com\/editor\/#\/schema\/person\/7a7fd911f58561fd056dbac7b55af9cd","name":"admin","image":{"@type":"ImageObject","inLanguage":"es","@id":"https:\/\/luchonoticias.com\/editor\/#\/schema\/person\/image\/","url":"https:\/\/luchonoticias.com\/editor\/wp-content\/uploads\/2024\/02\/cropped-cropped-logolu.webp","contentUrl":"https:\/\/luchonoticias.com\/editor\/wp-content\/uploads\/2024\/02\/cropped-cropped-logolu.webp","width":382,"height":170,"caption":"admin"},"logo":{"@id":"https:\/\/luchonoticias.com\/editor\/#\/schema\/person\/image\/"},"sameAs":["https:\/\/www.facebook.com\/luchonoticiasneiva"]},{"@type":"Person","@id":"https:\/\/luchonoticias.com\/editor\/#\/schema\/person\/29217990ddf6f14e35912b2866d591fb","name":"Editor General","image":{"@type":"ImageObject","inLanguage":"es","@id":"https:\/\/luchonoticias.com\/editor\/#\/schema\/person\/image\/","url":"https:\/\/luchonoticias.com\/editor\/wp-content\/uploads\/2024\/02\/cropped-cropped-logolu-150x150.webp","contentUrl":"https:\/\/luchonoticias.com\/editor\/wp-content\/uploads\/2024\/02\/cropped-cropped-logolu-150x150.webp","caption":"Editor General"},"sameAs":["https:\/\/luchonoticias.com\/"],"url":"https:\/\/luchonoticias.com\/editor\/author\/editor-general\/"}]}},"_links":{"self":[{"href":"https:\/\/luchonoticias.com\/editor\/wp-json\/wp\/v2\/posts\/75332","targetHints":{"allow":["GET"]}}],"collection":[{"href":"https:\/\/luchonoticias.com\/editor\/wp-json\/wp\/v2\/posts"}],"about":[{"href":"https:\/\/luchonoticias.com\/editor\/wp-json\/wp\/v2\/types\/post"}],"author":[{"embeddable":true,"href":"https:\/\/luchonoticias.com\/editor\/wp-json\/wp\/v2\/users\/2"}],"replies":[{"embeddable":true,"href":"https:\/\/luchonoticias.com\/editor\/wp-json\/wp\/v2\/comments?post=75332"}],"version-history":[{"count":2,"href":"https:\/\/luchonoticias.com\/editor\/wp-json\/wp\/v2\/posts\/75332\/revisions"}],"predecessor-version":[{"id":75335,"href":"https:\/\/luchonoticias.com\/editor\/wp-json\/wp\/v2\/posts\/75332\/revisions\/75335"}],"wp:featuredmedia":[{"embeddable":true,"href":"https:\/\/luchonoticias.com\/editor\/wp-json\/wp\/v2\/media\/75333"}],"wp:attachment":[{"href":"https:\/\/luchonoticias.com\/editor\/wp-json\/wp\/v2\/media?parent=75332"}],"wp:term":[{"taxonomy":"category","embeddable":true,"href":"https:\/\/luchonoticias.com\/editor\/wp-json\/wp\/v2\/categories?post=75332"},{"taxonomy":"post_tag","embeddable":true,"href":"https:\/\/luchonoticias.com\/editor\/wp-json\/wp\/v2\/tags?post=75332"}],"curies":[{"name":"wp","href":"https:\/\/api.w.org\/{rel}","templated":true}]}}