{"id":75336,"date":"2024-07-26T07:10:05","date_gmt":"2024-07-26T12:10:05","guid":{"rendered":"https:\/\/luchonoticias.com\/?p=75336"},"modified":"2024-07-26T07:10:05","modified_gmt":"2024-07-26T12:10:05","slug":"balance-del-dia-sin-carro-y-sin-moto-en-neiva","status":"publish","type":"post","link":"https:\/\/luchonoticias.com\/editor\/balance-del-dia-sin-carro-y-sin-moto-en-neiva\/","title":{"rendered":"Balance del D\u00eda sin Carro y sin Moto en Neiva"},"content":{"rendered":"<p>Bajo el Decreto 0889 de 2023, la Administraci\u00f3n Municipal dio cumplimiento al primer d\u00eda sin carro y sin moto sancionatorio en la capital del Huila.<\/p>\n<p>La jornada, que inici\u00f3 a las 6 a.m. brind\u00f3 reducci\u00f3n de la contaminaci\u00f3n ambiental y espacios mucho m\u00e1s sanos para todos aquellos que decidieron movilizarse de manera alternativa, as\u00ed como un elevado n\u00famero de personas que quisieron transportarse con Migo.<\/p>\n<p>Andr\u00e9s Mauricio Mu\u00f1oz es comerciante de la ciudad de Neiva y hoy decidi\u00f3 movilizarse en bicicleta, para \u00e9l, la medida es positiva. \u201cMe ha parecido excelente, primero que todo por la ayuda ambiental y tambi\u00e9n porque todo est\u00e1 m\u00e1s tranquilo\u201d.<\/p>\n<p>Desde la Secretar\u00eda de Movilidad se dispuso de un total de 80 agentes de tr\u00e1nsito ubicados en 10 puntos fijos distribuidos en toda la ciudad y grupos de reacci\u00f3n que estuvieron haciendo visitas en los barrios, para garantizar el cumplimento de la medida.<\/p>\n<p>\u201cTuvimos un total de 225 comparendos de los cuales se generaron 75 inmovilizaciones para motocicletas y para carros 24 inmovilizaciones, es decir 225 comparendos por infringir el c\u00f3digo C14 correspondiente a circular en horarios no permitidos. Tenemos las cifras comparativas con la \u00faltima jornada de d\u00eda sin carro en la ciudad, la cual nos report\u00f3 294 comparendos\u201d, explic\u00f3 Edna Johanna Cruz, secretaria de Movilidad.<\/p>\n<p>Seg\u00fan reportaron los operadores del Sistema Estrat\u00e9gico de Transporte Migo, un total de 87.415 usuarios se movilizaron en transporte p\u00fablico tipo colectivo en la ciudad, siendo una cifra bastante positiva, pues un jueves promedio, cerca de 38.000 personas usan colectivo en el Municipio.<\/p>\n<p>Asimismo, desde la cartera de Medio Ambiente en coordinaci\u00f3n con la Corporaci\u00f3n Aut\u00f3noma del Alto Magdalena, CAM, se coordin\u00f3 personal que realiz\u00f3 la medici\u00f3n del ruido en todo el Municipio y la medici\u00f3n de gases en los veh\u00edculos que fueron requeridos en los puestos de control.<\/p>\n<p>Con base en lo anterior, la Secretar\u00eda de Medio Ambiente a trav\u00e9s de un an\u00e1lisis previo entreg\u00f3 como balance que, \u201cel d\u00eda 18 de julio se movilizaron o hicieron tr\u00e1nsito por estos puntos de acuerdo al conteo vehicular, 46.258 veh\u00edculos comparado con el d\u00eda de hoy, en estos mismos puntos, se movilizaron 12.903, teniendo una reducci\u00f3n de 33.355 veh\u00edculos\u201d, expres\u00f3 el secretario de Medio Ambiente, Andr\u00e9s Felipe Buitrago.<\/p>\n<p>Si bien existe otro d\u00eda sin carro y sin moto sancionatorio para la ciudad en la vigencia 2024, la Alcald\u00eda de Neiva se ha comprometido a realizar mesas de concertaci\u00f3n con todos los gremios interesados, con el fin de tomar acciones que beneficien a todas las partes.<\/p>\n<p>La Administraci\u00f3n Municipal aplaude el buen comportamiento de la comunidad y la disposici\u00f3n para usar transporte alternativo, reportando el d\u00eda de hoy 1.385 bicicletas, patinetas, patines, entre otros transportes alternativos que motivan el deporte y la actividad f\u00edsica.<\/p>\n","protected":false},"excerpt":{"rendered":"<p>Positivo balance dej\u00f3 la jornada del d\u00eda sin carro y sin moto, en el que la ciudadan\u00eda respet\u00f3 la medida y se foment\u00f3 el uso del transporte p\u00fablico y alternativo. Un total de 225 comparendos y 99 inmovilizaciones report\u00f3 la cartera de Movilidad durante las 12 horas de la jornada.<\/p>\n","protected":false},"author":2,"featured_media":75337,"comment_status":"closed","ping_status":"open","sticky":false,"template":"","format":"standard","meta":{"footnotes":""},"categories":[31],"tags":[],"class_list":["post-75336","post","type-post","status-publish","format-standard","has-post-thumbnail","hentry","category-local"],"yoast_head":"<!-- This site is optimized with the Yoast SEO plugin v26.6 - https:\/\/yoast.com\/wordpress\/plugins\/seo\/ -->\n<title>Balance del D\u00eda sin Carro y sin Moto en Neiva -<\/title>\n<meta name=\"description\" content=\"Positivo balance dej\u00f3 la jornada del d\u00eda sin carro y sin moto, en el que la ciudadan\u00eda respet\u00f3 la medida y se foment\u00f3 el uso del transporte p\u00fablico y alternativo. Un total de 225 comparendos y 99 inmovilizaciones report\u00f3 la cartera de Movilidad durante las 12 horas de la jornada.\" \/>\n<meta name=\"robots\" content=\"index, follow, max-snippet:-1, max-image-preview:large, max-video-preview:-1\" \/>\n<link rel=\"canonical\" href=\"https:\/\/luchonoticias.com\/editor\/balance-del-dia-sin-carro-y-sin-moto-en-neiva\/\" \/>\n<meta property=\"og:locale\" content=\"es_ES\" \/>\n<meta property=\"og:type\" content=\"article\" \/>\n<meta property=\"og:title\" content=\"Balance del D\u00eda sin Carro y sin Moto en Neiva -\" \/>\n<meta property=\"og:description\" content=\"Positivo balance dej\u00f3 la jornada del d\u00eda sin carro y sin moto, en el que la ciudadan\u00eda respet\u00f3 la medida y se foment\u00f3 el uso del transporte p\u00fablico y alternativo. Un total de 225 comparendos y 99 inmovilizaciones report\u00f3 la cartera de Movilidad durante las 12 horas de la jornada.\" \/>\n<meta property=\"og:url\" content=\"https:\/\/luchonoticias.com\/editor\/balance-del-dia-sin-carro-y-sin-moto-en-neiva\/\" \/>\n<meta property=\"article:publisher\" content=\"https:\/\/www.facebook.com\/luchonoticiasneiva\" \/>\n<meta property=\"article:published_time\" content=\"2024-07-26T12:10:05+00:00\" \/>\n<meta property=\"og:image\" content=\"https:\/\/luchonoticias.com\/editor\/wp-content\/uploads\/2024\/07\/dia-sin-carro.jpg\" \/>\n\t<meta property=\"og:image:width\" content=\"700\" \/>\n\t<meta property=\"og:image:height\" content=\"400\" \/>\n\t<meta property=\"og:image:type\" content=\"image\/jpeg\" \/>\n<meta name=\"author\" content=\"Editor General\" \/>\n<meta name=\"twitter:card\" content=\"summary_large_image\" \/>\n<meta name=\"twitter:label1\" content=\"Escrito por\" \/>\n\t<meta name=\"twitter:data1\" content=\"Editor General\" \/>\n\t<meta name=\"twitter:label2\" content=\"Tiempo de lectura\" \/>\n\t<meta name=\"twitter:data2\" content=\"3 minutos\" \/>\n<script type=\"application\/ld+json\" class=\"yoast-schema-graph\">{\"@context\":\"https:\/\/schema.org\",\"@graph\":[{\"@type\":\"Article\",\"@id\":\"https:\/\/luchonoticias.com\/editor\/balance-del-dia-sin-carro-y-sin-moto-en-neiva\/#article\",\"isPartOf\":{\"@id\":\"https:\/\/luchonoticias.com\/editor\/balance-del-dia-sin-carro-y-sin-moto-en-neiva\/\"},\"author\":{\"name\":\"Editor General\",\"@id\":\"https:\/\/luchonoticias.com\/editor\/#\/schema\/person\/29217990ddf6f14e35912b2866d591fb\"},\"headline\":\"Balance del D\u00eda sin Carro y sin Moto en Neiva\",\"datePublished\":\"2024-07-26T12:10:05+00:00\",\"mainEntityOfPage\":{\"@id\":\"https:\/\/luchonoticias.com\/editor\/balance-del-dia-sin-carro-y-sin-moto-en-neiva\/\"},\"wordCount\":489,\"publisher\":{\"@id\":\"https:\/\/luchonoticias.com\/editor\/#\/schema\/person\/7a7fd911f58561fd056dbac7b55af9cd\"},\"image\":{\"@id\":\"https:\/\/luchonoticias.com\/editor\/balance-del-dia-sin-carro-y-sin-moto-en-neiva\/#primaryimage\"},\"thumbnailUrl\":\"https:\/\/luchonoticias.com\/editor\/wp-content\/uploads\/2024\/07\/dia-sin-carro.jpg\",\"articleSection\":[\"Local\"],\"inLanguage\":\"es\"},{\"@type\":\"WebPage\",\"@id\":\"https:\/\/luchonoticias.com\/editor\/balance-del-dia-sin-carro-y-sin-moto-en-neiva\/\",\"url\":\"https:\/\/luchonoticias.com\/editor\/balance-del-dia-sin-carro-y-sin-moto-en-neiva\/\",\"name\":\"Balance del D\u00eda sin Carro y sin Moto en Neiva -\",\"isPartOf\":{\"@id\":\"https:\/\/luchonoticias.com\/editor\/#website\"},\"primaryImageOfPage\":{\"@id\":\"https:\/\/luchonoticias.com\/editor\/balance-del-dia-sin-carro-y-sin-moto-en-neiva\/#primaryimage\"},\"image\":{\"@id\":\"https:\/\/luchonoticias.com\/editor\/balance-del-dia-sin-carro-y-sin-moto-en-neiva\/#primaryimage\"},\"thumbnailUrl\":\"https:\/\/luchonoticias.com\/editor\/wp-content\/uploads\/2024\/07\/dia-sin-carro.jpg\",\"datePublished\":\"2024-07-26T12:10:05+00:00\",\"description\":\"Positivo balance dej\u00f3 la jornada del d\u00eda sin carro y sin moto, en el que la ciudadan\u00eda respet\u00f3 la medida y se foment\u00f3 el uso del transporte p\u00fablico y alternativo. Un total de 225 comparendos y 99 inmovilizaciones report\u00f3 la cartera de Movilidad durante las 12 horas de la jornada.\",\"breadcrumb\":{\"@id\":\"https:\/\/luchonoticias.com\/editor\/balance-del-dia-sin-carro-y-sin-moto-en-neiva\/#breadcrumb\"},\"inLanguage\":\"es\",\"potentialAction\":[{\"@type\":\"ReadAction\",\"target\":[\"https:\/\/luchonoticias.com\/editor\/balance-del-dia-sin-carro-y-sin-moto-en-neiva\/\"]}]},{\"@type\":\"ImageObject\",\"inLanguage\":\"es\",\"@id\":\"https:\/\/luchonoticias.com\/editor\/balance-del-dia-sin-carro-y-sin-moto-en-neiva\/#primaryimage\",\"url\":\"https:\/\/luchonoticias.com\/editor\/wp-content\/uploads\/2024\/07\/dia-sin-carro.jpg\",\"contentUrl\":\"https:\/\/luchonoticias.com\/editor\/wp-content\/uploads\/2024\/07\/dia-sin-carro.jpg\",\"width\":700,\"height\":400},{\"@type\":\"BreadcrumbList\",\"@id\":\"https:\/\/luchonoticias.com\/editor\/balance-del-dia-sin-carro-y-sin-moto-en-neiva\/#breadcrumb\",\"itemListElement\":[{\"@type\":\"ListItem\",\"position\":1,\"name\":\"Portada\",\"item\":\"https:\/\/luchonoticias.com\/editor\/\"},{\"@type\":\"ListItem\",\"position\":2,\"name\":\"Balance del D\u00eda sin Carro y sin Moto en Neiva\"}]},{\"@type\":\"WebSite\",\"@id\":\"https:\/\/luchonoticias.com\/editor\/#website\",\"url\":\"https:\/\/luchonoticias.com\/editor\/\",\"name\":\"\",\"description\":\"\",\"publisher\":{\"@id\":\"https:\/\/luchonoticias.com\/editor\/#\/schema\/person\/7a7fd911f58561fd056dbac7b55af9cd\"},\"potentialAction\":[{\"@type\":\"SearchAction\",\"target\":{\"@type\":\"EntryPoint\",\"urlTemplate\":\"https:\/\/luchonoticias.com\/editor\/?s={search_term_string}\"},\"query-input\":{\"@type\":\"PropertyValueSpecification\",\"valueRequired\":true,\"valueName\":\"search_term_string\"}}],\"inLanguage\":\"es\"},{\"@type\":[\"Person\",\"Organization\"],\"@id\":\"https:\/\/luchonoticias.com\/editor\/#\/schema\/person\/7a7fd911f58561fd056dbac7b55af9cd\",\"name\":\"admin\",\"image\":{\"@type\":\"ImageObject\",\"inLanguage\":\"es\",\"@id\":\"https:\/\/luchonoticias.com\/editor\/#\/schema\/person\/image\/\",\"url\":\"https:\/\/luchonoticias.com\/editor\/wp-content\/uploads\/2024\/02\/cropped-cropped-logolu.webp\",\"contentUrl\":\"https:\/\/luchonoticias.com\/editor\/wp-content\/uploads\/2024\/02\/cropped-cropped-logolu.webp\",\"width\":382,\"height\":170,\"caption\":\"admin\"},\"logo\":{\"@id\":\"https:\/\/luchonoticias.com\/editor\/#\/schema\/person\/image\/\"},\"sameAs\":[\"https:\/\/www.facebook.com\/luchonoticiasneiva\"]},{\"@type\":\"Person\",\"@id\":\"https:\/\/luchonoticias.com\/editor\/#\/schema\/person\/29217990ddf6f14e35912b2866d591fb\",\"name\":\"Editor General\",\"image\":{\"@type\":\"ImageObject\",\"inLanguage\":\"es\",\"@id\":\"https:\/\/luchonoticias.com\/editor\/#\/schema\/person\/image\/\",\"url\":\"https:\/\/luchonoticias.com\/editor\/wp-content\/uploads\/2024\/02\/cropped-cropped-logolu-150x150.webp\",\"contentUrl\":\"https:\/\/luchonoticias.com\/editor\/wp-content\/uploads\/2024\/02\/cropped-cropped-logolu-150x150.webp\",\"caption\":\"Editor General\"},\"sameAs\":[\"https:\/\/luchonoticias.com\/\"],\"url\":\"https:\/\/luchonoticias.com\/editor\/author\/editor-general\/\"}]}<\/script>\n<!-- \/ Yoast SEO plugin. -->","yoast_head_json":{"title":"Balance del D\u00eda sin Carro y sin Moto en Neiva -","description":"Positivo balance dej\u00f3 la jornada del d\u00eda sin carro y sin moto, en el que la ciudadan\u00eda respet\u00f3 la medida y se foment\u00f3 el uso del transporte p\u00fablico y alternativo. Un total de 225 comparendos y 99 inmovilizaciones report\u00f3 la cartera de Movilidad durante las 12 horas de la jornada.","robots":{"index":"index","follow":"follow","max-snippet":"max-snippet:-1","max-image-preview":"max-image-preview:large","max-video-preview":"max-video-preview:-1"},"canonical":"https:\/\/luchonoticias.com\/editor\/balance-del-dia-sin-carro-y-sin-moto-en-neiva\/","og_locale":"es_ES","og_type":"article","og_title":"Balance del D\u00eda sin Carro y sin Moto en Neiva -","og_description":"Positivo balance dej\u00f3 la jornada del d\u00eda sin carro y sin moto, en el que la ciudadan\u00eda respet\u00f3 la medida y se foment\u00f3 el uso del transporte p\u00fablico y alternativo. Un total de 225 comparendos y 99 inmovilizaciones report\u00f3 la cartera de Movilidad durante las 12 horas de la jornada.","og_url":"https:\/\/luchonoticias.com\/editor\/balance-del-dia-sin-carro-y-sin-moto-en-neiva\/","article_publisher":"https:\/\/www.facebook.com\/luchonoticiasneiva","article_published_time":"2024-07-26T12:10:05+00:00","og_image":[{"width":700,"height":400,"url":"https:\/\/luchonoticias.com\/editor\/wp-content\/uploads\/2024\/07\/dia-sin-carro.jpg","type":"image\/jpeg"}],"author":"Editor General","twitter_card":"summary_large_image","twitter_misc":{"Escrito por":"Editor General","Tiempo de lectura":"3 minutos"},"schema":{"@context":"https:\/\/schema.org","@graph":[{"@type":"Article","@id":"https:\/\/luchonoticias.com\/editor\/balance-del-dia-sin-carro-y-sin-moto-en-neiva\/#article","isPartOf":{"@id":"https:\/\/luchonoticias.com\/editor\/balance-del-dia-sin-carro-y-sin-moto-en-neiva\/"},"author":{"name":"Editor General","@id":"https:\/\/luchonoticias.com\/editor\/#\/schema\/person\/29217990ddf6f14e35912b2866d591fb"},"headline":"Balance del D\u00eda sin Carro y sin Moto en Neiva","datePublished":"2024-07-26T12:10:05+00:00","mainEntityOfPage":{"@id":"https:\/\/luchonoticias.com\/editor\/balance-del-dia-sin-carro-y-sin-moto-en-neiva\/"},"wordCount":489,"publisher":{"@id":"https:\/\/luchonoticias.com\/editor\/#\/schema\/person\/7a7fd911f58561fd056dbac7b55af9cd"},"image":{"@id":"https:\/\/luchonoticias.com\/editor\/balance-del-dia-sin-carro-y-sin-moto-en-neiva\/#primaryimage"},"thumbnailUrl":"https:\/\/luchonoticias.com\/editor\/wp-content\/uploads\/2024\/07\/dia-sin-carro.jpg","articleSection":["Local"],"inLanguage":"es"},{"@type":"WebPage","@id":"https:\/\/luchonoticias.com\/editor\/balance-del-dia-sin-carro-y-sin-moto-en-neiva\/","url":"https:\/\/luchonoticias.com\/editor\/balance-del-dia-sin-carro-y-sin-moto-en-neiva\/","name":"Balance del D\u00eda sin Carro y sin Moto en Neiva -","isPartOf":{"@id":"https:\/\/luchonoticias.com\/editor\/#website"},"primaryImageOfPage":{"@id":"https:\/\/luchonoticias.com\/editor\/balance-del-dia-sin-carro-y-sin-moto-en-neiva\/#primaryimage"},"image":{"@id":"https:\/\/luchonoticias.com\/editor\/balance-del-dia-sin-carro-y-sin-moto-en-neiva\/#primaryimage"},"thumbnailUrl":"https:\/\/luchonoticias.com\/editor\/wp-content\/uploads\/2024\/07\/dia-sin-carro.jpg","datePublished":"2024-07-26T12:10:05+00:00","description":"Positivo balance dej\u00f3 la jornada del d\u00eda sin carro y sin moto, en el que la ciudadan\u00eda respet\u00f3 la medida y se foment\u00f3 el uso del transporte p\u00fablico y alternativo. Un total de 225 comparendos y 99 inmovilizaciones report\u00f3 la cartera de Movilidad durante las 12 horas de la jornada.","breadcrumb":{"@id":"https:\/\/luchonoticias.com\/editor\/balance-del-dia-sin-carro-y-sin-moto-en-neiva\/#breadcrumb"},"inLanguage":"es","potentialAction":[{"@type":"ReadAction","target":["https:\/\/luchonoticias.com\/editor\/balance-del-dia-sin-carro-y-sin-moto-en-neiva\/"]}]},{"@type":"ImageObject","inLanguage":"es","@id":"https:\/\/luchonoticias.com\/editor\/balance-del-dia-sin-carro-y-sin-moto-en-neiva\/#primaryimage","url":"https:\/\/luchonoticias.com\/editor\/wp-content\/uploads\/2024\/07\/dia-sin-carro.jpg","contentUrl":"https:\/\/luchonoticias.com\/editor\/wp-content\/uploads\/2024\/07\/dia-sin-carro.jpg","width":700,"height":400},{"@type":"BreadcrumbList","@id":"https:\/\/luchonoticias.com\/editor\/balance-del-dia-sin-carro-y-sin-moto-en-neiva\/#breadcrumb","itemListElement":[{"@type":"ListItem","position":1,"name":"Portada","item":"https:\/\/luchonoticias.com\/editor\/"},{"@type":"ListItem","position":2,"name":"Balance del D\u00eda sin Carro y sin Moto en Neiva"}]},{"@type":"WebSite","@id":"https:\/\/luchonoticias.com\/editor\/#website","url":"https:\/\/luchonoticias.com\/editor\/","name":"","description":"","publisher":{"@id":"https:\/\/luchonoticias.com\/editor\/#\/schema\/person\/7a7fd911f58561fd056dbac7b55af9cd"},"potentialAction":[{"@type":"SearchAction","target":{"@type":"EntryPoint","urlTemplate":"https:\/\/luchonoticias.com\/editor\/?s={search_term_string}"},"query-input":{"@type":"PropertyValueSpecification","valueRequired":true,"valueName":"search_term_string"}}],"inLanguage":"es"},{"@type":["Person","Organization"],"@id":"https:\/\/luchonoticias.com\/editor\/#\/schema\/person\/7a7fd911f58561fd056dbac7b55af9cd","name":"admin","image":{"@type":"ImageObject","inLanguage":"es","@id":"https:\/\/luchonoticias.com\/editor\/#\/schema\/person\/image\/","url":"https:\/\/luchonoticias.com\/editor\/wp-content\/uploads\/2024\/02\/cropped-cropped-logolu.webp","contentUrl":"https:\/\/luchonoticias.com\/editor\/wp-content\/uploads\/2024\/02\/cropped-cropped-logolu.webp","width":382,"height":170,"caption":"admin"},"logo":{"@id":"https:\/\/luchonoticias.com\/editor\/#\/schema\/person\/image\/"},"sameAs":["https:\/\/www.facebook.com\/luchonoticiasneiva"]},{"@type":"Person","@id":"https:\/\/luchonoticias.com\/editor\/#\/schema\/person\/29217990ddf6f14e35912b2866d591fb","name":"Editor General","image":{"@type":"ImageObject","inLanguage":"es","@id":"https:\/\/luchonoticias.com\/editor\/#\/schema\/person\/image\/","url":"https:\/\/luchonoticias.com\/editor\/wp-content\/uploads\/2024\/02\/cropped-cropped-logolu-150x150.webp","contentUrl":"https:\/\/luchonoticias.com\/editor\/wp-content\/uploads\/2024\/02\/cropped-cropped-logolu-150x150.webp","caption":"Editor General"},"sameAs":["https:\/\/luchonoticias.com\/"],"url":"https:\/\/luchonoticias.com\/editor\/author\/editor-general\/"}]}},"_links":{"self":[{"href":"https:\/\/luchonoticias.com\/editor\/wp-json\/wp\/v2\/posts\/75336","targetHints":{"allow":["GET"]}}],"collection":[{"href":"https:\/\/luchonoticias.com\/editor\/wp-json\/wp\/v2\/posts"}],"about":[{"href":"https:\/\/luchonoticias.com\/editor\/wp-json\/wp\/v2\/types\/post"}],"author":[{"embeddable":true,"href":"https:\/\/luchonoticias.com\/editor\/wp-json\/wp\/v2\/users\/2"}],"replies":[{"embeddable":true,"href":"https:\/\/luchonoticias.com\/editor\/wp-json\/wp\/v2\/comments?post=75336"}],"version-history":[{"count":1,"href":"https:\/\/luchonoticias.com\/editor\/wp-json\/wp\/v2\/posts\/75336\/revisions"}],"predecessor-version":[{"id":75338,"href":"https:\/\/luchonoticias.com\/editor\/wp-json\/wp\/v2\/posts\/75336\/revisions\/75338"}],"wp:featuredmedia":[{"embeddable":true,"href":"https:\/\/luchonoticias.com\/editor\/wp-json\/wp\/v2\/media\/75337"}],"wp:attachment":[{"href":"https:\/\/luchonoticias.com\/editor\/wp-json\/wp\/v2\/media?parent=75336"}],"wp:term":[{"taxonomy":"category","embeddable":true,"href":"https:\/\/luchonoticias.com\/editor\/wp-json\/wp\/v2\/categories?post=75336"},{"taxonomy":"post_tag","embeddable":true,"href":"https:\/\/luchonoticias.com\/editor\/wp-json\/wp\/v2\/tags?post=75336"}],"curies":[{"name":"wp","href":"https:\/\/api.w.org\/{rel}","templated":true}]}}