{"id":75339,"date":"2024-07-26T07:14:28","date_gmt":"2024-07-26T12:14:28","guid":{"rendered":"https:\/\/luchonoticias.com\/?p=75339"},"modified":"2024-07-26T07:14:28","modified_gmt":"2024-07-26T12:14:28","slug":"joven-ganadero-neivano-y-su-apuesta-emprendedora","status":"publish","type":"post","link":"https:\/\/luchonoticias.com\/editor\/joven-ganadero-neivano-y-su-apuesta-emprendedora\/","title":{"rendered":"Joven ganadero neivano y su apuesta emprendedora"},"content":{"rendered":"<p>Santiago D\u00edaz es un joven neivano que se radic\u00f3 en la ciudad de Bogot\u00e1 para adelantar sus estudios como ingeniero industrial, pero debido a la pandemia de Covid-19 retorn\u00f3 a su ciudad natal, donde tuvo tiempo de analizar y tomar decisiones con el prop\u00f3sito de darle un valor agregado al negocio de su familia, como ganadero de tercera generaci\u00f3n.<\/p>\n<p>Debido a su arraigo con esta actividad productiva y su amor por las actividades del campo heredadas de su abuelo, reuni\u00f3 sus pocos ahorros y busc\u00f3 el apoyo de su familia para iniciar su emprendimiento, estableciendo varias hect\u00e1reas en praderas, y adquiriendo varias vacas doble prop\u00f3sito, que se adaptaran correctamente al clima.<\/p>\n<p>Como lo dice en sus propias palabras, emprender no es f\u00e1cil, pues el primer reto que debi\u00f3 asumir fue la escasez de alimento por cuenta de las temporadas de sequ\u00eda, la dificultad para adquirir mano de obra para las labores de ganader\u00eda, y la variabilidad de los precios de venta de la leche.<\/p>\n<p>Fue ah\u00ed donde le surgi\u00f3 la idea de transformar la producci\u00f3n y darle valor agregado mediante la transformaci\u00f3n en nuevos productos que tuvieran buena aceptaci\u00f3n en el mercado. Es as\u00ed como empez\u00f3 a producir mantequilla, un producto de alta calidad que luego de tocar varias puertas, promocionarlo, y dejar muestras gratis, hoy tiene buena aceptaci\u00f3n en los restaurantes gourmet de la ciudad.<\/p>\n<p>\u00bfPero qu\u00e9 hacer con la leche descremada, si \u00e9sta ya no tiene la misma facilidad de comercializaci\u00f3n en el mercado local? Despu\u00e9s de investigar, y adelantar muchas pruebas, se inclin\u00f3 por la elaboraci\u00f3n de leche condensada, que es muy utilizada en panader\u00edas, pasteler\u00edas, y reposter\u00edas.<\/p>\n<p>A pesar que asumi\u00f3 un reto muy alto, con paciencia y dedicaci\u00f3n ha venido implementando nuevas tecnolog\u00edas para mejorar los procesos de industrializaci\u00f3n, y narra con emoci\u00f3n como fueron esos primeros d\u00edas en que para elaborar una libra de mantequilla deb\u00eda dedicar varias horas con una peque\u00f1a batidora manual, pero ahora gracias a maquinaria especializada puede elaborar 30 libras en una jornada de 3 a 4 horas.<\/p>\n<p>Por otro lado debido a las exigencias del mercado que cada vez busca m\u00e1s productos saludables, recientemente empez\u00f3 a producir mantequilla clarificada o ghee, obtenida a partir de la mantequilla tradicional, pero que no contiene lactosa y tiene un sabor m\u00e1s suave y agradable.<\/p>\n<p>Ahora las aspiraciones de Santiago D\u00edaz, son hacer crecer su negocio, mejorando los procesos industriales y la gesti\u00f3n del registro INVIMA para llegar a nuevos clientes, as\u00ed como incrementar la producci\u00f3n lechera con el mejoramiento gen\u00e9tico de su ganader\u00eda, un paso en el que la Gobernaci\u00f3n del Huila le apoy\u00f3 como beneficiario del proyecto de transferencia de embriones, ejecutado de la mano del Comit\u00e9 de Ganaderos del Huila, y la Universidad Corhuila, con el que se impactaron en total 460 ganaderos de 28 municipios huilenses.<\/p>\n<p>Convencido que el futuro del campo est\u00e1 ligado al relevo generacional, invita a los j\u00f3venes de la regi\u00f3n a dar ese primer paso para emprender en las diversas actividades productivas, dejando de lado el temor y lanz\u00e1ndose a conseguir un objetivo que los ayude a salir del estancamiento.<\/p>\n","protected":false},"excerpt":{"rendered":"<p>La inspiradora historia de un joven ganadero de Neiva que durante la temporada de pandemia decidi\u00f3 emprender, transformando la leche que se produce en su finca, en productos como mantequilla, leche condensada, y ghee. <\/p>\n","protected":false},"author":2,"featured_media":75340,"comment_status":"closed","ping_status":"open","sticky":false,"template":"","format":"standard","meta":{"footnotes":""},"categories":[33],"tags":[],"class_list":["post-75339","post","type-post","status-publish","format-standard","has-post-thumbnail","hentry","category-huila"],"yoast_head":"<!-- This site is optimized with the Yoast SEO plugin v26.6 - https:\/\/yoast.com\/wordpress\/plugins\/seo\/ -->\n<title>Joven ganadero neivano y su apuesta emprendedora -<\/title>\n<meta name=\"description\" content=\"La inspiradora historia de un joven ganadero de Neiva que durante la temporada de pandemia decidi\u00f3 emprender, transformando la leche que se produce en su finca, en productos como mantequilla, leche condensada, y ghee.\" \/>\n<meta name=\"robots\" content=\"index, follow, max-snippet:-1, max-image-preview:large, max-video-preview:-1\" \/>\n<link rel=\"canonical\" href=\"https:\/\/luchonoticias.com\/editor\/joven-ganadero-neivano-y-su-apuesta-emprendedora\/\" \/>\n<meta property=\"og:locale\" content=\"es_ES\" \/>\n<meta property=\"og:type\" content=\"article\" \/>\n<meta property=\"og:title\" content=\"Joven ganadero neivano y su apuesta emprendedora -\" \/>\n<meta property=\"og:description\" content=\"La inspiradora historia de un joven ganadero de Neiva que durante la temporada de pandemia decidi\u00f3 emprender, transformando la leche que se produce en su finca, en productos como mantequilla, leche condensada, y ghee.\" \/>\n<meta property=\"og:url\" content=\"https:\/\/luchonoticias.com\/editor\/joven-ganadero-neivano-y-su-apuesta-emprendedora\/\" \/>\n<meta property=\"article:publisher\" content=\"https:\/\/www.facebook.com\/luchonoticiasneiva\" \/>\n<meta property=\"article:published_time\" content=\"2024-07-26T12:14:28+00:00\" \/>\n<meta property=\"og:image\" content=\"https:\/\/luchonoticias.com\/editor\/wp-content\/uploads\/2024\/07\/fotografias.jpg\" \/>\n\t<meta property=\"og:image:width\" content=\"700\" \/>\n\t<meta property=\"og:image:height\" content=\"400\" \/>\n\t<meta property=\"og:image:type\" content=\"image\/jpeg\" \/>\n<meta name=\"author\" content=\"Editor General\" \/>\n<meta name=\"twitter:card\" content=\"summary_large_image\" \/>\n<meta name=\"twitter:label1\" content=\"Escrito por\" \/>\n\t<meta name=\"twitter:data1\" content=\"Editor General\" \/>\n\t<meta name=\"twitter:label2\" content=\"Tiempo de lectura\" \/>\n\t<meta name=\"twitter:data2\" content=\"3 minutos\" \/>\n<script type=\"application\/ld+json\" class=\"yoast-schema-graph\">{\"@context\":\"https:\/\/schema.org\",\"@graph\":[{\"@type\":\"Article\",\"@id\":\"https:\/\/luchonoticias.com\/editor\/joven-ganadero-neivano-y-su-apuesta-emprendedora\/#article\",\"isPartOf\":{\"@id\":\"https:\/\/luchonoticias.com\/editor\/joven-ganadero-neivano-y-su-apuesta-emprendedora\/\"},\"author\":{\"name\":\"Editor General\",\"@id\":\"https:\/\/luchonoticias.com\/editor\/#\/schema\/person\/29217990ddf6f14e35912b2866d591fb\"},\"headline\":\"Joven ganadero neivano y su apuesta emprendedora\",\"datePublished\":\"2024-07-26T12:14:28+00:00\",\"mainEntityOfPage\":{\"@id\":\"https:\/\/luchonoticias.com\/editor\/joven-ganadero-neivano-y-su-apuesta-emprendedora\/\"},\"wordCount\":553,\"publisher\":{\"@id\":\"https:\/\/luchonoticias.com\/editor\/#\/schema\/person\/7a7fd911f58561fd056dbac7b55af9cd\"},\"image\":{\"@id\":\"https:\/\/luchonoticias.com\/editor\/joven-ganadero-neivano-y-su-apuesta-emprendedora\/#primaryimage\"},\"thumbnailUrl\":\"https:\/\/luchonoticias.com\/editor\/wp-content\/uploads\/2024\/07\/fotografias.jpg\",\"articleSection\":[\"Huila\"],\"inLanguage\":\"es\"},{\"@type\":\"WebPage\",\"@id\":\"https:\/\/luchonoticias.com\/editor\/joven-ganadero-neivano-y-su-apuesta-emprendedora\/\",\"url\":\"https:\/\/luchonoticias.com\/editor\/joven-ganadero-neivano-y-su-apuesta-emprendedora\/\",\"name\":\"Joven ganadero neivano y su apuesta emprendedora -\",\"isPartOf\":{\"@id\":\"https:\/\/luchonoticias.com\/editor\/#website\"},\"primaryImageOfPage\":{\"@id\":\"https:\/\/luchonoticias.com\/editor\/joven-ganadero-neivano-y-su-apuesta-emprendedora\/#primaryimage\"},\"image\":{\"@id\":\"https:\/\/luchonoticias.com\/editor\/joven-ganadero-neivano-y-su-apuesta-emprendedora\/#primaryimage\"},\"thumbnailUrl\":\"https:\/\/luchonoticias.com\/editor\/wp-content\/uploads\/2024\/07\/fotografias.jpg\",\"datePublished\":\"2024-07-26T12:14:28+00:00\",\"description\":\"La inspiradora historia de un joven ganadero de Neiva que durante la temporada de pandemia decidi\u00f3 emprender, transformando la leche que se produce en su finca, en productos como mantequilla, leche condensada, y ghee.\",\"breadcrumb\":{\"@id\":\"https:\/\/luchonoticias.com\/editor\/joven-ganadero-neivano-y-su-apuesta-emprendedora\/#breadcrumb\"},\"inLanguage\":\"es\",\"potentialAction\":[{\"@type\":\"ReadAction\",\"target\":[\"https:\/\/luchonoticias.com\/editor\/joven-ganadero-neivano-y-su-apuesta-emprendedora\/\"]}]},{\"@type\":\"ImageObject\",\"inLanguage\":\"es\",\"@id\":\"https:\/\/luchonoticias.com\/editor\/joven-ganadero-neivano-y-su-apuesta-emprendedora\/#primaryimage\",\"url\":\"https:\/\/luchonoticias.com\/editor\/wp-content\/uploads\/2024\/07\/fotografias.jpg\",\"contentUrl\":\"https:\/\/luchonoticias.com\/editor\/wp-content\/uploads\/2024\/07\/fotografias.jpg\",\"width\":700,\"height\":400},{\"@type\":\"BreadcrumbList\",\"@id\":\"https:\/\/luchonoticias.com\/editor\/joven-ganadero-neivano-y-su-apuesta-emprendedora\/#breadcrumb\",\"itemListElement\":[{\"@type\":\"ListItem\",\"position\":1,\"name\":\"Portada\",\"item\":\"https:\/\/luchonoticias.com\/editor\/\"},{\"@type\":\"ListItem\",\"position\":2,\"name\":\"Joven ganadero neivano y su apuesta emprendedora\"}]},{\"@type\":\"WebSite\",\"@id\":\"https:\/\/luchonoticias.com\/editor\/#website\",\"url\":\"https:\/\/luchonoticias.com\/editor\/\",\"name\":\"\",\"description\":\"\",\"publisher\":{\"@id\":\"https:\/\/luchonoticias.com\/editor\/#\/schema\/person\/7a7fd911f58561fd056dbac7b55af9cd\"},\"potentialAction\":[{\"@type\":\"SearchAction\",\"target\":{\"@type\":\"EntryPoint\",\"urlTemplate\":\"https:\/\/luchonoticias.com\/editor\/?s={search_term_string}\"},\"query-input\":{\"@type\":\"PropertyValueSpecification\",\"valueRequired\":true,\"valueName\":\"search_term_string\"}}],\"inLanguage\":\"es\"},{\"@type\":[\"Person\",\"Organization\"],\"@id\":\"https:\/\/luchonoticias.com\/editor\/#\/schema\/person\/7a7fd911f58561fd056dbac7b55af9cd\",\"name\":\"admin\",\"image\":{\"@type\":\"ImageObject\",\"inLanguage\":\"es\",\"@id\":\"https:\/\/luchonoticias.com\/editor\/#\/schema\/person\/image\/\",\"url\":\"https:\/\/luchonoticias.com\/editor\/wp-content\/uploads\/2024\/02\/cropped-cropped-logolu.webp\",\"contentUrl\":\"https:\/\/luchonoticias.com\/editor\/wp-content\/uploads\/2024\/02\/cropped-cropped-logolu.webp\",\"width\":382,\"height\":170,\"caption\":\"admin\"},\"logo\":{\"@id\":\"https:\/\/luchonoticias.com\/editor\/#\/schema\/person\/image\/\"},\"sameAs\":[\"https:\/\/www.facebook.com\/luchonoticiasneiva\"]},{\"@type\":\"Person\",\"@id\":\"https:\/\/luchonoticias.com\/editor\/#\/schema\/person\/29217990ddf6f14e35912b2866d591fb\",\"name\":\"Editor General\",\"image\":{\"@type\":\"ImageObject\",\"inLanguage\":\"es\",\"@id\":\"https:\/\/luchonoticias.com\/editor\/#\/schema\/person\/image\/\",\"url\":\"https:\/\/luchonoticias.com\/editor\/wp-content\/uploads\/2024\/02\/cropped-cropped-logolu-150x150.webp\",\"contentUrl\":\"https:\/\/luchonoticias.com\/editor\/wp-content\/uploads\/2024\/02\/cropped-cropped-logolu-150x150.webp\",\"caption\":\"Editor General\"},\"sameAs\":[\"https:\/\/luchonoticias.com\/\"],\"url\":\"https:\/\/luchonoticias.com\/editor\/author\/editor-general\/\"}]}<\/script>\n<!-- \/ Yoast SEO plugin. -->","yoast_head_json":{"title":"Joven ganadero neivano y su apuesta emprendedora -","description":"La inspiradora historia de un joven ganadero de Neiva que durante la temporada de pandemia decidi\u00f3 emprender, transformando la leche que se produce en su finca, en productos como mantequilla, leche condensada, y ghee.","robots":{"index":"index","follow":"follow","max-snippet":"max-snippet:-1","max-image-preview":"max-image-preview:large","max-video-preview":"max-video-preview:-1"},"canonical":"https:\/\/luchonoticias.com\/editor\/joven-ganadero-neivano-y-su-apuesta-emprendedora\/","og_locale":"es_ES","og_type":"article","og_title":"Joven ganadero neivano y su apuesta emprendedora -","og_description":"La inspiradora historia de un joven ganadero de Neiva que durante la temporada de pandemia decidi\u00f3 emprender, transformando la leche que se produce en su finca, en productos como mantequilla, leche condensada, y ghee.","og_url":"https:\/\/luchonoticias.com\/editor\/joven-ganadero-neivano-y-su-apuesta-emprendedora\/","article_publisher":"https:\/\/www.facebook.com\/luchonoticiasneiva","article_published_time":"2024-07-26T12:14:28+00:00","og_image":[{"width":700,"height":400,"url":"https:\/\/luchonoticias.com\/editor\/wp-content\/uploads\/2024\/07\/fotografias.jpg","type":"image\/jpeg"}],"author":"Editor General","twitter_card":"summary_large_image","twitter_misc":{"Escrito por":"Editor General","Tiempo de lectura":"3 minutos"},"schema":{"@context":"https:\/\/schema.org","@graph":[{"@type":"Article","@id":"https:\/\/luchonoticias.com\/editor\/joven-ganadero-neivano-y-su-apuesta-emprendedora\/#article","isPartOf":{"@id":"https:\/\/luchonoticias.com\/editor\/joven-ganadero-neivano-y-su-apuesta-emprendedora\/"},"author":{"name":"Editor General","@id":"https:\/\/luchonoticias.com\/editor\/#\/schema\/person\/29217990ddf6f14e35912b2866d591fb"},"headline":"Joven ganadero neivano y su apuesta emprendedora","datePublished":"2024-07-26T12:14:28+00:00","mainEntityOfPage":{"@id":"https:\/\/luchonoticias.com\/editor\/joven-ganadero-neivano-y-su-apuesta-emprendedora\/"},"wordCount":553,"publisher":{"@id":"https:\/\/luchonoticias.com\/editor\/#\/schema\/person\/7a7fd911f58561fd056dbac7b55af9cd"},"image":{"@id":"https:\/\/luchonoticias.com\/editor\/joven-ganadero-neivano-y-su-apuesta-emprendedora\/#primaryimage"},"thumbnailUrl":"https:\/\/luchonoticias.com\/editor\/wp-content\/uploads\/2024\/07\/fotografias.jpg","articleSection":["Huila"],"inLanguage":"es"},{"@type":"WebPage","@id":"https:\/\/luchonoticias.com\/editor\/joven-ganadero-neivano-y-su-apuesta-emprendedora\/","url":"https:\/\/luchonoticias.com\/editor\/joven-ganadero-neivano-y-su-apuesta-emprendedora\/","name":"Joven ganadero neivano y su apuesta emprendedora -","isPartOf":{"@id":"https:\/\/luchonoticias.com\/editor\/#website"},"primaryImageOfPage":{"@id":"https:\/\/luchonoticias.com\/editor\/joven-ganadero-neivano-y-su-apuesta-emprendedora\/#primaryimage"},"image":{"@id":"https:\/\/luchonoticias.com\/editor\/joven-ganadero-neivano-y-su-apuesta-emprendedora\/#primaryimage"},"thumbnailUrl":"https:\/\/luchonoticias.com\/editor\/wp-content\/uploads\/2024\/07\/fotografias.jpg","datePublished":"2024-07-26T12:14:28+00:00","description":"La inspiradora historia de un joven ganadero de Neiva que durante la temporada de pandemia decidi\u00f3 emprender, transformando la leche que se produce en su finca, en productos como mantequilla, leche condensada, y ghee.","breadcrumb":{"@id":"https:\/\/luchonoticias.com\/editor\/joven-ganadero-neivano-y-su-apuesta-emprendedora\/#breadcrumb"},"inLanguage":"es","potentialAction":[{"@type":"ReadAction","target":["https:\/\/luchonoticias.com\/editor\/joven-ganadero-neivano-y-su-apuesta-emprendedora\/"]}]},{"@type":"ImageObject","inLanguage":"es","@id":"https:\/\/luchonoticias.com\/editor\/joven-ganadero-neivano-y-su-apuesta-emprendedora\/#primaryimage","url":"https:\/\/luchonoticias.com\/editor\/wp-content\/uploads\/2024\/07\/fotografias.jpg","contentUrl":"https:\/\/luchonoticias.com\/editor\/wp-content\/uploads\/2024\/07\/fotografias.jpg","width":700,"height":400},{"@type":"BreadcrumbList","@id":"https:\/\/luchonoticias.com\/editor\/joven-ganadero-neivano-y-su-apuesta-emprendedora\/#breadcrumb","itemListElement":[{"@type":"ListItem","position":1,"name":"Portada","item":"https:\/\/luchonoticias.com\/editor\/"},{"@type":"ListItem","position":2,"name":"Joven ganadero neivano y su apuesta emprendedora"}]},{"@type":"WebSite","@id":"https:\/\/luchonoticias.com\/editor\/#website","url":"https:\/\/luchonoticias.com\/editor\/","name":"","description":"","publisher":{"@id":"https:\/\/luchonoticias.com\/editor\/#\/schema\/person\/7a7fd911f58561fd056dbac7b55af9cd"},"potentialAction":[{"@type":"SearchAction","target":{"@type":"EntryPoint","urlTemplate":"https:\/\/luchonoticias.com\/editor\/?s={search_term_string}"},"query-input":{"@type":"PropertyValueSpecification","valueRequired":true,"valueName":"search_term_string"}}],"inLanguage":"es"},{"@type":["Person","Organization"],"@id":"https:\/\/luchonoticias.com\/editor\/#\/schema\/person\/7a7fd911f58561fd056dbac7b55af9cd","name":"admin","image":{"@type":"ImageObject","inLanguage":"es","@id":"https:\/\/luchonoticias.com\/editor\/#\/schema\/person\/image\/","url":"https:\/\/luchonoticias.com\/editor\/wp-content\/uploads\/2024\/02\/cropped-cropped-logolu.webp","contentUrl":"https:\/\/luchonoticias.com\/editor\/wp-content\/uploads\/2024\/02\/cropped-cropped-logolu.webp","width":382,"height":170,"caption":"admin"},"logo":{"@id":"https:\/\/luchonoticias.com\/editor\/#\/schema\/person\/image\/"},"sameAs":["https:\/\/www.facebook.com\/luchonoticiasneiva"]},{"@type":"Person","@id":"https:\/\/luchonoticias.com\/editor\/#\/schema\/person\/29217990ddf6f14e35912b2866d591fb","name":"Editor General","image":{"@type":"ImageObject","inLanguage":"es","@id":"https:\/\/luchonoticias.com\/editor\/#\/schema\/person\/image\/","url":"https:\/\/luchonoticias.com\/editor\/wp-content\/uploads\/2024\/02\/cropped-cropped-logolu-150x150.webp","contentUrl":"https:\/\/luchonoticias.com\/editor\/wp-content\/uploads\/2024\/02\/cropped-cropped-logolu-150x150.webp","caption":"Editor General"},"sameAs":["https:\/\/luchonoticias.com\/"],"url":"https:\/\/luchonoticias.com\/editor\/author\/editor-general\/"}]}},"_links":{"self":[{"href":"https:\/\/luchonoticias.com\/editor\/wp-json\/wp\/v2\/posts\/75339","targetHints":{"allow":["GET"]}}],"collection":[{"href":"https:\/\/luchonoticias.com\/editor\/wp-json\/wp\/v2\/posts"}],"about":[{"href":"https:\/\/luchonoticias.com\/editor\/wp-json\/wp\/v2\/types\/post"}],"author":[{"embeddable":true,"href":"https:\/\/luchonoticias.com\/editor\/wp-json\/wp\/v2\/users\/2"}],"replies":[{"embeddable":true,"href":"https:\/\/luchonoticias.com\/editor\/wp-json\/wp\/v2\/comments?post=75339"}],"version-history":[{"count":1,"href":"https:\/\/luchonoticias.com\/editor\/wp-json\/wp\/v2\/posts\/75339\/revisions"}],"predecessor-version":[{"id":75341,"href":"https:\/\/luchonoticias.com\/editor\/wp-json\/wp\/v2\/posts\/75339\/revisions\/75341"}],"wp:featuredmedia":[{"embeddable":true,"href":"https:\/\/luchonoticias.com\/editor\/wp-json\/wp\/v2\/media\/75340"}],"wp:attachment":[{"href":"https:\/\/luchonoticias.com\/editor\/wp-json\/wp\/v2\/media?parent=75339"}],"wp:term":[{"taxonomy":"category","embeddable":true,"href":"https:\/\/luchonoticias.com\/editor\/wp-json\/wp\/v2\/categories?post=75339"},{"taxonomy":"post_tag","embeddable":true,"href":"https:\/\/luchonoticias.com\/editor\/wp-json\/wp\/v2\/tags?post=75339"}],"curies":[{"name":"wp","href":"https:\/\/api.w.org\/{rel}","templated":true}]}}