{"id":75342,"date":"2024-07-26T07:22:21","date_gmt":"2024-07-26T12:22:21","guid":{"rendered":"https:\/\/luchonoticias.com\/?p=75342"},"modified":"2024-07-26T07:22:21","modified_gmt":"2024-07-26T12:22:21","slug":"alcaldia-de-neiva-tambien-galardonada-por-su-compromiso-con-la-ninez","status":"publish","type":"post","link":"https:\/\/luchonoticias.com\/editor\/alcaldia-de-neiva-tambien-galardonada-por-su-compromiso-con-la-ninez\/","title":{"rendered":"Alcald\u00eda de Neiva, tambi\u00e9n galardonada por su compromiso con la ni\u00f1ez"},"content":{"rendered":"<p>La Administraci\u00f3n Municipal, que lidera Germ\u00e1n Casagua Bonilla, obtuvo el reconocimiento del Concurso Gobernantes Comprometidos con la ni\u00f1ez 2024, entregado por la Corporaci\u00f3n Juego y Ni\u00f1ez.<\/p>\n<p>Este reconocimiento es el resultado del trabajo en equipo de la Alcald\u00eda de Neiva, a trav\u00e9s de la Secretar\u00eda de la Mujer, Infancia y Adolescencia, para promover el derecho al juego en armon\u00eda con los dem\u00e1s derechos en el marco del Plan de Desarrollo \u2018Acciones para recuperar Neiva 2024-2027\u2019.<\/p>\n<p>Tambi\u00e9n fue exaltada la gestora del municipio de Neiva, Mar\u00eda Juliana Parra Curiel, por su compromiso con las ni\u00f1as, ni\u00f1os y adolescentes, as\u00ed como las gestoras y gestores municipales y departamentales.<\/p>\n<p>El concurso Gobernantes Comprometidos con la Ni\u00f1ez llega a su 13 versi\u00f3n y este a\u00f1o, los reconocimientos son entregados como parte de los actos conmemorativos de los 25 a\u00f1os que celebra la Corporaci\u00f3n Juego y Ni\u00f1ez, pionera en Colombia de este reconocimiento, uno de los m\u00e1s influyentes del pa\u00eds en temas de ni\u00f1ez, en el que los gobernadores y alcaldes que sobresalen por su responsabilidad y compromiso con la garant\u00eda de los derechos de ni\u00f1as, ni\u00f1os y adolescentes, especialmente, por garantizar el derecho al juego, son premiados.<\/p>\n<p>\u201cGracias a la responsabilidad y dedicaci\u00f3n con nuestros ni\u00f1os, ni\u00f1as y adolescentes, hemos sido galardonados con el premio gobernantes comprometidos con la ni\u00f1ez 2024, quiero agradecer a todos los funcionarios de la administraci\u00f3n municipal, especialmente a la secretar\u00eda de la Mujer, Infancia y Adolescencia y por supuesto tambi\u00e9n a mi esposa Mar\u00eda Juliana Parra. Este reconocimiento nos motiva a continuar trabajando en implementar estrategias donde a trav\u00e9s del juego y la recreaci\u00f3n en familia aporte al desarrollo integral de la ni\u00f1ez\u201d, sostuvo el mandatario de los neivanos.<\/p>\n<p>Con esta exaltaci\u00f3n se reconoce la gesti\u00f3n de acciones innovadoras y sostenibles que fortalecen las pol\u00edticas p\u00fablicas de infancia, el juego como derecho y factor protector, la eliminaci\u00f3n de las violencias hacia la ni\u00f1ez y la promoci\u00f3n de habilidades socioemocionales, creativas y ciudadanas.<\/p>\n<p>&nbsp;<\/p>\n","protected":false},"excerpt":{"rendered":"<p>La Administraci\u00f3n Municipal, que lidera Germ\u00e1n Casagua Bonilla, obtuvo el reconocimiento del Concurso Gobernantes Comprometidos con la ni\u00f1ez 2024, entregado por la Corporaci\u00f3n Juego y Ni\u00f1ez.<\/p>\n","protected":false},"author":2,"featured_media":75343,"comment_status":"closed","ping_status":"open","sticky":false,"template":"","format":"standard","meta":{"footnotes":""},"categories":[31],"tags":[],"class_list":["post-75342","post","type-post","status-publish","format-standard","has-post-thumbnail","hentry","category-local"],"yoast_head":"<!-- This site is optimized with the Yoast SEO plugin v26.6 - https:\/\/yoast.com\/wordpress\/plugins\/seo\/ -->\n<title>Alcald\u00eda de Neiva, tambi\u00e9n galardonada por su compromiso con la ni\u00f1ez -<\/title>\n<meta name=\"description\" content=\"La Administraci\u00f3n Municipal, que lidera Germ\u00e1n Casagua Bonilla, obtuvo el reconocimiento del Concurso Gobernantes Comprometidos con la ni\u00f1ez 2024, entregado por la Corporaci\u00f3n Juego y Ni\u00f1ez.\" \/>\n<meta name=\"robots\" content=\"index, follow, max-snippet:-1, max-image-preview:large, max-video-preview:-1\" \/>\n<link rel=\"canonical\" href=\"https:\/\/luchonoticias.com\/editor\/alcaldia-de-neiva-tambien-galardonada-por-su-compromiso-con-la-ninez\/\" \/>\n<meta property=\"og:locale\" content=\"es_ES\" \/>\n<meta property=\"og:type\" content=\"article\" \/>\n<meta property=\"og:title\" content=\"Alcald\u00eda de Neiva, tambi\u00e9n galardonada por su compromiso con la ni\u00f1ez -\" \/>\n<meta property=\"og:description\" content=\"La Administraci\u00f3n Municipal, que lidera Germ\u00e1n Casagua Bonilla, obtuvo el reconocimiento del Concurso Gobernantes Comprometidos con la ni\u00f1ez 2024, entregado por la Corporaci\u00f3n Juego y Ni\u00f1ez.\" \/>\n<meta property=\"og:url\" content=\"https:\/\/luchonoticias.com\/editor\/alcaldia-de-neiva-tambien-galardonada-por-su-compromiso-con-la-ninez\/\" \/>\n<meta property=\"article:publisher\" content=\"https:\/\/www.facebook.com\/luchonoticiasneiva\" \/>\n<meta property=\"article:published_time\" content=\"2024-07-26T12:22:21+00:00\" \/>\n<meta property=\"og:image\" content=\"https:\/\/luchonoticias.com\/editor\/wp-content\/uploads\/2024\/07\/reconocimiento.jpg\" \/>\n\t<meta property=\"og:image:width\" content=\"700\" \/>\n\t<meta property=\"og:image:height\" content=\"400\" \/>\n\t<meta property=\"og:image:type\" content=\"image\/jpeg\" \/>\n<meta name=\"author\" content=\"Editor General\" \/>\n<meta name=\"twitter:card\" content=\"summary_large_image\" \/>\n<meta name=\"twitter:label1\" content=\"Escrito por\" \/>\n\t<meta name=\"twitter:data1\" content=\"Editor General\" \/>\n\t<meta name=\"twitter:label2\" content=\"Tiempo de lectura\" \/>\n\t<meta name=\"twitter:data2\" content=\"2 minutos\" \/>\n<script type=\"application\/ld+json\" class=\"yoast-schema-graph\">{\"@context\":\"https:\/\/schema.org\",\"@graph\":[{\"@type\":\"Article\",\"@id\":\"https:\/\/luchonoticias.com\/editor\/alcaldia-de-neiva-tambien-galardonada-por-su-compromiso-con-la-ninez\/#article\",\"isPartOf\":{\"@id\":\"https:\/\/luchonoticias.com\/editor\/alcaldia-de-neiva-tambien-galardonada-por-su-compromiso-con-la-ninez\/\"},\"author\":{\"name\":\"Editor General\",\"@id\":\"https:\/\/luchonoticias.com\/editor\/#\/schema\/person\/29217990ddf6f14e35912b2866d591fb\"},\"headline\":\"Alcald\u00eda de Neiva, tambi\u00e9n galardonada por su compromiso con la ni\u00f1ez\",\"datePublished\":\"2024-07-26T12:22:21+00:00\",\"mainEntityOfPage\":{\"@id\":\"https:\/\/luchonoticias.com\/editor\/alcaldia-de-neiva-tambien-galardonada-por-su-compromiso-con-la-ninez\/\"},\"wordCount\":378,\"publisher\":{\"@id\":\"https:\/\/luchonoticias.com\/editor\/#\/schema\/person\/7a7fd911f58561fd056dbac7b55af9cd\"},\"image\":{\"@id\":\"https:\/\/luchonoticias.com\/editor\/alcaldia-de-neiva-tambien-galardonada-por-su-compromiso-con-la-ninez\/#primaryimage\"},\"thumbnailUrl\":\"https:\/\/luchonoticias.com\/editor\/wp-content\/uploads\/2024\/07\/reconocimiento.jpg\",\"articleSection\":[\"Local\"],\"inLanguage\":\"es\"},{\"@type\":\"WebPage\",\"@id\":\"https:\/\/luchonoticias.com\/editor\/alcaldia-de-neiva-tambien-galardonada-por-su-compromiso-con-la-ninez\/\",\"url\":\"https:\/\/luchonoticias.com\/editor\/alcaldia-de-neiva-tambien-galardonada-por-su-compromiso-con-la-ninez\/\",\"name\":\"Alcald\u00eda de Neiva, tambi\u00e9n galardonada por su compromiso con la ni\u00f1ez -\",\"isPartOf\":{\"@id\":\"https:\/\/luchonoticias.com\/editor\/#website\"},\"primaryImageOfPage\":{\"@id\":\"https:\/\/luchonoticias.com\/editor\/alcaldia-de-neiva-tambien-galardonada-por-su-compromiso-con-la-ninez\/#primaryimage\"},\"image\":{\"@id\":\"https:\/\/luchonoticias.com\/editor\/alcaldia-de-neiva-tambien-galardonada-por-su-compromiso-con-la-ninez\/#primaryimage\"},\"thumbnailUrl\":\"https:\/\/luchonoticias.com\/editor\/wp-content\/uploads\/2024\/07\/reconocimiento.jpg\",\"datePublished\":\"2024-07-26T12:22:21+00:00\",\"description\":\"La Administraci\u00f3n Municipal, que lidera Germ\u00e1n Casagua Bonilla, obtuvo el reconocimiento del Concurso Gobernantes Comprometidos con la ni\u00f1ez 2024, entregado por la Corporaci\u00f3n Juego y Ni\u00f1ez.\",\"breadcrumb\":{\"@id\":\"https:\/\/luchonoticias.com\/editor\/alcaldia-de-neiva-tambien-galardonada-por-su-compromiso-con-la-ninez\/#breadcrumb\"},\"inLanguage\":\"es\",\"potentialAction\":[{\"@type\":\"ReadAction\",\"target\":[\"https:\/\/luchonoticias.com\/editor\/alcaldia-de-neiva-tambien-galardonada-por-su-compromiso-con-la-ninez\/\"]}]},{\"@type\":\"ImageObject\",\"inLanguage\":\"es\",\"@id\":\"https:\/\/luchonoticias.com\/editor\/alcaldia-de-neiva-tambien-galardonada-por-su-compromiso-con-la-ninez\/#primaryimage\",\"url\":\"https:\/\/luchonoticias.com\/editor\/wp-content\/uploads\/2024\/07\/reconocimiento.jpg\",\"contentUrl\":\"https:\/\/luchonoticias.com\/editor\/wp-content\/uploads\/2024\/07\/reconocimiento.jpg\",\"width\":700,\"height\":400},{\"@type\":\"BreadcrumbList\",\"@id\":\"https:\/\/luchonoticias.com\/editor\/alcaldia-de-neiva-tambien-galardonada-por-su-compromiso-con-la-ninez\/#breadcrumb\",\"itemListElement\":[{\"@type\":\"ListItem\",\"position\":1,\"name\":\"Portada\",\"item\":\"https:\/\/luchonoticias.com\/editor\/\"},{\"@type\":\"ListItem\",\"position\":2,\"name\":\"Alcald\u00eda de Neiva, tambi\u00e9n galardonada por su compromiso con la ni\u00f1ez\"}]},{\"@type\":\"WebSite\",\"@id\":\"https:\/\/luchonoticias.com\/editor\/#website\",\"url\":\"https:\/\/luchonoticias.com\/editor\/\",\"name\":\"\",\"description\":\"\",\"publisher\":{\"@id\":\"https:\/\/luchonoticias.com\/editor\/#\/schema\/person\/7a7fd911f58561fd056dbac7b55af9cd\"},\"potentialAction\":[{\"@type\":\"SearchAction\",\"target\":{\"@type\":\"EntryPoint\",\"urlTemplate\":\"https:\/\/luchonoticias.com\/editor\/?s={search_term_string}\"},\"query-input\":{\"@type\":\"PropertyValueSpecification\",\"valueRequired\":true,\"valueName\":\"search_term_string\"}}],\"inLanguage\":\"es\"},{\"@type\":[\"Person\",\"Organization\"],\"@id\":\"https:\/\/luchonoticias.com\/editor\/#\/schema\/person\/7a7fd911f58561fd056dbac7b55af9cd\",\"name\":\"admin\",\"image\":{\"@type\":\"ImageObject\",\"inLanguage\":\"es\",\"@id\":\"https:\/\/luchonoticias.com\/editor\/#\/schema\/person\/image\/\",\"url\":\"https:\/\/luchonoticias.com\/editor\/wp-content\/uploads\/2024\/02\/cropped-cropped-logolu.webp\",\"contentUrl\":\"https:\/\/luchonoticias.com\/editor\/wp-content\/uploads\/2024\/02\/cropped-cropped-logolu.webp\",\"width\":382,\"height\":170,\"caption\":\"admin\"},\"logo\":{\"@id\":\"https:\/\/luchonoticias.com\/editor\/#\/schema\/person\/image\/\"},\"sameAs\":[\"https:\/\/www.facebook.com\/luchonoticiasneiva\"]},{\"@type\":\"Person\",\"@id\":\"https:\/\/luchonoticias.com\/editor\/#\/schema\/person\/29217990ddf6f14e35912b2866d591fb\",\"name\":\"Editor General\",\"image\":{\"@type\":\"ImageObject\",\"inLanguage\":\"es\",\"@id\":\"https:\/\/luchonoticias.com\/editor\/#\/schema\/person\/image\/\",\"url\":\"https:\/\/luchonoticias.com\/editor\/wp-content\/uploads\/2024\/02\/cropped-cropped-logolu-150x150.webp\",\"contentUrl\":\"https:\/\/luchonoticias.com\/editor\/wp-content\/uploads\/2024\/02\/cropped-cropped-logolu-150x150.webp\",\"caption\":\"Editor General\"},\"sameAs\":[\"https:\/\/luchonoticias.com\/\"],\"url\":\"https:\/\/luchonoticias.com\/editor\/author\/editor-general\/\"}]}<\/script>\n<!-- \/ Yoast SEO plugin. -->","yoast_head_json":{"title":"Alcald\u00eda de Neiva, tambi\u00e9n galardonada por su compromiso con la ni\u00f1ez -","description":"La Administraci\u00f3n Municipal, que lidera Germ\u00e1n Casagua Bonilla, obtuvo el reconocimiento del Concurso Gobernantes Comprometidos con la ni\u00f1ez 2024, entregado por la Corporaci\u00f3n Juego y Ni\u00f1ez.","robots":{"index":"index","follow":"follow","max-snippet":"max-snippet:-1","max-image-preview":"max-image-preview:large","max-video-preview":"max-video-preview:-1"},"canonical":"https:\/\/luchonoticias.com\/editor\/alcaldia-de-neiva-tambien-galardonada-por-su-compromiso-con-la-ninez\/","og_locale":"es_ES","og_type":"article","og_title":"Alcald\u00eda de Neiva, tambi\u00e9n galardonada por su compromiso con la ni\u00f1ez -","og_description":"La Administraci\u00f3n Municipal, que lidera Germ\u00e1n Casagua Bonilla, obtuvo el reconocimiento del Concurso Gobernantes Comprometidos con la ni\u00f1ez 2024, entregado por la Corporaci\u00f3n Juego y Ni\u00f1ez.","og_url":"https:\/\/luchonoticias.com\/editor\/alcaldia-de-neiva-tambien-galardonada-por-su-compromiso-con-la-ninez\/","article_publisher":"https:\/\/www.facebook.com\/luchonoticiasneiva","article_published_time":"2024-07-26T12:22:21+00:00","og_image":[{"width":700,"height":400,"url":"https:\/\/luchonoticias.com\/editor\/wp-content\/uploads\/2024\/07\/reconocimiento.jpg","type":"image\/jpeg"}],"author":"Editor General","twitter_card":"summary_large_image","twitter_misc":{"Escrito por":"Editor General","Tiempo de lectura":"2 minutos"},"schema":{"@context":"https:\/\/schema.org","@graph":[{"@type":"Article","@id":"https:\/\/luchonoticias.com\/editor\/alcaldia-de-neiva-tambien-galardonada-por-su-compromiso-con-la-ninez\/#article","isPartOf":{"@id":"https:\/\/luchonoticias.com\/editor\/alcaldia-de-neiva-tambien-galardonada-por-su-compromiso-con-la-ninez\/"},"author":{"name":"Editor General","@id":"https:\/\/luchonoticias.com\/editor\/#\/schema\/person\/29217990ddf6f14e35912b2866d591fb"},"headline":"Alcald\u00eda de Neiva, tambi\u00e9n galardonada por su compromiso con la ni\u00f1ez","datePublished":"2024-07-26T12:22:21+00:00","mainEntityOfPage":{"@id":"https:\/\/luchonoticias.com\/editor\/alcaldia-de-neiva-tambien-galardonada-por-su-compromiso-con-la-ninez\/"},"wordCount":378,"publisher":{"@id":"https:\/\/luchonoticias.com\/editor\/#\/schema\/person\/7a7fd911f58561fd056dbac7b55af9cd"},"image":{"@id":"https:\/\/luchonoticias.com\/editor\/alcaldia-de-neiva-tambien-galardonada-por-su-compromiso-con-la-ninez\/#primaryimage"},"thumbnailUrl":"https:\/\/luchonoticias.com\/editor\/wp-content\/uploads\/2024\/07\/reconocimiento.jpg","articleSection":["Local"],"inLanguage":"es"},{"@type":"WebPage","@id":"https:\/\/luchonoticias.com\/editor\/alcaldia-de-neiva-tambien-galardonada-por-su-compromiso-con-la-ninez\/","url":"https:\/\/luchonoticias.com\/editor\/alcaldia-de-neiva-tambien-galardonada-por-su-compromiso-con-la-ninez\/","name":"Alcald\u00eda de Neiva, tambi\u00e9n galardonada por su compromiso con la ni\u00f1ez -","isPartOf":{"@id":"https:\/\/luchonoticias.com\/editor\/#website"},"primaryImageOfPage":{"@id":"https:\/\/luchonoticias.com\/editor\/alcaldia-de-neiva-tambien-galardonada-por-su-compromiso-con-la-ninez\/#primaryimage"},"image":{"@id":"https:\/\/luchonoticias.com\/editor\/alcaldia-de-neiva-tambien-galardonada-por-su-compromiso-con-la-ninez\/#primaryimage"},"thumbnailUrl":"https:\/\/luchonoticias.com\/editor\/wp-content\/uploads\/2024\/07\/reconocimiento.jpg","datePublished":"2024-07-26T12:22:21+00:00","description":"La Administraci\u00f3n Municipal, que lidera Germ\u00e1n Casagua Bonilla, obtuvo el reconocimiento del Concurso Gobernantes Comprometidos con la ni\u00f1ez 2024, entregado por la Corporaci\u00f3n Juego y Ni\u00f1ez.","breadcrumb":{"@id":"https:\/\/luchonoticias.com\/editor\/alcaldia-de-neiva-tambien-galardonada-por-su-compromiso-con-la-ninez\/#breadcrumb"},"inLanguage":"es","potentialAction":[{"@type":"ReadAction","target":["https:\/\/luchonoticias.com\/editor\/alcaldia-de-neiva-tambien-galardonada-por-su-compromiso-con-la-ninez\/"]}]},{"@type":"ImageObject","inLanguage":"es","@id":"https:\/\/luchonoticias.com\/editor\/alcaldia-de-neiva-tambien-galardonada-por-su-compromiso-con-la-ninez\/#primaryimage","url":"https:\/\/luchonoticias.com\/editor\/wp-content\/uploads\/2024\/07\/reconocimiento.jpg","contentUrl":"https:\/\/luchonoticias.com\/editor\/wp-content\/uploads\/2024\/07\/reconocimiento.jpg","width":700,"height":400},{"@type":"BreadcrumbList","@id":"https:\/\/luchonoticias.com\/editor\/alcaldia-de-neiva-tambien-galardonada-por-su-compromiso-con-la-ninez\/#breadcrumb","itemListElement":[{"@type":"ListItem","position":1,"name":"Portada","item":"https:\/\/luchonoticias.com\/editor\/"},{"@type":"ListItem","position":2,"name":"Alcald\u00eda de Neiva, tambi\u00e9n galardonada por su compromiso con la ni\u00f1ez"}]},{"@type":"WebSite","@id":"https:\/\/luchonoticias.com\/editor\/#website","url":"https:\/\/luchonoticias.com\/editor\/","name":"","description":"","publisher":{"@id":"https:\/\/luchonoticias.com\/editor\/#\/schema\/person\/7a7fd911f58561fd056dbac7b55af9cd"},"potentialAction":[{"@type":"SearchAction","target":{"@type":"EntryPoint","urlTemplate":"https:\/\/luchonoticias.com\/editor\/?s={search_term_string}"},"query-input":{"@type":"PropertyValueSpecification","valueRequired":true,"valueName":"search_term_string"}}],"inLanguage":"es"},{"@type":["Person","Organization"],"@id":"https:\/\/luchonoticias.com\/editor\/#\/schema\/person\/7a7fd911f58561fd056dbac7b55af9cd","name":"admin","image":{"@type":"ImageObject","inLanguage":"es","@id":"https:\/\/luchonoticias.com\/editor\/#\/schema\/person\/image\/","url":"https:\/\/luchonoticias.com\/editor\/wp-content\/uploads\/2024\/02\/cropped-cropped-logolu.webp","contentUrl":"https:\/\/luchonoticias.com\/editor\/wp-content\/uploads\/2024\/02\/cropped-cropped-logolu.webp","width":382,"height":170,"caption":"admin"},"logo":{"@id":"https:\/\/luchonoticias.com\/editor\/#\/schema\/person\/image\/"},"sameAs":["https:\/\/www.facebook.com\/luchonoticiasneiva"]},{"@type":"Person","@id":"https:\/\/luchonoticias.com\/editor\/#\/schema\/person\/29217990ddf6f14e35912b2866d591fb","name":"Editor General","image":{"@type":"ImageObject","inLanguage":"es","@id":"https:\/\/luchonoticias.com\/editor\/#\/schema\/person\/image\/","url":"https:\/\/luchonoticias.com\/editor\/wp-content\/uploads\/2024\/02\/cropped-cropped-logolu-150x150.webp","contentUrl":"https:\/\/luchonoticias.com\/editor\/wp-content\/uploads\/2024\/02\/cropped-cropped-logolu-150x150.webp","caption":"Editor General"},"sameAs":["https:\/\/luchonoticias.com\/"],"url":"https:\/\/luchonoticias.com\/editor\/author\/editor-general\/"}]}},"_links":{"self":[{"href":"https:\/\/luchonoticias.com\/editor\/wp-json\/wp\/v2\/posts\/75342","targetHints":{"allow":["GET"]}}],"collection":[{"href":"https:\/\/luchonoticias.com\/editor\/wp-json\/wp\/v2\/posts"}],"about":[{"href":"https:\/\/luchonoticias.com\/editor\/wp-json\/wp\/v2\/types\/post"}],"author":[{"embeddable":true,"href":"https:\/\/luchonoticias.com\/editor\/wp-json\/wp\/v2\/users\/2"}],"replies":[{"embeddable":true,"href":"https:\/\/luchonoticias.com\/editor\/wp-json\/wp\/v2\/comments?post=75342"}],"version-history":[{"count":2,"href":"https:\/\/luchonoticias.com\/editor\/wp-json\/wp\/v2\/posts\/75342\/revisions"}],"predecessor-version":[{"id":75345,"href":"https:\/\/luchonoticias.com\/editor\/wp-json\/wp\/v2\/posts\/75342\/revisions\/75345"}],"wp:featuredmedia":[{"embeddable":true,"href":"https:\/\/luchonoticias.com\/editor\/wp-json\/wp\/v2\/media\/75343"}],"wp:attachment":[{"href":"https:\/\/luchonoticias.com\/editor\/wp-json\/wp\/v2\/media?parent=75342"}],"wp:term":[{"taxonomy":"category","embeddable":true,"href":"https:\/\/luchonoticias.com\/editor\/wp-json\/wp\/v2\/categories?post=75342"},{"taxonomy":"post_tag","embeddable":true,"href":"https:\/\/luchonoticias.com\/editor\/wp-json\/wp\/v2\/tags?post=75342"}],"curies":[{"name":"wp","href":"https:\/\/api.w.org\/{rel}","templated":true}]}}