{"id":75346,"date":"2024-07-26T09:20:44","date_gmt":"2024-07-26T14:20:44","guid":{"rendered":"https:\/\/luchonoticias.com\/?p=75346"},"modified":"2024-07-26T09:20:44","modified_gmt":"2024-07-26T14:20:44","slug":"recuperacion-de-via-al-barrio-alberto-galindo","status":"publish","type":"post","link":"https:\/\/luchonoticias.com\/editor\/recuperacion-de-via-al-barrio-alberto-galindo\/","title":{"rendered":"Recuperaci\u00f3n de v\u00eda al barrio Alberto Galindo"},"content":{"rendered":"<p>En su esfuerzo constante por mejorar la calidad de vida de los neivanos, la Alcald\u00eda de Neiva, bajo la administraci\u00f3n del ingeniero Germ\u00e1n Casagua Bonilla, ha finalizado exitosamente las labores de reparcheo en la carrera S\u00e9ptima, v\u00eda Alberto Galindo, en el tramo que va desde el sector norte hacia el sur de la ciudad.<\/p>\n<p>Esta intervenci\u00f3n responde a la necesidad de mantener en \u00f3ptimas condiciones una de las principales rutas de acceso al centro de Neiva, por donde transitan diariamente veh\u00edculos particulares, transporte p\u00fablico y de carga.<\/p>\n<p>Los trabajos, que se realizaron en tiempo r\u00e9cord, incluyeron la reparaci\u00f3n de huecos y el mejoramiento de la capa asf\u00e1ltica, lo que no solo mejora la seguridad vial sino tambi\u00e9n la fluidez del tr\u00e1fico en una zona clave para la movilidad urbana. Adem\u00e1s, se implementaron medidas de se\u00f1alizaci\u00f3n temporal y desv\u00edos estrat\u00e9gicos para minimizar las molestias a los conductores durante la ejecuci\u00f3n de las obras.<\/p>\n<p>La Administraci\u00f3n Municipal se ha enfocado en asegurar la calidad y durabilidad de los trabajos realizados, supervisando cada etapa del proceso y garantizando que se cumplan con los est\u00e1ndares m\u00e1s altos de construcci\u00f3n y mantenimiento vial.<\/p>\n<p>Este esfuerzo es una muestra m\u00e1s del compromiso con el bienestar de los ciudadanos y el desarrollo de una ciudad m\u00e1s moderna y segura. Asimismo, estas acciones buscan asegurar que todos los neivanos puedan disfrutar de v\u00edas en buen estado, contribuyendo as\u00ed al progreso y la movilidad de la ciudad.<\/p>\n","protected":false},"excerpt":{"rendered":"<p>La Alcald\u00eda de Neiva contin\u00faa con su compromiso de mejorar la infraestructura vial de la ciudad. En esta ocasi\u00f3n, se ha llevado a cabo una importante jornada de reparcheo en la carrera S\u00e9ptima, v\u00eda Alberto Galindo, en sentido norte-sur, beneficiando a miles de conductores que transitan diariamente por esta arteria vial.<\/p>\n","protected":false},"author":2,"featured_media":75347,"comment_status":"closed","ping_status":"open","sticky":false,"template":"","format":"standard","meta":{"footnotes":""},"categories":[31],"tags":[],"class_list":["post-75346","post","type-post","status-publish","format-standard","has-post-thumbnail","hentry","category-local"],"yoast_head":"<!-- This site is optimized with the Yoast SEO plugin v26.6 - https:\/\/yoast.com\/wordpress\/plugins\/seo\/ -->\n<title>Recuperaci\u00f3n de v\u00eda al barrio Alberto Galindo -<\/title>\n<meta name=\"description\" content=\"La Alcald\u00eda de Neiva contin\u00faa con su compromiso de mejorar la infraestructura vial de la ciudad. En esta ocasi\u00f3n, se ha llevado a cabo una importante jornada de reparcheo en la carrera S\u00e9ptima, v\u00eda Alberto Galindo, en sentido norte-sur, beneficiando a miles de conductores que transitan diariamente por esta arteria vial.\" \/>\n<meta name=\"robots\" content=\"index, follow, max-snippet:-1, max-image-preview:large, max-video-preview:-1\" \/>\n<link rel=\"canonical\" href=\"https:\/\/luchonoticias.com\/editor\/recuperacion-de-via-al-barrio-alberto-galindo\/\" \/>\n<meta property=\"og:locale\" content=\"es_ES\" \/>\n<meta property=\"og:type\" content=\"article\" \/>\n<meta property=\"og:title\" content=\"Recuperaci\u00f3n de v\u00eda al barrio Alberto Galindo -\" \/>\n<meta property=\"og:description\" content=\"La Alcald\u00eda de Neiva contin\u00faa con su compromiso de mejorar la infraestructura vial de la ciudad. En esta ocasi\u00f3n, se ha llevado a cabo una importante jornada de reparcheo en la carrera S\u00e9ptima, v\u00eda Alberto Galindo, en sentido norte-sur, beneficiando a miles de conductores que transitan diariamente por esta arteria vial.\" \/>\n<meta property=\"og:url\" content=\"https:\/\/luchonoticias.com\/editor\/recuperacion-de-via-al-barrio-alberto-galindo\/\" \/>\n<meta property=\"article:publisher\" content=\"https:\/\/www.facebook.com\/luchonoticiasneiva\" \/>\n<meta property=\"article:published_time\" content=\"2024-07-26T14:20:44+00:00\" \/>\n<meta property=\"og:image\" content=\"https:\/\/luchonoticias.com\/editor\/wp-content\/uploads\/2024\/07\/alberto-galindo.jpg\" \/>\n\t<meta property=\"og:image:width\" content=\"700\" \/>\n\t<meta property=\"og:image:height\" content=\"400\" \/>\n\t<meta property=\"og:image:type\" content=\"image\/jpeg\" \/>\n<meta name=\"author\" content=\"Editor General\" \/>\n<meta name=\"twitter:card\" content=\"summary_large_image\" \/>\n<meta name=\"twitter:label1\" content=\"Escrito por\" \/>\n\t<meta name=\"twitter:data1\" content=\"Editor General\" \/>\n\t<meta name=\"twitter:label2\" content=\"Tiempo de lectura\" \/>\n\t<meta name=\"twitter:data2\" content=\"2 minutos\" \/>\n<script type=\"application\/ld+json\" class=\"yoast-schema-graph\">{\"@context\":\"https:\/\/schema.org\",\"@graph\":[{\"@type\":\"Article\",\"@id\":\"https:\/\/luchonoticias.com\/editor\/recuperacion-de-via-al-barrio-alberto-galindo\/#article\",\"isPartOf\":{\"@id\":\"https:\/\/luchonoticias.com\/editor\/recuperacion-de-via-al-barrio-alberto-galindo\/\"},\"author\":{\"name\":\"Editor General\",\"@id\":\"https:\/\/luchonoticias.com\/editor\/#\/schema\/person\/29217990ddf6f14e35912b2866d591fb\"},\"headline\":\"Recuperaci\u00f3n de v\u00eda al barrio Alberto Galindo\",\"datePublished\":\"2024-07-26T14:20:44+00:00\",\"mainEntityOfPage\":{\"@id\":\"https:\/\/luchonoticias.com\/editor\/recuperacion-de-via-al-barrio-alberto-galindo\/\"},\"wordCount\":273,\"publisher\":{\"@id\":\"https:\/\/luchonoticias.com\/editor\/#\/schema\/person\/7a7fd911f58561fd056dbac7b55af9cd\"},\"image\":{\"@id\":\"https:\/\/luchonoticias.com\/editor\/recuperacion-de-via-al-barrio-alberto-galindo\/#primaryimage\"},\"thumbnailUrl\":\"https:\/\/luchonoticias.com\/editor\/wp-content\/uploads\/2024\/07\/alberto-galindo.jpg\",\"articleSection\":[\"Local\"],\"inLanguage\":\"es\"},{\"@type\":\"WebPage\",\"@id\":\"https:\/\/luchonoticias.com\/editor\/recuperacion-de-via-al-barrio-alberto-galindo\/\",\"url\":\"https:\/\/luchonoticias.com\/editor\/recuperacion-de-via-al-barrio-alberto-galindo\/\",\"name\":\"Recuperaci\u00f3n de v\u00eda al barrio Alberto Galindo -\",\"isPartOf\":{\"@id\":\"https:\/\/luchonoticias.com\/editor\/#website\"},\"primaryImageOfPage\":{\"@id\":\"https:\/\/luchonoticias.com\/editor\/recuperacion-de-via-al-barrio-alberto-galindo\/#primaryimage\"},\"image\":{\"@id\":\"https:\/\/luchonoticias.com\/editor\/recuperacion-de-via-al-barrio-alberto-galindo\/#primaryimage\"},\"thumbnailUrl\":\"https:\/\/luchonoticias.com\/editor\/wp-content\/uploads\/2024\/07\/alberto-galindo.jpg\",\"datePublished\":\"2024-07-26T14:20:44+00:00\",\"description\":\"La Alcald\u00eda de Neiva contin\u00faa con su compromiso de mejorar la infraestructura vial de la ciudad. En esta ocasi\u00f3n, se ha llevado a cabo una importante jornada de reparcheo en la carrera S\u00e9ptima, v\u00eda Alberto Galindo, en sentido norte-sur, beneficiando a miles de conductores que transitan diariamente por esta arteria vial.\",\"breadcrumb\":{\"@id\":\"https:\/\/luchonoticias.com\/editor\/recuperacion-de-via-al-barrio-alberto-galindo\/#breadcrumb\"},\"inLanguage\":\"es\",\"potentialAction\":[{\"@type\":\"ReadAction\",\"target\":[\"https:\/\/luchonoticias.com\/editor\/recuperacion-de-via-al-barrio-alberto-galindo\/\"]}]},{\"@type\":\"ImageObject\",\"inLanguage\":\"es\",\"@id\":\"https:\/\/luchonoticias.com\/editor\/recuperacion-de-via-al-barrio-alberto-galindo\/#primaryimage\",\"url\":\"https:\/\/luchonoticias.com\/editor\/wp-content\/uploads\/2024\/07\/alberto-galindo.jpg\",\"contentUrl\":\"https:\/\/luchonoticias.com\/editor\/wp-content\/uploads\/2024\/07\/alberto-galindo.jpg\",\"width\":700,\"height\":400},{\"@type\":\"BreadcrumbList\",\"@id\":\"https:\/\/luchonoticias.com\/editor\/recuperacion-de-via-al-barrio-alberto-galindo\/#breadcrumb\",\"itemListElement\":[{\"@type\":\"ListItem\",\"position\":1,\"name\":\"Portada\",\"item\":\"https:\/\/luchonoticias.com\/editor\/\"},{\"@type\":\"ListItem\",\"position\":2,\"name\":\"Recuperaci\u00f3n de v\u00eda al barrio Alberto Galindo\"}]},{\"@type\":\"WebSite\",\"@id\":\"https:\/\/luchonoticias.com\/editor\/#website\",\"url\":\"https:\/\/luchonoticias.com\/editor\/\",\"name\":\"\",\"description\":\"\",\"publisher\":{\"@id\":\"https:\/\/luchonoticias.com\/editor\/#\/schema\/person\/7a7fd911f58561fd056dbac7b55af9cd\"},\"potentialAction\":[{\"@type\":\"SearchAction\",\"target\":{\"@type\":\"EntryPoint\",\"urlTemplate\":\"https:\/\/luchonoticias.com\/editor\/?s={search_term_string}\"},\"query-input\":{\"@type\":\"PropertyValueSpecification\",\"valueRequired\":true,\"valueName\":\"search_term_string\"}}],\"inLanguage\":\"es\"},{\"@type\":[\"Person\",\"Organization\"],\"@id\":\"https:\/\/luchonoticias.com\/editor\/#\/schema\/person\/7a7fd911f58561fd056dbac7b55af9cd\",\"name\":\"admin\",\"image\":{\"@type\":\"ImageObject\",\"inLanguage\":\"es\",\"@id\":\"https:\/\/luchonoticias.com\/editor\/#\/schema\/person\/image\/\",\"url\":\"https:\/\/luchonoticias.com\/editor\/wp-content\/uploads\/2024\/02\/cropped-cropped-logolu.webp\",\"contentUrl\":\"https:\/\/luchonoticias.com\/editor\/wp-content\/uploads\/2024\/02\/cropped-cropped-logolu.webp\",\"width\":382,\"height\":170,\"caption\":\"admin\"},\"logo\":{\"@id\":\"https:\/\/luchonoticias.com\/editor\/#\/schema\/person\/image\/\"},\"sameAs\":[\"https:\/\/www.facebook.com\/luchonoticiasneiva\"]},{\"@type\":\"Person\",\"@id\":\"https:\/\/luchonoticias.com\/editor\/#\/schema\/person\/29217990ddf6f14e35912b2866d591fb\",\"name\":\"Editor General\",\"image\":{\"@type\":\"ImageObject\",\"inLanguage\":\"es\",\"@id\":\"https:\/\/luchonoticias.com\/editor\/#\/schema\/person\/image\/\",\"url\":\"https:\/\/luchonoticias.com\/editor\/wp-content\/uploads\/2024\/02\/cropped-cropped-logolu-150x150.webp\",\"contentUrl\":\"https:\/\/luchonoticias.com\/editor\/wp-content\/uploads\/2024\/02\/cropped-cropped-logolu-150x150.webp\",\"caption\":\"Editor General\"},\"sameAs\":[\"https:\/\/luchonoticias.com\/\"],\"url\":\"https:\/\/luchonoticias.com\/editor\/author\/editor-general\/\"}]}<\/script>\n<!-- \/ Yoast SEO plugin. -->","yoast_head_json":{"title":"Recuperaci\u00f3n de v\u00eda al barrio Alberto Galindo -","description":"La Alcald\u00eda de Neiva contin\u00faa con su compromiso de mejorar la infraestructura vial de la ciudad. En esta ocasi\u00f3n, se ha llevado a cabo una importante jornada de reparcheo en la carrera S\u00e9ptima, v\u00eda Alberto Galindo, en sentido norte-sur, beneficiando a miles de conductores que transitan diariamente por esta arteria vial.","robots":{"index":"index","follow":"follow","max-snippet":"max-snippet:-1","max-image-preview":"max-image-preview:large","max-video-preview":"max-video-preview:-1"},"canonical":"https:\/\/luchonoticias.com\/editor\/recuperacion-de-via-al-barrio-alberto-galindo\/","og_locale":"es_ES","og_type":"article","og_title":"Recuperaci\u00f3n de v\u00eda al barrio Alberto Galindo -","og_description":"La Alcald\u00eda de Neiva contin\u00faa con su compromiso de mejorar la infraestructura vial de la ciudad. En esta ocasi\u00f3n, se ha llevado a cabo una importante jornada de reparcheo en la carrera S\u00e9ptima, v\u00eda Alberto Galindo, en sentido norte-sur, beneficiando a miles de conductores que transitan diariamente por esta arteria vial.","og_url":"https:\/\/luchonoticias.com\/editor\/recuperacion-de-via-al-barrio-alberto-galindo\/","article_publisher":"https:\/\/www.facebook.com\/luchonoticiasneiva","article_published_time":"2024-07-26T14:20:44+00:00","og_image":[{"width":700,"height":400,"url":"https:\/\/luchonoticias.com\/editor\/wp-content\/uploads\/2024\/07\/alberto-galindo.jpg","type":"image\/jpeg"}],"author":"Editor General","twitter_card":"summary_large_image","twitter_misc":{"Escrito por":"Editor General","Tiempo de lectura":"2 minutos"},"schema":{"@context":"https:\/\/schema.org","@graph":[{"@type":"Article","@id":"https:\/\/luchonoticias.com\/editor\/recuperacion-de-via-al-barrio-alberto-galindo\/#article","isPartOf":{"@id":"https:\/\/luchonoticias.com\/editor\/recuperacion-de-via-al-barrio-alberto-galindo\/"},"author":{"name":"Editor General","@id":"https:\/\/luchonoticias.com\/editor\/#\/schema\/person\/29217990ddf6f14e35912b2866d591fb"},"headline":"Recuperaci\u00f3n de v\u00eda al barrio Alberto Galindo","datePublished":"2024-07-26T14:20:44+00:00","mainEntityOfPage":{"@id":"https:\/\/luchonoticias.com\/editor\/recuperacion-de-via-al-barrio-alberto-galindo\/"},"wordCount":273,"publisher":{"@id":"https:\/\/luchonoticias.com\/editor\/#\/schema\/person\/7a7fd911f58561fd056dbac7b55af9cd"},"image":{"@id":"https:\/\/luchonoticias.com\/editor\/recuperacion-de-via-al-barrio-alberto-galindo\/#primaryimage"},"thumbnailUrl":"https:\/\/luchonoticias.com\/editor\/wp-content\/uploads\/2024\/07\/alberto-galindo.jpg","articleSection":["Local"],"inLanguage":"es"},{"@type":"WebPage","@id":"https:\/\/luchonoticias.com\/editor\/recuperacion-de-via-al-barrio-alberto-galindo\/","url":"https:\/\/luchonoticias.com\/editor\/recuperacion-de-via-al-barrio-alberto-galindo\/","name":"Recuperaci\u00f3n de v\u00eda al barrio Alberto Galindo -","isPartOf":{"@id":"https:\/\/luchonoticias.com\/editor\/#website"},"primaryImageOfPage":{"@id":"https:\/\/luchonoticias.com\/editor\/recuperacion-de-via-al-barrio-alberto-galindo\/#primaryimage"},"image":{"@id":"https:\/\/luchonoticias.com\/editor\/recuperacion-de-via-al-barrio-alberto-galindo\/#primaryimage"},"thumbnailUrl":"https:\/\/luchonoticias.com\/editor\/wp-content\/uploads\/2024\/07\/alberto-galindo.jpg","datePublished":"2024-07-26T14:20:44+00:00","description":"La Alcald\u00eda de Neiva contin\u00faa con su compromiso de mejorar la infraestructura vial de la ciudad. En esta ocasi\u00f3n, se ha llevado a cabo una importante jornada de reparcheo en la carrera S\u00e9ptima, v\u00eda Alberto Galindo, en sentido norte-sur, beneficiando a miles de conductores que transitan diariamente por esta arteria vial.","breadcrumb":{"@id":"https:\/\/luchonoticias.com\/editor\/recuperacion-de-via-al-barrio-alberto-galindo\/#breadcrumb"},"inLanguage":"es","potentialAction":[{"@type":"ReadAction","target":["https:\/\/luchonoticias.com\/editor\/recuperacion-de-via-al-barrio-alberto-galindo\/"]}]},{"@type":"ImageObject","inLanguage":"es","@id":"https:\/\/luchonoticias.com\/editor\/recuperacion-de-via-al-barrio-alberto-galindo\/#primaryimage","url":"https:\/\/luchonoticias.com\/editor\/wp-content\/uploads\/2024\/07\/alberto-galindo.jpg","contentUrl":"https:\/\/luchonoticias.com\/editor\/wp-content\/uploads\/2024\/07\/alberto-galindo.jpg","width":700,"height":400},{"@type":"BreadcrumbList","@id":"https:\/\/luchonoticias.com\/editor\/recuperacion-de-via-al-barrio-alberto-galindo\/#breadcrumb","itemListElement":[{"@type":"ListItem","position":1,"name":"Portada","item":"https:\/\/luchonoticias.com\/editor\/"},{"@type":"ListItem","position":2,"name":"Recuperaci\u00f3n de v\u00eda al barrio Alberto Galindo"}]},{"@type":"WebSite","@id":"https:\/\/luchonoticias.com\/editor\/#website","url":"https:\/\/luchonoticias.com\/editor\/","name":"","description":"","publisher":{"@id":"https:\/\/luchonoticias.com\/editor\/#\/schema\/person\/7a7fd911f58561fd056dbac7b55af9cd"},"potentialAction":[{"@type":"SearchAction","target":{"@type":"EntryPoint","urlTemplate":"https:\/\/luchonoticias.com\/editor\/?s={search_term_string}"},"query-input":{"@type":"PropertyValueSpecification","valueRequired":true,"valueName":"search_term_string"}}],"inLanguage":"es"},{"@type":["Person","Organization"],"@id":"https:\/\/luchonoticias.com\/editor\/#\/schema\/person\/7a7fd911f58561fd056dbac7b55af9cd","name":"admin","image":{"@type":"ImageObject","inLanguage":"es","@id":"https:\/\/luchonoticias.com\/editor\/#\/schema\/person\/image\/","url":"https:\/\/luchonoticias.com\/editor\/wp-content\/uploads\/2024\/02\/cropped-cropped-logolu.webp","contentUrl":"https:\/\/luchonoticias.com\/editor\/wp-content\/uploads\/2024\/02\/cropped-cropped-logolu.webp","width":382,"height":170,"caption":"admin"},"logo":{"@id":"https:\/\/luchonoticias.com\/editor\/#\/schema\/person\/image\/"},"sameAs":["https:\/\/www.facebook.com\/luchonoticiasneiva"]},{"@type":"Person","@id":"https:\/\/luchonoticias.com\/editor\/#\/schema\/person\/29217990ddf6f14e35912b2866d591fb","name":"Editor General","image":{"@type":"ImageObject","inLanguage":"es","@id":"https:\/\/luchonoticias.com\/editor\/#\/schema\/person\/image\/","url":"https:\/\/luchonoticias.com\/editor\/wp-content\/uploads\/2024\/02\/cropped-cropped-logolu-150x150.webp","contentUrl":"https:\/\/luchonoticias.com\/editor\/wp-content\/uploads\/2024\/02\/cropped-cropped-logolu-150x150.webp","caption":"Editor General"},"sameAs":["https:\/\/luchonoticias.com\/"],"url":"https:\/\/luchonoticias.com\/editor\/author\/editor-general\/"}]}},"_links":{"self":[{"href":"https:\/\/luchonoticias.com\/editor\/wp-json\/wp\/v2\/posts\/75346","targetHints":{"allow":["GET"]}}],"collection":[{"href":"https:\/\/luchonoticias.com\/editor\/wp-json\/wp\/v2\/posts"}],"about":[{"href":"https:\/\/luchonoticias.com\/editor\/wp-json\/wp\/v2\/types\/post"}],"author":[{"embeddable":true,"href":"https:\/\/luchonoticias.com\/editor\/wp-json\/wp\/v2\/users\/2"}],"replies":[{"embeddable":true,"href":"https:\/\/luchonoticias.com\/editor\/wp-json\/wp\/v2\/comments?post=75346"}],"version-history":[{"count":1,"href":"https:\/\/luchonoticias.com\/editor\/wp-json\/wp\/v2\/posts\/75346\/revisions"}],"predecessor-version":[{"id":75348,"href":"https:\/\/luchonoticias.com\/editor\/wp-json\/wp\/v2\/posts\/75346\/revisions\/75348"}],"wp:featuredmedia":[{"embeddable":true,"href":"https:\/\/luchonoticias.com\/editor\/wp-json\/wp\/v2\/media\/75347"}],"wp:attachment":[{"href":"https:\/\/luchonoticias.com\/editor\/wp-json\/wp\/v2\/media?parent=75346"}],"wp:term":[{"taxonomy":"category","embeddable":true,"href":"https:\/\/luchonoticias.com\/editor\/wp-json\/wp\/v2\/categories?post=75346"},{"taxonomy":"post_tag","embeddable":true,"href":"https:\/\/luchonoticias.com\/editor\/wp-json\/wp\/v2\/tags?post=75346"}],"curies":[{"name":"wp","href":"https:\/\/api.w.org\/{rel}","templated":true}]}}