{"id":75349,"date":"2024-07-26T10:46:31","date_gmt":"2024-07-26T15:46:31","guid":{"rendered":"https:\/\/luchonoticias.com\/?p=75349"},"modified":"2024-07-26T10:46:31","modified_gmt":"2024-07-26T15:46:31","slug":"joven-detenido-en-la-comuna-uno-con-armas-y-droga","status":"publish","type":"post","link":"https:\/\/luchonoticias.com\/editor\/joven-detenido-en-la-comuna-uno-con-armas-y-droga\/","title":{"rendered":"Joven detenido en la Comuna Uno con armas y droga"},"content":{"rendered":"<p>La Polic\u00eda Metropolitana de Neiva, contin\u00faa adelantando diferentes estrategias desplegadas por los uniformados pertenecientes a esta unidad, en busca de resultados contundentes.<\/p>\n<p>Es as\u00ed como la Seccional de Investigaci\u00f3n Criminal SIJIN, a trav\u00e9s de diligencias de registro y allanamiento, logra la captura en flagrancia de un hombre de conocido como \u00abDiego\u00bb de 27 a\u00f1os de edad, en el barrio Pigoanza de la comuna uno.<\/p>\n<p>En medio de la acci\u00f3n se logra incautar 26 cartuchos calibr\u00e9 38 mm, 11 cartuchos para pistola calibre 9 mm, 380 gramos de clorhidrato de coca\u00edna lista para dosificar, 5 celulares, 01 gramera y 6.685.000 pesos en efectivo, presuntamente producto de la venta de estupefacientes.<\/p>\n<p>\u00abDiego\u00bb fue dejado a disposici\u00f3n de autoridad competente por los delitos de tr\u00e1fico, fabricaci\u00f3n o porte de estupefacientes y tr\u00e1fico, fabricaci\u00f3n y porte de armas de fuego o municiones, donde un Juez de control de garant\u00edas definir\u00e1 su situaci\u00f3n judicial.<\/p>\n","protected":false},"excerpt":{"rendered":"<p>La Polic\u00eda Nacional, incauta coca\u00edna y munici\u00f3n para armas de fuego; durante este importante operativo se logra la captura de un hombre en flagrancia.<\/p>\n","protected":false},"author":2,"featured_media":75350,"comment_status":"closed","ping_status":"open","sticky":false,"template":"","format":"standard","meta":{"footnotes":""},"categories":[29],"tags":[],"class_list":["post-75349","post","type-post","status-publish","format-standard","has-post-thumbnail","hentry","category-judicial"],"yoast_head":"<!-- This site is optimized with the Yoast SEO plugin v26.6 - https:\/\/yoast.com\/wordpress\/plugins\/seo\/ -->\n<title>Joven detenido en la Comuna Uno con armas y droga -<\/title>\n<meta name=\"description\" content=\"La Polic\u00eda Nacional, incauta coca\u00edna y munici\u00f3n para armas de fuego; durante este importante operativo se logra la captura de un hombre en flagrancia\" \/>\n<meta name=\"robots\" content=\"index, follow, max-snippet:-1, max-image-preview:large, max-video-preview:-1\" \/>\n<link rel=\"canonical\" href=\"https:\/\/luchonoticias.com\/editor\/joven-detenido-en-la-comuna-uno-con-armas-y-droga\/\" \/>\n<meta property=\"og:locale\" content=\"es_ES\" \/>\n<meta property=\"og:type\" content=\"article\" \/>\n<meta property=\"og:title\" content=\"Joven detenido en la Comuna Uno con armas y droga -\" \/>\n<meta property=\"og:description\" content=\"La Polic\u00eda Nacional, incauta coca\u00edna y munici\u00f3n para armas de fuego; durante este importante operativo se logra la captura de un hombre en flagrancia\" \/>\n<meta property=\"og:url\" content=\"https:\/\/luchonoticias.com\/editor\/joven-detenido-en-la-comuna-uno-con-armas-y-droga\/\" \/>\n<meta property=\"article:publisher\" content=\"https:\/\/www.facebook.com\/luchonoticiasneiva\" \/>\n<meta property=\"article:published_time\" content=\"2024-07-26T15:46:31+00:00\" \/>\n<meta property=\"og:image\" content=\"https:\/\/luchonoticias.com\/editor\/wp-content\/uploads\/2024\/07\/detenido-1.jpg\" \/>\n\t<meta property=\"og:image:width\" content=\"700\" \/>\n\t<meta property=\"og:image:height\" content=\"400\" \/>\n\t<meta property=\"og:image:type\" content=\"image\/jpeg\" \/>\n<meta name=\"author\" content=\"Editor General\" \/>\n<meta name=\"twitter:card\" content=\"summary_large_image\" \/>\n<meta name=\"twitter:label1\" content=\"Escrito por\" \/>\n\t<meta name=\"twitter:data1\" content=\"Editor General\" \/>\n\t<meta name=\"twitter:label2\" content=\"Tiempo de lectura\" \/>\n\t<meta name=\"twitter:data2\" content=\"1 minuto\" \/>\n<script type=\"application\/ld+json\" class=\"yoast-schema-graph\">{\"@context\":\"https:\/\/schema.org\",\"@graph\":[{\"@type\":\"Article\",\"@id\":\"https:\/\/luchonoticias.com\/editor\/joven-detenido-en-la-comuna-uno-con-armas-y-droga\/#article\",\"isPartOf\":{\"@id\":\"https:\/\/luchonoticias.com\/editor\/joven-detenido-en-la-comuna-uno-con-armas-y-droga\/\"},\"author\":{\"name\":\"Editor General\",\"@id\":\"https:\/\/luchonoticias.com\/editor\/#\/schema\/person\/29217990ddf6f14e35912b2866d591fb\"},\"headline\":\"Joven detenido en la Comuna Uno con armas y droga\",\"datePublished\":\"2024-07-26T15:46:31+00:00\",\"mainEntityOfPage\":{\"@id\":\"https:\/\/luchonoticias.com\/editor\/joven-detenido-en-la-comuna-uno-con-armas-y-droga\/\"},\"wordCount\":164,\"publisher\":{\"@id\":\"https:\/\/luchonoticias.com\/editor\/#\/schema\/person\/7a7fd911f58561fd056dbac7b55af9cd\"},\"image\":{\"@id\":\"https:\/\/luchonoticias.com\/editor\/joven-detenido-en-la-comuna-uno-con-armas-y-droga\/#primaryimage\"},\"thumbnailUrl\":\"https:\/\/luchonoticias.com\/editor\/wp-content\/uploads\/2024\/07\/detenido-1.jpg\",\"articleSection\":[\"Judicial\"],\"inLanguage\":\"es\"},{\"@type\":\"WebPage\",\"@id\":\"https:\/\/luchonoticias.com\/editor\/joven-detenido-en-la-comuna-uno-con-armas-y-droga\/\",\"url\":\"https:\/\/luchonoticias.com\/editor\/joven-detenido-en-la-comuna-uno-con-armas-y-droga\/\",\"name\":\"Joven detenido en la Comuna Uno con armas y droga -\",\"isPartOf\":{\"@id\":\"https:\/\/luchonoticias.com\/editor\/#website\"},\"primaryImageOfPage\":{\"@id\":\"https:\/\/luchonoticias.com\/editor\/joven-detenido-en-la-comuna-uno-con-armas-y-droga\/#primaryimage\"},\"image\":{\"@id\":\"https:\/\/luchonoticias.com\/editor\/joven-detenido-en-la-comuna-uno-con-armas-y-droga\/#primaryimage\"},\"thumbnailUrl\":\"https:\/\/luchonoticias.com\/editor\/wp-content\/uploads\/2024\/07\/detenido-1.jpg\",\"datePublished\":\"2024-07-26T15:46:31+00:00\",\"description\":\"La Polic\u00eda Nacional, incauta coca\u00edna y munici\u00f3n para armas de fuego; durante este importante operativo se logra la captura de un hombre en flagrancia\",\"breadcrumb\":{\"@id\":\"https:\/\/luchonoticias.com\/editor\/joven-detenido-en-la-comuna-uno-con-armas-y-droga\/#breadcrumb\"},\"inLanguage\":\"es\",\"potentialAction\":[{\"@type\":\"ReadAction\",\"target\":[\"https:\/\/luchonoticias.com\/editor\/joven-detenido-en-la-comuna-uno-con-armas-y-droga\/\"]}]},{\"@type\":\"ImageObject\",\"inLanguage\":\"es\",\"@id\":\"https:\/\/luchonoticias.com\/editor\/joven-detenido-en-la-comuna-uno-con-armas-y-droga\/#primaryimage\",\"url\":\"https:\/\/luchonoticias.com\/editor\/wp-content\/uploads\/2024\/07\/detenido-1.jpg\",\"contentUrl\":\"https:\/\/luchonoticias.com\/editor\/wp-content\/uploads\/2024\/07\/detenido-1.jpg\",\"width\":700,\"height\":400},{\"@type\":\"BreadcrumbList\",\"@id\":\"https:\/\/luchonoticias.com\/editor\/joven-detenido-en-la-comuna-uno-con-armas-y-droga\/#breadcrumb\",\"itemListElement\":[{\"@type\":\"ListItem\",\"position\":1,\"name\":\"Portada\",\"item\":\"https:\/\/luchonoticias.com\/editor\/\"},{\"@type\":\"ListItem\",\"position\":2,\"name\":\"Joven detenido en la Comuna Uno con armas y droga\"}]},{\"@type\":\"WebSite\",\"@id\":\"https:\/\/luchonoticias.com\/editor\/#website\",\"url\":\"https:\/\/luchonoticias.com\/editor\/\",\"name\":\"\",\"description\":\"\",\"publisher\":{\"@id\":\"https:\/\/luchonoticias.com\/editor\/#\/schema\/person\/7a7fd911f58561fd056dbac7b55af9cd\"},\"potentialAction\":[{\"@type\":\"SearchAction\",\"target\":{\"@type\":\"EntryPoint\",\"urlTemplate\":\"https:\/\/luchonoticias.com\/editor\/?s={search_term_string}\"},\"query-input\":{\"@type\":\"PropertyValueSpecification\",\"valueRequired\":true,\"valueName\":\"search_term_string\"}}],\"inLanguage\":\"es\"},{\"@type\":[\"Person\",\"Organization\"],\"@id\":\"https:\/\/luchonoticias.com\/editor\/#\/schema\/person\/7a7fd911f58561fd056dbac7b55af9cd\",\"name\":\"admin\",\"image\":{\"@type\":\"ImageObject\",\"inLanguage\":\"es\",\"@id\":\"https:\/\/luchonoticias.com\/editor\/#\/schema\/person\/image\/\",\"url\":\"https:\/\/luchonoticias.com\/editor\/wp-content\/uploads\/2024\/02\/cropped-cropped-logolu.webp\",\"contentUrl\":\"https:\/\/luchonoticias.com\/editor\/wp-content\/uploads\/2024\/02\/cropped-cropped-logolu.webp\",\"width\":382,\"height\":170,\"caption\":\"admin\"},\"logo\":{\"@id\":\"https:\/\/luchonoticias.com\/editor\/#\/schema\/person\/image\/\"},\"sameAs\":[\"https:\/\/www.facebook.com\/luchonoticiasneiva\"]},{\"@type\":\"Person\",\"@id\":\"https:\/\/luchonoticias.com\/editor\/#\/schema\/person\/29217990ddf6f14e35912b2866d591fb\",\"name\":\"Editor General\",\"image\":{\"@type\":\"ImageObject\",\"inLanguage\":\"es\",\"@id\":\"https:\/\/luchonoticias.com\/editor\/#\/schema\/person\/image\/\",\"url\":\"https:\/\/luchonoticias.com\/editor\/wp-content\/uploads\/2024\/02\/cropped-cropped-logolu-150x150.webp\",\"contentUrl\":\"https:\/\/luchonoticias.com\/editor\/wp-content\/uploads\/2024\/02\/cropped-cropped-logolu-150x150.webp\",\"caption\":\"Editor General\"},\"sameAs\":[\"https:\/\/luchonoticias.com\/\"],\"url\":\"https:\/\/luchonoticias.com\/editor\/author\/editor-general\/\"}]}<\/script>\n<!-- \/ Yoast SEO plugin. -->","yoast_head_json":{"title":"Joven detenido en la Comuna Uno con armas y droga -","description":"La Polic\u00eda Nacional, incauta coca\u00edna y munici\u00f3n para armas de fuego; durante este importante operativo se logra la captura de un hombre en flagrancia","robots":{"index":"index","follow":"follow","max-snippet":"max-snippet:-1","max-image-preview":"max-image-preview:large","max-video-preview":"max-video-preview:-1"},"canonical":"https:\/\/luchonoticias.com\/editor\/joven-detenido-en-la-comuna-uno-con-armas-y-droga\/","og_locale":"es_ES","og_type":"article","og_title":"Joven detenido en la Comuna Uno con armas y droga -","og_description":"La Polic\u00eda Nacional, incauta coca\u00edna y munici\u00f3n para armas de fuego; durante este importante operativo se logra la captura de un hombre en flagrancia","og_url":"https:\/\/luchonoticias.com\/editor\/joven-detenido-en-la-comuna-uno-con-armas-y-droga\/","article_publisher":"https:\/\/www.facebook.com\/luchonoticiasneiva","article_published_time":"2024-07-26T15:46:31+00:00","og_image":[{"width":700,"height":400,"url":"https:\/\/luchonoticias.com\/editor\/wp-content\/uploads\/2024\/07\/detenido-1.jpg","type":"image\/jpeg"}],"author":"Editor General","twitter_card":"summary_large_image","twitter_misc":{"Escrito por":"Editor General","Tiempo de lectura":"1 minuto"},"schema":{"@context":"https:\/\/schema.org","@graph":[{"@type":"Article","@id":"https:\/\/luchonoticias.com\/editor\/joven-detenido-en-la-comuna-uno-con-armas-y-droga\/#article","isPartOf":{"@id":"https:\/\/luchonoticias.com\/editor\/joven-detenido-en-la-comuna-uno-con-armas-y-droga\/"},"author":{"name":"Editor General","@id":"https:\/\/luchonoticias.com\/editor\/#\/schema\/person\/29217990ddf6f14e35912b2866d591fb"},"headline":"Joven detenido en la Comuna Uno con armas y droga","datePublished":"2024-07-26T15:46:31+00:00","mainEntityOfPage":{"@id":"https:\/\/luchonoticias.com\/editor\/joven-detenido-en-la-comuna-uno-con-armas-y-droga\/"},"wordCount":164,"publisher":{"@id":"https:\/\/luchonoticias.com\/editor\/#\/schema\/person\/7a7fd911f58561fd056dbac7b55af9cd"},"image":{"@id":"https:\/\/luchonoticias.com\/editor\/joven-detenido-en-la-comuna-uno-con-armas-y-droga\/#primaryimage"},"thumbnailUrl":"https:\/\/luchonoticias.com\/editor\/wp-content\/uploads\/2024\/07\/detenido-1.jpg","articleSection":["Judicial"],"inLanguage":"es"},{"@type":"WebPage","@id":"https:\/\/luchonoticias.com\/editor\/joven-detenido-en-la-comuna-uno-con-armas-y-droga\/","url":"https:\/\/luchonoticias.com\/editor\/joven-detenido-en-la-comuna-uno-con-armas-y-droga\/","name":"Joven detenido en la Comuna Uno con armas y droga -","isPartOf":{"@id":"https:\/\/luchonoticias.com\/editor\/#website"},"primaryImageOfPage":{"@id":"https:\/\/luchonoticias.com\/editor\/joven-detenido-en-la-comuna-uno-con-armas-y-droga\/#primaryimage"},"image":{"@id":"https:\/\/luchonoticias.com\/editor\/joven-detenido-en-la-comuna-uno-con-armas-y-droga\/#primaryimage"},"thumbnailUrl":"https:\/\/luchonoticias.com\/editor\/wp-content\/uploads\/2024\/07\/detenido-1.jpg","datePublished":"2024-07-26T15:46:31+00:00","description":"La Polic\u00eda Nacional, incauta coca\u00edna y munici\u00f3n para armas de fuego; durante este importante operativo se logra la captura de un hombre en flagrancia","breadcrumb":{"@id":"https:\/\/luchonoticias.com\/editor\/joven-detenido-en-la-comuna-uno-con-armas-y-droga\/#breadcrumb"},"inLanguage":"es","potentialAction":[{"@type":"ReadAction","target":["https:\/\/luchonoticias.com\/editor\/joven-detenido-en-la-comuna-uno-con-armas-y-droga\/"]}]},{"@type":"ImageObject","inLanguage":"es","@id":"https:\/\/luchonoticias.com\/editor\/joven-detenido-en-la-comuna-uno-con-armas-y-droga\/#primaryimage","url":"https:\/\/luchonoticias.com\/editor\/wp-content\/uploads\/2024\/07\/detenido-1.jpg","contentUrl":"https:\/\/luchonoticias.com\/editor\/wp-content\/uploads\/2024\/07\/detenido-1.jpg","width":700,"height":400},{"@type":"BreadcrumbList","@id":"https:\/\/luchonoticias.com\/editor\/joven-detenido-en-la-comuna-uno-con-armas-y-droga\/#breadcrumb","itemListElement":[{"@type":"ListItem","position":1,"name":"Portada","item":"https:\/\/luchonoticias.com\/editor\/"},{"@type":"ListItem","position":2,"name":"Joven detenido en la Comuna Uno con armas y droga"}]},{"@type":"WebSite","@id":"https:\/\/luchonoticias.com\/editor\/#website","url":"https:\/\/luchonoticias.com\/editor\/","name":"","description":"","publisher":{"@id":"https:\/\/luchonoticias.com\/editor\/#\/schema\/person\/7a7fd911f58561fd056dbac7b55af9cd"},"potentialAction":[{"@type":"SearchAction","target":{"@type":"EntryPoint","urlTemplate":"https:\/\/luchonoticias.com\/editor\/?s={search_term_string}"},"query-input":{"@type":"PropertyValueSpecification","valueRequired":true,"valueName":"search_term_string"}}],"inLanguage":"es"},{"@type":["Person","Organization"],"@id":"https:\/\/luchonoticias.com\/editor\/#\/schema\/person\/7a7fd911f58561fd056dbac7b55af9cd","name":"admin","image":{"@type":"ImageObject","inLanguage":"es","@id":"https:\/\/luchonoticias.com\/editor\/#\/schema\/person\/image\/","url":"https:\/\/luchonoticias.com\/editor\/wp-content\/uploads\/2024\/02\/cropped-cropped-logolu.webp","contentUrl":"https:\/\/luchonoticias.com\/editor\/wp-content\/uploads\/2024\/02\/cropped-cropped-logolu.webp","width":382,"height":170,"caption":"admin"},"logo":{"@id":"https:\/\/luchonoticias.com\/editor\/#\/schema\/person\/image\/"},"sameAs":["https:\/\/www.facebook.com\/luchonoticiasneiva"]},{"@type":"Person","@id":"https:\/\/luchonoticias.com\/editor\/#\/schema\/person\/29217990ddf6f14e35912b2866d591fb","name":"Editor General","image":{"@type":"ImageObject","inLanguage":"es","@id":"https:\/\/luchonoticias.com\/editor\/#\/schema\/person\/image\/","url":"https:\/\/luchonoticias.com\/editor\/wp-content\/uploads\/2024\/02\/cropped-cropped-logolu-150x150.webp","contentUrl":"https:\/\/luchonoticias.com\/editor\/wp-content\/uploads\/2024\/02\/cropped-cropped-logolu-150x150.webp","caption":"Editor General"},"sameAs":["https:\/\/luchonoticias.com\/"],"url":"https:\/\/luchonoticias.com\/editor\/author\/editor-general\/"}]}},"_links":{"self":[{"href":"https:\/\/luchonoticias.com\/editor\/wp-json\/wp\/v2\/posts\/75349","targetHints":{"allow":["GET"]}}],"collection":[{"href":"https:\/\/luchonoticias.com\/editor\/wp-json\/wp\/v2\/posts"}],"about":[{"href":"https:\/\/luchonoticias.com\/editor\/wp-json\/wp\/v2\/types\/post"}],"author":[{"embeddable":true,"href":"https:\/\/luchonoticias.com\/editor\/wp-json\/wp\/v2\/users\/2"}],"replies":[{"embeddable":true,"href":"https:\/\/luchonoticias.com\/editor\/wp-json\/wp\/v2\/comments?post=75349"}],"version-history":[{"count":1,"href":"https:\/\/luchonoticias.com\/editor\/wp-json\/wp\/v2\/posts\/75349\/revisions"}],"predecessor-version":[{"id":75351,"href":"https:\/\/luchonoticias.com\/editor\/wp-json\/wp\/v2\/posts\/75349\/revisions\/75351"}],"wp:featuredmedia":[{"embeddable":true,"href":"https:\/\/luchonoticias.com\/editor\/wp-json\/wp\/v2\/media\/75350"}],"wp:attachment":[{"href":"https:\/\/luchonoticias.com\/editor\/wp-json\/wp\/v2\/media?parent=75349"}],"wp:term":[{"taxonomy":"category","embeddable":true,"href":"https:\/\/luchonoticias.com\/editor\/wp-json\/wp\/v2\/categories?post=75349"},{"taxonomy":"post_tag","embeddable":true,"href":"https:\/\/luchonoticias.com\/editor\/wp-json\/wp\/v2\/tags?post=75349"}],"curies":[{"name":"wp","href":"https:\/\/api.w.org\/{rel}","templated":true}]}}