{"id":75355,"date":"2024-07-26T13:49:46","date_gmt":"2024-07-26T18:49:46","guid":{"rendered":"https:\/\/luchonoticias.com\/?p=75355"},"modified":"2024-07-26T13:49:46","modified_gmt":"2024-07-26T18:49:46","slug":"oficialmente-inaugurados-los-juegos-olimpicos","status":"publish","type":"post","link":"https:\/\/luchonoticias.com\/editor\/oficialmente-inaugurados-los-juegos-olimpicos\/","title":{"rendered":"Oficialmente inaugurados los Juegos Ol\u00edmpicos"},"content":{"rendered":"<p>La Plaza del Trocadero de Par\u00eds (Francia) fue el escenario propicio para la inauguraci\u00f3n de los Juegos Ol\u00edmpicos de Par\u00eds, ceremonia la cual tuvo una inauguraci\u00f3n de m\u00e1s de tres horas.<\/p>\n<p>A diferencia de otras inauguraciones, la apertura de las justas deportivas no fue en un estadio, sino en el r\u00edo Sena, donde las delegaciones desfilaron por el afluente navegaron por sus aguas en direcci\u00f3n hacia la ic\u00f3nica Torre Eiffel; en ella se presentaron m\u00e1s de 10.000 atletas que hacen parte de 32 disciplinas.<\/p>\n<p>Un recorrido se desarroll\u00f3 a lo largo de los seis kil\u00f3metros que separan el puente de Austerlitz y el de Jena, justo entre los jardines del Trocadero y la torre Eiffel, en total 90 barcos hicieron parte del desfile inaugural.<\/p>\n<p>Pero no solo fue una fiesta deportiva, tambi\u00e9n de \u00edndole cultural: cerca de tres mil bailarines y actores hicieron presencia en el evento y mostrando una historia del pa\u00eds y su diversidad.<\/p>\n<p>Tambi\u00e9n hacen presencia un centenar de jefes de Estado y Gobierno y dirigentes de organizaciones internacionales, que han sido recibidos en el Palacio del El\u00edseo por el presidente franc\u00e9s Emmanuel Macron, entre ellos el jefe de estado colombiano Gustavo Petro.<\/p>\n","protected":false},"excerpt":{"rendered":"<p>Con un desfile fluvial por las calles de la capital francesa, fueron inaugurados los Juegos Ol\u00edmpicos Par\u00eds 2024. <\/p>\n","protected":false},"author":2,"featured_media":75356,"comment_status":"closed","ping_status":"open","sticky":false,"template":"","format":"standard","meta":{"footnotes":""},"categories":[34],"tags":[],"class_list":["post-75355","post","type-post","status-publish","format-standard","has-post-thumbnail","hentry","category-deportes"],"yoast_head":"<!-- This site is optimized with the Yoast SEO plugin v26.6 - https:\/\/yoast.com\/wordpress\/plugins\/seo\/ -->\n<title>Oficialmente inaugurados los Juegos Ol\u00edmpicos -<\/title>\n<meta name=\"description\" content=\"Con un desfile fluvial por las calles de la capital francesa, fueron inaugurados los Juegos Ol\u00edmpicos Par\u00eds 2024.\" \/>\n<meta name=\"robots\" content=\"index, follow, max-snippet:-1, max-image-preview:large, max-video-preview:-1\" \/>\n<link rel=\"canonical\" href=\"https:\/\/luchonoticias.com\/editor\/oficialmente-inaugurados-los-juegos-olimpicos\/\" \/>\n<meta property=\"og:locale\" content=\"es_ES\" \/>\n<meta property=\"og:type\" content=\"article\" \/>\n<meta property=\"og:title\" content=\"Oficialmente inaugurados los Juegos Ol\u00edmpicos -\" \/>\n<meta property=\"og:description\" content=\"Con un desfile fluvial por las calles de la capital francesa, fueron inaugurados los Juegos Ol\u00edmpicos Par\u00eds 2024.\" \/>\n<meta property=\"og:url\" content=\"https:\/\/luchonoticias.com\/editor\/oficialmente-inaugurados-los-juegos-olimpicos\/\" \/>\n<meta property=\"article:publisher\" content=\"https:\/\/www.facebook.com\/luchonoticiasneiva\" \/>\n<meta property=\"article:published_time\" content=\"2024-07-26T18:49:46+00:00\" \/>\n<meta property=\"og:image\" content=\"https:\/\/luchonoticias.com\/editor\/wp-content\/uploads\/2024\/07\/colombia-delegacion.jpg\" \/>\n\t<meta property=\"og:image:width\" content=\"700\" \/>\n\t<meta property=\"og:image:height\" content=\"400\" \/>\n\t<meta property=\"og:image:type\" content=\"image\/jpeg\" \/>\n<meta name=\"author\" content=\"Editor General\" \/>\n<meta name=\"twitter:card\" content=\"summary_large_image\" \/>\n<meta name=\"twitter:label1\" content=\"Escrito por\" \/>\n\t<meta name=\"twitter:data1\" content=\"Editor General\" \/>\n\t<meta name=\"twitter:label2\" content=\"Tiempo de lectura\" \/>\n\t<meta name=\"twitter:data2\" content=\"2 minutos\" \/>\n<script type=\"application\/ld+json\" class=\"yoast-schema-graph\">{\"@context\":\"https:\/\/schema.org\",\"@graph\":[{\"@type\":\"Article\",\"@id\":\"https:\/\/luchonoticias.com\/editor\/oficialmente-inaugurados-los-juegos-olimpicos\/#article\",\"isPartOf\":{\"@id\":\"https:\/\/luchonoticias.com\/editor\/oficialmente-inaugurados-los-juegos-olimpicos\/\"},\"author\":{\"name\":\"Editor General\",\"@id\":\"https:\/\/luchonoticias.com\/editor\/#\/schema\/person\/29217990ddf6f14e35912b2866d591fb\"},\"headline\":\"Oficialmente inaugurados los Juegos Ol\u00edmpicos\",\"datePublished\":\"2024-07-26T18:49:46+00:00\",\"mainEntityOfPage\":{\"@id\":\"https:\/\/luchonoticias.com\/editor\/oficialmente-inaugurados-los-juegos-olimpicos\/\"},\"wordCount\":215,\"publisher\":{\"@id\":\"https:\/\/luchonoticias.com\/editor\/#\/schema\/person\/7a7fd911f58561fd056dbac7b55af9cd\"},\"image\":{\"@id\":\"https:\/\/luchonoticias.com\/editor\/oficialmente-inaugurados-los-juegos-olimpicos\/#primaryimage\"},\"thumbnailUrl\":\"https:\/\/luchonoticias.com\/editor\/wp-content\/uploads\/2024\/07\/colombia-delegacion.jpg\",\"articleSection\":[\"Deportes\"],\"inLanguage\":\"es\"},{\"@type\":\"WebPage\",\"@id\":\"https:\/\/luchonoticias.com\/editor\/oficialmente-inaugurados-los-juegos-olimpicos\/\",\"url\":\"https:\/\/luchonoticias.com\/editor\/oficialmente-inaugurados-los-juegos-olimpicos\/\",\"name\":\"Oficialmente inaugurados los Juegos Ol\u00edmpicos -\",\"isPartOf\":{\"@id\":\"https:\/\/luchonoticias.com\/editor\/#website\"},\"primaryImageOfPage\":{\"@id\":\"https:\/\/luchonoticias.com\/editor\/oficialmente-inaugurados-los-juegos-olimpicos\/#primaryimage\"},\"image\":{\"@id\":\"https:\/\/luchonoticias.com\/editor\/oficialmente-inaugurados-los-juegos-olimpicos\/#primaryimage\"},\"thumbnailUrl\":\"https:\/\/luchonoticias.com\/editor\/wp-content\/uploads\/2024\/07\/colombia-delegacion.jpg\",\"datePublished\":\"2024-07-26T18:49:46+00:00\",\"description\":\"Con un desfile fluvial por las calles de la capital francesa, fueron inaugurados los Juegos Ol\u00edmpicos Par\u00eds 2024.\",\"breadcrumb\":{\"@id\":\"https:\/\/luchonoticias.com\/editor\/oficialmente-inaugurados-los-juegos-olimpicos\/#breadcrumb\"},\"inLanguage\":\"es\",\"potentialAction\":[{\"@type\":\"ReadAction\",\"target\":[\"https:\/\/luchonoticias.com\/editor\/oficialmente-inaugurados-los-juegos-olimpicos\/\"]}]},{\"@type\":\"ImageObject\",\"inLanguage\":\"es\",\"@id\":\"https:\/\/luchonoticias.com\/editor\/oficialmente-inaugurados-los-juegos-olimpicos\/#primaryimage\",\"url\":\"https:\/\/luchonoticias.com\/editor\/wp-content\/uploads\/2024\/07\/colombia-delegacion.jpg\",\"contentUrl\":\"https:\/\/luchonoticias.com\/editor\/wp-content\/uploads\/2024\/07\/colombia-delegacion.jpg\",\"width\":700,\"height\":400},{\"@type\":\"BreadcrumbList\",\"@id\":\"https:\/\/luchonoticias.com\/editor\/oficialmente-inaugurados-los-juegos-olimpicos\/#breadcrumb\",\"itemListElement\":[{\"@type\":\"ListItem\",\"position\":1,\"name\":\"Portada\",\"item\":\"https:\/\/luchonoticias.com\/editor\/\"},{\"@type\":\"ListItem\",\"position\":2,\"name\":\"Oficialmente inaugurados los Juegos Ol\u00edmpicos\"}]},{\"@type\":\"WebSite\",\"@id\":\"https:\/\/luchonoticias.com\/editor\/#website\",\"url\":\"https:\/\/luchonoticias.com\/editor\/\",\"name\":\"\",\"description\":\"\",\"publisher\":{\"@id\":\"https:\/\/luchonoticias.com\/editor\/#\/schema\/person\/7a7fd911f58561fd056dbac7b55af9cd\"},\"potentialAction\":[{\"@type\":\"SearchAction\",\"target\":{\"@type\":\"EntryPoint\",\"urlTemplate\":\"https:\/\/luchonoticias.com\/editor\/?s={search_term_string}\"},\"query-input\":{\"@type\":\"PropertyValueSpecification\",\"valueRequired\":true,\"valueName\":\"search_term_string\"}}],\"inLanguage\":\"es\"},{\"@type\":[\"Person\",\"Organization\"],\"@id\":\"https:\/\/luchonoticias.com\/editor\/#\/schema\/person\/7a7fd911f58561fd056dbac7b55af9cd\",\"name\":\"admin\",\"image\":{\"@type\":\"ImageObject\",\"inLanguage\":\"es\",\"@id\":\"https:\/\/luchonoticias.com\/editor\/#\/schema\/person\/image\/\",\"url\":\"https:\/\/luchonoticias.com\/editor\/wp-content\/uploads\/2024\/02\/cropped-cropped-logolu.webp\",\"contentUrl\":\"https:\/\/luchonoticias.com\/editor\/wp-content\/uploads\/2024\/02\/cropped-cropped-logolu.webp\",\"width\":382,\"height\":170,\"caption\":\"admin\"},\"logo\":{\"@id\":\"https:\/\/luchonoticias.com\/editor\/#\/schema\/person\/image\/\"},\"sameAs\":[\"https:\/\/www.facebook.com\/luchonoticiasneiva\"]},{\"@type\":\"Person\",\"@id\":\"https:\/\/luchonoticias.com\/editor\/#\/schema\/person\/29217990ddf6f14e35912b2866d591fb\",\"name\":\"Editor General\",\"image\":{\"@type\":\"ImageObject\",\"inLanguage\":\"es\",\"@id\":\"https:\/\/luchonoticias.com\/editor\/#\/schema\/person\/image\/\",\"url\":\"https:\/\/luchonoticias.com\/editor\/wp-content\/uploads\/2024\/02\/cropped-cropped-logolu-150x150.webp\",\"contentUrl\":\"https:\/\/luchonoticias.com\/editor\/wp-content\/uploads\/2024\/02\/cropped-cropped-logolu-150x150.webp\",\"caption\":\"Editor General\"},\"sameAs\":[\"https:\/\/luchonoticias.com\/\"],\"url\":\"https:\/\/luchonoticias.com\/editor\/author\/editor-general\/\"}]}<\/script>\n<!-- \/ Yoast SEO plugin. -->","yoast_head_json":{"title":"Oficialmente inaugurados los Juegos Ol\u00edmpicos -","description":"Con un desfile fluvial por las calles de la capital francesa, fueron inaugurados los Juegos Ol\u00edmpicos Par\u00eds 2024.","robots":{"index":"index","follow":"follow","max-snippet":"max-snippet:-1","max-image-preview":"max-image-preview:large","max-video-preview":"max-video-preview:-1"},"canonical":"https:\/\/luchonoticias.com\/editor\/oficialmente-inaugurados-los-juegos-olimpicos\/","og_locale":"es_ES","og_type":"article","og_title":"Oficialmente inaugurados los Juegos Ol\u00edmpicos -","og_description":"Con un desfile fluvial por las calles de la capital francesa, fueron inaugurados los Juegos Ol\u00edmpicos Par\u00eds 2024.","og_url":"https:\/\/luchonoticias.com\/editor\/oficialmente-inaugurados-los-juegos-olimpicos\/","article_publisher":"https:\/\/www.facebook.com\/luchonoticiasneiva","article_published_time":"2024-07-26T18:49:46+00:00","og_image":[{"width":700,"height":400,"url":"https:\/\/luchonoticias.com\/editor\/wp-content\/uploads\/2024\/07\/colombia-delegacion.jpg","type":"image\/jpeg"}],"author":"Editor General","twitter_card":"summary_large_image","twitter_misc":{"Escrito por":"Editor General","Tiempo de lectura":"2 minutos"},"schema":{"@context":"https:\/\/schema.org","@graph":[{"@type":"Article","@id":"https:\/\/luchonoticias.com\/editor\/oficialmente-inaugurados-los-juegos-olimpicos\/#article","isPartOf":{"@id":"https:\/\/luchonoticias.com\/editor\/oficialmente-inaugurados-los-juegos-olimpicos\/"},"author":{"name":"Editor General","@id":"https:\/\/luchonoticias.com\/editor\/#\/schema\/person\/29217990ddf6f14e35912b2866d591fb"},"headline":"Oficialmente inaugurados los Juegos Ol\u00edmpicos","datePublished":"2024-07-26T18:49:46+00:00","mainEntityOfPage":{"@id":"https:\/\/luchonoticias.com\/editor\/oficialmente-inaugurados-los-juegos-olimpicos\/"},"wordCount":215,"publisher":{"@id":"https:\/\/luchonoticias.com\/editor\/#\/schema\/person\/7a7fd911f58561fd056dbac7b55af9cd"},"image":{"@id":"https:\/\/luchonoticias.com\/editor\/oficialmente-inaugurados-los-juegos-olimpicos\/#primaryimage"},"thumbnailUrl":"https:\/\/luchonoticias.com\/editor\/wp-content\/uploads\/2024\/07\/colombia-delegacion.jpg","articleSection":["Deportes"],"inLanguage":"es"},{"@type":"WebPage","@id":"https:\/\/luchonoticias.com\/editor\/oficialmente-inaugurados-los-juegos-olimpicos\/","url":"https:\/\/luchonoticias.com\/editor\/oficialmente-inaugurados-los-juegos-olimpicos\/","name":"Oficialmente inaugurados los Juegos Ol\u00edmpicos -","isPartOf":{"@id":"https:\/\/luchonoticias.com\/editor\/#website"},"primaryImageOfPage":{"@id":"https:\/\/luchonoticias.com\/editor\/oficialmente-inaugurados-los-juegos-olimpicos\/#primaryimage"},"image":{"@id":"https:\/\/luchonoticias.com\/editor\/oficialmente-inaugurados-los-juegos-olimpicos\/#primaryimage"},"thumbnailUrl":"https:\/\/luchonoticias.com\/editor\/wp-content\/uploads\/2024\/07\/colombia-delegacion.jpg","datePublished":"2024-07-26T18:49:46+00:00","description":"Con un desfile fluvial por las calles de la capital francesa, fueron inaugurados los Juegos Ol\u00edmpicos Par\u00eds 2024.","breadcrumb":{"@id":"https:\/\/luchonoticias.com\/editor\/oficialmente-inaugurados-los-juegos-olimpicos\/#breadcrumb"},"inLanguage":"es","potentialAction":[{"@type":"ReadAction","target":["https:\/\/luchonoticias.com\/editor\/oficialmente-inaugurados-los-juegos-olimpicos\/"]}]},{"@type":"ImageObject","inLanguage":"es","@id":"https:\/\/luchonoticias.com\/editor\/oficialmente-inaugurados-los-juegos-olimpicos\/#primaryimage","url":"https:\/\/luchonoticias.com\/editor\/wp-content\/uploads\/2024\/07\/colombia-delegacion.jpg","contentUrl":"https:\/\/luchonoticias.com\/editor\/wp-content\/uploads\/2024\/07\/colombia-delegacion.jpg","width":700,"height":400},{"@type":"BreadcrumbList","@id":"https:\/\/luchonoticias.com\/editor\/oficialmente-inaugurados-los-juegos-olimpicos\/#breadcrumb","itemListElement":[{"@type":"ListItem","position":1,"name":"Portada","item":"https:\/\/luchonoticias.com\/editor\/"},{"@type":"ListItem","position":2,"name":"Oficialmente inaugurados los Juegos Ol\u00edmpicos"}]},{"@type":"WebSite","@id":"https:\/\/luchonoticias.com\/editor\/#website","url":"https:\/\/luchonoticias.com\/editor\/","name":"","description":"","publisher":{"@id":"https:\/\/luchonoticias.com\/editor\/#\/schema\/person\/7a7fd911f58561fd056dbac7b55af9cd"},"potentialAction":[{"@type":"SearchAction","target":{"@type":"EntryPoint","urlTemplate":"https:\/\/luchonoticias.com\/editor\/?s={search_term_string}"},"query-input":{"@type":"PropertyValueSpecification","valueRequired":true,"valueName":"search_term_string"}}],"inLanguage":"es"},{"@type":["Person","Organization"],"@id":"https:\/\/luchonoticias.com\/editor\/#\/schema\/person\/7a7fd911f58561fd056dbac7b55af9cd","name":"admin","image":{"@type":"ImageObject","inLanguage":"es","@id":"https:\/\/luchonoticias.com\/editor\/#\/schema\/person\/image\/","url":"https:\/\/luchonoticias.com\/editor\/wp-content\/uploads\/2024\/02\/cropped-cropped-logolu.webp","contentUrl":"https:\/\/luchonoticias.com\/editor\/wp-content\/uploads\/2024\/02\/cropped-cropped-logolu.webp","width":382,"height":170,"caption":"admin"},"logo":{"@id":"https:\/\/luchonoticias.com\/editor\/#\/schema\/person\/image\/"},"sameAs":["https:\/\/www.facebook.com\/luchonoticiasneiva"]},{"@type":"Person","@id":"https:\/\/luchonoticias.com\/editor\/#\/schema\/person\/29217990ddf6f14e35912b2866d591fb","name":"Editor General","image":{"@type":"ImageObject","inLanguage":"es","@id":"https:\/\/luchonoticias.com\/editor\/#\/schema\/person\/image\/","url":"https:\/\/luchonoticias.com\/editor\/wp-content\/uploads\/2024\/02\/cropped-cropped-logolu-150x150.webp","contentUrl":"https:\/\/luchonoticias.com\/editor\/wp-content\/uploads\/2024\/02\/cropped-cropped-logolu-150x150.webp","caption":"Editor General"},"sameAs":["https:\/\/luchonoticias.com\/"],"url":"https:\/\/luchonoticias.com\/editor\/author\/editor-general\/"}]}},"_links":{"self":[{"href":"https:\/\/luchonoticias.com\/editor\/wp-json\/wp\/v2\/posts\/75355","targetHints":{"allow":["GET"]}}],"collection":[{"href":"https:\/\/luchonoticias.com\/editor\/wp-json\/wp\/v2\/posts"}],"about":[{"href":"https:\/\/luchonoticias.com\/editor\/wp-json\/wp\/v2\/types\/post"}],"author":[{"embeddable":true,"href":"https:\/\/luchonoticias.com\/editor\/wp-json\/wp\/v2\/users\/2"}],"replies":[{"embeddable":true,"href":"https:\/\/luchonoticias.com\/editor\/wp-json\/wp\/v2\/comments?post=75355"}],"version-history":[{"count":1,"href":"https:\/\/luchonoticias.com\/editor\/wp-json\/wp\/v2\/posts\/75355\/revisions"}],"predecessor-version":[{"id":75357,"href":"https:\/\/luchonoticias.com\/editor\/wp-json\/wp\/v2\/posts\/75355\/revisions\/75357"}],"wp:featuredmedia":[{"embeddable":true,"href":"https:\/\/luchonoticias.com\/editor\/wp-json\/wp\/v2\/media\/75356"}],"wp:attachment":[{"href":"https:\/\/luchonoticias.com\/editor\/wp-json\/wp\/v2\/media?parent=75355"}],"wp:term":[{"taxonomy":"category","embeddable":true,"href":"https:\/\/luchonoticias.com\/editor\/wp-json\/wp\/v2\/categories?post=75355"},{"taxonomy":"post_tag","embeddable":true,"href":"https:\/\/luchonoticias.com\/editor\/wp-json\/wp\/v2\/tags?post=75355"}],"curies":[{"name":"wp","href":"https:\/\/api.w.org\/{rel}","templated":true}]}}