{"id":75358,"date":"2024-07-26T16:43:04","date_gmt":"2024-07-26T21:43:04","guid":{"rendered":"https:\/\/luchonoticias.com\/?p=75358"},"modified":"2024-07-26T16:43:04","modified_gmt":"2024-07-26T21:43:04","slug":"inauguracion-centro-de-industrializacion-del-cafe","status":"publish","type":"post","link":"https:\/\/luchonoticias.com\/editor\/inauguracion-centro-de-industrializacion-del-cafe\/","title":{"rendered":"Inauguraci\u00f3n Centro de Industrializaci\u00f3n del Caf\u00e9"},"content":{"rendered":"<p>El gobernador del Huila Rodrigo Villalba Mosquera, junto con el secretario de agricultura y miner\u00eda del departamento, Carlos Alberto Cu\u00e9llar Medina, participaron este viernes 26 de julio, de la inauguraci\u00f3n del primer Centro Regional de Industrializaci\u00f3n FEDECAFE, que cont\u00f3 con la presencia del gerente general de la Federaci\u00f3n Nacional de Cafeteros, Germ\u00e1n Alberto Baham\u00f3n, el alcalde de Neiva, Germ\u00e1n Casagua, comit\u00e9 departamental, y comit\u00e9s municipales de cafeteros, entre otras importantes personalidades.<\/p>\n<p>Para Baham\u00f3n Jaramillo, este importante centro tiene como prop\u00f3sito ayudar a transitar al productor primario a la industrializaci\u00f3n y exportaci\u00f3n de su caf\u00e9, mediante acompa\u00f1amiento con tecnolog\u00eda y conocimiento.<\/p>\n<p>\u201cNos propusimos trabajar en beneficio del peque\u00f1o caficultor, desarrollar centros de industrializaci\u00f3n regional FEDECAF\u00c9, para acompa\u00f1ar con conocimiento adquirido a esos productores; siempre lo hemos hecho a partir de las pr\u00e1cticas agr\u00edcolas con el servicio de extensi\u00f3n, y hoy lo que queremos en acompa\u00f1ar al caficultor para que transite la cadena de valor del caf\u00e9 y genere m\u00e1s riqueza. Este centro de industrializaci\u00f3n es el primero que vamos a hacer en Colombia, hoy abre las puertas para que cualquier caficultor del departamento venga, traiga su caf\u00e9 y lo acompa\u00f1emos en la transformaci\u00f3n, para perfilar su caf\u00e9, dise\u00f1arle la curva de tueste, le hagamos el proceso de tueste, se lo empaquemos, e incluso que le acompa\u00f1emos a exportar su producto\u201d.<\/p>\n<p>El alto ejecutivo del gremio cafetero igualmente sostuvo que a futuro se espera que cada uno de los comit\u00e9s departamentales cuenten con infraestructura instalada de este tipo, lo que sin duda contribuir\u00e1 a la din\u00e1mica socioecon\u00f3mica.<\/p>\n<p>\u201cEsperamos que en el curso de los dos a\u00f1os los 15 comit\u00e9s departamentales tengan un centro de industrializaci\u00f3n regional, y esto con el apoyo del gobierno departamental y con el gobierno local, permite generar empleo, mejorar los procesos de industrializaci\u00f3n, y generar valor agregado para la comunidad\u201d.<\/p>\n<blockquote class=\"twitter-tweet\">\n<p lang=\"es\" dir=\"ltr\"><a href=\"https:\/\/twitter.com\/hashtag\/NoSeLoPierda?src=hash&amp;ref_src=twsrc%5Etfw\">#NoSeLoPierda<\/a> <a href=\"https:\/\/twitter.com\/hashtag\/EnIm%C3%A1genes?src=hash&amp;ref_src=twsrc%5Etfw\">#EnIm\u00e1genes<\/a> \ud83d\udcf8Revivimos los mejores momentos de la emocionante inauguraci\u00f3n del primero de los 15 Centros Regionales de Industrializaci\u00f3n del Caf\u00e9. <\/p>\n<p>Seguimos avanzando en la transformaci\u00f3n de la caficultura colombiana porque en la Federaci\u00f3n Nacional de Cafeteros\u2026 <a href=\"https:\/\/t.co\/GlP0ZP9vWG\">pic.twitter.com\/GlP0ZP9vWG<\/a><\/p>\n<p>&mdash; Federaci\u00f3n Nacional de Cafeteros (@FedeCafeteros) <a href=\"https:\/\/twitter.com\/FedeCafeteros\/status\/1816947315762192633?ref_src=twsrc%5Etfw\">July 26, 2024<\/a><\/p><\/blockquote>\n<p> <script async src=\"https:\/\/platform.twitter.com\/widgets.js\" charset=\"utf-8\"><\/script><\/p>\n<p><strong>Millonarias inversiones para avanzar en la agroindustrializaci\u00f3n<\/strong><\/p>\n<p>Durante el evento, el mandatario regional no solo se expres\u00f3 complacido por esta moderna infraestructura a favor de la caficultura huilense, sino que reafirm\u00f3 su compromiso con la caficultura huilense, destacando que desde el gobierno departamental ya se han venido adelantando varias acciones para avanzar en la agroindustrializaci\u00f3n, como el mejor camino para agregar valor a los productos cosechados en el Huila, especialmente el caf\u00e9.<\/p>\n<p>\u201cLa Gobernaci\u00f3n del Huila ha venido trabajando de la mano con los caficultores, las cooperativas, dando unos pasos importantes en materia de industrializaci\u00f3n, adem\u00e1s nuestro plan de desarrollo Por un Huila Grande, tiene un cap\u00edtulo especial que tiene que ver con este campo, enmarcado tambi\u00e9n con la pol\u00edtica p\u00fablica nacional de la agroindustrializaci\u00f3n del campo, en donde se han hecho unas inversiones muy importantes para poner en marcha una moderna infraestructura, que va desde centros de acopio, silos para el secado de caf\u00e9, 2 centros de torrefacci\u00f3n en Garz\u00f3n y Neiva, as\u00ed como sistemas de empaquetado en grano y molido, entre otros componentes. Sumado a ello se viene avanzando con la construcci\u00f3n de una planta de mezcla de fertilizantes en Garz\u00f3n con capacidad para 5.000 sacos al a\u00f1o, y el fortalecimiento de la planta de AGACAFE en Pitalito\u201d.<\/p>\n<p>En gobernador del Huila tambi\u00e9n destac\u00f3 el trabajo articulado que se viene desarrollando con el gobierno nacional para avanzar en la construcci\u00f3n de la planta de fertilizantes del norte del departamento, aprovechando la riqueza mineral del territorio.<\/p>\n<p>\u201cCon el gobierno nacional venimos trabajando en el cl\u00faster minero de Neiva, el cual va de la mano con ustedes los caficultores, y avanzamos desde dos frentes, uno que tiene que ver con el triturado de roca calc\u00e1rea, el otro tiene que ver con calcinaci\u00f3n, y gracias a esa articulaci\u00f3n empezamos a trabajar en el proyecto para construir la planta de fertilizantes en el norte del departamento. Yo creo que vamos en la misma l\u00ednea, y nos va a servir mucho en este proceso de agroindustrializaci\u00f3n.<\/p>\n<blockquote class=\"twitter-tweet\">\n<p lang=\"es\" dir=\"ltr\"><a href=\"https:\/\/twitter.com\/hashtag\/CRI?src=hash&amp;ref_src=twsrc%5Etfw\">#CRI<\/a> <a href=\"https:\/\/twitter.com\/hashtag\/EnIm%C3%A1genes?src=hash&amp;ref_src=twsrc%5Etfw\">#EnIm\u00e1genes<\/a> \ud83d\udcf9 \u2615\ufe0f El Centro Regional de Industrializaci\u00f3n del Caf\u00e9, inaugurado hoy en <a href=\"https:\/\/twitter.com\/hashtag\/Neiva?src=hash&amp;ref_src=twsrc%5Etfw\">#Neiva<\/a> ofrecer\u00e1 servicios de industrializaci\u00f3n y experiencia a trav\u00e9s de trilla, tosti\u00f3n y empaque. Conoce estas instalaciones dise\u00f1adas para fortalecer la rentabilidad y el bienestar de\u2026 <a href=\"https:\/\/t.co\/PHzFv1ei8s\">pic.twitter.com\/PHzFv1ei8s<\/a><\/p>\n<p>&mdash; Federaci\u00f3n Nacional de Cafeteros (@FedeCafeteros) <a href=\"https:\/\/twitter.com\/FedeCafeteros\/status\/1816905413096280492?ref_src=twsrc%5Etfw\">July 26, 2024<\/a><\/p><\/blockquote>\n<p> <script async src=\"https:\/\/platform.twitter.com\/widgets.js\" charset=\"utf-8\"><\/script><\/p>\n<p><strong>V\u00edas rurales, una prioridad del gobierno departamental<\/strong><\/p>\n<p>El gobernador Rodrigo Villalba sostuvo que viene trabajando en articulaci\u00f3n con el gobierno nacional para mejorar las v\u00edas del departamento, especialmente las v\u00edas rurales en zonas cafeteras.<\/p>\n<p>\u201cGran parte del plan plurianual de inversiones en este cuatrienio tiene que ver con la financiaci\u00f3n de las v\u00edas, de primero, segundo, y tercer orden, pero sin duda lo que m\u00e1s nos llama la atenci\u00f3n son las v\u00edas de la ruralidad, las v\u00edas de la caficultura, de modo pues que ah\u00ed vamos a trabajar en un importante paquete de inversiones, que hemos venido revisando con el gerente general de la Federaci\u00f3n Nacional de Cafeteros, y la directora ejecutiva del Comit\u00e9 departamental de cafeteros, y aspiramos concretar en los que resta del a\u00f1o, para hacer un buen trabajo en las v\u00edas terciarias\u201d.<\/p>\n<p><strong>El centro regional de Industrializaci\u00f3n de Caf\u00e9<\/strong><\/p>\n<p>De acuerdo a Iv\u00e1n Galindo, gerente general de Almacaf\u00e9, se trata de un complejo en el que fueron invertidos $1.250 millones, que prestar\u00e1 los servicios de trilla, tosti\u00f3n, molienda, empaque, capacitaci\u00f3n, exportaci\u00f3n, y comercializaci\u00f3n de caf\u00e9, con una capacidad de 600 kilos de trilla por hora, y 50 kilos de tosti\u00f3n por hora.<\/p>\n<p>De acuerdo al ato ejecutivo con este tipo de infraestructura se le apunta a la industrializaci\u00f3n de grano, para que las exportaciones a futuro no se hagan con caf\u00e9 pergamino, o almendra, sino caf\u00e9 tostado y listo para comercializar en tiendas especializadas alrededor del mundo, iniciando por Estados unidos.<\/p>\n<p>\u201cNosotros venimos trabajando desde hace varios a\u00f1os industrializando el caf\u00e9 y la idea es proveer de herramientas a todos los caficultores para que puedan acceder a esa industrializaci\u00f3n. Tenemos la meta de abrir 15 centros de industrializaci\u00f3n a nivel nacional, y con ello pensar que Colombia log\u00edsticamente es como estar en un estado de Estados Unidos pues contamos con un corredor a\u00e9reo muy importante entre Colombia y Estados Unidos que tenemos que explotar, y podemos llegar directamente con producto terminado a cualquier punto de ese pa\u00eds en condiciones de calidad, en tiempos muy cortos, y a precios muy razonables\u201d.<\/p>\n","protected":false},"excerpt":{"rendered":"<p>El mandatario regional, quien particip\u00f3 en Neiva de la inauguraci\u00f3n del primer Centro Regional de Industrializaci\u00f3n de Caf\u00e9 del pa\u00eds, destac\u00f3 las millonarias inversiones adelantadas por la Gobernaci\u00f3n del Huila para mejorar la infraestructura para el secado y transformaci\u00f3n del caf\u00e9, as\u00ed como la construcci\u00f3n de plantas de fertilizantes, con lo que se le apunta a mejorar la productividad y agregar valor al producto mediante la industrializaci\u00f3n.<\/p>\n","protected":false},"author":2,"featured_media":75359,"comment_status":"closed","ping_status":"open","sticky":false,"template":"","format":"standard","meta":{"footnotes":""},"categories":[33],"tags":[],"class_list":["post-75358","post","type-post","status-publish","format-standard","has-post-thumbnail","hentry","category-huila"],"yoast_head":"<!-- This site is optimized with the Yoast SEO plugin v26.6 - https:\/\/yoast.com\/wordpress\/plugins\/seo\/ -->\n<title>Inauguraci\u00f3n Centro de Industrializaci\u00f3n del Caf\u00e9 -<\/title>\n<meta name=\"description\" content=\"El mandatario regional, quien particip\u00f3 en Neiva de la inauguraci\u00f3n del primer Centro Regional de Industrializaci\u00f3n de Caf\u00e9 del pa\u00eds, destac\u00f3 las millonarias inversiones adelantadas por la Gobernaci\u00f3n del Huila para mejorar la infraestructura para el secado y transformaci\u00f3n del caf\u00e9, as\u00ed como la construcci\u00f3n de plantas de fertilizantes, con lo que se le apunta a mejorar la productividad y agregar valor al producto mediante la industrializaci\u00f3n.\" \/>\n<meta name=\"robots\" content=\"index, follow, max-snippet:-1, max-image-preview:large, max-video-preview:-1\" \/>\n<link rel=\"canonical\" href=\"https:\/\/luchonoticias.com\/editor\/inauguracion-centro-de-industrializacion-del-cafe\/\" \/>\n<meta property=\"og:locale\" content=\"es_ES\" \/>\n<meta property=\"og:type\" content=\"article\" \/>\n<meta property=\"og:title\" content=\"Inauguraci\u00f3n Centro de Industrializaci\u00f3n del Caf\u00e9 -\" \/>\n<meta property=\"og:description\" content=\"El mandatario regional, quien particip\u00f3 en Neiva de la inauguraci\u00f3n del primer Centro Regional de Industrializaci\u00f3n de Caf\u00e9 del pa\u00eds, destac\u00f3 las millonarias inversiones adelantadas por la Gobernaci\u00f3n del Huila para mejorar la infraestructura para el secado y transformaci\u00f3n del caf\u00e9, as\u00ed como la construcci\u00f3n de plantas de fertilizantes, con lo que se le apunta a mejorar la productividad y agregar valor al producto mediante la industrializaci\u00f3n.\" \/>\n<meta property=\"og:url\" content=\"https:\/\/luchonoticias.com\/editor\/inauguracion-centro-de-industrializacion-del-cafe\/\" \/>\n<meta property=\"article:publisher\" content=\"https:\/\/www.facebook.com\/luchonoticiasneiva\" \/>\n<meta property=\"article:published_time\" content=\"2024-07-26T21:43:04+00:00\" \/>\n<meta property=\"og:image\" content=\"https:\/\/luchonoticias.com\/editor\/wp-content\/uploads\/2024\/07\/cafe.jpg\" \/>\n\t<meta property=\"og:image:width\" content=\"700\" \/>\n\t<meta property=\"og:image:height\" content=\"400\" \/>\n\t<meta property=\"og:image:type\" content=\"image\/jpeg\" \/>\n<meta name=\"author\" content=\"Editor General\" \/>\n<meta name=\"twitter:card\" content=\"summary_large_image\" \/>\n<meta name=\"twitter:label1\" content=\"Escrito por\" \/>\n\t<meta name=\"twitter:data1\" content=\"Editor General\" \/>\n\t<meta name=\"twitter:label2\" content=\"Tiempo de lectura\" \/>\n\t<meta name=\"twitter:data2\" content=\"5 minutos\" \/>\n<script type=\"application\/ld+json\" class=\"yoast-schema-graph\">{\"@context\":\"https:\/\/schema.org\",\"@graph\":[{\"@type\":\"Article\",\"@id\":\"https:\/\/luchonoticias.com\/editor\/inauguracion-centro-de-industrializacion-del-cafe\/#article\",\"isPartOf\":{\"@id\":\"https:\/\/luchonoticias.com\/editor\/inauguracion-centro-de-industrializacion-del-cafe\/\"},\"author\":{\"name\":\"Editor General\",\"@id\":\"https:\/\/luchonoticias.com\/editor\/#\/schema\/person\/29217990ddf6f14e35912b2866d591fb\"},\"headline\":\"Inauguraci\u00f3n Centro de Industrializaci\u00f3n del Caf\u00e9\",\"datePublished\":\"2024-07-26T21:43:04+00:00\",\"mainEntityOfPage\":{\"@id\":\"https:\/\/luchonoticias.com\/editor\/inauguracion-centro-de-industrializacion-del-cafe\/\"},\"wordCount\":1176,\"publisher\":{\"@id\":\"https:\/\/luchonoticias.com\/editor\/#\/schema\/person\/7a7fd911f58561fd056dbac7b55af9cd\"},\"image\":{\"@id\":\"https:\/\/luchonoticias.com\/editor\/inauguracion-centro-de-industrializacion-del-cafe\/#primaryimage\"},\"thumbnailUrl\":\"https:\/\/luchonoticias.com\/editor\/wp-content\/uploads\/2024\/07\/cafe.jpg\",\"articleSection\":[\"Huila\"],\"inLanguage\":\"es\"},{\"@type\":\"WebPage\",\"@id\":\"https:\/\/luchonoticias.com\/editor\/inauguracion-centro-de-industrializacion-del-cafe\/\",\"url\":\"https:\/\/luchonoticias.com\/editor\/inauguracion-centro-de-industrializacion-del-cafe\/\",\"name\":\"Inauguraci\u00f3n Centro de Industrializaci\u00f3n del Caf\u00e9 -\",\"isPartOf\":{\"@id\":\"https:\/\/luchonoticias.com\/editor\/#website\"},\"primaryImageOfPage\":{\"@id\":\"https:\/\/luchonoticias.com\/editor\/inauguracion-centro-de-industrializacion-del-cafe\/#primaryimage\"},\"image\":{\"@id\":\"https:\/\/luchonoticias.com\/editor\/inauguracion-centro-de-industrializacion-del-cafe\/#primaryimage\"},\"thumbnailUrl\":\"https:\/\/luchonoticias.com\/editor\/wp-content\/uploads\/2024\/07\/cafe.jpg\",\"datePublished\":\"2024-07-26T21:43:04+00:00\",\"description\":\"El mandatario regional, quien particip\u00f3 en Neiva de la inauguraci\u00f3n del primer Centro Regional de Industrializaci\u00f3n de Caf\u00e9 del pa\u00eds, destac\u00f3 las millonarias inversiones adelantadas por la Gobernaci\u00f3n del Huila para mejorar la infraestructura para el secado y transformaci\u00f3n del caf\u00e9, as\u00ed como la construcci\u00f3n de plantas de fertilizantes, con lo que se le apunta a mejorar la productividad y agregar valor al producto mediante la industrializaci\u00f3n.\",\"breadcrumb\":{\"@id\":\"https:\/\/luchonoticias.com\/editor\/inauguracion-centro-de-industrializacion-del-cafe\/#breadcrumb\"},\"inLanguage\":\"es\",\"potentialAction\":[{\"@type\":\"ReadAction\",\"target\":[\"https:\/\/luchonoticias.com\/editor\/inauguracion-centro-de-industrializacion-del-cafe\/\"]}]},{\"@type\":\"ImageObject\",\"inLanguage\":\"es\",\"@id\":\"https:\/\/luchonoticias.com\/editor\/inauguracion-centro-de-industrializacion-del-cafe\/#primaryimage\",\"url\":\"https:\/\/luchonoticias.com\/editor\/wp-content\/uploads\/2024\/07\/cafe.jpg\",\"contentUrl\":\"https:\/\/luchonoticias.com\/editor\/wp-content\/uploads\/2024\/07\/cafe.jpg\",\"width\":700,\"height\":400},{\"@type\":\"BreadcrumbList\",\"@id\":\"https:\/\/luchonoticias.com\/editor\/inauguracion-centro-de-industrializacion-del-cafe\/#breadcrumb\",\"itemListElement\":[{\"@type\":\"ListItem\",\"position\":1,\"name\":\"Portada\",\"item\":\"https:\/\/luchonoticias.com\/editor\/\"},{\"@type\":\"ListItem\",\"position\":2,\"name\":\"Inauguraci\u00f3n Centro de Industrializaci\u00f3n del Caf\u00e9\"}]},{\"@type\":\"WebSite\",\"@id\":\"https:\/\/luchonoticias.com\/editor\/#website\",\"url\":\"https:\/\/luchonoticias.com\/editor\/\",\"name\":\"\",\"description\":\"\",\"publisher\":{\"@id\":\"https:\/\/luchonoticias.com\/editor\/#\/schema\/person\/7a7fd911f58561fd056dbac7b55af9cd\"},\"potentialAction\":[{\"@type\":\"SearchAction\",\"target\":{\"@type\":\"EntryPoint\",\"urlTemplate\":\"https:\/\/luchonoticias.com\/editor\/?s={search_term_string}\"},\"query-input\":{\"@type\":\"PropertyValueSpecification\",\"valueRequired\":true,\"valueName\":\"search_term_string\"}}],\"inLanguage\":\"es\"},{\"@type\":[\"Person\",\"Organization\"],\"@id\":\"https:\/\/luchonoticias.com\/editor\/#\/schema\/person\/7a7fd911f58561fd056dbac7b55af9cd\",\"name\":\"admin\",\"image\":{\"@type\":\"ImageObject\",\"inLanguage\":\"es\",\"@id\":\"https:\/\/luchonoticias.com\/editor\/#\/schema\/person\/image\/\",\"url\":\"https:\/\/luchonoticias.com\/editor\/wp-content\/uploads\/2024\/02\/cropped-cropped-logolu.webp\",\"contentUrl\":\"https:\/\/luchonoticias.com\/editor\/wp-content\/uploads\/2024\/02\/cropped-cropped-logolu.webp\",\"width\":382,\"height\":170,\"caption\":\"admin\"},\"logo\":{\"@id\":\"https:\/\/luchonoticias.com\/editor\/#\/schema\/person\/image\/\"},\"sameAs\":[\"https:\/\/www.facebook.com\/luchonoticiasneiva\"]},{\"@type\":\"Person\",\"@id\":\"https:\/\/luchonoticias.com\/editor\/#\/schema\/person\/29217990ddf6f14e35912b2866d591fb\",\"name\":\"Editor General\",\"image\":{\"@type\":\"ImageObject\",\"inLanguage\":\"es\",\"@id\":\"https:\/\/luchonoticias.com\/editor\/#\/schema\/person\/image\/\",\"url\":\"https:\/\/luchonoticias.com\/editor\/wp-content\/uploads\/2024\/02\/cropped-cropped-logolu-150x150.webp\",\"contentUrl\":\"https:\/\/luchonoticias.com\/editor\/wp-content\/uploads\/2024\/02\/cropped-cropped-logolu-150x150.webp\",\"caption\":\"Editor General\"},\"sameAs\":[\"https:\/\/luchonoticias.com\/\"],\"url\":\"https:\/\/luchonoticias.com\/editor\/author\/editor-general\/\"}]}<\/script>\n<!-- \/ Yoast SEO plugin. -->","yoast_head_json":{"title":"Inauguraci\u00f3n Centro de Industrializaci\u00f3n del Caf\u00e9 -","description":"El mandatario regional, quien particip\u00f3 en Neiva de la inauguraci\u00f3n del primer Centro Regional de Industrializaci\u00f3n de Caf\u00e9 del pa\u00eds, destac\u00f3 las millonarias inversiones adelantadas por la Gobernaci\u00f3n del Huila para mejorar la infraestructura para el secado y transformaci\u00f3n del caf\u00e9, as\u00ed como la construcci\u00f3n de plantas de fertilizantes, con lo que se le apunta a mejorar la productividad y agregar valor al producto mediante la industrializaci\u00f3n.","robots":{"index":"index","follow":"follow","max-snippet":"max-snippet:-1","max-image-preview":"max-image-preview:large","max-video-preview":"max-video-preview:-1"},"canonical":"https:\/\/luchonoticias.com\/editor\/inauguracion-centro-de-industrializacion-del-cafe\/","og_locale":"es_ES","og_type":"article","og_title":"Inauguraci\u00f3n Centro de Industrializaci\u00f3n del Caf\u00e9 -","og_description":"El mandatario regional, quien particip\u00f3 en Neiva de la inauguraci\u00f3n del primer Centro Regional de Industrializaci\u00f3n de Caf\u00e9 del pa\u00eds, destac\u00f3 las millonarias inversiones adelantadas por la Gobernaci\u00f3n del Huila para mejorar la infraestructura para el secado y transformaci\u00f3n del caf\u00e9, as\u00ed como la construcci\u00f3n de plantas de fertilizantes, con lo que se le apunta a mejorar la productividad y agregar valor al producto mediante la industrializaci\u00f3n.","og_url":"https:\/\/luchonoticias.com\/editor\/inauguracion-centro-de-industrializacion-del-cafe\/","article_publisher":"https:\/\/www.facebook.com\/luchonoticiasneiva","article_published_time":"2024-07-26T21:43:04+00:00","og_image":[{"width":700,"height":400,"url":"https:\/\/luchonoticias.com\/editor\/wp-content\/uploads\/2024\/07\/cafe.jpg","type":"image\/jpeg"}],"author":"Editor General","twitter_card":"summary_large_image","twitter_misc":{"Escrito por":"Editor General","Tiempo de lectura":"5 minutos"},"schema":{"@context":"https:\/\/schema.org","@graph":[{"@type":"Article","@id":"https:\/\/luchonoticias.com\/editor\/inauguracion-centro-de-industrializacion-del-cafe\/#article","isPartOf":{"@id":"https:\/\/luchonoticias.com\/editor\/inauguracion-centro-de-industrializacion-del-cafe\/"},"author":{"name":"Editor General","@id":"https:\/\/luchonoticias.com\/editor\/#\/schema\/person\/29217990ddf6f14e35912b2866d591fb"},"headline":"Inauguraci\u00f3n Centro de Industrializaci\u00f3n del Caf\u00e9","datePublished":"2024-07-26T21:43:04+00:00","mainEntityOfPage":{"@id":"https:\/\/luchonoticias.com\/editor\/inauguracion-centro-de-industrializacion-del-cafe\/"},"wordCount":1176,"publisher":{"@id":"https:\/\/luchonoticias.com\/editor\/#\/schema\/person\/7a7fd911f58561fd056dbac7b55af9cd"},"image":{"@id":"https:\/\/luchonoticias.com\/editor\/inauguracion-centro-de-industrializacion-del-cafe\/#primaryimage"},"thumbnailUrl":"https:\/\/luchonoticias.com\/editor\/wp-content\/uploads\/2024\/07\/cafe.jpg","articleSection":["Huila"],"inLanguage":"es"},{"@type":"WebPage","@id":"https:\/\/luchonoticias.com\/editor\/inauguracion-centro-de-industrializacion-del-cafe\/","url":"https:\/\/luchonoticias.com\/editor\/inauguracion-centro-de-industrializacion-del-cafe\/","name":"Inauguraci\u00f3n Centro de Industrializaci\u00f3n del Caf\u00e9 -","isPartOf":{"@id":"https:\/\/luchonoticias.com\/editor\/#website"},"primaryImageOfPage":{"@id":"https:\/\/luchonoticias.com\/editor\/inauguracion-centro-de-industrializacion-del-cafe\/#primaryimage"},"image":{"@id":"https:\/\/luchonoticias.com\/editor\/inauguracion-centro-de-industrializacion-del-cafe\/#primaryimage"},"thumbnailUrl":"https:\/\/luchonoticias.com\/editor\/wp-content\/uploads\/2024\/07\/cafe.jpg","datePublished":"2024-07-26T21:43:04+00:00","description":"El mandatario regional, quien particip\u00f3 en Neiva de la inauguraci\u00f3n del primer Centro Regional de Industrializaci\u00f3n de Caf\u00e9 del pa\u00eds, destac\u00f3 las millonarias inversiones adelantadas por la Gobernaci\u00f3n del Huila para mejorar la infraestructura para el secado y transformaci\u00f3n del caf\u00e9, as\u00ed como la construcci\u00f3n de plantas de fertilizantes, con lo que se le apunta a mejorar la productividad y agregar valor al producto mediante la industrializaci\u00f3n.","breadcrumb":{"@id":"https:\/\/luchonoticias.com\/editor\/inauguracion-centro-de-industrializacion-del-cafe\/#breadcrumb"},"inLanguage":"es","potentialAction":[{"@type":"ReadAction","target":["https:\/\/luchonoticias.com\/editor\/inauguracion-centro-de-industrializacion-del-cafe\/"]}]},{"@type":"ImageObject","inLanguage":"es","@id":"https:\/\/luchonoticias.com\/editor\/inauguracion-centro-de-industrializacion-del-cafe\/#primaryimage","url":"https:\/\/luchonoticias.com\/editor\/wp-content\/uploads\/2024\/07\/cafe.jpg","contentUrl":"https:\/\/luchonoticias.com\/editor\/wp-content\/uploads\/2024\/07\/cafe.jpg","width":700,"height":400},{"@type":"BreadcrumbList","@id":"https:\/\/luchonoticias.com\/editor\/inauguracion-centro-de-industrializacion-del-cafe\/#breadcrumb","itemListElement":[{"@type":"ListItem","position":1,"name":"Portada","item":"https:\/\/luchonoticias.com\/editor\/"},{"@type":"ListItem","position":2,"name":"Inauguraci\u00f3n Centro de Industrializaci\u00f3n del Caf\u00e9"}]},{"@type":"WebSite","@id":"https:\/\/luchonoticias.com\/editor\/#website","url":"https:\/\/luchonoticias.com\/editor\/","name":"","description":"","publisher":{"@id":"https:\/\/luchonoticias.com\/editor\/#\/schema\/person\/7a7fd911f58561fd056dbac7b55af9cd"},"potentialAction":[{"@type":"SearchAction","target":{"@type":"EntryPoint","urlTemplate":"https:\/\/luchonoticias.com\/editor\/?s={search_term_string}"},"query-input":{"@type":"PropertyValueSpecification","valueRequired":true,"valueName":"search_term_string"}}],"inLanguage":"es"},{"@type":["Person","Organization"],"@id":"https:\/\/luchonoticias.com\/editor\/#\/schema\/person\/7a7fd911f58561fd056dbac7b55af9cd","name":"admin","image":{"@type":"ImageObject","inLanguage":"es","@id":"https:\/\/luchonoticias.com\/editor\/#\/schema\/person\/image\/","url":"https:\/\/luchonoticias.com\/editor\/wp-content\/uploads\/2024\/02\/cropped-cropped-logolu.webp","contentUrl":"https:\/\/luchonoticias.com\/editor\/wp-content\/uploads\/2024\/02\/cropped-cropped-logolu.webp","width":382,"height":170,"caption":"admin"},"logo":{"@id":"https:\/\/luchonoticias.com\/editor\/#\/schema\/person\/image\/"},"sameAs":["https:\/\/www.facebook.com\/luchonoticiasneiva"]},{"@type":"Person","@id":"https:\/\/luchonoticias.com\/editor\/#\/schema\/person\/29217990ddf6f14e35912b2866d591fb","name":"Editor General","image":{"@type":"ImageObject","inLanguage":"es","@id":"https:\/\/luchonoticias.com\/editor\/#\/schema\/person\/image\/","url":"https:\/\/luchonoticias.com\/editor\/wp-content\/uploads\/2024\/02\/cropped-cropped-logolu-150x150.webp","contentUrl":"https:\/\/luchonoticias.com\/editor\/wp-content\/uploads\/2024\/02\/cropped-cropped-logolu-150x150.webp","caption":"Editor General"},"sameAs":["https:\/\/luchonoticias.com\/"],"url":"https:\/\/luchonoticias.com\/editor\/author\/editor-general\/"}]}},"_links":{"self":[{"href":"https:\/\/luchonoticias.com\/editor\/wp-json\/wp\/v2\/posts\/75358","targetHints":{"allow":["GET"]}}],"collection":[{"href":"https:\/\/luchonoticias.com\/editor\/wp-json\/wp\/v2\/posts"}],"about":[{"href":"https:\/\/luchonoticias.com\/editor\/wp-json\/wp\/v2\/types\/post"}],"author":[{"embeddable":true,"href":"https:\/\/luchonoticias.com\/editor\/wp-json\/wp\/v2\/users\/2"}],"replies":[{"embeddable":true,"href":"https:\/\/luchonoticias.com\/editor\/wp-json\/wp\/v2\/comments?post=75358"}],"version-history":[{"count":2,"href":"https:\/\/luchonoticias.com\/editor\/wp-json\/wp\/v2\/posts\/75358\/revisions"}],"predecessor-version":[{"id":75361,"href":"https:\/\/luchonoticias.com\/editor\/wp-json\/wp\/v2\/posts\/75358\/revisions\/75361"}],"wp:featuredmedia":[{"embeddable":true,"href":"https:\/\/luchonoticias.com\/editor\/wp-json\/wp\/v2\/media\/75359"}],"wp:attachment":[{"href":"https:\/\/luchonoticias.com\/editor\/wp-json\/wp\/v2\/media?parent=75358"}],"wp:term":[{"taxonomy":"category","embeddable":true,"href":"https:\/\/luchonoticias.com\/editor\/wp-json\/wp\/v2\/categories?post=75358"},{"taxonomy":"post_tag","embeddable":true,"href":"https:\/\/luchonoticias.com\/editor\/wp-json\/wp\/v2\/tags?post=75358"}],"curies":[{"name":"wp","href":"https:\/\/api.w.org\/{rel}","templated":true}]}}