{"id":75362,"date":"2024-07-26T18:42:20","date_gmt":"2024-07-26T23:42:20","guid":{"rendered":"https:\/\/luchonoticias.com\/?p=75362"},"modified":"2024-07-26T18:42:20","modified_gmt":"2024-07-26T23:42:20","slug":"ruta-de-atencion-en-la-usco-ante-presunto-caso-de-abuso","status":"publish","type":"post","link":"https:\/\/luchonoticias.com\/editor\/ruta-de-atencion-en-la-usco-ante-presunto-caso-de-abuso\/","title":{"rendered":"Ruta de atenci\u00f3n en la Usco ante presunto caso de abuso"},"content":{"rendered":"<p>La Universidad Surcolombiana se pronunci\u00f3 respecto al caso de presunto acoso, que se habr\u00eda presentado en contra de una de sus estudiantes del programa de Derecho, en las instalaciones de la Secretar\u00eda de Movilidad de Neiva.<\/p>\n<p>Edgar Cometa, director administrativo de Bienestar Universitario, indic\u00f3 que la instituci\u00f3n est\u00e1 haciendo lo que le corresponde y activ\u00f3 el protocolo de prevenci\u00f3n y atenci\u00f3n de violencias basadas en g\u00e9nero.<\/p>\n<p>\u201cDesde el \u00e1rea m\u00e9dica, especialmente desde el \u00e1rea psicol\u00f3gica, se hace el acompa\u00f1amiento y se activa la ruta que hay para estos casos. Desde Bienestar hay un acompa\u00f1amiento permanente, pero tambi\u00e9n hay la asesor\u00eda de car\u00e1cter psicol\u00f3gico y jur\u00eddico desde el momento en que se da la situaci\u00f3n\u201d manifest\u00f3.<\/p>\n<p>As\u00ed mismo, indic\u00f3 que en la \u201cUniversidad Surcolombiana hay una normatividad especifica en la cual es necesario que se active la ruta y se desarrolle el acompa\u00f1amiento, para todo lo que tiene que ver con cualquier vulnerabilidad; en casos de tipo sexual, agresiones f\u00edsicas o psicol\u00f3gicas.<\/p>\n<p>Por otro lado, es importante se\u00f1alar que situaciones como estas, requieren de mantener en la confidencialidad los detalles, as\u00ed como la identidad de la v\u00edctima, con el objetivo de proteger su integridad.<\/p>\n<p>La ruta de atenci\u00f3n que tiene la Universidad, consiste en identificar el caso, realizar un an\u00e1lisis, teniendo en cuenta a las personas involucradas. Luego se pone en conocimiento de las \u00e1reas encargadas, desde donde se realiza acompa\u00f1amiento psicosocial, se brinda asesor\u00eda jur\u00eddica y se toman medidas de protecci\u00f3n.<\/p>\n<p>Teniendo en cuenta que la situaci\u00f3n no se present\u00f3 al interior de la Universidad Surcolombiana, la otra entidad involucrada, deber\u00e1 tomar tambi\u00e9n las medidas respectivas para la restituci\u00f3n de los derechos a la v\u00edctima.<\/p>\n<p>Es importante se\u00f1alar, que desde la Universidad Surcolombiana se rechaza cualquier tipo de hecho violento, en el que se vulnere o se ponga en riesgo la integridad de cada uno de los integrantes de la instituci\u00f3n.<\/p>\n","protected":false},"excerpt":{"rendered":"<p>La instituci\u00f3n de educaci\u00f3n superior, tom\u00f3 medidas desde que tuvo conocimiento de la situaci\u00f3n, brindando el respectivo acompa\u00f1amiento jur\u00eddico y psicol\u00f3gico. <\/p>\n","protected":false},"author":2,"featured_media":72684,"comment_status":"closed","ping_status":"open","sticky":false,"template":"","format":"standard","meta":{"footnotes":""},"categories":[33],"tags":[],"class_list":["post-75362","post","type-post","status-publish","format-standard","has-post-thumbnail","hentry","category-huila"],"yoast_head":"<!-- This site is optimized with the Yoast SEO plugin v26.6 - https:\/\/yoast.com\/wordpress\/plugins\/seo\/ -->\n<title>Ruta de atenci\u00f3n en la Usco ante presunto caso de abuso -<\/title>\n<meta name=\"description\" content=\"La instituci\u00f3n de educaci\u00f3n superior, tom\u00f3 medidas desde que tuvo conocimiento de la situaci\u00f3n, brindando el respectivo acompa\u00f1amiento jur\u00eddico y psicol\u00f3gico.\" \/>\n<meta name=\"robots\" content=\"index, follow, max-snippet:-1, max-image-preview:large, max-video-preview:-1\" \/>\n<link rel=\"canonical\" href=\"https:\/\/luchonoticias.com\/editor\/ruta-de-atencion-en-la-usco-ante-presunto-caso-de-abuso\/\" \/>\n<meta property=\"og:locale\" content=\"es_ES\" \/>\n<meta property=\"og:type\" content=\"article\" \/>\n<meta property=\"og:title\" content=\"Ruta de atenci\u00f3n en la Usco ante presunto caso de abuso -\" \/>\n<meta property=\"og:description\" content=\"La instituci\u00f3n de educaci\u00f3n superior, tom\u00f3 medidas desde que tuvo conocimiento de la situaci\u00f3n, brindando el respectivo acompa\u00f1amiento jur\u00eddico y psicol\u00f3gico.\" \/>\n<meta property=\"og:url\" content=\"https:\/\/luchonoticias.com\/editor\/ruta-de-atencion-en-la-usco-ante-presunto-caso-de-abuso\/\" \/>\n<meta property=\"article:publisher\" content=\"https:\/\/www.facebook.com\/luchonoticiasneiva\" \/>\n<meta property=\"article:published_time\" content=\"2024-07-26T23:42:20+00:00\" \/>\n<meta property=\"og:image\" content=\"https:\/\/luchonoticias.com\/editor\/wp-content\/uploads\/2024\/05\/usco.jpg\" \/>\n\t<meta property=\"og:image:width\" content=\"700\" \/>\n\t<meta property=\"og:image:height\" content=\"400\" \/>\n\t<meta property=\"og:image:type\" content=\"image\/jpeg\" \/>\n<meta name=\"author\" content=\"Editor General\" \/>\n<meta name=\"twitter:card\" content=\"summary_large_image\" \/>\n<meta name=\"twitter:label1\" content=\"Escrito por\" \/>\n\t<meta name=\"twitter:data1\" content=\"Editor General\" \/>\n\t<meta name=\"twitter:label2\" content=\"Tiempo de lectura\" \/>\n\t<meta name=\"twitter:data2\" content=\"2 minutos\" \/>\n<script type=\"application\/ld+json\" class=\"yoast-schema-graph\">{\"@context\":\"https:\/\/schema.org\",\"@graph\":[{\"@type\":\"Article\",\"@id\":\"https:\/\/luchonoticias.com\/editor\/ruta-de-atencion-en-la-usco-ante-presunto-caso-de-abuso\/#article\",\"isPartOf\":{\"@id\":\"https:\/\/luchonoticias.com\/editor\/ruta-de-atencion-en-la-usco-ante-presunto-caso-de-abuso\/\"},\"author\":{\"name\":\"Editor General\",\"@id\":\"https:\/\/luchonoticias.com\/editor\/#\/schema\/person\/29217990ddf6f14e35912b2866d591fb\"},\"headline\":\"Ruta de atenci\u00f3n en la Usco ante presunto caso de abuso\",\"datePublished\":\"2024-07-26T23:42:20+00:00\",\"mainEntityOfPage\":{\"@id\":\"https:\/\/luchonoticias.com\/editor\/ruta-de-atencion-en-la-usco-ante-presunto-caso-de-abuso\/\"},\"wordCount\":356,\"publisher\":{\"@id\":\"https:\/\/luchonoticias.com\/editor\/#\/schema\/person\/7a7fd911f58561fd056dbac7b55af9cd\"},\"image\":{\"@id\":\"https:\/\/luchonoticias.com\/editor\/ruta-de-atencion-en-la-usco-ante-presunto-caso-de-abuso\/#primaryimage\"},\"thumbnailUrl\":\"https:\/\/luchonoticias.com\/editor\/wp-content\/uploads\/2024\/05\/usco.jpg\",\"articleSection\":[\"Huila\"],\"inLanguage\":\"es\"},{\"@type\":\"WebPage\",\"@id\":\"https:\/\/luchonoticias.com\/editor\/ruta-de-atencion-en-la-usco-ante-presunto-caso-de-abuso\/\",\"url\":\"https:\/\/luchonoticias.com\/editor\/ruta-de-atencion-en-la-usco-ante-presunto-caso-de-abuso\/\",\"name\":\"Ruta de atenci\u00f3n en la Usco ante presunto caso de abuso -\",\"isPartOf\":{\"@id\":\"https:\/\/luchonoticias.com\/editor\/#website\"},\"primaryImageOfPage\":{\"@id\":\"https:\/\/luchonoticias.com\/editor\/ruta-de-atencion-en-la-usco-ante-presunto-caso-de-abuso\/#primaryimage\"},\"image\":{\"@id\":\"https:\/\/luchonoticias.com\/editor\/ruta-de-atencion-en-la-usco-ante-presunto-caso-de-abuso\/#primaryimage\"},\"thumbnailUrl\":\"https:\/\/luchonoticias.com\/editor\/wp-content\/uploads\/2024\/05\/usco.jpg\",\"datePublished\":\"2024-07-26T23:42:20+00:00\",\"description\":\"La instituci\u00f3n de educaci\u00f3n superior, tom\u00f3 medidas desde que tuvo conocimiento de la situaci\u00f3n, brindando el respectivo acompa\u00f1amiento jur\u00eddico y psicol\u00f3gico.\",\"breadcrumb\":{\"@id\":\"https:\/\/luchonoticias.com\/editor\/ruta-de-atencion-en-la-usco-ante-presunto-caso-de-abuso\/#breadcrumb\"},\"inLanguage\":\"es\",\"potentialAction\":[{\"@type\":\"ReadAction\",\"target\":[\"https:\/\/luchonoticias.com\/editor\/ruta-de-atencion-en-la-usco-ante-presunto-caso-de-abuso\/\"]}]},{\"@type\":\"ImageObject\",\"inLanguage\":\"es\",\"@id\":\"https:\/\/luchonoticias.com\/editor\/ruta-de-atencion-en-la-usco-ante-presunto-caso-de-abuso\/#primaryimage\",\"url\":\"https:\/\/luchonoticias.com\/editor\/wp-content\/uploads\/2024\/05\/usco.jpg\",\"contentUrl\":\"https:\/\/luchonoticias.com\/editor\/wp-content\/uploads\/2024\/05\/usco.jpg\",\"width\":700,\"height\":400},{\"@type\":\"BreadcrumbList\",\"@id\":\"https:\/\/luchonoticias.com\/editor\/ruta-de-atencion-en-la-usco-ante-presunto-caso-de-abuso\/#breadcrumb\",\"itemListElement\":[{\"@type\":\"ListItem\",\"position\":1,\"name\":\"Portada\",\"item\":\"https:\/\/luchonoticias.com\/editor\/\"},{\"@type\":\"ListItem\",\"position\":2,\"name\":\"Ruta de atenci\u00f3n en la Usco ante presunto caso de abuso\"}]},{\"@type\":\"WebSite\",\"@id\":\"https:\/\/luchonoticias.com\/editor\/#website\",\"url\":\"https:\/\/luchonoticias.com\/editor\/\",\"name\":\"\",\"description\":\"\",\"publisher\":{\"@id\":\"https:\/\/luchonoticias.com\/editor\/#\/schema\/person\/7a7fd911f58561fd056dbac7b55af9cd\"},\"potentialAction\":[{\"@type\":\"SearchAction\",\"target\":{\"@type\":\"EntryPoint\",\"urlTemplate\":\"https:\/\/luchonoticias.com\/editor\/?s={search_term_string}\"},\"query-input\":{\"@type\":\"PropertyValueSpecification\",\"valueRequired\":true,\"valueName\":\"search_term_string\"}}],\"inLanguage\":\"es\"},{\"@type\":[\"Person\",\"Organization\"],\"@id\":\"https:\/\/luchonoticias.com\/editor\/#\/schema\/person\/7a7fd911f58561fd056dbac7b55af9cd\",\"name\":\"admin\",\"image\":{\"@type\":\"ImageObject\",\"inLanguage\":\"es\",\"@id\":\"https:\/\/luchonoticias.com\/editor\/#\/schema\/person\/image\/\",\"url\":\"https:\/\/luchonoticias.com\/editor\/wp-content\/uploads\/2024\/02\/cropped-cropped-logolu.webp\",\"contentUrl\":\"https:\/\/luchonoticias.com\/editor\/wp-content\/uploads\/2024\/02\/cropped-cropped-logolu.webp\",\"width\":382,\"height\":170,\"caption\":\"admin\"},\"logo\":{\"@id\":\"https:\/\/luchonoticias.com\/editor\/#\/schema\/person\/image\/\"},\"sameAs\":[\"https:\/\/www.facebook.com\/luchonoticiasneiva\"]},{\"@type\":\"Person\",\"@id\":\"https:\/\/luchonoticias.com\/editor\/#\/schema\/person\/29217990ddf6f14e35912b2866d591fb\",\"name\":\"Editor General\",\"image\":{\"@type\":\"ImageObject\",\"inLanguage\":\"es\",\"@id\":\"https:\/\/luchonoticias.com\/editor\/#\/schema\/person\/image\/\",\"url\":\"https:\/\/luchonoticias.com\/editor\/wp-content\/uploads\/2024\/02\/cropped-cropped-logolu-150x150.webp\",\"contentUrl\":\"https:\/\/luchonoticias.com\/editor\/wp-content\/uploads\/2024\/02\/cropped-cropped-logolu-150x150.webp\",\"caption\":\"Editor General\"},\"sameAs\":[\"https:\/\/luchonoticias.com\/\"],\"url\":\"https:\/\/luchonoticias.com\/editor\/author\/editor-general\/\"}]}<\/script>\n<!-- \/ Yoast SEO plugin. -->","yoast_head_json":{"title":"Ruta de atenci\u00f3n en la Usco ante presunto caso de abuso -","description":"La instituci\u00f3n de educaci\u00f3n superior, tom\u00f3 medidas desde que tuvo conocimiento de la situaci\u00f3n, brindando el respectivo acompa\u00f1amiento jur\u00eddico y psicol\u00f3gico.","robots":{"index":"index","follow":"follow","max-snippet":"max-snippet:-1","max-image-preview":"max-image-preview:large","max-video-preview":"max-video-preview:-1"},"canonical":"https:\/\/luchonoticias.com\/editor\/ruta-de-atencion-en-la-usco-ante-presunto-caso-de-abuso\/","og_locale":"es_ES","og_type":"article","og_title":"Ruta de atenci\u00f3n en la Usco ante presunto caso de abuso -","og_description":"La instituci\u00f3n de educaci\u00f3n superior, tom\u00f3 medidas desde que tuvo conocimiento de la situaci\u00f3n, brindando el respectivo acompa\u00f1amiento jur\u00eddico y psicol\u00f3gico.","og_url":"https:\/\/luchonoticias.com\/editor\/ruta-de-atencion-en-la-usco-ante-presunto-caso-de-abuso\/","article_publisher":"https:\/\/www.facebook.com\/luchonoticiasneiva","article_published_time":"2024-07-26T23:42:20+00:00","og_image":[{"width":700,"height":400,"url":"https:\/\/luchonoticias.com\/editor\/wp-content\/uploads\/2024\/05\/usco.jpg","type":"image\/jpeg"}],"author":"Editor General","twitter_card":"summary_large_image","twitter_misc":{"Escrito por":"Editor General","Tiempo de lectura":"2 minutos"},"schema":{"@context":"https:\/\/schema.org","@graph":[{"@type":"Article","@id":"https:\/\/luchonoticias.com\/editor\/ruta-de-atencion-en-la-usco-ante-presunto-caso-de-abuso\/#article","isPartOf":{"@id":"https:\/\/luchonoticias.com\/editor\/ruta-de-atencion-en-la-usco-ante-presunto-caso-de-abuso\/"},"author":{"name":"Editor General","@id":"https:\/\/luchonoticias.com\/editor\/#\/schema\/person\/29217990ddf6f14e35912b2866d591fb"},"headline":"Ruta de atenci\u00f3n en la Usco ante presunto caso de abuso","datePublished":"2024-07-26T23:42:20+00:00","mainEntityOfPage":{"@id":"https:\/\/luchonoticias.com\/editor\/ruta-de-atencion-en-la-usco-ante-presunto-caso-de-abuso\/"},"wordCount":356,"publisher":{"@id":"https:\/\/luchonoticias.com\/editor\/#\/schema\/person\/7a7fd911f58561fd056dbac7b55af9cd"},"image":{"@id":"https:\/\/luchonoticias.com\/editor\/ruta-de-atencion-en-la-usco-ante-presunto-caso-de-abuso\/#primaryimage"},"thumbnailUrl":"https:\/\/luchonoticias.com\/editor\/wp-content\/uploads\/2024\/05\/usco.jpg","articleSection":["Huila"],"inLanguage":"es"},{"@type":"WebPage","@id":"https:\/\/luchonoticias.com\/editor\/ruta-de-atencion-en-la-usco-ante-presunto-caso-de-abuso\/","url":"https:\/\/luchonoticias.com\/editor\/ruta-de-atencion-en-la-usco-ante-presunto-caso-de-abuso\/","name":"Ruta de atenci\u00f3n en la Usco ante presunto caso de abuso -","isPartOf":{"@id":"https:\/\/luchonoticias.com\/editor\/#website"},"primaryImageOfPage":{"@id":"https:\/\/luchonoticias.com\/editor\/ruta-de-atencion-en-la-usco-ante-presunto-caso-de-abuso\/#primaryimage"},"image":{"@id":"https:\/\/luchonoticias.com\/editor\/ruta-de-atencion-en-la-usco-ante-presunto-caso-de-abuso\/#primaryimage"},"thumbnailUrl":"https:\/\/luchonoticias.com\/editor\/wp-content\/uploads\/2024\/05\/usco.jpg","datePublished":"2024-07-26T23:42:20+00:00","description":"La instituci\u00f3n de educaci\u00f3n superior, tom\u00f3 medidas desde que tuvo conocimiento de la situaci\u00f3n, brindando el respectivo acompa\u00f1amiento jur\u00eddico y psicol\u00f3gico.","breadcrumb":{"@id":"https:\/\/luchonoticias.com\/editor\/ruta-de-atencion-en-la-usco-ante-presunto-caso-de-abuso\/#breadcrumb"},"inLanguage":"es","potentialAction":[{"@type":"ReadAction","target":["https:\/\/luchonoticias.com\/editor\/ruta-de-atencion-en-la-usco-ante-presunto-caso-de-abuso\/"]}]},{"@type":"ImageObject","inLanguage":"es","@id":"https:\/\/luchonoticias.com\/editor\/ruta-de-atencion-en-la-usco-ante-presunto-caso-de-abuso\/#primaryimage","url":"https:\/\/luchonoticias.com\/editor\/wp-content\/uploads\/2024\/05\/usco.jpg","contentUrl":"https:\/\/luchonoticias.com\/editor\/wp-content\/uploads\/2024\/05\/usco.jpg","width":700,"height":400},{"@type":"BreadcrumbList","@id":"https:\/\/luchonoticias.com\/editor\/ruta-de-atencion-en-la-usco-ante-presunto-caso-de-abuso\/#breadcrumb","itemListElement":[{"@type":"ListItem","position":1,"name":"Portada","item":"https:\/\/luchonoticias.com\/editor\/"},{"@type":"ListItem","position":2,"name":"Ruta de atenci\u00f3n en la Usco ante presunto caso de abuso"}]},{"@type":"WebSite","@id":"https:\/\/luchonoticias.com\/editor\/#website","url":"https:\/\/luchonoticias.com\/editor\/","name":"","description":"","publisher":{"@id":"https:\/\/luchonoticias.com\/editor\/#\/schema\/person\/7a7fd911f58561fd056dbac7b55af9cd"},"potentialAction":[{"@type":"SearchAction","target":{"@type":"EntryPoint","urlTemplate":"https:\/\/luchonoticias.com\/editor\/?s={search_term_string}"},"query-input":{"@type":"PropertyValueSpecification","valueRequired":true,"valueName":"search_term_string"}}],"inLanguage":"es"},{"@type":["Person","Organization"],"@id":"https:\/\/luchonoticias.com\/editor\/#\/schema\/person\/7a7fd911f58561fd056dbac7b55af9cd","name":"admin","image":{"@type":"ImageObject","inLanguage":"es","@id":"https:\/\/luchonoticias.com\/editor\/#\/schema\/person\/image\/","url":"https:\/\/luchonoticias.com\/editor\/wp-content\/uploads\/2024\/02\/cropped-cropped-logolu.webp","contentUrl":"https:\/\/luchonoticias.com\/editor\/wp-content\/uploads\/2024\/02\/cropped-cropped-logolu.webp","width":382,"height":170,"caption":"admin"},"logo":{"@id":"https:\/\/luchonoticias.com\/editor\/#\/schema\/person\/image\/"},"sameAs":["https:\/\/www.facebook.com\/luchonoticiasneiva"]},{"@type":"Person","@id":"https:\/\/luchonoticias.com\/editor\/#\/schema\/person\/29217990ddf6f14e35912b2866d591fb","name":"Editor General","image":{"@type":"ImageObject","inLanguage":"es","@id":"https:\/\/luchonoticias.com\/editor\/#\/schema\/person\/image\/","url":"https:\/\/luchonoticias.com\/editor\/wp-content\/uploads\/2024\/02\/cropped-cropped-logolu-150x150.webp","contentUrl":"https:\/\/luchonoticias.com\/editor\/wp-content\/uploads\/2024\/02\/cropped-cropped-logolu-150x150.webp","caption":"Editor General"},"sameAs":["https:\/\/luchonoticias.com\/"],"url":"https:\/\/luchonoticias.com\/editor\/author\/editor-general\/"}]}},"_links":{"self":[{"href":"https:\/\/luchonoticias.com\/editor\/wp-json\/wp\/v2\/posts\/75362","targetHints":{"allow":["GET"]}}],"collection":[{"href":"https:\/\/luchonoticias.com\/editor\/wp-json\/wp\/v2\/posts"}],"about":[{"href":"https:\/\/luchonoticias.com\/editor\/wp-json\/wp\/v2\/types\/post"}],"author":[{"embeddable":true,"href":"https:\/\/luchonoticias.com\/editor\/wp-json\/wp\/v2\/users\/2"}],"replies":[{"embeddable":true,"href":"https:\/\/luchonoticias.com\/editor\/wp-json\/wp\/v2\/comments?post=75362"}],"version-history":[{"count":1,"href":"https:\/\/luchonoticias.com\/editor\/wp-json\/wp\/v2\/posts\/75362\/revisions"}],"predecessor-version":[{"id":75364,"href":"https:\/\/luchonoticias.com\/editor\/wp-json\/wp\/v2\/posts\/75362\/revisions\/75364"}],"wp:featuredmedia":[{"embeddable":true,"href":"https:\/\/luchonoticias.com\/editor\/wp-json\/wp\/v2\/media\/72684"}],"wp:attachment":[{"href":"https:\/\/luchonoticias.com\/editor\/wp-json\/wp\/v2\/media?parent=75362"}],"wp:term":[{"taxonomy":"category","embeddable":true,"href":"https:\/\/luchonoticias.com\/editor\/wp-json\/wp\/v2\/categories?post=75362"},{"taxonomy":"post_tag","embeddable":true,"href":"https:\/\/luchonoticias.com\/editor\/wp-json\/wp\/v2\/tags?post=75362"}],"curies":[{"name":"wp","href":"https:\/\/api.w.org\/{rel}","templated":true}]}}