{"id":75366,"date":"2024-07-26T21:35:49","date_gmt":"2024-07-27T02:35:49","guid":{"rendered":"https:\/\/luchonoticias.com\/?p=75366"},"modified":"2024-07-26T21:35:49","modified_gmt":"2024-07-27T02:35:49","slug":"derrota-del-atletico-huila-ante-el-real-cartagena","status":"publish","type":"post","link":"https:\/\/luchonoticias.com\/editor\/derrota-del-atletico-huila-ante-el-real-cartagena\/","title":{"rendered":"Derrota del Atl\u00e9tico Huila ante el Real Cartagena"},"content":{"rendered":"<p>Atl\u00e9tico Huila cay\u00f3 como visitante 1:0 ante el Real Cartagena en lo que fue el juego inaugural de la segunda fecha de la Primera B.<\/p>\n<p>Un gol tempranero de un ex jugador huilense fue suficiente para noquear un Huila que dispuso de opciones aunque al final el portero local y la mala punter\u00eda no le beneficiaron.<\/p>\n<p>En lo que fue la primera mitad el elenco huilense comenz\u00f3 en desventaja de forma prematura mediante la ley del ex: Wilfrido de la Rosa al minuto 13 conect\u00f3 un lanzamiento de tiro de esquina y poner en ventaja al cuadro local, resultado con el que ambos oncenos se fueron al descanso; eso s\u00ed, el cuadro dirigido por Diego Corredor reaccion\u00f3 a partir del minuto 20 e incluso sobre el final de la primera parte cont\u00f3 con dos opciones serias de cara al p\u00f3rtico local, no obstante el marcador se mantuvo hasta el final del primer periodo.<\/p>\n<p>Para la segunda parte los huilenses intentaron seguir con la din\u00e1mica de finales del primer periodo no obstante el gol no lleg\u00f3, a ello se le suma que los locales, mediante cambios, neutralizaron las intenciones de los dirigidos por Diego Corredor, las escasas incursiones que llegaban al arco terminaron desviadas o controladas por el portero del elenco bolivarense.<\/p>\n","protected":false},"excerpt":{"rendered":"<p>Atl\u00e9tico Huila cay\u00f3 como visitante 1:0 ante el Real Cartagena en lo que fue el juego inaugural de la segunda fecha de la Primera B. Un gol tempranero de un ex jugador huilense fue suficiente para noquear un Huila que dispuso de opciones aunque al final el portero local y la mala punter\u00eda no le [&hellip;]<\/p>\n","protected":false},"author":2,"featured_media":75367,"comment_status":"closed","ping_status":"open","sticky":false,"template":"","format":"standard","meta":{"footnotes":""},"categories":[34],"tags":[],"class_list":["post-75366","post","type-post","status-publish","format-standard","has-post-thumbnail","hentry","category-deportes"],"yoast_head":"<!-- This site is optimized with the Yoast SEO plugin v26.6 - https:\/\/yoast.com\/wordpress\/plugins\/seo\/ -->\n<title>Derrota del Atl\u00e9tico Huila ante el Real Cartagena -<\/title>\n<meta name=\"description\" content=\"Atl\u00e9tico Huila cay\u00f3 como visitante 1:0 ante el Real Cartagena en lo que fue el juego inaugural de la segunda fecha de la Primera B.\" \/>\n<meta name=\"robots\" content=\"index, follow, max-snippet:-1, max-image-preview:large, max-video-preview:-1\" \/>\n<link rel=\"canonical\" href=\"https:\/\/luchonoticias.com\/editor\/derrota-del-atletico-huila-ante-el-real-cartagena\/\" \/>\n<meta property=\"og:locale\" content=\"es_ES\" \/>\n<meta property=\"og:type\" content=\"article\" \/>\n<meta property=\"og:title\" content=\"Derrota del Atl\u00e9tico Huila ante el Real Cartagena -\" \/>\n<meta property=\"og:description\" content=\"Atl\u00e9tico Huila cay\u00f3 como visitante 1:0 ante el Real Cartagena en lo que fue el juego inaugural de la segunda fecha de la Primera B.\" \/>\n<meta property=\"og:url\" content=\"https:\/\/luchonoticias.com\/editor\/derrota-del-atletico-huila-ante-el-real-cartagena\/\" \/>\n<meta property=\"article:publisher\" content=\"https:\/\/www.facebook.com\/luchonoticiasneiva\" \/>\n<meta property=\"article:published_time\" content=\"2024-07-27T02:35:49+00:00\" \/>\n<meta property=\"og:image\" content=\"https:\/\/luchonoticias.com\/editor\/wp-content\/uploads\/2024\/07\/cartagena-huila-2.jpg\" \/>\n\t<meta property=\"og:image:width\" content=\"700\" \/>\n\t<meta property=\"og:image:height\" content=\"400\" \/>\n\t<meta property=\"og:image:type\" content=\"image\/jpeg\" \/>\n<meta name=\"author\" content=\"Editor General\" \/>\n<meta name=\"twitter:card\" content=\"summary_large_image\" \/>\n<meta name=\"twitter:label1\" content=\"Escrito por\" \/>\n\t<meta name=\"twitter:data1\" content=\"Editor General\" \/>\n\t<meta name=\"twitter:label2\" content=\"Tiempo de lectura\" \/>\n\t<meta name=\"twitter:data2\" content=\"2 minutos\" \/>\n<script type=\"application\/ld+json\" class=\"yoast-schema-graph\">{\"@context\":\"https:\/\/schema.org\",\"@graph\":[{\"@type\":\"Article\",\"@id\":\"https:\/\/luchonoticias.com\/editor\/derrota-del-atletico-huila-ante-el-real-cartagena\/#article\",\"isPartOf\":{\"@id\":\"https:\/\/luchonoticias.com\/editor\/derrota-del-atletico-huila-ante-el-real-cartagena\/\"},\"author\":{\"name\":\"Editor General\",\"@id\":\"https:\/\/luchonoticias.com\/editor\/#\/schema\/person\/29217990ddf6f14e35912b2866d591fb\"},\"headline\":\"Derrota del Atl\u00e9tico Huila ante el Real Cartagena\",\"datePublished\":\"2024-07-27T02:35:49+00:00\",\"mainEntityOfPage\":{\"@id\":\"https:\/\/luchonoticias.com\/editor\/derrota-del-atletico-huila-ante-el-real-cartagena\/\"},\"wordCount\":221,\"publisher\":{\"@id\":\"https:\/\/luchonoticias.com\/editor\/#\/schema\/person\/7a7fd911f58561fd056dbac7b55af9cd\"},\"image\":{\"@id\":\"https:\/\/luchonoticias.com\/editor\/derrota-del-atletico-huila-ante-el-real-cartagena\/#primaryimage\"},\"thumbnailUrl\":\"https:\/\/luchonoticias.com\/editor\/wp-content\/uploads\/2024\/07\/cartagena-huila-2.jpg\",\"articleSection\":[\"Deportes\"],\"inLanguage\":\"es\"},{\"@type\":\"WebPage\",\"@id\":\"https:\/\/luchonoticias.com\/editor\/derrota-del-atletico-huila-ante-el-real-cartagena\/\",\"url\":\"https:\/\/luchonoticias.com\/editor\/derrota-del-atletico-huila-ante-el-real-cartagena\/\",\"name\":\"Derrota del Atl\u00e9tico Huila ante el Real Cartagena -\",\"isPartOf\":{\"@id\":\"https:\/\/luchonoticias.com\/editor\/#website\"},\"primaryImageOfPage\":{\"@id\":\"https:\/\/luchonoticias.com\/editor\/derrota-del-atletico-huila-ante-el-real-cartagena\/#primaryimage\"},\"image\":{\"@id\":\"https:\/\/luchonoticias.com\/editor\/derrota-del-atletico-huila-ante-el-real-cartagena\/#primaryimage\"},\"thumbnailUrl\":\"https:\/\/luchonoticias.com\/editor\/wp-content\/uploads\/2024\/07\/cartagena-huila-2.jpg\",\"datePublished\":\"2024-07-27T02:35:49+00:00\",\"description\":\"Atl\u00e9tico Huila cay\u00f3 como visitante 1:0 ante el Real Cartagena en lo que fue el juego inaugural de la segunda fecha de la Primera B.\",\"breadcrumb\":{\"@id\":\"https:\/\/luchonoticias.com\/editor\/derrota-del-atletico-huila-ante-el-real-cartagena\/#breadcrumb\"},\"inLanguage\":\"es\",\"potentialAction\":[{\"@type\":\"ReadAction\",\"target\":[\"https:\/\/luchonoticias.com\/editor\/derrota-del-atletico-huila-ante-el-real-cartagena\/\"]}]},{\"@type\":\"ImageObject\",\"inLanguage\":\"es\",\"@id\":\"https:\/\/luchonoticias.com\/editor\/derrota-del-atletico-huila-ante-el-real-cartagena\/#primaryimage\",\"url\":\"https:\/\/luchonoticias.com\/editor\/wp-content\/uploads\/2024\/07\/cartagena-huila-2.jpg\",\"contentUrl\":\"https:\/\/luchonoticias.com\/editor\/wp-content\/uploads\/2024\/07\/cartagena-huila-2.jpg\",\"width\":700,\"height\":400},{\"@type\":\"BreadcrumbList\",\"@id\":\"https:\/\/luchonoticias.com\/editor\/derrota-del-atletico-huila-ante-el-real-cartagena\/#breadcrumb\",\"itemListElement\":[{\"@type\":\"ListItem\",\"position\":1,\"name\":\"Portada\",\"item\":\"https:\/\/luchonoticias.com\/editor\/\"},{\"@type\":\"ListItem\",\"position\":2,\"name\":\"Derrota del Atl\u00e9tico Huila ante el Real Cartagena\"}]},{\"@type\":\"WebSite\",\"@id\":\"https:\/\/luchonoticias.com\/editor\/#website\",\"url\":\"https:\/\/luchonoticias.com\/editor\/\",\"name\":\"\",\"description\":\"\",\"publisher\":{\"@id\":\"https:\/\/luchonoticias.com\/editor\/#\/schema\/person\/7a7fd911f58561fd056dbac7b55af9cd\"},\"potentialAction\":[{\"@type\":\"SearchAction\",\"target\":{\"@type\":\"EntryPoint\",\"urlTemplate\":\"https:\/\/luchonoticias.com\/editor\/?s={search_term_string}\"},\"query-input\":{\"@type\":\"PropertyValueSpecification\",\"valueRequired\":true,\"valueName\":\"search_term_string\"}}],\"inLanguage\":\"es\"},{\"@type\":[\"Person\",\"Organization\"],\"@id\":\"https:\/\/luchonoticias.com\/editor\/#\/schema\/person\/7a7fd911f58561fd056dbac7b55af9cd\",\"name\":\"admin\",\"image\":{\"@type\":\"ImageObject\",\"inLanguage\":\"es\",\"@id\":\"https:\/\/luchonoticias.com\/editor\/#\/schema\/person\/image\/\",\"url\":\"https:\/\/luchonoticias.com\/editor\/wp-content\/uploads\/2024\/02\/cropped-cropped-logolu.webp\",\"contentUrl\":\"https:\/\/luchonoticias.com\/editor\/wp-content\/uploads\/2024\/02\/cropped-cropped-logolu.webp\",\"width\":382,\"height\":170,\"caption\":\"admin\"},\"logo\":{\"@id\":\"https:\/\/luchonoticias.com\/editor\/#\/schema\/person\/image\/\"},\"sameAs\":[\"https:\/\/www.facebook.com\/luchonoticiasneiva\"]},{\"@type\":\"Person\",\"@id\":\"https:\/\/luchonoticias.com\/editor\/#\/schema\/person\/29217990ddf6f14e35912b2866d591fb\",\"name\":\"Editor General\",\"image\":{\"@type\":\"ImageObject\",\"inLanguage\":\"es\",\"@id\":\"https:\/\/luchonoticias.com\/editor\/#\/schema\/person\/image\/\",\"url\":\"https:\/\/luchonoticias.com\/editor\/wp-content\/uploads\/2024\/02\/cropped-cropped-logolu-150x150.webp\",\"contentUrl\":\"https:\/\/luchonoticias.com\/editor\/wp-content\/uploads\/2024\/02\/cropped-cropped-logolu-150x150.webp\",\"caption\":\"Editor General\"},\"sameAs\":[\"https:\/\/luchonoticias.com\/\"],\"url\":\"https:\/\/luchonoticias.com\/editor\/author\/editor-general\/\"}]}<\/script>\n<!-- \/ Yoast SEO plugin. -->","yoast_head_json":{"title":"Derrota del Atl\u00e9tico Huila ante el Real Cartagena -","description":"Atl\u00e9tico Huila cay\u00f3 como visitante 1:0 ante el Real Cartagena en lo que fue el juego inaugural de la segunda fecha de la Primera B.","robots":{"index":"index","follow":"follow","max-snippet":"max-snippet:-1","max-image-preview":"max-image-preview:large","max-video-preview":"max-video-preview:-1"},"canonical":"https:\/\/luchonoticias.com\/editor\/derrota-del-atletico-huila-ante-el-real-cartagena\/","og_locale":"es_ES","og_type":"article","og_title":"Derrota del Atl\u00e9tico Huila ante el Real Cartagena -","og_description":"Atl\u00e9tico Huila cay\u00f3 como visitante 1:0 ante el Real Cartagena en lo que fue el juego inaugural de la segunda fecha de la Primera B.","og_url":"https:\/\/luchonoticias.com\/editor\/derrota-del-atletico-huila-ante-el-real-cartagena\/","article_publisher":"https:\/\/www.facebook.com\/luchonoticiasneiva","article_published_time":"2024-07-27T02:35:49+00:00","og_image":[{"width":700,"height":400,"url":"https:\/\/luchonoticias.com\/editor\/wp-content\/uploads\/2024\/07\/cartagena-huila-2.jpg","type":"image\/jpeg"}],"author":"Editor General","twitter_card":"summary_large_image","twitter_misc":{"Escrito por":"Editor General","Tiempo de lectura":"2 minutos"},"schema":{"@context":"https:\/\/schema.org","@graph":[{"@type":"Article","@id":"https:\/\/luchonoticias.com\/editor\/derrota-del-atletico-huila-ante-el-real-cartagena\/#article","isPartOf":{"@id":"https:\/\/luchonoticias.com\/editor\/derrota-del-atletico-huila-ante-el-real-cartagena\/"},"author":{"name":"Editor General","@id":"https:\/\/luchonoticias.com\/editor\/#\/schema\/person\/29217990ddf6f14e35912b2866d591fb"},"headline":"Derrota del Atl\u00e9tico Huila ante el Real Cartagena","datePublished":"2024-07-27T02:35:49+00:00","mainEntityOfPage":{"@id":"https:\/\/luchonoticias.com\/editor\/derrota-del-atletico-huila-ante-el-real-cartagena\/"},"wordCount":221,"publisher":{"@id":"https:\/\/luchonoticias.com\/editor\/#\/schema\/person\/7a7fd911f58561fd056dbac7b55af9cd"},"image":{"@id":"https:\/\/luchonoticias.com\/editor\/derrota-del-atletico-huila-ante-el-real-cartagena\/#primaryimage"},"thumbnailUrl":"https:\/\/luchonoticias.com\/editor\/wp-content\/uploads\/2024\/07\/cartagena-huila-2.jpg","articleSection":["Deportes"],"inLanguage":"es"},{"@type":"WebPage","@id":"https:\/\/luchonoticias.com\/editor\/derrota-del-atletico-huila-ante-el-real-cartagena\/","url":"https:\/\/luchonoticias.com\/editor\/derrota-del-atletico-huila-ante-el-real-cartagena\/","name":"Derrota del Atl\u00e9tico Huila ante el Real Cartagena -","isPartOf":{"@id":"https:\/\/luchonoticias.com\/editor\/#website"},"primaryImageOfPage":{"@id":"https:\/\/luchonoticias.com\/editor\/derrota-del-atletico-huila-ante-el-real-cartagena\/#primaryimage"},"image":{"@id":"https:\/\/luchonoticias.com\/editor\/derrota-del-atletico-huila-ante-el-real-cartagena\/#primaryimage"},"thumbnailUrl":"https:\/\/luchonoticias.com\/editor\/wp-content\/uploads\/2024\/07\/cartagena-huila-2.jpg","datePublished":"2024-07-27T02:35:49+00:00","description":"Atl\u00e9tico Huila cay\u00f3 como visitante 1:0 ante el Real Cartagena en lo que fue el juego inaugural de la segunda fecha de la Primera B.","breadcrumb":{"@id":"https:\/\/luchonoticias.com\/editor\/derrota-del-atletico-huila-ante-el-real-cartagena\/#breadcrumb"},"inLanguage":"es","potentialAction":[{"@type":"ReadAction","target":["https:\/\/luchonoticias.com\/editor\/derrota-del-atletico-huila-ante-el-real-cartagena\/"]}]},{"@type":"ImageObject","inLanguage":"es","@id":"https:\/\/luchonoticias.com\/editor\/derrota-del-atletico-huila-ante-el-real-cartagena\/#primaryimage","url":"https:\/\/luchonoticias.com\/editor\/wp-content\/uploads\/2024\/07\/cartagena-huila-2.jpg","contentUrl":"https:\/\/luchonoticias.com\/editor\/wp-content\/uploads\/2024\/07\/cartagena-huila-2.jpg","width":700,"height":400},{"@type":"BreadcrumbList","@id":"https:\/\/luchonoticias.com\/editor\/derrota-del-atletico-huila-ante-el-real-cartagena\/#breadcrumb","itemListElement":[{"@type":"ListItem","position":1,"name":"Portada","item":"https:\/\/luchonoticias.com\/editor\/"},{"@type":"ListItem","position":2,"name":"Derrota del Atl\u00e9tico Huila ante el Real Cartagena"}]},{"@type":"WebSite","@id":"https:\/\/luchonoticias.com\/editor\/#website","url":"https:\/\/luchonoticias.com\/editor\/","name":"","description":"","publisher":{"@id":"https:\/\/luchonoticias.com\/editor\/#\/schema\/person\/7a7fd911f58561fd056dbac7b55af9cd"},"potentialAction":[{"@type":"SearchAction","target":{"@type":"EntryPoint","urlTemplate":"https:\/\/luchonoticias.com\/editor\/?s={search_term_string}"},"query-input":{"@type":"PropertyValueSpecification","valueRequired":true,"valueName":"search_term_string"}}],"inLanguage":"es"},{"@type":["Person","Organization"],"@id":"https:\/\/luchonoticias.com\/editor\/#\/schema\/person\/7a7fd911f58561fd056dbac7b55af9cd","name":"admin","image":{"@type":"ImageObject","inLanguage":"es","@id":"https:\/\/luchonoticias.com\/editor\/#\/schema\/person\/image\/","url":"https:\/\/luchonoticias.com\/editor\/wp-content\/uploads\/2024\/02\/cropped-cropped-logolu.webp","contentUrl":"https:\/\/luchonoticias.com\/editor\/wp-content\/uploads\/2024\/02\/cropped-cropped-logolu.webp","width":382,"height":170,"caption":"admin"},"logo":{"@id":"https:\/\/luchonoticias.com\/editor\/#\/schema\/person\/image\/"},"sameAs":["https:\/\/www.facebook.com\/luchonoticiasneiva"]},{"@type":"Person","@id":"https:\/\/luchonoticias.com\/editor\/#\/schema\/person\/29217990ddf6f14e35912b2866d591fb","name":"Editor General","image":{"@type":"ImageObject","inLanguage":"es","@id":"https:\/\/luchonoticias.com\/editor\/#\/schema\/person\/image\/","url":"https:\/\/luchonoticias.com\/editor\/wp-content\/uploads\/2024\/02\/cropped-cropped-logolu-150x150.webp","contentUrl":"https:\/\/luchonoticias.com\/editor\/wp-content\/uploads\/2024\/02\/cropped-cropped-logolu-150x150.webp","caption":"Editor General"},"sameAs":["https:\/\/luchonoticias.com\/"],"url":"https:\/\/luchonoticias.com\/editor\/author\/editor-general\/"}]}},"_links":{"self":[{"href":"https:\/\/luchonoticias.com\/editor\/wp-json\/wp\/v2\/posts\/75366","targetHints":{"allow":["GET"]}}],"collection":[{"href":"https:\/\/luchonoticias.com\/editor\/wp-json\/wp\/v2\/posts"}],"about":[{"href":"https:\/\/luchonoticias.com\/editor\/wp-json\/wp\/v2\/types\/post"}],"author":[{"embeddable":true,"href":"https:\/\/luchonoticias.com\/editor\/wp-json\/wp\/v2\/users\/2"}],"replies":[{"embeddable":true,"href":"https:\/\/luchonoticias.com\/editor\/wp-json\/wp\/v2\/comments?post=75366"}],"version-history":[{"count":1,"href":"https:\/\/luchonoticias.com\/editor\/wp-json\/wp\/v2\/posts\/75366\/revisions"}],"predecessor-version":[{"id":75368,"href":"https:\/\/luchonoticias.com\/editor\/wp-json\/wp\/v2\/posts\/75366\/revisions\/75368"}],"wp:featuredmedia":[{"embeddable":true,"href":"https:\/\/luchonoticias.com\/editor\/wp-json\/wp\/v2\/media\/75367"}],"wp:attachment":[{"href":"https:\/\/luchonoticias.com\/editor\/wp-json\/wp\/v2\/media?parent=75366"}],"wp:term":[{"taxonomy":"category","embeddable":true,"href":"https:\/\/luchonoticias.com\/editor\/wp-json\/wp\/v2\/categories?post=75366"},{"taxonomy":"post_tag","embeddable":true,"href":"https:\/\/luchonoticias.com\/editor\/wp-json\/wp\/v2\/tags?post=75366"}],"curies":[{"name":"wp","href":"https:\/\/api.w.org\/{rel}","templated":true}]}}