{"id":75369,"date":"2024-07-27T07:10:44","date_gmt":"2024-07-27T12:10:44","guid":{"rendered":"https:\/\/luchonoticias.com\/?p=75369"},"modified":"2024-07-27T07:11:19","modified_gmt":"2024-07-27T12:11:19","slug":"mas-escolares-colombianos-se-beneficiaron-con-la-alimentacion-escolar","status":"publish","type":"post","link":"https:\/\/luchonoticias.com\/editor\/mas-escolares-colombianos-se-beneficiaron-con-la-alimentacion-escolar\/","title":{"rendered":"M\u00e1s escolares colombianos se beneficiaron con la alimentaci\u00f3n escolar"},"content":{"rendered":"<p>Luego de finalizar el primer semestre del a\u00f1o, donde alrededor de 6 millones de ni\u00f1as, ni\u00f1os, adolescentes y j\u00f3venes recibieron el Programa de Alimentaci\u00f3n Escolar (PAE), y nuevamente retomaron el calendario estudiantil luego de su receso de mitad del a\u00f1o, la Unidad de Alimentos para Aprender, revel\u00f3 en su m\u00e1s reciente informe sobre el estado de operaci\u00f3n del PAE, que viene trabajando con nueve(9) de las noventa y siete (97) Entidades Territoriales Certificadas en Educaci\u00f3n &#8211; ETC del pa\u00eds, en la cuales se han identificado dificultades para reactivar la operaci\u00f3n del programa en los territorios a su cargo.<\/p>\n<p>En ese sentido, la Unidad revel\u00f3 que viene trabajando de manera articulada con la ETC de Antioquia, la cual inform\u00f3 que el PAE estaba suspendido en cinco (5) municipios (Betania, Jard\u00edn, Peque, Salgar, y San Andr\u00e9s de Cuerquia), afectando cerca de 6.205 estudiantes. En los ciento once (111) municipios restantes, a cargo de la ETC, se presta atenci\u00f3n sin novedades.<\/p>\n<p>Por su parte, en el Cauca la operaci\u00f3n del PAE mayoritario est\u00e1 suspendida desde el pasado 4 de julio afectando a cerca 95.114 estudiantes; en este caso, el departamento ya adelant\u00f3 tr\u00e1mites para la adici\u00f3n de un mayor presupuesto y la aprobaci\u00f3n de un nuevo proyecto de regal\u00edas para garantizar la operaci\u00f3n durante el segundo semestre.<\/p>\n<p>En el reporte de la ETC C\u00f3rdoba, se evidenci\u00f3 que la operaci\u00f3n se encuentra suspendida por lo que se adelanta la gesti\u00f3n administrativa y financiera que permita adicionar el contrato actual y en los tr\u00e1mites precontractuales para un nuevo proceso licitatorio que posibilite garantizar el PAE para lo que queda del segundo semestre del a\u00f1o.<\/p>\n<p>\u00abUn grupo importante de las administraciones locales y regionales est\u00e1n disponiendo de sus recursos para cofinanciar el programa de alimentaci\u00f3n; en el caso de C\u00f3rdoba, la entidad dispuso de $73.000 millones de sus regal\u00edas, las cuales ya fueron aprobados por el \u00d3rgano Colegiado de Administraci\u00f3n y Decisi\u00f3n (OCAD) con lo que se garantiza la continuidad del PAE para lo que resta del calendario estudiantil\u00bb, asegur\u00f3 el subdirector de la Unidad de Alimentos para Aprender (UApA), Juan David V\u00e9lez.<\/p>\n<p>La ETC Magdalena report\u00f3 que est\u00e1n siendo atendidos 85.655 estudiantes de las Zonas Centro y Sur. Para atender las Zonas Norte y R\u00edo (85.271 estudiantes) se adelanta a toda marcha un proceso contractual que tiene como fecha de adjudicaci\u00f3n el pr\u00f3ximo 8 de agosto, para as\u00ed atender esta poblaci\u00f3n estudiantil.<\/p>\n<p>Por otra parte, en relaci\u00f3n con la continuidad de la atenci\u00f3n del PAE Ind\u00edgena, el informe de Alimentos para Aprender revela que en cuatro (4) ETC (Villavicencio, Casanare, Ci\u00e9naga y Valledupar) han reportado que suspendieron sus operaciones de manera parcial.<\/p>\n<p>En la ETC Villavicencio, se reporta sin atenci\u00f3n el resguardo ind\u00edgena Maguar\u00e9, afectando a 15 estudiantes, mientras que la suspensi\u00f3n en Casanare afecta a otros 340 alumnos en sedes educativas de los resguardos ind\u00edgenas Chaparral Barronegro, Saliva y Ca\u00f1o Mochuelo.<\/p>\n<p>En el caso de Ci\u00e9naga, la no prestaci\u00f3n del servicio afecta a la poblaci\u00f3n ind\u00edgena kogui. La ETC avanz\u00f3 con el proceso de concertaci\u00f3n del Plan Alimentario Ind\u00edgena Propio (PAIP) y en los tr\u00e1mites de contrataci\u00f3n del operador ind\u00edgena que prestar\u00e1 el servicio PAE con el fin de reanudar la atenci\u00f3n a los 636 beneficiarios kogui en el menor tiempo posible. A la vez, en la ETC Valledupar se encuentra suspendido desde el pasado 11 de junio, afectando 976 estudiantes de poblaci\u00f3n arahuaca. La entidad ya adelanta un nuevo proceso el cual se espera est\u00e9 adjudicado esta semana.<\/p>\n<p>\u00abEstamos haciendo un seguimiento especial a la ETC Cauca donde 64.863 estudiantes est\u00e1n afectados por la suspensi\u00f3n de la operaci\u00f3n del PAE ind\u00edgena. All\u00ed, la ETC Cauca realiza la gesti\u00f3n administrativa y financiera para celebrar nuevos contratos con 27 operadores ind\u00edgenas y estamos confiados en que est\u00e9n ya disponibles y en operaci\u00f3n en esta semana o comienzos de la pr\u00f3xima\u00bb, agreg\u00f3 V\u00e9lez.<\/p>\n<p>Por \u00faltimo, hay que resaltar que la ETC Santa Marta, luego de un trabajo que tom\u00f3 una parte importante del primer semestre, realiz\u00f3 la concertaci\u00f3n del PAIP, con las autoridades ind\u00edgenas de los pueblos wiwa, kogui, arhuacos y chimilas. En la actualidad avanzan en la contrataci\u00f3n de las organizaciones ind\u00edgenas que van a realizar la prestaci\u00f3n del servicio para iniciar la atenci\u00f3n de 194 beneficiarios del pueblo Wiwa y 2.513 de los pueblos Arhuacos, Chimila y Kogui.<\/p>\n<p>Finalmente, el subdirector de Alimentos para Aprender inst\u00f3 a las autoridades territoriales encargadas de la operaci\u00f3n del PAE, a asegurar la continuidad del programa ahora que los alumnos han vuelto a las aulas tras el receso escolar. \u00abLos ni\u00f1os, ni\u00f1as, adolescentes y j\u00f3venes no deben ser afectados por inconvenientes administrativos, contractuales o de log\u00edstica en lo que respecta a la provisi\u00f3n de la alimentaci\u00f3n escolar. Deben recibir su complemento nutricional cada d\u00eda del calendario estudiantil, tal como lo estipula la normativa nacional\u00bb, puntualiz\u00f3.<\/p>\n","protected":false},"excerpt":{"rendered":"<p>Al retomar el calendario estudiantil luego de su receso de mitad del a\u00f1o, la Unidad de Alimentos para Aprender (UAPA), adscrita al Ministerio de Educaci\u00f3n Nacional, revel\u00f3 en su m\u00e1s reciente informe sobre el estado de operaci\u00f3n del Programa de Alimentaci\u00f3n Escolar (PAE), dificultades en nueve entidades territoriales en el reinicio de la operaci\u00f3n del PAE.<\/p>\n","protected":false},"author":2,"featured_media":75370,"comment_status":"closed","ping_status":"open","sticky":false,"template":"","format":"standard","meta":{"footnotes":""},"categories":[28,32],"tags":[],"class_list":["post-75369","post","type-post","status-publish","format-standard","has-post-thumbnail","hentry","category-actualidad","category-nacional"],"yoast_head":"<!-- This site is optimized with the Yoast SEO plugin v26.6 - https:\/\/yoast.com\/wordpress\/plugins\/seo\/ -->\n<title>M\u00e1s escolares colombianos se beneficiaron con la alimentaci\u00f3n escolar -<\/title>\n<meta name=\"description\" content=\"Al retomar el calendario estudiantil luego de su receso de mitad del a\u00f1o, la Unidad de Alimentos para Aprender (UAPA), adscrita al Ministerio de Educaci\u00f3n Nacional, revel\u00f3 en su m\u00e1s reciente informe sobre el estado de operaci\u00f3n del Programa de Alimentaci\u00f3n Escolar (PAE), dificultades en nueve entidades territoriales en el reinicio de la operaci\u00f3n del PAE.\" \/>\n<meta name=\"robots\" content=\"index, follow, max-snippet:-1, max-image-preview:large, max-video-preview:-1\" \/>\n<link rel=\"canonical\" href=\"https:\/\/luchonoticias.com\/editor\/mas-escolares-colombianos-se-beneficiaron-con-la-alimentacion-escolar\/\" \/>\n<meta property=\"og:locale\" content=\"es_ES\" \/>\n<meta property=\"og:type\" content=\"article\" \/>\n<meta property=\"og:title\" content=\"M\u00e1s escolares colombianos se beneficiaron con la alimentaci\u00f3n escolar -\" \/>\n<meta property=\"og:description\" content=\"Al retomar el calendario estudiantil luego de su receso de mitad del a\u00f1o, la Unidad de Alimentos para Aprender (UAPA), adscrita al Ministerio de Educaci\u00f3n Nacional, revel\u00f3 en su m\u00e1s reciente informe sobre el estado de operaci\u00f3n del Programa de Alimentaci\u00f3n Escolar (PAE), dificultades en nueve entidades territoriales en el reinicio de la operaci\u00f3n del PAE.\" \/>\n<meta property=\"og:url\" content=\"https:\/\/luchonoticias.com\/editor\/mas-escolares-colombianos-se-beneficiaron-con-la-alimentacion-escolar\/\" \/>\n<meta property=\"article:publisher\" content=\"https:\/\/www.facebook.com\/luchonoticiasneiva\" \/>\n<meta property=\"article:published_time\" content=\"2024-07-27T12:10:44+00:00\" \/>\n<meta property=\"article:modified_time\" content=\"2024-07-27T12:11:19+00:00\" \/>\n<meta property=\"og:image\" content=\"https:\/\/luchonoticias.com\/editor\/wp-content\/uploads\/2024\/07\/alimentacion-escolar.jpg\" \/>\n\t<meta property=\"og:image:width\" content=\"700\" \/>\n\t<meta property=\"og:image:height\" content=\"400\" \/>\n\t<meta property=\"og:image:type\" content=\"image\/jpeg\" \/>\n<meta name=\"author\" content=\"Editor General\" \/>\n<meta name=\"twitter:card\" content=\"summary_large_image\" \/>\n<meta name=\"twitter:label1\" content=\"Escrito por\" \/>\n\t<meta name=\"twitter:data1\" content=\"Editor General\" \/>\n\t<meta name=\"twitter:label2\" content=\"Tiempo de lectura\" \/>\n\t<meta name=\"twitter:data2\" content=\"4 minutos\" \/>\n<script type=\"application\/ld+json\" class=\"yoast-schema-graph\">{\"@context\":\"https:\/\/schema.org\",\"@graph\":[{\"@type\":\"Article\",\"@id\":\"https:\/\/luchonoticias.com\/editor\/mas-escolares-colombianos-se-beneficiaron-con-la-alimentacion-escolar\/#article\",\"isPartOf\":{\"@id\":\"https:\/\/luchonoticias.com\/editor\/mas-escolares-colombianos-se-beneficiaron-con-la-alimentacion-escolar\/\"},\"author\":{\"name\":\"Editor General\",\"@id\":\"https:\/\/luchonoticias.com\/editor\/#\/schema\/person\/29217990ddf6f14e35912b2866d591fb\"},\"headline\":\"M\u00e1s escolares colombianos se beneficiaron con la alimentaci\u00f3n escolar\",\"datePublished\":\"2024-07-27T12:10:44+00:00\",\"dateModified\":\"2024-07-27T12:11:19+00:00\",\"mainEntityOfPage\":{\"@id\":\"https:\/\/luchonoticias.com\/editor\/mas-escolares-colombianos-se-beneficiaron-con-la-alimentacion-escolar\/\"},\"wordCount\":868,\"publisher\":{\"@id\":\"https:\/\/luchonoticias.com\/editor\/#\/schema\/person\/7a7fd911f58561fd056dbac7b55af9cd\"},\"image\":{\"@id\":\"https:\/\/luchonoticias.com\/editor\/mas-escolares-colombianos-se-beneficiaron-con-la-alimentacion-escolar\/#primaryimage\"},\"thumbnailUrl\":\"https:\/\/luchonoticias.com\/editor\/wp-content\/uploads\/2024\/07\/alimentacion-escolar.jpg\",\"articleSection\":[\"Actualidad\",\"Nacional\"],\"inLanguage\":\"es\"},{\"@type\":\"WebPage\",\"@id\":\"https:\/\/luchonoticias.com\/editor\/mas-escolares-colombianos-se-beneficiaron-con-la-alimentacion-escolar\/\",\"url\":\"https:\/\/luchonoticias.com\/editor\/mas-escolares-colombianos-se-beneficiaron-con-la-alimentacion-escolar\/\",\"name\":\"M\u00e1s escolares colombianos se beneficiaron con la alimentaci\u00f3n escolar -\",\"isPartOf\":{\"@id\":\"https:\/\/luchonoticias.com\/editor\/#website\"},\"primaryImageOfPage\":{\"@id\":\"https:\/\/luchonoticias.com\/editor\/mas-escolares-colombianos-se-beneficiaron-con-la-alimentacion-escolar\/#primaryimage\"},\"image\":{\"@id\":\"https:\/\/luchonoticias.com\/editor\/mas-escolares-colombianos-se-beneficiaron-con-la-alimentacion-escolar\/#primaryimage\"},\"thumbnailUrl\":\"https:\/\/luchonoticias.com\/editor\/wp-content\/uploads\/2024\/07\/alimentacion-escolar.jpg\",\"datePublished\":\"2024-07-27T12:10:44+00:00\",\"dateModified\":\"2024-07-27T12:11:19+00:00\",\"description\":\"Al retomar el calendario estudiantil luego de su receso de mitad del a\u00f1o, la Unidad de Alimentos para Aprender (UAPA), adscrita al Ministerio de Educaci\u00f3n Nacional, revel\u00f3 en su m\u00e1s reciente informe sobre el estado de operaci\u00f3n del Programa de Alimentaci\u00f3n Escolar (PAE), dificultades en nueve entidades territoriales en el reinicio de la operaci\u00f3n del PAE.\",\"breadcrumb\":{\"@id\":\"https:\/\/luchonoticias.com\/editor\/mas-escolares-colombianos-se-beneficiaron-con-la-alimentacion-escolar\/#breadcrumb\"},\"inLanguage\":\"es\",\"potentialAction\":[{\"@type\":\"ReadAction\",\"target\":[\"https:\/\/luchonoticias.com\/editor\/mas-escolares-colombianos-se-beneficiaron-con-la-alimentacion-escolar\/\"]}]},{\"@type\":\"ImageObject\",\"inLanguage\":\"es\",\"@id\":\"https:\/\/luchonoticias.com\/editor\/mas-escolares-colombianos-se-beneficiaron-con-la-alimentacion-escolar\/#primaryimage\",\"url\":\"https:\/\/luchonoticias.com\/editor\/wp-content\/uploads\/2024\/07\/alimentacion-escolar.jpg\",\"contentUrl\":\"https:\/\/luchonoticias.com\/editor\/wp-content\/uploads\/2024\/07\/alimentacion-escolar.jpg\",\"width\":700,\"height\":400},{\"@type\":\"BreadcrumbList\",\"@id\":\"https:\/\/luchonoticias.com\/editor\/mas-escolares-colombianos-se-beneficiaron-con-la-alimentacion-escolar\/#breadcrumb\",\"itemListElement\":[{\"@type\":\"ListItem\",\"position\":1,\"name\":\"Portada\",\"item\":\"https:\/\/luchonoticias.com\/editor\/\"},{\"@type\":\"ListItem\",\"position\":2,\"name\":\"M\u00e1s escolares colombianos se beneficiaron con la alimentaci\u00f3n escolar\"}]},{\"@type\":\"WebSite\",\"@id\":\"https:\/\/luchonoticias.com\/editor\/#website\",\"url\":\"https:\/\/luchonoticias.com\/editor\/\",\"name\":\"\",\"description\":\"\",\"publisher\":{\"@id\":\"https:\/\/luchonoticias.com\/editor\/#\/schema\/person\/7a7fd911f58561fd056dbac7b55af9cd\"},\"potentialAction\":[{\"@type\":\"SearchAction\",\"target\":{\"@type\":\"EntryPoint\",\"urlTemplate\":\"https:\/\/luchonoticias.com\/editor\/?s={search_term_string}\"},\"query-input\":{\"@type\":\"PropertyValueSpecification\",\"valueRequired\":true,\"valueName\":\"search_term_string\"}}],\"inLanguage\":\"es\"},{\"@type\":[\"Person\",\"Organization\"],\"@id\":\"https:\/\/luchonoticias.com\/editor\/#\/schema\/person\/7a7fd911f58561fd056dbac7b55af9cd\",\"name\":\"admin\",\"image\":{\"@type\":\"ImageObject\",\"inLanguage\":\"es\",\"@id\":\"https:\/\/luchonoticias.com\/editor\/#\/schema\/person\/image\/\",\"url\":\"https:\/\/luchonoticias.com\/editor\/wp-content\/uploads\/2024\/02\/cropped-cropped-logolu.webp\",\"contentUrl\":\"https:\/\/luchonoticias.com\/editor\/wp-content\/uploads\/2024\/02\/cropped-cropped-logolu.webp\",\"width\":382,\"height\":170,\"caption\":\"admin\"},\"logo\":{\"@id\":\"https:\/\/luchonoticias.com\/editor\/#\/schema\/person\/image\/\"},\"sameAs\":[\"https:\/\/www.facebook.com\/luchonoticiasneiva\"]},{\"@type\":\"Person\",\"@id\":\"https:\/\/luchonoticias.com\/editor\/#\/schema\/person\/29217990ddf6f14e35912b2866d591fb\",\"name\":\"Editor General\",\"image\":{\"@type\":\"ImageObject\",\"inLanguage\":\"es\",\"@id\":\"https:\/\/luchonoticias.com\/editor\/#\/schema\/person\/image\/\",\"url\":\"https:\/\/luchonoticias.com\/editor\/wp-content\/uploads\/2024\/02\/cropped-cropped-logolu-150x150.webp\",\"contentUrl\":\"https:\/\/luchonoticias.com\/editor\/wp-content\/uploads\/2024\/02\/cropped-cropped-logolu-150x150.webp\",\"caption\":\"Editor General\"},\"sameAs\":[\"https:\/\/luchonoticias.com\/\"],\"url\":\"https:\/\/luchonoticias.com\/editor\/author\/editor-general\/\"}]}<\/script>\n<!-- \/ Yoast SEO plugin. -->","yoast_head_json":{"title":"M\u00e1s escolares colombianos se beneficiaron con la alimentaci\u00f3n escolar -","description":"Al retomar el calendario estudiantil luego de su receso de mitad del a\u00f1o, la Unidad de Alimentos para Aprender (UAPA), adscrita al Ministerio de Educaci\u00f3n Nacional, revel\u00f3 en su m\u00e1s reciente informe sobre el estado de operaci\u00f3n del Programa de Alimentaci\u00f3n Escolar (PAE), dificultades en nueve entidades territoriales en el reinicio de la operaci\u00f3n del PAE.","robots":{"index":"index","follow":"follow","max-snippet":"max-snippet:-1","max-image-preview":"max-image-preview:large","max-video-preview":"max-video-preview:-1"},"canonical":"https:\/\/luchonoticias.com\/editor\/mas-escolares-colombianos-se-beneficiaron-con-la-alimentacion-escolar\/","og_locale":"es_ES","og_type":"article","og_title":"M\u00e1s escolares colombianos se beneficiaron con la alimentaci\u00f3n escolar -","og_description":"Al retomar el calendario estudiantil luego de su receso de mitad del a\u00f1o, la Unidad de Alimentos para Aprender (UAPA), adscrita al Ministerio de Educaci\u00f3n Nacional, revel\u00f3 en su m\u00e1s reciente informe sobre el estado de operaci\u00f3n del Programa de Alimentaci\u00f3n Escolar (PAE), dificultades en nueve entidades territoriales en el reinicio de la operaci\u00f3n del PAE.","og_url":"https:\/\/luchonoticias.com\/editor\/mas-escolares-colombianos-se-beneficiaron-con-la-alimentacion-escolar\/","article_publisher":"https:\/\/www.facebook.com\/luchonoticiasneiva","article_published_time":"2024-07-27T12:10:44+00:00","article_modified_time":"2024-07-27T12:11:19+00:00","og_image":[{"width":700,"height":400,"url":"https:\/\/luchonoticias.com\/editor\/wp-content\/uploads\/2024\/07\/alimentacion-escolar.jpg","type":"image\/jpeg"}],"author":"Editor General","twitter_card":"summary_large_image","twitter_misc":{"Escrito por":"Editor General","Tiempo de lectura":"4 minutos"},"schema":{"@context":"https:\/\/schema.org","@graph":[{"@type":"Article","@id":"https:\/\/luchonoticias.com\/editor\/mas-escolares-colombianos-se-beneficiaron-con-la-alimentacion-escolar\/#article","isPartOf":{"@id":"https:\/\/luchonoticias.com\/editor\/mas-escolares-colombianos-se-beneficiaron-con-la-alimentacion-escolar\/"},"author":{"name":"Editor General","@id":"https:\/\/luchonoticias.com\/editor\/#\/schema\/person\/29217990ddf6f14e35912b2866d591fb"},"headline":"M\u00e1s escolares colombianos se beneficiaron con la alimentaci\u00f3n escolar","datePublished":"2024-07-27T12:10:44+00:00","dateModified":"2024-07-27T12:11:19+00:00","mainEntityOfPage":{"@id":"https:\/\/luchonoticias.com\/editor\/mas-escolares-colombianos-se-beneficiaron-con-la-alimentacion-escolar\/"},"wordCount":868,"publisher":{"@id":"https:\/\/luchonoticias.com\/editor\/#\/schema\/person\/7a7fd911f58561fd056dbac7b55af9cd"},"image":{"@id":"https:\/\/luchonoticias.com\/editor\/mas-escolares-colombianos-se-beneficiaron-con-la-alimentacion-escolar\/#primaryimage"},"thumbnailUrl":"https:\/\/luchonoticias.com\/editor\/wp-content\/uploads\/2024\/07\/alimentacion-escolar.jpg","articleSection":["Actualidad","Nacional"],"inLanguage":"es"},{"@type":"WebPage","@id":"https:\/\/luchonoticias.com\/editor\/mas-escolares-colombianos-se-beneficiaron-con-la-alimentacion-escolar\/","url":"https:\/\/luchonoticias.com\/editor\/mas-escolares-colombianos-se-beneficiaron-con-la-alimentacion-escolar\/","name":"M\u00e1s escolares colombianos se beneficiaron con la alimentaci\u00f3n escolar -","isPartOf":{"@id":"https:\/\/luchonoticias.com\/editor\/#website"},"primaryImageOfPage":{"@id":"https:\/\/luchonoticias.com\/editor\/mas-escolares-colombianos-se-beneficiaron-con-la-alimentacion-escolar\/#primaryimage"},"image":{"@id":"https:\/\/luchonoticias.com\/editor\/mas-escolares-colombianos-se-beneficiaron-con-la-alimentacion-escolar\/#primaryimage"},"thumbnailUrl":"https:\/\/luchonoticias.com\/editor\/wp-content\/uploads\/2024\/07\/alimentacion-escolar.jpg","datePublished":"2024-07-27T12:10:44+00:00","dateModified":"2024-07-27T12:11:19+00:00","description":"Al retomar el calendario estudiantil luego de su receso de mitad del a\u00f1o, la Unidad de Alimentos para Aprender (UAPA), adscrita al Ministerio de Educaci\u00f3n Nacional, revel\u00f3 en su m\u00e1s reciente informe sobre el estado de operaci\u00f3n del Programa de Alimentaci\u00f3n Escolar (PAE), dificultades en nueve entidades territoriales en el reinicio de la operaci\u00f3n del PAE.","breadcrumb":{"@id":"https:\/\/luchonoticias.com\/editor\/mas-escolares-colombianos-se-beneficiaron-con-la-alimentacion-escolar\/#breadcrumb"},"inLanguage":"es","potentialAction":[{"@type":"ReadAction","target":["https:\/\/luchonoticias.com\/editor\/mas-escolares-colombianos-se-beneficiaron-con-la-alimentacion-escolar\/"]}]},{"@type":"ImageObject","inLanguage":"es","@id":"https:\/\/luchonoticias.com\/editor\/mas-escolares-colombianos-se-beneficiaron-con-la-alimentacion-escolar\/#primaryimage","url":"https:\/\/luchonoticias.com\/editor\/wp-content\/uploads\/2024\/07\/alimentacion-escolar.jpg","contentUrl":"https:\/\/luchonoticias.com\/editor\/wp-content\/uploads\/2024\/07\/alimentacion-escolar.jpg","width":700,"height":400},{"@type":"BreadcrumbList","@id":"https:\/\/luchonoticias.com\/editor\/mas-escolares-colombianos-se-beneficiaron-con-la-alimentacion-escolar\/#breadcrumb","itemListElement":[{"@type":"ListItem","position":1,"name":"Portada","item":"https:\/\/luchonoticias.com\/editor\/"},{"@type":"ListItem","position":2,"name":"M\u00e1s escolares colombianos se beneficiaron con la alimentaci\u00f3n escolar"}]},{"@type":"WebSite","@id":"https:\/\/luchonoticias.com\/editor\/#website","url":"https:\/\/luchonoticias.com\/editor\/","name":"","description":"","publisher":{"@id":"https:\/\/luchonoticias.com\/editor\/#\/schema\/person\/7a7fd911f58561fd056dbac7b55af9cd"},"potentialAction":[{"@type":"SearchAction","target":{"@type":"EntryPoint","urlTemplate":"https:\/\/luchonoticias.com\/editor\/?s={search_term_string}"},"query-input":{"@type":"PropertyValueSpecification","valueRequired":true,"valueName":"search_term_string"}}],"inLanguage":"es"},{"@type":["Person","Organization"],"@id":"https:\/\/luchonoticias.com\/editor\/#\/schema\/person\/7a7fd911f58561fd056dbac7b55af9cd","name":"admin","image":{"@type":"ImageObject","inLanguage":"es","@id":"https:\/\/luchonoticias.com\/editor\/#\/schema\/person\/image\/","url":"https:\/\/luchonoticias.com\/editor\/wp-content\/uploads\/2024\/02\/cropped-cropped-logolu.webp","contentUrl":"https:\/\/luchonoticias.com\/editor\/wp-content\/uploads\/2024\/02\/cropped-cropped-logolu.webp","width":382,"height":170,"caption":"admin"},"logo":{"@id":"https:\/\/luchonoticias.com\/editor\/#\/schema\/person\/image\/"},"sameAs":["https:\/\/www.facebook.com\/luchonoticiasneiva"]},{"@type":"Person","@id":"https:\/\/luchonoticias.com\/editor\/#\/schema\/person\/29217990ddf6f14e35912b2866d591fb","name":"Editor General","image":{"@type":"ImageObject","inLanguage":"es","@id":"https:\/\/luchonoticias.com\/editor\/#\/schema\/person\/image\/","url":"https:\/\/luchonoticias.com\/editor\/wp-content\/uploads\/2024\/02\/cropped-cropped-logolu-150x150.webp","contentUrl":"https:\/\/luchonoticias.com\/editor\/wp-content\/uploads\/2024\/02\/cropped-cropped-logolu-150x150.webp","caption":"Editor General"},"sameAs":["https:\/\/luchonoticias.com\/"],"url":"https:\/\/luchonoticias.com\/editor\/author\/editor-general\/"}]}},"_links":{"self":[{"href":"https:\/\/luchonoticias.com\/editor\/wp-json\/wp\/v2\/posts\/75369","targetHints":{"allow":["GET"]}}],"collection":[{"href":"https:\/\/luchonoticias.com\/editor\/wp-json\/wp\/v2\/posts"}],"about":[{"href":"https:\/\/luchonoticias.com\/editor\/wp-json\/wp\/v2\/types\/post"}],"author":[{"embeddable":true,"href":"https:\/\/luchonoticias.com\/editor\/wp-json\/wp\/v2\/users\/2"}],"replies":[{"embeddable":true,"href":"https:\/\/luchonoticias.com\/editor\/wp-json\/wp\/v2\/comments?post=75369"}],"version-history":[{"count":2,"href":"https:\/\/luchonoticias.com\/editor\/wp-json\/wp\/v2\/posts\/75369\/revisions"}],"predecessor-version":[{"id":75372,"href":"https:\/\/luchonoticias.com\/editor\/wp-json\/wp\/v2\/posts\/75369\/revisions\/75372"}],"wp:featuredmedia":[{"embeddable":true,"href":"https:\/\/luchonoticias.com\/editor\/wp-json\/wp\/v2\/media\/75370"}],"wp:attachment":[{"href":"https:\/\/luchonoticias.com\/editor\/wp-json\/wp\/v2\/media?parent=75369"}],"wp:term":[{"taxonomy":"category","embeddable":true,"href":"https:\/\/luchonoticias.com\/editor\/wp-json\/wp\/v2\/categories?post=75369"},{"taxonomy":"post_tag","embeddable":true,"href":"https:\/\/luchonoticias.com\/editor\/wp-json\/wp\/v2\/tags?post=75369"}],"curies":[{"name":"wp","href":"https:\/\/api.w.org\/{rel}","templated":true}]}}