{"id":75373,"date":"2024-07-27T07:14:37","date_gmt":"2024-07-27T12:14:37","guid":{"rendered":"https:\/\/luchonoticias.com\/?p=75373"},"modified":"2024-07-27T07:14:37","modified_gmt":"2024-07-27T12:14:37","slug":"minagricultura-hace-seguimiento-a-cosecha-de-cereales","status":"publish","type":"post","link":"https:\/\/luchonoticias.com\/editor\/minagricultura-hace-seguimiento-a-cosecha-de-cereales\/","title":{"rendered":"Minagricultura hace seguimiento a cosecha de cereales"},"content":{"rendered":"<div>Tras el Consejo Nacional de Arroz, que tuvo lugar en el Ministerio de Agricultura y Desarrollo Rural, se anunci\u00f3 que para el pr\u00f3ximo martes 30 de julio se presentar\u00e1n las cifras reales del excedente de arroz paddy seco para el segundo semestre de 2024. Este dato es un indicador para obtener informaci\u00f3n clave que sustente desde lo t\u00e9cnico las medidas que se deben tomar en conjunto con la cadena.<\/div>\n<div><\/div>\n<div>La cifra de excedente se obtiene tras el an\u00e1lisis juicioso de distintas variables, entre ellas, la producci\u00f3n del a\u00f1o, la producci\u00f3n de semestre y el consumo per c\u00e1pita.<\/div>\n<div><\/div>\n<div>Cabe recordar que el Ministerio de Agricultura y Desarrollo Rural, a trav\u00e9s de la Bolsa Mercantil de Colombia, mensualmente realiza visitas a la industria y a las instalaciones de almacenamiento del grano para verificar los inventarios. Este programa monitorea las existencias de arroz nacional para mejorar las estad\u00edsticas de la cadena y as\u00ed evitar la especulaci\u00f3n de precios.<\/div>\n<div><\/div>\n<div>Tambi\u00e9n se cuenta con los laboratorios de referencia, que permiten tener una contramuestra gratuita frente a la realizada por el molino una vez se realiza la venta del arroz.<\/div>\n<div><\/div>\n<div>Ambos programas tuvieron una inversi\u00f3n conjunta de $730 millones entre julio y diciembre de 2023, mientras que para 2024 los recursos para su ejecuci\u00f3n suman $1.112 millones.<\/div>\n<div><\/div>\n<div>En la sesi\u00f3n del Consejo tambi\u00e9n se recalc\u00f3 la importancia de reforzar las acciones para implementar el Plan de Ordenamiento Productivo (POP), que plantea nueve programas que tienen como objetivo el desarrollo de actividades para mejorar la cadena.<\/div>\n<div><\/div>\n<div>Mediante este POP se evita la ampliaci\u00f3n descontrolada de zonas de siembra, que generan impacto en zonas ambientales y afectaci\u00f3n generalizada de la producci\u00f3n del cereal.<\/div>\n<div><\/div>\n<div>Finalmente, frente al tema de la variaci\u00f3n de precios, MinAgricultura propuso una investigaci\u00f3n para determinar las causas de los incrementos. Los resultados servir\u00e1n para consolidar una hoja de ruta que contribuya al fortalecimiento de la cadena y a mejorar las condiciones socioecon\u00f3micas de los productores.<\/div>\n<div><\/div>\n","protected":false},"excerpt":{"rendered":"<p>La recopilaci\u00f3n de la informaci\u00f3n se hace cada mes para mejorar las estad\u00edsticas de la cadena, y as\u00ed tomar las mejores decisiones que beneficien a peque\u00f1os y medianos productores del grano.<\/p>\n","protected":false},"author":2,"featured_media":75374,"comment_status":"closed","ping_status":"open","sticky":false,"template":"","format":"standard","meta":{"footnotes":""},"categories":[28,32],"tags":[],"class_list":["post-75373","post","type-post","status-publish","format-standard","has-post-thumbnail","hentry","category-actualidad","category-nacional"],"yoast_head":"<!-- This site is optimized with the Yoast SEO plugin v26.6 - https:\/\/yoast.com\/wordpress\/plugins\/seo\/ -->\n<title>Minagricultura hace seguimiento a cosecha de cereales -<\/title>\n<meta name=\"description\" content=\"La recopilaci\u00f3n de la informaci\u00f3n se hace cada mes para mejorar las estad\u00edsticas de la cadena, y as\u00ed tomar las mejores decisiones que beneficien a peque\u00f1os y medianos productores del grano.\" \/>\n<meta name=\"robots\" content=\"index, follow, max-snippet:-1, max-image-preview:large, max-video-preview:-1\" \/>\n<link rel=\"canonical\" href=\"https:\/\/luchonoticias.com\/editor\/minagricultura-hace-seguimiento-a-cosecha-de-cereales\/\" \/>\n<meta property=\"og:locale\" content=\"es_ES\" \/>\n<meta property=\"og:type\" content=\"article\" \/>\n<meta property=\"og:title\" content=\"Minagricultura hace seguimiento a cosecha de cereales -\" \/>\n<meta property=\"og:description\" content=\"La recopilaci\u00f3n de la informaci\u00f3n se hace cada mes para mejorar las estad\u00edsticas de la cadena, y as\u00ed tomar las mejores decisiones que beneficien a peque\u00f1os y medianos productores del grano.\" \/>\n<meta property=\"og:url\" content=\"https:\/\/luchonoticias.com\/editor\/minagricultura-hace-seguimiento-a-cosecha-de-cereales\/\" \/>\n<meta property=\"article:publisher\" content=\"https:\/\/www.facebook.com\/luchonoticiasneiva\" \/>\n<meta property=\"article:published_time\" content=\"2024-07-27T12:14:37+00:00\" \/>\n<meta property=\"og:image\" content=\"https:\/\/luchonoticias.com\/editor\/wp-content\/uploads\/2024\/07\/arroz.jpg\" \/>\n\t<meta property=\"og:image:width\" content=\"700\" \/>\n\t<meta property=\"og:image:height\" content=\"400\" \/>\n\t<meta property=\"og:image:type\" content=\"image\/jpeg\" \/>\n<meta name=\"author\" content=\"Editor General\" \/>\n<meta name=\"twitter:card\" content=\"summary_large_image\" \/>\n<meta name=\"twitter:label1\" content=\"Escrito por\" \/>\n\t<meta name=\"twitter:data1\" content=\"Editor General\" \/>\n\t<meta name=\"twitter:label2\" content=\"Tiempo de lectura\" \/>\n\t<meta name=\"twitter:data2\" content=\"2 minutos\" \/>\n<script type=\"application\/ld+json\" class=\"yoast-schema-graph\">{\"@context\":\"https:\/\/schema.org\",\"@graph\":[{\"@type\":\"Article\",\"@id\":\"https:\/\/luchonoticias.com\/editor\/minagricultura-hace-seguimiento-a-cosecha-de-cereales\/#article\",\"isPartOf\":{\"@id\":\"https:\/\/luchonoticias.com\/editor\/minagricultura-hace-seguimiento-a-cosecha-de-cereales\/\"},\"author\":{\"name\":\"Editor General\",\"@id\":\"https:\/\/luchonoticias.com\/editor\/#\/schema\/person\/29217990ddf6f14e35912b2866d591fb\"},\"headline\":\"Minagricultura hace seguimiento a cosecha de cereales\",\"datePublished\":\"2024-07-27T12:14:37+00:00\",\"mainEntityOfPage\":{\"@id\":\"https:\/\/luchonoticias.com\/editor\/minagricultura-hace-seguimiento-a-cosecha-de-cereales\/\"},\"wordCount\":345,\"publisher\":{\"@id\":\"https:\/\/luchonoticias.com\/editor\/#\/schema\/person\/7a7fd911f58561fd056dbac7b55af9cd\"},\"image\":{\"@id\":\"https:\/\/luchonoticias.com\/editor\/minagricultura-hace-seguimiento-a-cosecha-de-cereales\/#primaryimage\"},\"thumbnailUrl\":\"https:\/\/luchonoticias.com\/editor\/wp-content\/uploads\/2024\/07\/arroz.jpg\",\"articleSection\":[\"Actualidad\",\"Nacional\"],\"inLanguage\":\"es\"},{\"@type\":\"WebPage\",\"@id\":\"https:\/\/luchonoticias.com\/editor\/minagricultura-hace-seguimiento-a-cosecha-de-cereales\/\",\"url\":\"https:\/\/luchonoticias.com\/editor\/minagricultura-hace-seguimiento-a-cosecha-de-cereales\/\",\"name\":\"Minagricultura hace seguimiento a cosecha de cereales -\",\"isPartOf\":{\"@id\":\"https:\/\/luchonoticias.com\/editor\/#website\"},\"primaryImageOfPage\":{\"@id\":\"https:\/\/luchonoticias.com\/editor\/minagricultura-hace-seguimiento-a-cosecha-de-cereales\/#primaryimage\"},\"image\":{\"@id\":\"https:\/\/luchonoticias.com\/editor\/minagricultura-hace-seguimiento-a-cosecha-de-cereales\/#primaryimage\"},\"thumbnailUrl\":\"https:\/\/luchonoticias.com\/editor\/wp-content\/uploads\/2024\/07\/arroz.jpg\",\"datePublished\":\"2024-07-27T12:14:37+00:00\",\"description\":\"La recopilaci\u00f3n de la informaci\u00f3n se hace cada mes para mejorar las estad\u00edsticas de la cadena, y as\u00ed tomar las mejores decisiones que beneficien a peque\u00f1os y medianos productores del grano.\",\"breadcrumb\":{\"@id\":\"https:\/\/luchonoticias.com\/editor\/minagricultura-hace-seguimiento-a-cosecha-de-cereales\/#breadcrumb\"},\"inLanguage\":\"es\",\"potentialAction\":[{\"@type\":\"ReadAction\",\"target\":[\"https:\/\/luchonoticias.com\/editor\/minagricultura-hace-seguimiento-a-cosecha-de-cereales\/\"]}]},{\"@type\":\"ImageObject\",\"inLanguage\":\"es\",\"@id\":\"https:\/\/luchonoticias.com\/editor\/minagricultura-hace-seguimiento-a-cosecha-de-cereales\/#primaryimage\",\"url\":\"https:\/\/luchonoticias.com\/editor\/wp-content\/uploads\/2024\/07\/arroz.jpg\",\"contentUrl\":\"https:\/\/luchonoticias.com\/editor\/wp-content\/uploads\/2024\/07\/arroz.jpg\",\"width\":700,\"height\":400},{\"@type\":\"BreadcrumbList\",\"@id\":\"https:\/\/luchonoticias.com\/editor\/minagricultura-hace-seguimiento-a-cosecha-de-cereales\/#breadcrumb\",\"itemListElement\":[{\"@type\":\"ListItem\",\"position\":1,\"name\":\"Portada\",\"item\":\"https:\/\/luchonoticias.com\/editor\/\"},{\"@type\":\"ListItem\",\"position\":2,\"name\":\"Minagricultura hace seguimiento a cosecha de cereales\"}]},{\"@type\":\"WebSite\",\"@id\":\"https:\/\/luchonoticias.com\/editor\/#website\",\"url\":\"https:\/\/luchonoticias.com\/editor\/\",\"name\":\"\",\"description\":\"\",\"publisher\":{\"@id\":\"https:\/\/luchonoticias.com\/editor\/#\/schema\/person\/7a7fd911f58561fd056dbac7b55af9cd\"},\"potentialAction\":[{\"@type\":\"SearchAction\",\"target\":{\"@type\":\"EntryPoint\",\"urlTemplate\":\"https:\/\/luchonoticias.com\/editor\/?s={search_term_string}\"},\"query-input\":{\"@type\":\"PropertyValueSpecification\",\"valueRequired\":true,\"valueName\":\"search_term_string\"}}],\"inLanguage\":\"es\"},{\"@type\":[\"Person\",\"Organization\"],\"@id\":\"https:\/\/luchonoticias.com\/editor\/#\/schema\/person\/7a7fd911f58561fd056dbac7b55af9cd\",\"name\":\"admin\",\"image\":{\"@type\":\"ImageObject\",\"inLanguage\":\"es\",\"@id\":\"https:\/\/luchonoticias.com\/editor\/#\/schema\/person\/image\/\",\"url\":\"https:\/\/luchonoticias.com\/editor\/wp-content\/uploads\/2024\/02\/cropped-cropped-logolu.webp\",\"contentUrl\":\"https:\/\/luchonoticias.com\/editor\/wp-content\/uploads\/2024\/02\/cropped-cropped-logolu.webp\",\"width\":382,\"height\":170,\"caption\":\"admin\"},\"logo\":{\"@id\":\"https:\/\/luchonoticias.com\/editor\/#\/schema\/person\/image\/\"},\"sameAs\":[\"https:\/\/www.facebook.com\/luchonoticiasneiva\"]},{\"@type\":\"Person\",\"@id\":\"https:\/\/luchonoticias.com\/editor\/#\/schema\/person\/29217990ddf6f14e35912b2866d591fb\",\"name\":\"Editor General\",\"image\":{\"@type\":\"ImageObject\",\"inLanguage\":\"es\",\"@id\":\"https:\/\/luchonoticias.com\/editor\/#\/schema\/person\/image\/\",\"url\":\"https:\/\/luchonoticias.com\/editor\/wp-content\/uploads\/2024\/02\/cropped-cropped-logolu-150x150.webp\",\"contentUrl\":\"https:\/\/luchonoticias.com\/editor\/wp-content\/uploads\/2024\/02\/cropped-cropped-logolu-150x150.webp\",\"caption\":\"Editor General\"},\"sameAs\":[\"https:\/\/luchonoticias.com\/\"],\"url\":\"https:\/\/luchonoticias.com\/editor\/author\/editor-general\/\"}]}<\/script>\n<!-- \/ Yoast SEO plugin. -->","yoast_head_json":{"title":"Minagricultura hace seguimiento a cosecha de cereales -","description":"La recopilaci\u00f3n de la informaci\u00f3n se hace cada mes para mejorar las estad\u00edsticas de la cadena, y as\u00ed tomar las mejores decisiones que beneficien a peque\u00f1os y medianos productores del grano.","robots":{"index":"index","follow":"follow","max-snippet":"max-snippet:-1","max-image-preview":"max-image-preview:large","max-video-preview":"max-video-preview:-1"},"canonical":"https:\/\/luchonoticias.com\/editor\/minagricultura-hace-seguimiento-a-cosecha-de-cereales\/","og_locale":"es_ES","og_type":"article","og_title":"Minagricultura hace seguimiento a cosecha de cereales -","og_description":"La recopilaci\u00f3n de la informaci\u00f3n se hace cada mes para mejorar las estad\u00edsticas de la cadena, y as\u00ed tomar las mejores decisiones que beneficien a peque\u00f1os y medianos productores del grano.","og_url":"https:\/\/luchonoticias.com\/editor\/minagricultura-hace-seguimiento-a-cosecha-de-cereales\/","article_publisher":"https:\/\/www.facebook.com\/luchonoticiasneiva","article_published_time":"2024-07-27T12:14:37+00:00","og_image":[{"width":700,"height":400,"url":"https:\/\/luchonoticias.com\/editor\/wp-content\/uploads\/2024\/07\/arroz.jpg","type":"image\/jpeg"}],"author":"Editor General","twitter_card":"summary_large_image","twitter_misc":{"Escrito por":"Editor General","Tiempo de lectura":"2 minutos"},"schema":{"@context":"https:\/\/schema.org","@graph":[{"@type":"Article","@id":"https:\/\/luchonoticias.com\/editor\/minagricultura-hace-seguimiento-a-cosecha-de-cereales\/#article","isPartOf":{"@id":"https:\/\/luchonoticias.com\/editor\/minagricultura-hace-seguimiento-a-cosecha-de-cereales\/"},"author":{"name":"Editor General","@id":"https:\/\/luchonoticias.com\/editor\/#\/schema\/person\/29217990ddf6f14e35912b2866d591fb"},"headline":"Minagricultura hace seguimiento a cosecha de cereales","datePublished":"2024-07-27T12:14:37+00:00","mainEntityOfPage":{"@id":"https:\/\/luchonoticias.com\/editor\/minagricultura-hace-seguimiento-a-cosecha-de-cereales\/"},"wordCount":345,"publisher":{"@id":"https:\/\/luchonoticias.com\/editor\/#\/schema\/person\/7a7fd911f58561fd056dbac7b55af9cd"},"image":{"@id":"https:\/\/luchonoticias.com\/editor\/minagricultura-hace-seguimiento-a-cosecha-de-cereales\/#primaryimage"},"thumbnailUrl":"https:\/\/luchonoticias.com\/editor\/wp-content\/uploads\/2024\/07\/arroz.jpg","articleSection":["Actualidad","Nacional"],"inLanguage":"es"},{"@type":"WebPage","@id":"https:\/\/luchonoticias.com\/editor\/minagricultura-hace-seguimiento-a-cosecha-de-cereales\/","url":"https:\/\/luchonoticias.com\/editor\/minagricultura-hace-seguimiento-a-cosecha-de-cereales\/","name":"Minagricultura hace seguimiento a cosecha de cereales -","isPartOf":{"@id":"https:\/\/luchonoticias.com\/editor\/#website"},"primaryImageOfPage":{"@id":"https:\/\/luchonoticias.com\/editor\/minagricultura-hace-seguimiento-a-cosecha-de-cereales\/#primaryimage"},"image":{"@id":"https:\/\/luchonoticias.com\/editor\/minagricultura-hace-seguimiento-a-cosecha-de-cereales\/#primaryimage"},"thumbnailUrl":"https:\/\/luchonoticias.com\/editor\/wp-content\/uploads\/2024\/07\/arroz.jpg","datePublished":"2024-07-27T12:14:37+00:00","description":"La recopilaci\u00f3n de la informaci\u00f3n se hace cada mes para mejorar las estad\u00edsticas de la cadena, y as\u00ed tomar las mejores decisiones que beneficien a peque\u00f1os y medianos productores del grano.","breadcrumb":{"@id":"https:\/\/luchonoticias.com\/editor\/minagricultura-hace-seguimiento-a-cosecha-de-cereales\/#breadcrumb"},"inLanguage":"es","potentialAction":[{"@type":"ReadAction","target":["https:\/\/luchonoticias.com\/editor\/minagricultura-hace-seguimiento-a-cosecha-de-cereales\/"]}]},{"@type":"ImageObject","inLanguage":"es","@id":"https:\/\/luchonoticias.com\/editor\/minagricultura-hace-seguimiento-a-cosecha-de-cereales\/#primaryimage","url":"https:\/\/luchonoticias.com\/editor\/wp-content\/uploads\/2024\/07\/arroz.jpg","contentUrl":"https:\/\/luchonoticias.com\/editor\/wp-content\/uploads\/2024\/07\/arroz.jpg","width":700,"height":400},{"@type":"BreadcrumbList","@id":"https:\/\/luchonoticias.com\/editor\/minagricultura-hace-seguimiento-a-cosecha-de-cereales\/#breadcrumb","itemListElement":[{"@type":"ListItem","position":1,"name":"Portada","item":"https:\/\/luchonoticias.com\/editor\/"},{"@type":"ListItem","position":2,"name":"Minagricultura hace seguimiento a cosecha de cereales"}]},{"@type":"WebSite","@id":"https:\/\/luchonoticias.com\/editor\/#website","url":"https:\/\/luchonoticias.com\/editor\/","name":"","description":"","publisher":{"@id":"https:\/\/luchonoticias.com\/editor\/#\/schema\/person\/7a7fd911f58561fd056dbac7b55af9cd"},"potentialAction":[{"@type":"SearchAction","target":{"@type":"EntryPoint","urlTemplate":"https:\/\/luchonoticias.com\/editor\/?s={search_term_string}"},"query-input":{"@type":"PropertyValueSpecification","valueRequired":true,"valueName":"search_term_string"}}],"inLanguage":"es"},{"@type":["Person","Organization"],"@id":"https:\/\/luchonoticias.com\/editor\/#\/schema\/person\/7a7fd911f58561fd056dbac7b55af9cd","name":"admin","image":{"@type":"ImageObject","inLanguage":"es","@id":"https:\/\/luchonoticias.com\/editor\/#\/schema\/person\/image\/","url":"https:\/\/luchonoticias.com\/editor\/wp-content\/uploads\/2024\/02\/cropped-cropped-logolu.webp","contentUrl":"https:\/\/luchonoticias.com\/editor\/wp-content\/uploads\/2024\/02\/cropped-cropped-logolu.webp","width":382,"height":170,"caption":"admin"},"logo":{"@id":"https:\/\/luchonoticias.com\/editor\/#\/schema\/person\/image\/"},"sameAs":["https:\/\/www.facebook.com\/luchonoticiasneiva"]},{"@type":"Person","@id":"https:\/\/luchonoticias.com\/editor\/#\/schema\/person\/29217990ddf6f14e35912b2866d591fb","name":"Editor General","image":{"@type":"ImageObject","inLanguage":"es","@id":"https:\/\/luchonoticias.com\/editor\/#\/schema\/person\/image\/","url":"https:\/\/luchonoticias.com\/editor\/wp-content\/uploads\/2024\/02\/cropped-cropped-logolu-150x150.webp","contentUrl":"https:\/\/luchonoticias.com\/editor\/wp-content\/uploads\/2024\/02\/cropped-cropped-logolu-150x150.webp","caption":"Editor General"},"sameAs":["https:\/\/luchonoticias.com\/"],"url":"https:\/\/luchonoticias.com\/editor\/author\/editor-general\/"}]}},"_links":{"self":[{"href":"https:\/\/luchonoticias.com\/editor\/wp-json\/wp\/v2\/posts\/75373","targetHints":{"allow":["GET"]}}],"collection":[{"href":"https:\/\/luchonoticias.com\/editor\/wp-json\/wp\/v2\/posts"}],"about":[{"href":"https:\/\/luchonoticias.com\/editor\/wp-json\/wp\/v2\/types\/post"}],"author":[{"embeddable":true,"href":"https:\/\/luchonoticias.com\/editor\/wp-json\/wp\/v2\/users\/2"}],"replies":[{"embeddable":true,"href":"https:\/\/luchonoticias.com\/editor\/wp-json\/wp\/v2\/comments?post=75373"}],"version-history":[{"count":1,"href":"https:\/\/luchonoticias.com\/editor\/wp-json\/wp\/v2\/posts\/75373\/revisions"}],"predecessor-version":[{"id":75375,"href":"https:\/\/luchonoticias.com\/editor\/wp-json\/wp\/v2\/posts\/75373\/revisions\/75375"}],"wp:featuredmedia":[{"embeddable":true,"href":"https:\/\/luchonoticias.com\/editor\/wp-json\/wp\/v2\/media\/75374"}],"wp:attachment":[{"href":"https:\/\/luchonoticias.com\/editor\/wp-json\/wp\/v2\/media?parent=75373"}],"wp:term":[{"taxonomy":"category","embeddable":true,"href":"https:\/\/luchonoticias.com\/editor\/wp-json\/wp\/v2\/categories?post=75373"},{"taxonomy":"post_tag","embeddable":true,"href":"https:\/\/luchonoticias.com\/editor\/wp-json\/wp\/v2\/tags?post=75373"}],"curies":[{"name":"wp","href":"https:\/\/api.w.org\/{rel}","templated":true}]}}