{"id":75376,"date":"2024-07-27T07:20:48","date_gmt":"2024-07-27T12:20:48","guid":{"rendered":"https:\/\/luchonoticias.com\/?p=75376"},"modified":"2024-07-27T07:21:19","modified_gmt":"2024-07-27T12:21:19","slug":"proyecto-de-ley-mama-cuentas-conmigo-ha-sido-objetada","status":"publish","type":"post","link":"https:\/\/luchonoticias.com\/editor\/proyecto-de-ley-mama-cuentas-conmigo-ha-sido-objetada\/","title":{"rendered":"Proyecto de ley \u2018Mam\u00e1 cuentas conmigo\u2019 ha sido objetada"},"content":{"rendered":"<p>Por razones de constitucionalidad, el Ministerio de la Igualdad y la Equidad objet\u00f3 el proyecto de ley, de origen parlamentario, \u201cpor medio del cual se reconoce y garantiza la entrega del kit &#8216;mam\u00e1 cuentas conmigo&#8217; a las mujeres embarazadas y se dictan otras disposiciones \u2013 Ley mam\u00e1 cuentas conmigo\u00bb.<\/p>\n<p>En primer lugar,\u00a0la ministra y Vicepresidenta, Francia M\u00e1rquez, asegur\u00f3 que \u201cexigir cuatro controles prenatales para ser beneficiarias de este kit, desconoce la realidad en t\u00e9rminos del sistema de salud, donde muchas mujeres y personas gestantes no tienen acceso a la salud\u00bb.<\/p>\n<p>\u201cSabemos que muchos lugares ese vac\u00edo en t\u00e9rminos del sistema de salud lo atienden las parteras y personas en las mismas comunidades\u00bb, dijo.<\/p>\n<p>Por esta raz\u00f3n, manifest\u00f3 que \u201clo que pedimos es que este requisito se elimine y, de esta manera, podamos garantizar que las mujeres y las personas gestantes, sobre todo pertenecientes a esa poblaci\u00f3n vulnerable, puedan acceder a esta garant\u00eda que hoy ofrece el Estado\u00bb.<\/p>\n<p>Por esta raz\u00f3n, el Ministerio objet\u00f3 la ley, que determin\u00f3 la entrega de un kit con pa\u00f1ales, productos de higiene para el beb\u00e9, toallas higi\u00e9nicas para la madre y un ajuar completo en color neutro para el beb\u00e9.<\/p>\n<p>De otro lado, la ministra de Igualdad explic\u00f3 que la ley debe tener en cuenta a las personas gestantes en equidad, en la medida en que la norma objetada solo hace referencia a \u201cmujeres\u00bb gestantes y no a \u201cpersonas\u00bb gestantes \u201ccon lo que excluye el genuino enfoque de g\u00e9nero dispuesto en la Constituci\u00f3n y en la jurisprudencia constitucional reciente\u00bb, anota la carta enviada al Congreso de la Rep\u00fablica.<\/p>\n<p>\u201cNuestra solicitud como Gobierno Nacional es que la ampliemos, que abracemos a todas las personas gestantes, tal como lo defini\u00f3 la Corte Constitucional en la Sentencia C-324 del 2023, que plante\u00f3 incluir a los hombres trans y a las personas no binarias\u00bb, dijo la ministra Francia M\u00e1rquez.<\/p>\n<p>\u201cEn conclusi\u00f3n \u2013agrega la carta del Ministerio de Igualdad-, no existe justificaci\u00f3n y objetividad de la exclusi\u00f3n de los hombres trans y personas no binarias respecto de los beneficios del proyecto de ley kit de madres, por lo cual se produce una desigualdad negativa, en comparaci\u00f3n con las mujeres que se benefician de la inclusi\u00f3n\u00bb.<\/p>\n<p>Y aclara que \u201cson personas que tienen la posibilidad de quedar en embarazo, gestar, afrontar un parto y desplegar labores de cuidado parental. Todas estas son situaciones y habilidades que no dependen de la identidad de g\u00e9nero de la persona\u00bb.<\/p>\n<p>De esta manera, el Gobierno del Cambio devolvi\u00f3 a la Presidencia del Congreso el proyecto de ley para que sean subsanados los vicios de constitucionalidad evidenciados, a fin de que la iniciativa reciba la sanci\u00f3n presidencial.<\/p>\n","protected":false},"excerpt":{"rendered":"<p>La ministra y vicepresidenta de la Rep\u00fablica, Francia M\u00e1rquez dijo que la exigencia de estos controles desconoce la realidad del acceso a la salud de los colombianos y afecta el acceso de los m\u00e1s vulnerables al kit de elementos b\u00e1sicos de aseo y literatura pedag\u00f3gica e inclusiva que estableci\u00f3 la ley.<\/p>\n","protected":false},"author":2,"featured_media":75377,"comment_status":"closed","ping_status":"open","sticky":false,"template":"","format":"standard","meta":{"footnotes":""},"categories":[28,32],"tags":[],"class_list":["post-75376","post","type-post","status-publish","format-standard","has-post-thumbnail","hentry","category-actualidad","category-nacional"],"yoast_head":"<!-- This site is optimized with the Yoast SEO plugin v26.6 - https:\/\/yoast.com\/wordpress\/plugins\/seo\/ -->\n<title>Proyecto de ley \u2018Mam\u00e1 cuentas conmigo\u2019 ha sido objetada -<\/title>\n<meta name=\"description\" content=\"La ministra y vicepresidenta de la Rep\u00fablica, Francia M\u00e1rquez dijo que la exigencia de estos controles desconoce la realidad del acceso a la salud de los colombianos y afecta el acceso de los m\u00e1s vulnerables al kit de elementos b\u00e1sicos de aseo y literatura pedag\u00f3gica e inclusiva que estableci\u00f3 la ley.\" \/>\n<meta name=\"robots\" content=\"index, follow, max-snippet:-1, max-image-preview:large, max-video-preview:-1\" \/>\n<link rel=\"canonical\" href=\"https:\/\/luchonoticias.com\/editor\/proyecto-de-ley-mama-cuentas-conmigo-ha-sido-objetada\/\" \/>\n<meta property=\"og:locale\" content=\"es_ES\" \/>\n<meta property=\"og:type\" content=\"article\" \/>\n<meta property=\"og:title\" content=\"Proyecto de ley \u2018Mam\u00e1 cuentas conmigo\u2019 ha sido objetada -\" \/>\n<meta property=\"og:description\" content=\"La ministra y vicepresidenta de la Rep\u00fablica, Francia M\u00e1rquez dijo que la exigencia de estos controles desconoce la realidad del acceso a la salud de los colombianos y afecta el acceso de los m\u00e1s vulnerables al kit de elementos b\u00e1sicos de aseo y literatura pedag\u00f3gica e inclusiva que estableci\u00f3 la ley.\" \/>\n<meta property=\"og:url\" content=\"https:\/\/luchonoticias.com\/editor\/proyecto-de-ley-mama-cuentas-conmigo-ha-sido-objetada\/\" \/>\n<meta property=\"article:publisher\" content=\"https:\/\/www.facebook.com\/luchonoticiasneiva\" \/>\n<meta property=\"article:published_time\" content=\"2024-07-27T12:20:48+00:00\" \/>\n<meta property=\"article:modified_time\" content=\"2024-07-27T12:21:19+00:00\" \/>\n<meta property=\"og:image\" content=\"https:\/\/luchonoticias.com\/editor\/wp-content\/uploads\/2024\/07\/congreso.jpg\" \/>\n\t<meta property=\"og:image:width\" content=\"700\" \/>\n\t<meta property=\"og:image:height\" content=\"400\" \/>\n\t<meta property=\"og:image:type\" content=\"image\/jpeg\" \/>\n<meta name=\"author\" content=\"Editor General\" \/>\n<meta name=\"twitter:card\" content=\"summary_large_image\" \/>\n<meta name=\"twitter:label1\" content=\"Escrito por\" \/>\n\t<meta name=\"twitter:data1\" content=\"Editor General\" \/>\n\t<meta name=\"twitter:label2\" content=\"Tiempo de lectura\" \/>\n\t<meta name=\"twitter:data2\" content=\"3 minutos\" \/>\n<script type=\"application\/ld+json\" class=\"yoast-schema-graph\">{\"@context\":\"https:\/\/schema.org\",\"@graph\":[{\"@type\":\"Article\",\"@id\":\"https:\/\/luchonoticias.com\/editor\/proyecto-de-ley-mama-cuentas-conmigo-ha-sido-objetada\/#article\",\"isPartOf\":{\"@id\":\"https:\/\/luchonoticias.com\/editor\/proyecto-de-ley-mama-cuentas-conmigo-ha-sido-objetada\/\"},\"author\":{\"name\":\"Editor General\",\"@id\":\"https:\/\/luchonoticias.com\/editor\/#\/schema\/person\/29217990ddf6f14e35912b2866d591fb\"},\"headline\":\"Proyecto de ley \u2018Mam\u00e1 cuentas conmigo\u2019 ha sido objetada\",\"datePublished\":\"2024-07-27T12:20:48+00:00\",\"dateModified\":\"2024-07-27T12:21:19+00:00\",\"mainEntityOfPage\":{\"@id\":\"https:\/\/luchonoticias.com\/editor\/proyecto-de-ley-mama-cuentas-conmigo-ha-sido-objetada\/\"},\"wordCount\":470,\"publisher\":{\"@id\":\"https:\/\/luchonoticias.com\/editor\/#\/schema\/person\/7a7fd911f58561fd056dbac7b55af9cd\"},\"image\":{\"@id\":\"https:\/\/luchonoticias.com\/editor\/proyecto-de-ley-mama-cuentas-conmigo-ha-sido-objetada\/#primaryimage\"},\"thumbnailUrl\":\"https:\/\/luchonoticias.com\/editor\/wp-content\/uploads\/2024\/07\/congreso.jpg\",\"articleSection\":[\"Actualidad\",\"Nacional\"],\"inLanguage\":\"es\"},{\"@type\":\"WebPage\",\"@id\":\"https:\/\/luchonoticias.com\/editor\/proyecto-de-ley-mama-cuentas-conmigo-ha-sido-objetada\/\",\"url\":\"https:\/\/luchonoticias.com\/editor\/proyecto-de-ley-mama-cuentas-conmigo-ha-sido-objetada\/\",\"name\":\"Proyecto de ley \u2018Mam\u00e1 cuentas conmigo\u2019 ha sido objetada -\",\"isPartOf\":{\"@id\":\"https:\/\/luchonoticias.com\/editor\/#website\"},\"primaryImageOfPage\":{\"@id\":\"https:\/\/luchonoticias.com\/editor\/proyecto-de-ley-mama-cuentas-conmigo-ha-sido-objetada\/#primaryimage\"},\"image\":{\"@id\":\"https:\/\/luchonoticias.com\/editor\/proyecto-de-ley-mama-cuentas-conmigo-ha-sido-objetada\/#primaryimage\"},\"thumbnailUrl\":\"https:\/\/luchonoticias.com\/editor\/wp-content\/uploads\/2024\/07\/congreso.jpg\",\"datePublished\":\"2024-07-27T12:20:48+00:00\",\"dateModified\":\"2024-07-27T12:21:19+00:00\",\"description\":\"La ministra y vicepresidenta de la Rep\u00fablica, Francia M\u00e1rquez dijo que la exigencia de estos controles desconoce la realidad del acceso a la salud de los colombianos y afecta el acceso de los m\u00e1s vulnerables al kit de elementos b\u00e1sicos de aseo y literatura pedag\u00f3gica e inclusiva que estableci\u00f3 la ley.\",\"breadcrumb\":{\"@id\":\"https:\/\/luchonoticias.com\/editor\/proyecto-de-ley-mama-cuentas-conmigo-ha-sido-objetada\/#breadcrumb\"},\"inLanguage\":\"es\",\"potentialAction\":[{\"@type\":\"ReadAction\",\"target\":[\"https:\/\/luchonoticias.com\/editor\/proyecto-de-ley-mama-cuentas-conmigo-ha-sido-objetada\/\"]}]},{\"@type\":\"ImageObject\",\"inLanguage\":\"es\",\"@id\":\"https:\/\/luchonoticias.com\/editor\/proyecto-de-ley-mama-cuentas-conmigo-ha-sido-objetada\/#primaryimage\",\"url\":\"https:\/\/luchonoticias.com\/editor\/wp-content\/uploads\/2024\/07\/congreso.jpg\",\"contentUrl\":\"https:\/\/luchonoticias.com\/editor\/wp-content\/uploads\/2024\/07\/congreso.jpg\",\"width\":700,\"height\":400},{\"@type\":\"BreadcrumbList\",\"@id\":\"https:\/\/luchonoticias.com\/editor\/proyecto-de-ley-mama-cuentas-conmigo-ha-sido-objetada\/#breadcrumb\",\"itemListElement\":[{\"@type\":\"ListItem\",\"position\":1,\"name\":\"Portada\",\"item\":\"https:\/\/luchonoticias.com\/editor\/\"},{\"@type\":\"ListItem\",\"position\":2,\"name\":\"Proyecto de ley \u2018Mam\u00e1 cuentas conmigo\u2019 ha sido objetada\"}]},{\"@type\":\"WebSite\",\"@id\":\"https:\/\/luchonoticias.com\/editor\/#website\",\"url\":\"https:\/\/luchonoticias.com\/editor\/\",\"name\":\"\",\"description\":\"\",\"publisher\":{\"@id\":\"https:\/\/luchonoticias.com\/editor\/#\/schema\/person\/7a7fd911f58561fd056dbac7b55af9cd\"},\"potentialAction\":[{\"@type\":\"SearchAction\",\"target\":{\"@type\":\"EntryPoint\",\"urlTemplate\":\"https:\/\/luchonoticias.com\/editor\/?s={search_term_string}\"},\"query-input\":{\"@type\":\"PropertyValueSpecification\",\"valueRequired\":true,\"valueName\":\"search_term_string\"}}],\"inLanguage\":\"es\"},{\"@type\":[\"Person\",\"Organization\"],\"@id\":\"https:\/\/luchonoticias.com\/editor\/#\/schema\/person\/7a7fd911f58561fd056dbac7b55af9cd\",\"name\":\"admin\",\"image\":{\"@type\":\"ImageObject\",\"inLanguage\":\"es\",\"@id\":\"https:\/\/luchonoticias.com\/editor\/#\/schema\/person\/image\/\",\"url\":\"https:\/\/luchonoticias.com\/editor\/wp-content\/uploads\/2024\/02\/cropped-cropped-logolu.webp\",\"contentUrl\":\"https:\/\/luchonoticias.com\/editor\/wp-content\/uploads\/2024\/02\/cropped-cropped-logolu.webp\",\"width\":382,\"height\":170,\"caption\":\"admin\"},\"logo\":{\"@id\":\"https:\/\/luchonoticias.com\/editor\/#\/schema\/person\/image\/\"},\"sameAs\":[\"https:\/\/www.facebook.com\/luchonoticiasneiva\"]},{\"@type\":\"Person\",\"@id\":\"https:\/\/luchonoticias.com\/editor\/#\/schema\/person\/29217990ddf6f14e35912b2866d591fb\",\"name\":\"Editor General\",\"image\":{\"@type\":\"ImageObject\",\"inLanguage\":\"es\",\"@id\":\"https:\/\/luchonoticias.com\/editor\/#\/schema\/person\/image\/\",\"url\":\"https:\/\/luchonoticias.com\/editor\/wp-content\/uploads\/2024\/02\/cropped-cropped-logolu-150x150.webp\",\"contentUrl\":\"https:\/\/luchonoticias.com\/editor\/wp-content\/uploads\/2024\/02\/cropped-cropped-logolu-150x150.webp\",\"caption\":\"Editor General\"},\"sameAs\":[\"https:\/\/luchonoticias.com\/\"],\"url\":\"https:\/\/luchonoticias.com\/editor\/author\/editor-general\/\"}]}<\/script>\n<!-- \/ Yoast SEO plugin. -->","yoast_head_json":{"title":"Proyecto de ley \u2018Mam\u00e1 cuentas conmigo\u2019 ha sido objetada -","description":"La ministra y vicepresidenta de la Rep\u00fablica, Francia M\u00e1rquez dijo que la exigencia de estos controles desconoce la realidad del acceso a la salud de los colombianos y afecta el acceso de los m\u00e1s vulnerables al kit de elementos b\u00e1sicos de aseo y literatura pedag\u00f3gica e inclusiva que estableci\u00f3 la ley.","robots":{"index":"index","follow":"follow","max-snippet":"max-snippet:-1","max-image-preview":"max-image-preview:large","max-video-preview":"max-video-preview:-1"},"canonical":"https:\/\/luchonoticias.com\/editor\/proyecto-de-ley-mama-cuentas-conmigo-ha-sido-objetada\/","og_locale":"es_ES","og_type":"article","og_title":"Proyecto de ley \u2018Mam\u00e1 cuentas conmigo\u2019 ha sido objetada -","og_description":"La ministra y vicepresidenta de la Rep\u00fablica, Francia M\u00e1rquez dijo que la exigencia de estos controles desconoce la realidad del acceso a la salud de los colombianos y afecta el acceso de los m\u00e1s vulnerables al kit de elementos b\u00e1sicos de aseo y literatura pedag\u00f3gica e inclusiva que estableci\u00f3 la ley.","og_url":"https:\/\/luchonoticias.com\/editor\/proyecto-de-ley-mama-cuentas-conmigo-ha-sido-objetada\/","article_publisher":"https:\/\/www.facebook.com\/luchonoticiasneiva","article_published_time":"2024-07-27T12:20:48+00:00","article_modified_time":"2024-07-27T12:21:19+00:00","og_image":[{"width":700,"height":400,"url":"https:\/\/luchonoticias.com\/editor\/wp-content\/uploads\/2024\/07\/congreso.jpg","type":"image\/jpeg"}],"author":"Editor General","twitter_card":"summary_large_image","twitter_misc":{"Escrito por":"Editor General","Tiempo de lectura":"3 minutos"},"schema":{"@context":"https:\/\/schema.org","@graph":[{"@type":"Article","@id":"https:\/\/luchonoticias.com\/editor\/proyecto-de-ley-mama-cuentas-conmigo-ha-sido-objetada\/#article","isPartOf":{"@id":"https:\/\/luchonoticias.com\/editor\/proyecto-de-ley-mama-cuentas-conmigo-ha-sido-objetada\/"},"author":{"name":"Editor General","@id":"https:\/\/luchonoticias.com\/editor\/#\/schema\/person\/29217990ddf6f14e35912b2866d591fb"},"headline":"Proyecto de ley \u2018Mam\u00e1 cuentas conmigo\u2019 ha sido objetada","datePublished":"2024-07-27T12:20:48+00:00","dateModified":"2024-07-27T12:21:19+00:00","mainEntityOfPage":{"@id":"https:\/\/luchonoticias.com\/editor\/proyecto-de-ley-mama-cuentas-conmigo-ha-sido-objetada\/"},"wordCount":470,"publisher":{"@id":"https:\/\/luchonoticias.com\/editor\/#\/schema\/person\/7a7fd911f58561fd056dbac7b55af9cd"},"image":{"@id":"https:\/\/luchonoticias.com\/editor\/proyecto-de-ley-mama-cuentas-conmigo-ha-sido-objetada\/#primaryimage"},"thumbnailUrl":"https:\/\/luchonoticias.com\/editor\/wp-content\/uploads\/2024\/07\/congreso.jpg","articleSection":["Actualidad","Nacional"],"inLanguage":"es"},{"@type":"WebPage","@id":"https:\/\/luchonoticias.com\/editor\/proyecto-de-ley-mama-cuentas-conmigo-ha-sido-objetada\/","url":"https:\/\/luchonoticias.com\/editor\/proyecto-de-ley-mama-cuentas-conmigo-ha-sido-objetada\/","name":"Proyecto de ley \u2018Mam\u00e1 cuentas conmigo\u2019 ha sido objetada -","isPartOf":{"@id":"https:\/\/luchonoticias.com\/editor\/#website"},"primaryImageOfPage":{"@id":"https:\/\/luchonoticias.com\/editor\/proyecto-de-ley-mama-cuentas-conmigo-ha-sido-objetada\/#primaryimage"},"image":{"@id":"https:\/\/luchonoticias.com\/editor\/proyecto-de-ley-mama-cuentas-conmigo-ha-sido-objetada\/#primaryimage"},"thumbnailUrl":"https:\/\/luchonoticias.com\/editor\/wp-content\/uploads\/2024\/07\/congreso.jpg","datePublished":"2024-07-27T12:20:48+00:00","dateModified":"2024-07-27T12:21:19+00:00","description":"La ministra y vicepresidenta de la Rep\u00fablica, Francia M\u00e1rquez dijo que la exigencia de estos controles desconoce la realidad del acceso a la salud de los colombianos y afecta el acceso de los m\u00e1s vulnerables al kit de elementos b\u00e1sicos de aseo y literatura pedag\u00f3gica e inclusiva que estableci\u00f3 la ley.","breadcrumb":{"@id":"https:\/\/luchonoticias.com\/editor\/proyecto-de-ley-mama-cuentas-conmigo-ha-sido-objetada\/#breadcrumb"},"inLanguage":"es","potentialAction":[{"@type":"ReadAction","target":["https:\/\/luchonoticias.com\/editor\/proyecto-de-ley-mama-cuentas-conmigo-ha-sido-objetada\/"]}]},{"@type":"ImageObject","inLanguage":"es","@id":"https:\/\/luchonoticias.com\/editor\/proyecto-de-ley-mama-cuentas-conmigo-ha-sido-objetada\/#primaryimage","url":"https:\/\/luchonoticias.com\/editor\/wp-content\/uploads\/2024\/07\/congreso.jpg","contentUrl":"https:\/\/luchonoticias.com\/editor\/wp-content\/uploads\/2024\/07\/congreso.jpg","width":700,"height":400},{"@type":"BreadcrumbList","@id":"https:\/\/luchonoticias.com\/editor\/proyecto-de-ley-mama-cuentas-conmigo-ha-sido-objetada\/#breadcrumb","itemListElement":[{"@type":"ListItem","position":1,"name":"Portada","item":"https:\/\/luchonoticias.com\/editor\/"},{"@type":"ListItem","position":2,"name":"Proyecto de ley \u2018Mam\u00e1 cuentas conmigo\u2019 ha sido objetada"}]},{"@type":"WebSite","@id":"https:\/\/luchonoticias.com\/editor\/#website","url":"https:\/\/luchonoticias.com\/editor\/","name":"","description":"","publisher":{"@id":"https:\/\/luchonoticias.com\/editor\/#\/schema\/person\/7a7fd911f58561fd056dbac7b55af9cd"},"potentialAction":[{"@type":"SearchAction","target":{"@type":"EntryPoint","urlTemplate":"https:\/\/luchonoticias.com\/editor\/?s={search_term_string}"},"query-input":{"@type":"PropertyValueSpecification","valueRequired":true,"valueName":"search_term_string"}}],"inLanguage":"es"},{"@type":["Person","Organization"],"@id":"https:\/\/luchonoticias.com\/editor\/#\/schema\/person\/7a7fd911f58561fd056dbac7b55af9cd","name":"admin","image":{"@type":"ImageObject","inLanguage":"es","@id":"https:\/\/luchonoticias.com\/editor\/#\/schema\/person\/image\/","url":"https:\/\/luchonoticias.com\/editor\/wp-content\/uploads\/2024\/02\/cropped-cropped-logolu.webp","contentUrl":"https:\/\/luchonoticias.com\/editor\/wp-content\/uploads\/2024\/02\/cropped-cropped-logolu.webp","width":382,"height":170,"caption":"admin"},"logo":{"@id":"https:\/\/luchonoticias.com\/editor\/#\/schema\/person\/image\/"},"sameAs":["https:\/\/www.facebook.com\/luchonoticiasneiva"]},{"@type":"Person","@id":"https:\/\/luchonoticias.com\/editor\/#\/schema\/person\/29217990ddf6f14e35912b2866d591fb","name":"Editor General","image":{"@type":"ImageObject","inLanguage":"es","@id":"https:\/\/luchonoticias.com\/editor\/#\/schema\/person\/image\/","url":"https:\/\/luchonoticias.com\/editor\/wp-content\/uploads\/2024\/02\/cropped-cropped-logolu-150x150.webp","contentUrl":"https:\/\/luchonoticias.com\/editor\/wp-content\/uploads\/2024\/02\/cropped-cropped-logolu-150x150.webp","caption":"Editor General"},"sameAs":["https:\/\/luchonoticias.com\/"],"url":"https:\/\/luchonoticias.com\/editor\/author\/editor-general\/"}]}},"_links":{"self":[{"href":"https:\/\/luchonoticias.com\/editor\/wp-json\/wp\/v2\/posts\/75376","targetHints":{"allow":["GET"]}}],"collection":[{"href":"https:\/\/luchonoticias.com\/editor\/wp-json\/wp\/v2\/posts"}],"about":[{"href":"https:\/\/luchonoticias.com\/editor\/wp-json\/wp\/v2\/types\/post"}],"author":[{"embeddable":true,"href":"https:\/\/luchonoticias.com\/editor\/wp-json\/wp\/v2\/users\/2"}],"replies":[{"embeddable":true,"href":"https:\/\/luchonoticias.com\/editor\/wp-json\/wp\/v2\/comments?post=75376"}],"version-history":[{"count":2,"href":"https:\/\/luchonoticias.com\/editor\/wp-json\/wp\/v2\/posts\/75376\/revisions"}],"predecessor-version":[{"id":75379,"href":"https:\/\/luchonoticias.com\/editor\/wp-json\/wp\/v2\/posts\/75376\/revisions\/75379"}],"wp:featuredmedia":[{"embeddable":true,"href":"https:\/\/luchonoticias.com\/editor\/wp-json\/wp\/v2\/media\/75377"}],"wp:attachment":[{"href":"https:\/\/luchonoticias.com\/editor\/wp-json\/wp\/v2\/media?parent=75376"}],"wp:term":[{"taxonomy":"category","embeddable":true,"href":"https:\/\/luchonoticias.com\/editor\/wp-json\/wp\/v2\/categories?post=75376"},{"taxonomy":"post_tag","embeddable":true,"href":"https:\/\/luchonoticias.com\/editor\/wp-json\/wp\/v2\/tags?post=75376"}],"curies":[{"name":"wp","href":"https:\/\/api.w.org\/{rel}","templated":true}]}}