{"id":75380,"date":"2024-07-27T07:28:08","date_gmt":"2024-07-27T12:28:08","guid":{"rendered":"https:\/\/luchonoticias.com\/?p=75380"},"modified":"2024-07-27T07:28:08","modified_gmt":"2024-07-27T12:28:08","slug":"ex-alcaldesa-de-bogota-deportada-de-venezuela","status":"publish","type":"post","link":"https:\/\/luchonoticias.com\/editor\/ex-alcaldesa-de-bogota-deportada-de-venezuela\/","title":{"rendered":"Ex alcaldesa de Bogot\u00e1, deportada de Venezuela"},"content":{"rendered":"<p>A tan solo dos d\u00edas de que se lleven a cabo las votaciones para\u00a0elecciones\u00a0presidenciales en Venezuela, diputados, senadores y figuras pol\u00edticas de Colombia y otros pa\u00edses han afirmado que no les han permitido el ingreso a la naci\u00f3n. En la noche de este viernes la exalcaldesa de Bogot\u00e1 Claudia L\u00f3pez afirm\u00f3 que fue expulsada \u00abarbitrariamente y bajo\u00a0amenazas\u00bb.<\/p>\n<p>Personalidades pol\u00edticas de Colombia decidieron viajar a Venezuela para acompa\u00f1ar los comicios del 28 de julio. Sin embargo, tras aterrizar en Caracas, algunas personas fueron rechazadas por las autoridades para permanecer en el territorio, como fue el caso de la exvicepresidenta Marta Luc\u00eda Ram\u00edrez, la senadora Ang\u00e9lica Lozano y m\u00e1s recientemente Claudia L\u00f3pez.<\/p>\n<p>\u00abHoy me deportaron arbitrariamente y bajo amenazas. Pero la campa\u00f1a libertadora de Venezuela no la pueden deportar\u00bb, inform\u00f3 L\u00f3pez a trav\u00e9s de un video grabado cuando sub\u00eda al avi\u00f3n de regreso a Colombia.<\/p>\n<p>Seg\u00fan se evidencia en el metraje, la exalcaldesa de Bogot\u00e1 abord\u00f3 la aeronave mientras manifestaba a los dem\u00e1s pasajeros: \u00abEste pa\u00eds va a volver a ser libre, no se preocupen\u00bb.<\/p>\n<p>\u00abAs\u00ed estar\u00e1n de aculillados que nos sacan deportados. Este r\u00e9gimen se va a acabar el domingo\u00bb, a\u00f1adi\u00f3.<\/p>\n<p>Con informaci\u00f3n y foto de El Nacional<\/p>\n","protected":false},"excerpt":{"rendered":"<p>Mediante redes sociales la ex alcaldesa de Bogot\u00e1 Claudia L\u00f3pez declar\u00f3 que fue deportada de Venezuela y bajo amenazas. <\/p>\n","protected":false},"author":2,"featured_media":75381,"comment_status":"closed","ping_status":"open","sticky":false,"template":"","format":"standard","meta":{"footnotes":""},"categories":[28,32],"tags":[],"class_list":["post-75380","post","type-post","status-publish","format-standard","has-post-thumbnail","hentry","category-actualidad","category-nacional"],"yoast_head":"<!-- This site is optimized with the Yoast SEO plugin v26.6 - https:\/\/yoast.com\/wordpress\/plugins\/seo\/ -->\n<title>Ex alcaldesa de Bogot\u00e1, deportada de Venezuela -<\/title>\n<meta name=\"description\" content=\"Mediante redes sociales la ex alcaldesa de Bogot\u00e1 Claudia L\u00f3pez declar\u00f3 que fue deportada de Venezuela y bajo amenazas.\" \/>\n<meta name=\"robots\" content=\"index, follow, max-snippet:-1, max-image-preview:large, max-video-preview:-1\" \/>\n<link rel=\"canonical\" href=\"https:\/\/luchonoticias.com\/editor\/ex-alcaldesa-de-bogota-deportada-de-venezuela\/\" \/>\n<meta property=\"og:locale\" content=\"es_ES\" \/>\n<meta property=\"og:type\" content=\"article\" \/>\n<meta property=\"og:title\" content=\"Ex alcaldesa de Bogot\u00e1, deportada de Venezuela -\" \/>\n<meta property=\"og:description\" content=\"Mediante redes sociales la ex alcaldesa de Bogot\u00e1 Claudia L\u00f3pez declar\u00f3 que fue deportada de Venezuela y bajo amenazas.\" \/>\n<meta property=\"og:url\" content=\"https:\/\/luchonoticias.com\/editor\/ex-alcaldesa-de-bogota-deportada-de-venezuela\/\" \/>\n<meta property=\"article:publisher\" content=\"https:\/\/www.facebook.com\/luchonoticiasneiva\" \/>\n<meta property=\"article:published_time\" content=\"2024-07-27T12:28:08+00:00\" \/>\n<meta property=\"og:image\" content=\"https:\/\/luchonoticias.com\/editor\/wp-content\/uploads\/2024\/07\/claudia-lopez.jpg\" \/>\n\t<meta property=\"og:image:width\" content=\"700\" \/>\n\t<meta property=\"og:image:height\" content=\"400\" \/>\n\t<meta property=\"og:image:type\" content=\"image\/jpeg\" \/>\n<meta name=\"author\" content=\"Editor General\" \/>\n<meta name=\"twitter:card\" content=\"summary_large_image\" \/>\n<meta name=\"twitter:label1\" content=\"Escrito por\" \/>\n\t<meta name=\"twitter:data1\" content=\"Editor General\" \/>\n\t<meta name=\"twitter:label2\" content=\"Tiempo de lectura\" \/>\n\t<meta name=\"twitter:data2\" content=\"2 minutos\" \/>\n<script type=\"application\/ld+json\" class=\"yoast-schema-graph\">{\"@context\":\"https:\/\/schema.org\",\"@graph\":[{\"@type\":\"Article\",\"@id\":\"https:\/\/luchonoticias.com\/editor\/ex-alcaldesa-de-bogota-deportada-de-venezuela\/#article\",\"isPartOf\":{\"@id\":\"https:\/\/luchonoticias.com\/editor\/ex-alcaldesa-de-bogota-deportada-de-venezuela\/\"},\"author\":{\"name\":\"Editor General\",\"@id\":\"https:\/\/luchonoticias.com\/editor\/#\/schema\/person\/29217990ddf6f14e35912b2866d591fb\"},\"headline\":\"Ex alcaldesa de Bogot\u00e1, deportada de Venezuela\",\"datePublished\":\"2024-07-27T12:28:08+00:00\",\"mainEntityOfPage\":{\"@id\":\"https:\/\/luchonoticias.com\/editor\/ex-alcaldesa-de-bogota-deportada-de-venezuela\/\"},\"wordCount\":230,\"publisher\":{\"@id\":\"https:\/\/luchonoticias.com\/editor\/#\/schema\/person\/7a7fd911f58561fd056dbac7b55af9cd\"},\"image\":{\"@id\":\"https:\/\/luchonoticias.com\/editor\/ex-alcaldesa-de-bogota-deportada-de-venezuela\/#primaryimage\"},\"thumbnailUrl\":\"https:\/\/luchonoticias.com\/editor\/wp-content\/uploads\/2024\/07\/claudia-lopez.jpg\",\"articleSection\":[\"Actualidad\",\"Nacional\"],\"inLanguage\":\"es\"},{\"@type\":\"WebPage\",\"@id\":\"https:\/\/luchonoticias.com\/editor\/ex-alcaldesa-de-bogota-deportada-de-venezuela\/\",\"url\":\"https:\/\/luchonoticias.com\/editor\/ex-alcaldesa-de-bogota-deportada-de-venezuela\/\",\"name\":\"Ex alcaldesa de Bogot\u00e1, deportada de Venezuela -\",\"isPartOf\":{\"@id\":\"https:\/\/luchonoticias.com\/editor\/#website\"},\"primaryImageOfPage\":{\"@id\":\"https:\/\/luchonoticias.com\/editor\/ex-alcaldesa-de-bogota-deportada-de-venezuela\/#primaryimage\"},\"image\":{\"@id\":\"https:\/\/luchonoticias.com\/editor\/ex-alcaldesa-de-bogota-deportada-de-venezuela\/#primaryimage\"},\"thumbnailUrl\":\"https:\/\/luchonoticias.com\/editor\/wp-content\/uploads\/2024\/07\/claudia-lopez.jpg\",\"datePublished\":\"2024-07-27T12:28:08+00:00\",\"description\":\"Mediante redes sociales la ex alcaldesa de Bogot\u00e1 Claudia L\u00f3pez declar\u00f3 que fue deportada de Venezuela y bajo amenazas.\",\"breadcrumb\":{\"@id\":\"https:\/\/luchonoticias.com\/editor\/ex-alcaldesa-de-bogota-deportada-de-venezuela\/#breadcrumb\"},\"inLanguage\":\"es\",\"potentialAction\":[{\"@type\":\"ReadAction\",\"target\":[\"https:\/\/luchonoticias.com\/editor\/ex-alcaldesa-de-bogota-deportada-de-venezuela\/\"]}]},{\"@type\":\"ImageObject\",\"inLanguage\":\"es\",\"@id\":\"https:\/\/luchonoticias.com\/editor\/ex-alcaldesa-de-bogota-deportada-de-venezuela\/#primaryimage\",\"url\":\"https:\/\/luchonoticias.com\/editor\/wp-content\/uploads\/2024\/07\/claudia-lopez.jpg\",\"contentUrl\":\"https:\/\/luchonoticias.com\/editor\/wp-content\/uploads\/2024\/07\/claudia-lopez.jpg\",\"width\":700,\"height\":400},{\"@type\":\"BreadcrumbList\",\"@id\":\"https:\/\/luchonoticias.com\/editor\/ex-alcaldesa-de-bogota-deportada-de-venezuela\/#breadcrumb\",\"itemListElement\":[{\"@type\":\"ListItem\",\"position\":1,\"name\":\"Portada\",\"item\":\"https:\/\/luchonoticias.com\/editor\/\"},{\"@type\":\"ListItem\",\"position\":2,\"name\":\"Ex alcaldesa de Bogot\u00e1, deportada de Venezuela\"}]},{\"@type\":\"WebSite\",\"@id\":\"https:\/\/luchonoticias.com\/editor\/#website\",\"url\":\"https:\/\/luchonoticias.com\/editor\/\",\"name\":\"\",\"description\":\"\",\"publisher\":{\"@id\":\"https:\/\/luchonoticias.com\/editor\/#\/schema\/person\/7a7fd911f58561fd056dbac7b55af9cd\"},\"potentialAction\":[{\"@type\":\"SearchAction\",\"target\":{\"@type\":\"EntryPoint\",\"urlTemplate\":\"https:\/\/luchonoticias.com\/editor\/?s={search_term_string}\"},\"query-input\":{\"@type\":\"PropertyValueSpecification\",\"valueRequired\":true,\"valueName\":\"search_term_string\"}}],\"inLanguage\":\"es\"},{\"@type\":[\"Person\",\"Organization\"],\"@id\":\"https:\/\/luchonoticias.com\/editor\/#\/schema\/person\/7a7fd911f58561fd056dbac7b55af9cd\",\"name\":\"admin\",\"image\":{\"@type\":\"ImageObject\",\"inLanguage\":\"es\",\"@id\":\"https:\/\/luchonoticias.com\/editor\/#\/schema\/person\/image\/\",\"url\":\"https:\/\/luchonoticias.com\/editor\/wp-content\/uploads\/2024\/02\/cropped-cropped-logolu.webp\",\"contentUrl\":\"https:\/\/luchonoticias.com\/editor\/wp-content\/uploads\/2024\/02\/cropped-cropped-logolu.webp\",\"width\":382,\"height\":170,\"caption\":\"admin\"},\"logo\":{\"@id\":\"https:\/\/luchonoticias.com\/editor\/#\/schema\/person\/image\/\"},\"sameAs\":[\"https:\/\/www.facebook.com\/luchonoticiasneiva\"]},{\"@type\":\"Person\",\"@id\":\"https:\/\/luchonoticias.com\/editor\/#\/schema\/person\/29217990ddf6f14e35912b2866d591fb\",\"name\":\"Editor General\",\"image\":{\"@type\":\"ImageObject\",\"inLanguage\":\"es\",\"@id\":\"https:\/\/luchonoticias.com\/editor\/#\/schema\/person\/image\/\",\"url\":\"https:\/\/luchonoticias.com\/editor\/wp-content\/uploads\/2024\/02\/cropped-cropped-logolu-150x150.webp\",\"contentUrl\":\"https:\/\/luchonoticias.com\/editor\/wp-content\/uploads\/2024\/02\/cropped-cropped-logolu-150x150.webp\",\"caption\":\"Editor General\"},\"sameAs\":[\"https:\/\/luchonoticias.com\/\"],\"url\":\"https:\/\/luchonoticias.com\/editor\/author\/editor-general\/\"}]}<\/script>\n<!-- \/ Yoast SEO plugin. -->","yoast_head_json":{"title":"Ex alcaldesa de Bogot\u00e1, deportada de Venezuela -","description":"Mediante redes sociales la ex alcaldesa de Bogot\u00e1 Claudia L\u00f3pez declar\u00f3 que fue deportada de Venezuela y bajo amenazas.","robots":{"index":"index","follow":"follow","max-snippet":"max-snippet:-1","max-image-preview":"max-image-preview:large","max-video-preview":"max-video-preview:-1"},"canonical":"https:\/\/luchonoticias.com\/editor\/ex-alcaldesa-de-bogota-deportada-de-venezuela\/","og_locale":"es_ES","og_type":"article","og_title":"Ex alcaldesa de Bogot\u00e1, deportada de Venezuela -","og_description":"Mediante redes sociales la ex alcaldesa de Bogot\u00e1 Claudia L\u00f3pez declar\u00f3 que fue deportada de Venezuela y bajo amenazas.","og_url":"https:\/\/luchonoticias.com\/editor\/ex-alcaldesa-de-bogota-deportada-de-venezuela\/","article_publisher":"https:\/\/www.facebook.com\/luchonoticiasneiva","article_published_time":"2024-07-27T12:28:08+00:00","og_image":[{"width":700,"height":400,"url":"https:\/\/luchonoticias.com\/editor\/wp-content\/uploads\/2024\/07\/claudia-lopez.jpg","type":"image\/jpeg"}],"author":"Editor General","twitter_card":"summary_large_image","twitter_misc":{"Escrito por":"Editor General","Tiempo de lectura":"2 minutos"},"schema":{"@context":"https:\/\/schema.org","@graph":[{"@type":"Article","@id":"https:\/\/luchonoticias.com\/editor\/ex-alcaldesa-de-bogota-deportada-de-venezuela\/#article","isPartOf":{"@id":"https:\/\/luchonoticias.com\/editor\/ex-alcaldesa-de-bogota-deportada-de-venezuela\/"},"author":{"name":"Editor General","@id":"https:\/\/luchonoticias.com\/editor\/#\/schema\/person\/29217990ddf6f14e35912b2866d591fb"},"headline":"Ex alcaldesa de Bogot\u00e1, deportada de Venezuela","datePublished":"2024-07-27T12:28:08+00:00","mainEntityOfPage":{"@id":"https:\/\/luchonoticias.com\/editor\/ex-alcaldesa-de-bogota-deportada-de-venezuela\/"},"wordCount":230,"publisher":{"@id":"https:\/\/luchonoticias.com\/editor\/#\/schema\/person\/7a7fd911f58561fd056dbac7b55af9cd"},"image":{"@id":"https:\/\/luchonoticias.com\/editor\/ex-alcaldesa-de-bogota-deportada-de-venezuela\/#primaryimage"},"thumbnailUrl":"https:\/\/luchonoticias.com\/editor\/wp-content\/uploads\/2024\/07\/claudia-lopez.jpg","articleSection":["Actualidad","Nacional"],"inLanguage":"es"},{"@type":"WebPage","@id":"https:\/\/luchonoticias.com\/editor\/ex-alcaldesa-de-bogota-deportada-de-venezuela\/","url":"https:\/\/luchonoticias.com\/editor\/ex-alcaldesa-de-bogota-deportada-de-venezuela\/","name":"Ex alcaldesa de Bogot\u00e1, deportada de Venezuela -","isPartOf":{"@id":"https:\/\/luchonoticias.com\/editor\/#website"},"primaryImageOfPage":{"@id":"https:\/\/luchonoticias.com\/editor\/ex-alcaldesa-de-bogota-deportada-de-venezuela\/#primaryimage"},"image":{"@id":"https:\/\/luchonoticias.com\/editor\/ex-alcaldesa-de-bogota-deportada-de-venezuela\/#primaryimage"},"thumbnailUrl":"https:\/\/luchonoticias.com\/editor\/wp-content\/uploads\/2024\/07\/claudia-lopez.jpg","datePublished":"2024-07-27T12:28:08+00:00","description":"Mediante redes sociales la ex alcaldesa de Bogot\u00e1 Claudia L\u00f3pez declar\u00f3 que fue deportada de Venezuela y bajo amenazas.","breadcrumb":{"@id":"https:\/\/luchonoticias.com\/editor\/ex-alcaldesa-de-bogota-deportada-de-venezuela\/#breadcrumb"},"inLanguage":"es","potentialAction":[{"@type":"ReadAction","target":["https:\/\/luchonoticias.com\/editor\/ex-alcaldesa-de-bogota-deportada-de-venezuela\/"]}]},{"@type":"ImageObject","inLanguage":"es","@id":"https:\/\/luchonoticias.com\/editor\/ex-alcaldesa-de-bogota-deportada-de-venezuela\/#primaryimage","url":"https:\/\/luchonoticias.com\/editor\/wp-content\/uploads\/2024\/07\/claudia-lopez.jpg","contentUrl":"https:\/\/luchonoticias.com\/editor\/wp-content\/uploads\/2024\/07\/claudia-lopez.jpg","width":700,"height":400},{"@type":"BreadcrumbList","@id":"https:\/\/luchonoticias.com\/editor\/ex-alcaldesa-de-bogota-deportada-de-venezuela\/#breadcrumb","itemListElement":[{"@type":"ListItem","position":1,"name":"Portada","item":"https:\/\/luchonoticias.com\/editor\/"},{"@type":"ListItem","position":2,"name":"Ex alcaldesa de Bogot\u00e1, deportada de Venezuela"}]},{"@type":"WebSite","@id":"https:\/\/luchonoticias.com\/editor\/#website","url":"https:\/\/luchonoticias.com\/editor\/","name":"","description":"","publisher":{"@id":"https:\/\/luchonoticias.com\/editor\/#\/schema\/person\/7a7fd911f58561fd056dbac7b55af9cd"},"potentialAction":[{"@type":"SearchAction","target":{"@type":"EntryPoint","urlTemplate":"https:\/\/luchonoticias.com\/editor\/?s={search_term_string}"},"query-input":{"@type":"PropertyValueSpecification","valueRequired":true,"valueName":"search_term_string"}}],"inLanguage":"es"},{"@type":["Person","Organization"],"@id":"https:\/\/luchonoticias.com\/editor\/#\/schema\/person\/7a7fd911f58561fd056dbac7b55af9cd","name":"admin","image":{"@type":"ImageObject","inLanguage":"es","@id":"https:\/\/luchonoticias.com\/editor\/#\/schema\/person\/image\/","url":"https:\/\/luchonoticias.com\/editor\/wp-content\/uploads\/2024\/02\/cropped-cropped-logolu.webp","contentUrl":"https:\/\/luchonoticias.com\/editor\/wp-content\/uploads\/2024\/02\/cropped-cropped-logolu.webp","width":382,"height":170,"caption":"admin"},"logo":{"@id":"https:\/\/luchonoticias.com\/editor\/#\/schema\/person\/image\/"},"sameAs":["https:\/\/www.facebook.com\/luchonoticiasneiva"]},{"@type":"Person","@id":"https:\/\/luchonoticias.com\/editor\/#\/schema\/person\/29217990ddf6f14e35912b2866d591fb","name":"Editor General","image":{"@type":"ImageObject","inLanguage":"es","@id":"https:\/\/luchonoticias.com\/editor\/#\/schema\/person\/image\/","url":"https:\/\/luchonoticias.com\/editor\/wp-content\/uploads\/2024\/02\/cropped-cropped-logolu-150x150.webp","contentUrl":"https:\/\/luchonoticias.com\/editor\/wp-content\/uploads\/2024\/02\/cropped-cropped-logolu-150x150.webp","caption":"Editor General"},"sameAs":["https:\/\/luchonoticias.com\/"],"url":"https:\/\/luchonoticias.com\/editor\/author\/editor-general\/"}]}},"_links":{"self":[{"href":"https:\/\/luchonoticias.com\/editor\/wp-json\/wp\/v2\/posts\/75380","targetHints":{"allow":["GET"]}}],"collection":[{"href":"https:\/\/luchonoticias.com\/editor\/wp-json\/wp\/v2\/posts"}],"about":[{"href":"https:\/\/luchonoticias.com\/editor\/wp-json\/wp\/v2\/types\/post"}],"author":[{"embeddable":true,"href":"https:\/\/luchonoticias.com\/editor\/wp-json\/wp\/v2\/users\/2"}],"replies":[{"embeddable":true,"href":"https:\/\/luchonoticias.com\/editor\/wp-json\/wp\/v2\/comments?post=75380"}],"version-history":[{"count":2,"href":"https:\/\/luchonoticias.com\/editor\/wp-json\/wp\/v2\/posts\/75380\/revisions"}],"predecessor-version":[{"id":75383,"href":"https:\/\/luchonoticias.com\/editor\/wp-json\/wp\/v2\/posts\/75380\/revisions\/75383"}],"wp:featuredmedia":[{"embeddable":true,"href":"https:\/\/luchonoticias.com\/editor\/wp-json\/wp\/v2\/media\/75381"}],"wp:attachment":[{"href":"https:\/\/luchonoticias.com\/editor\/wp-json\/wp\/v2\/media?parent=75380"}],"wp:term":[{"taxonomy":"category","embeddable":true,"href":"https:\/\/luchonoticias.com\/editor\/wp-json\/wp\/v2\/categories?post=75380"},{"taxonomy":"post_tag","embeddable":true,"href":"https:\/\/luchonoticias.com\/editor\/wp-json\/wp\/v2\/tags?post=75380"}],"curies":[{"name":"wp","href":"https:\/\/api.w.org\/{rel}","templated":true}]}}