{"id":75384,"date":"2024-07-27T13:38:04","date_gmt":"2024-07-27T18:38:04","guid":{"rendered":"https:\/\/luchonoticias.com\/?p=75384"},"modified":"2024-07-27T13:38:04","modified_gmt":"2024-07-27T18:38:04","slug":"lanzamiento-en-garzon-del-bocados-gastro-fest-2024","status":"publish","type":"post","link":"https:\/\/luchonoticias.com\/editor\/lanzamiento-en-garzon-del-bocados-gastro-fest-2024\/","title":{"rendered":"Lanzamiento en Garz\u00f3n del Bocados Gastro Fest 2024"},"content":{"rendered":"<p>En la Capital Diocesana del Huila se hizo la presentaci\u00f3n oficial de la que ser\u00e1 la primera versi\u00f3n del festival gastron\u00f3mico a nivel departamental.<\/p>\n<p>Todo un \u00e9xito fue el lanzamiento oficial de Bocados Gastro Fest 2024, un festival gastron\u00f3mico que busca impulsar, visibilizar, promover y desarrollar la gastronom\u00eda, el turismo y todos los sectores estrat\u00e9gicos que promueven y dinamizan la econom\u00eda del territorio.<\/p>\n<p>Del evento de presentaci\u00f3n particip\u00f3 Francisco Calder\u00f3n Feriz, alcalde de Garz\u00f3n; Diego Pascuas, gestor cultural y delegado de la Agencia para el Desarrollo Sostenible; Danny Cadena, coordinador de la C\u00e1mara de Comercio del Huila zona centro; invitados especiales, periodistas, e influencers.<\/p>\n<p>Esta primera versi\u00f3n del festival gastron\u00f3mico se llevar\u00e1 a cabo en Garz\u00f3n los d\u00edas 20, 21 y 22 de septiembre y contar\u00e1 con la participaci\u00f3n de invitados de reconocimiento nacional e internacional.<\/p>\n<p>El alcalde de Garz\u00f3n, Francisco Calder\u00f3n, indic\u00f3 que mediante el festival se pretende aportar a la reactivaci\u00f3n econ\u00f3mica del sector de la gastronom\u00eda, impulsando a los emprendedores y turismo gastron\u00f3mico del municipio. \u201cEl turismo gastron\u00f3mico no solo enriquece la experiencia como turistas y propios, sino que tambi\u00e9n impulsa la econom\u00eda local\u201d, expres\u00f3.<\/p>\n<p>Por su parte, Diego Pascuas, revel\u00f3 que en esta versi\u00f3n se tendr\u00e1 la importante visita de Jorge Rausch y Nicol\u00e1s de Zubir\u00eda, jurados del programa Master Chef, adem\u00e1s de la participaci\u00f3n de Tulio Recomienda.<\/p>\n<p>As\u00ed mismo, Danny Cadena asegur\u00f3 que desde la C\u00e1mara de Comercio del Huila se brindar\u00e1 todo el apoyo a esta iniciativa que ayuda a dinamizar la econom\u00eda de la regi\u00f3n.<\/p>\n<p>La programaci\u00f3n, adicional a la muestra gastron\u00f3mica, brindar\u00e1 la oportunidad de disfrutar de danzas, m\u00fasica y otras actividades que identifican y resaltan la cultura huilense.<\/p>\n<p>Para la realizaci\u00f3n de Bocados Gastro Fest 2024 se cuenta con el apoyo de la alcald\u00eda de Garz\u00f3n, la C\u00e1mara de Comercio del Huila, el SENA y la empresa privada, lo que permite una organizaci\u00f3n de calidad para este importante evento.<\/p>\n","protected":false},"excerpt":{"rendered":"<p>En la Capital Diocesana del Huila se hizo la presentaci\u00f3n oficial de la que ser\u00e1 la primera versi\u00f3n del festival gastron\u00f3mico a nivel departamental.<\/p>\n","protected":false},"author":2,"featured_media":75385,"comment_status":"closed","ping_status":"open","sticky":false,"template":"","format":"standard","meta":{"footnotes":""},"categories":[33],"tags":[],"class_list":["post-75384","post","type-post","status-publish","format-standard","has-post-thumbnail","hentry","category-huila"],"yoast_head":"<!-- This site is optimized with the Yoast SEO plugin v26.6 - https:\/\/yoast.com\/wordpress\/plugins\/seo\/ -->\n<title>Lanzamiento en Garz\u00f3n del Bocados Gastro Fest 2024 -<\/title>\n<meta name=\"description\" content=\"En la Capital Diocesana del Huila se hizo la presentaci\u00f3n oficial de la que ser\u00e1 la primera versi\u00f3n del festival gastron\u00f3mico a nivel departamental.\" \/>\n<meta name=\"robots\" content=\"index, follow, max-snippet:-1, max-image-preview:large, max-video-preview:-1\" \/>\n<link rel=\"canonical\" href=\"https:\/\/luchonoticias.com\/editor\/lanzamiento-en-garzon-del-bocados-gastro-fest-2024\/\" \/>\n<meta property=\"og:locale\" content=\"es_ES\" \/>\n<meta property=\"og:type\" content=\"article\" \/>\n<meta property=\"og:title\" content=\"Lanzamiento en Garz\u00f3n del Bocados Gastro Fest 2024 -\" \/>\n<meta property=\"og:description\" content=\"En la Capital Diocesana del Huila se hizo la presentaci\u00f3n oficial de la que ser\u00e1 la primera versi\u00f3n del festival gastron\u00f3mico a nivel departamental.\" \/>\n<meta property=\"og:url\" content=\"https:\/\/luchonoticias.com\/editor\/lanzamiento-en-garzon-del-bocados-gastro-fest-2024\/\" \/>\n<meta property=\"article:publisher\" content=\"https:\/\/www.facebook.com\/luchonoticiasneiva\" \/>\n<meta property=\"article:published_time\" content=\"2024-07-27T18:38:04+00:00\" \/>\n<meta property=\"og:image\" content=\"https:\/\/luchonoticias.com\/editor\/wp-content\/uploads\/2024\/07\/festival-comidas-garzon.jpg\" \/>\n\t<meta property=\"og:image:width\" content=\"700\" \/>\n\t<meta property=\"og:image:height\" content=\"400\" \/>\n\t<meta property=\"og:image:type\" content=\"image\/jpeg\" \/>\n<meta name=\"author\" content=\"Editor General\" \/>\n<meta name=\"twitter:card\" content=\"summary_large_image\" \/>\n<meta name=\"twitter:label1\" content=\"Escrito por\" \/>\n\t<meta name=\"twitter:data1\" content=\"Editor General\" \/>\n\t<meta name=\"twitter:label2\" content=\"Tiempo de lectura\" \/>\n\t<meta name=\"twitter:data2\" content=\"2 minutos\" \/>\n<script type=\"application\/ld+json\" class=\"yoast-schema-graph\">{\"@context\":\"https:\/\/schema.org\",\"@graph\":[{\"@type\":\"Article\",\"@id\":\"https:\/\/luchonoticias.com\/editor\/lanzamiento-en-garzon-del-bocados-gastro-fest-2024\/#article\",\"isPartOf\":{\"@id\":\"https:\/\/luchonoticias.com\/editor\/lanzamiento-en-garzon-del-bocados-gastro-fest-2024\/\"},\"author\":{\"name\":\"Editor General\",\"@id\":\"https:\/\/luchonoticias.com\/editor\/#\/schema\/person\/29217990ddf6f14e35912b2866d591fb\"},\"headline\":\"Lanzamiento en Garz\u00f3n del Bocados Gastro Fest 2024\",\"datePublished\":\"2024-07-27T18:38:04+00:00\",\"mainEntityOfPage\":{\"@id\":\"https:\/\/luchonoticias.com\/editor\/lanzamiento-en-garzon-del-bocados-gastro-fest-2024\/\"},\"wordCount\":362,\"publisher\":{\"@id\":\"https:\/\/luchonoticias.com\/editor\/#\/schema\/person\/7a7fd911f58561fd056dbac7b55af9cd\"},\"image\":{\"@id\":\"https:\/\/luchonoticias.com\/editor\/lanzamiento-en-garzon-del-bocados-gastro-fest-2024\/#primaryimage\"},\"thumbnailUrl\":\"https:\/\/luchonoticias.com\/editor\/wp-content\/uploads\/2024\/07\/festival-comidas-garzon.jpg\",\"articleSection\":[\"Huila\"],\"inLanguage\":\"es\"},{\"@type\":\"WebPage\",\"@id\":\"https:\/\/luchonoticias.com\/editor\/lanzamiento-en-garzon-del-bocados-gastro-fest-2024\/\",\"url\":\"https:\/\/luchonoticias.com\/editor\/lanzamiento-en-garzon-del-bocados-gastro-fest-2024\/\",\"name\":\"Lanzamiento en Garz\u00f3n del Bocados Gastro Fest 2024 -\",\"isPartOf\":{\"@id\":\"https:\/\/luchonoticias.com\/editor\/#website\"},\"primaryImageOfPage\":{\"@id\":\"https:\/\/luchonoticias.com\/editor\/lanzamiento-en-garzon-del-bocados-gastro-fest-2024\/#primaryimage\"},\"image\":{\"@id\":\"https:\/\/luchonoticias.com\/editor\/lanzamiento-en-garzon-del-bocados-gastro-fest-2024\/#primaryimage\"},\"thumbnailUrl\":\"https:\/\/luchonoticias.com\/editor\/wp-content\/uploads\/2024\/07\/festival-comidas-garzon.jpg\",\"datePublished\":\"2024-07-27T18:38:04+00:00\",\"description\":\"En la Capital Diocesana del Huila se hizo la presentaci\u00f3n oficial de la que ser\u00e1 la primera versi\u00f3n del festival gastron\u00f3mico a nivel departamental.\",\"breadcrumb\":{\"@id\":\"https:\/\/luchonoticias.com\/editor\/lanzamiento-en-garzon-del-bocados-gastro-fest-2024\/#breadcrumb\"},\"inLanguage\":\"es\",\"potentialAction\":[{\"@type\":\"ReadAction\",\"target\":[\"https:\/\/luchonoticias.com\/editor\/lanzamiento-en-garzon-del-bocados-gastro-fest-2024\/\"]}]},{\"@type\":\"ImageObject\",\"inLanguage\":\"es\",\"@id\":\"https:\/\/luchonoticias.com\/editor\/lanzamiento-en-garzon-del-bocados-gastro-fest-2024\/#primaryimage\",\"url\":\"https:\/\/luchonoticias.com\/editor\/wp-content\/uploads\/2024\/07\/festival-comidas-garzon.jpg\",\"contentUrl\":\"https:\/\/luchonoticias.com\/editor\/wp-content\/uploads\/2024\/07\/festival-comidas-garzon.jpg\",\"width\":700,\"height\":400},{\"@type\":\"BreadcrumbList\",\"@id\":\"https:\/\/luchonoticias.com\/editor\/lanzamiento-en-garzon-del-bocados-gastro-fest-2024\/#breadcrumb\",\"itemListElement\":[{\"@type\":\"ListItem\",\"position\":1,\"name\":\"Portada\",\"item\":\"https:\/\/luchonoticias.com\/editor\/\"},{\"@type\":\"ListItem\",\"position\":2,\"name\":\"Lanzamiento en Garz\u00f3n del Bocados Gastro Fest 2024\"}]},{\"@type\":\"WebSite\",\"@id\":\"https:\/\/luchonoticias.com\/editor\/#website\",\"url\":\"https:\/\/luchonoticias.com\/editor\/\",\"name\":\"\",\"description\":\"\",\"publisher\":{\"@id\":\"https:\/\/luchonoticias.com\/editor\/#\/schema\/person\/7a7fd911f58561fd056dbac7b55af9cd\"},\"potentialAction\":[{\"@type\":\"SearchAction\",\"target\":{\"@type\":\"EntryPoint\",\"urlTemplate\":\"https:\/\/luchonoticias.com\/editor\/?s={search_term_string}\"},\"query-input\":{\"@type\":\"PropertyValueSpecification\",\"valueRequired\":true,\"valueName\":\"search_term_string\"}}],\"inLanguage\":\"es\"},{\"@type\":[\"Person\",\"Organization\"],\"@id\":\"https:\/\/luchonoticias.com\/editor\/#\/schema\/person\/7a7fd911f58561fd056dbac7b55af9cd\",\"name\":\"admin\",\"image\":{\"@type\":\"ImageObject\",\"inLanguage\":\"es\",\"@id\":\"https:\/\/luchonoticias.com\/editor\/#\/schema\/person\/image\/\",\"url\":\"https:\/\/luchonoticias.com\/editor\/wp-content\/uploads\/2024\/02\/cropped-cropped-logolu.webp\",\"contentUrl\":\"https:\/\/luchonoticias.com\/editor\/wp-content\/uploads\/2024\/02\/cropped-cropped-logolu.webp\",\"width\":382,\"height\":170,\"caption\":\"admin\"},\"logo\":{\"@id\":\"https:\/\/luchonoticias.com\/editor\/#\/schema\/person\/image\/\"},\"sameAs\":[\"https:\/\/www.facebook.com\/luchonoticiasneiva\"]},{\"@type\":\"Person\",\"@id\":\"https:\/\/luchonoticias.com\/editor\/#\/schema\/person\/29217990ddf6f14e35912b2866d591fb\",\"name\":\"Editor General\",\"image\":{\"@type\":\"ImageObject\",\"inLanguage\":\"es\",\"@id\":\"https:\/\/luchonoticias.com\/editor\/#\/schema\/person\/image\/\",\"url\":\"https:\/\/luchonoticias.com\/editor\/wp-content\/uploads\/2024\/02\/cropped-cropped-logolu-150x150.webp\",\"contentUrl\":\"https:\/\/luchonoticias.com\/editor\/wp-content\/uploads\/2024\/02\/cropped-cropped-logolu-150x150.webp\",\"caption\":\"Editor General\"},\"sameAs\":[\"https:\/\/luchonoticias.com\/\"],\"url\":\"https:\/\/luchonoticias.com\/editor\/author\/editor-general\/\"}]}<\/script>\n<!-- \/ Yoast SEO plugin. -->","yoast_head_json":{"title":"Lanzamiento en Garz\u00f3n del Bocados Gastro Fest 2024 -","description":"En la Capital Diocesana del Huila se hizo la presentaci\u00f3n oficial de la que ser\u00e1 la primera versi\u00f3n del festival gastron\u00f3mico a nivel departamental.","robots":{"index":"index","follow":"follow","max-snippet":"max-snippet:-1","max-image-preview":"max-image-preview:large","max-video-preview":"max-video-preview:-1"},"canonical":"https:\/\/luchonoticias.com\/editor\/lanzamiento-en-garzon-del-bocados-gastro-fest-2024\/","og_locale":"es_ES","og_type":"article","og_title":"Lanzamiento en Garz\u00f3n del Bocados Gastro Fest 2024 -","og_description":"En la Capital Diocesana del Huila se hizo la presentaci\u00f3n oficial de la que ser\u00e1 la primera versi\u00f3n del festival gastron\u00f3mico a nivel departamental.","og_url":"https:\/\/luchonoticias.com\/editor\/lanzamiento-en-garzon-del-bocados-gastro-fest-2024\/","article_publisher":"https:\/\/www.facebook.com\/luchonoticiasneiva","article_published_time":"2024-07-27T18:38:04+00:00","og_image":[{"width":700,"height":400,"url":"https:\/\/luchonoticias.com\/editor\/wp-content\/uploads\/2024\/07\/festival-comidas-garzon.jpg","type":"image\/jpeg"}],"author":"Editor General","twitter_card":"summary_large_image","twitter_misc":{"Escrito por":"Editor General","Tiempo de lectura":"2 minutos"},"schema":{"@context":"https:\/\/schema.org","@graph":[{"@type":"Article","@id":"https:\/\/luchonoticias.com\/editor\/lanzamiento-en-garzon-del-bocados-gastro-fest-2024\/#article","isPartOf":{"@id":"https:\/\/luchonoticias.com\/editor\/lanzamiento-en-garzon-del-bocados-gastro-fest-2024\/"},"author":{"name":"Editor General","@id":"https:\/\/luchonoticias.com\/editor\/#\/schema\/person\/29217990ddf6f14e35912b2866d591fb"},"headline":"Lanzamiento en Garz\u00f3n del Bocados Gastro Fest 2024","datePublished":"2024-07-27T18:38:04+00:00","mainEntityOfPage":{"@id":"https:\/\/luchonoticias.com\/editor\/lanzamiento-en-garzon-del-bocados-gastro-fest-2024\/"},"wordCount":362,"publisher":{"@id":"https:\/\/luchonoticias.com\/editor\/#\/schema\/person\/7a7fd911f58561fd056dbac7b55af9cd"},"image":{"@id":"https:\/\/luchonoticias.com\/editor\/lanzamiento-en-garzon-del-bocados-gastro-fest-2024\/#primaryimage"},"thumbnailUrl":"https:\/\/luchonoticias.com\/editor\/wp-content\/uploads\/2024\/07\/festival-comidas-garzon.jpg","articleSection":["Huila"],"inLanguage":"es"},{"@type":"WebPage","@id":"https:\/\/luchonoticias.com\/editor\/lanzamiento-en-garzon-del-bocados-gastro-fest-2024\/","url":"https:\/\/luchonoticias.com\/editor\/lanzamiento-en-garzon-del-bocados-gastro-fest-2024\/","name":"Lanzamiento en Garz\u00f3n del Bocados Gastro Fest 2024 -","isPartOf":{"@id":"https:\/\/luchonoticias.com\/editor\/#website"},"primaryImageOfPage":{"@id":"https:\/\/luchonoticias.com\/editor\/lanzamiento-en-garzon-del-bocados-gastro-fest-2024\/#primaryimage"},"image":{"@id":"https:\/\/luchonoticias.com\/editor\/lanzamiento-en-garzon-del-bocados-gastro-fest-2024\/#primaryimage"},"thumbnailUrl":"https:\/\/luchonoticias.com\/editor\/wp-content\/uploads\/2024\/07\/festival-comidas-garzon.jpg","datePublished":"2024-07-27T18:38:04+00:00","description":"En la Capital Diocesana del Huila se hizo la presentaci\u00f3n oficial de la que ser\u00e1 la primera versi\u00f3n del festival gastron\u00f3mico a nivel departamental.","breadcrumb":{"@id":"https:\/\/luchonoticias.com\/editor\/lanzamiento-en-garzon-del-bocados-gastro-fest-2024\/#breadcrumb"},"inLanguage":"es","potentialAction":[{"@type":"ReadAction","target":["https:\/\/luchonoticias.com\/editor\/lanzamiento-en-garzon-del-bocados-gastro-fest-2024\/"]}]},{"@type":"ImageObject","inLanguage":"es","@id":"https:\/\/luchonoticias.com\/editor\/lanzamiento-en-garzon-del-bocados-gastro-fest-2024\/#primaryimage","url":"https:\/\/luchonoticias.com\/editor\/wp-content\/uploads\/2024\/07\/festival-comidas-garzon.jpg","contentUrl":"https:\/\/luchonoticias.com\/editor\/wp-content\/uploads\/2024\/07\/festival-comidas-garzon.jpg","width":700,"height":400},{"@type":"BreadcrumbList","@id":"https:\/\/luchonoticias.com\/editor\/lanzamiento-en-garzon-del-bocados-gastro-fest-2024\/#breadcrumb","itemListElement":[{"@type":"ListItem","position":1,"name":"Portada","item":"https:\/\/luchonoticias.com\/editor\/"},{"@type":"ListItem","position":2,"name":"Lanzamiento en Garz\u00f3n del Bocados Gastro Fest 2024"}]},{"@type":"WebSite","@id":"https:\/\/luchonoticias.com\/editor\/#website","url":"https:\/\/luchonoticias.com\/editor\/","name":"","description":"","publisher":{"@id":"https:\/\/luchonoticias.com\/editor\/#\/schema\/person\/7a7fd911f58561fd056dbac7b55af9cd"},"potentialAction":[{"@type":"SearchAction","target":{"@type":"EntryPoint","urlTemplate":"https:\/\/luchonoticias.com\/editor\/?s={search_term_string}"},"query-input":{"@type":"PropertyValueSpecification","valueRequired":true,"valueName":"search_term_string"}}],"inLanguage":"es"},{"@type":["Person","Organization"],"@id":"https:\/\/luchonoticias.com\/editor\/#\/schema\/person\/7a7fd911f58561fd056dbac7b55af9cd","name":"admin","image":{"@type":"ImageObject","inLanguage":"es","@id":"https:\/\/luchonoticias.com\/editor\/#\/schema\/person\/image\/","url":"https:\/\/luchonoticias.com\/editor\/wp-content\/uploads\/2024\/02\/cropped-cropped-logolu.webp","contentUrl":"https:\/\/luchonoticias.com\/editor\/wp-content\/uploads\/2024\/02\/cropped-cropped-logolu.webp","width":382,"height":170,"caption":"admin"},"logo":{"@id":"https:\/\/luchonoticias.com\/editor\/#\/schema\/person\/image\/"},"sameAs":["https:\/\/www.facebook.com\/luchonoticiasneiva"]},{"@type":"Person","@id":"https:\/\/luchonoticias.com\/editor\/#\/schema\/person\/29217990ddf6f14e35912b2866d591fb","name":"Editor General","image":{"@type":"ImageObject","inLanguage":"es","@id":"https:\/\/luchonoticias.com\/editor\/#\/schema\/person\/image\/","url":"https:\/\/luchonoticias.com\/editor\/wp-content\/uploads\/2024\/02\/cropped-cropped-logolu-150x150.webp","contentUrl":"https:\/\/luchonoticias.com\/editor\/wp-content\/uploads\/2024\/02\/cropped-cropped-logolu-150x150.webp","caption":"Editor General"},"sameAs":["https:\/\/luchonoticias.com\/"],"url":"https:\/\/luchonoticias.com\/editor\/author\/editor-general\/"}]}},"_links":{"self":[{"href":"https:\/\/luchonoticias.com\/editor\/wp-json\/wp\/v2\/posts\/75384","targetHints":{"allow":["GET"]}}],"collection":[{"href":"https:\/\/luchonoticias.com\/editor\/wp-json\/wp\/v2\/posts"}],"about":[{"href":"https:\/\/luchonoticias.com\/editor\/wp-json\/wp\/v2\/types\/post"}],"author":[{"embeddable":true,"href":"https:\/\/luchonoticias.com\/editor\/wp-json\/wp\/v2\/users\/2"}],"replies":[{"embeddable":true,"href":"https:\/\/luchonoticias.com\/editor\/wp-json\/wp\/v2\/comments?post=75384"}],"version-history":[{"count":1,"href":"https:\/\/luchonoticias.com\/editor\/wp-json\/wp\/v2\/posts\/75384\/revisions"}],"predecessor-version":[{"id":75386,"href":"https:\/\/luchonoticias.com\/editor\/wp-json\/wp\/v2\/posts\/75384\/revisions\/75386"}],"wp:featuredmedia":[{"embeddable":true,"href":"https:\/\/luchonoticias.com\/editor\/wp-json\/wp\/v2\/media\/75385"}],"wp:attachment":[{"href":"https:\/\/luchonoticias.com\/editor\/wp-json\/wp\/v2\/media?parent=75384"}],"wp:term":[{"taxonomy":"category","embeddable":true,"href":"https:\/\/luchonoticias.com\/editor\/wp-json\/wp\/v2\/categories?post=75384"},{"taxonomy":"post_tag","embeddable":true,"href":"https:\/\/luchonoticias.com\/editor\/wp-json\/wp\/v2\/tags?post=75384"}],"curies":[{"name":"wp","href":"https:\/\/api.w.org\/{rel}","templated":true}]}}