{"id":75387,"date":"2024-07-27T13:42:25","date_gmt":"2024-07-27T18:42:25","guid":{"rendered":"https:\/\/luchonoticias.com\/?p=75387"},"modified":"2024-07-27T13:42:25","modified_gmt":"2024-07-27T18:42:25","slug":"ese-carmen-emilia-ospina-lider-a-nivel-municipal","status":"publish","type":"post","link":"https:\/\/luchonoticias.com\/editor\/ese-carmen-emilia-ospina-lider-a-nivel-municipal\/","title":{"rendered":"ESE Carmen Emilia Ospina, l\u00edder a nivel municipal"},"content":{"rendered":"<p>Gracias al desempe\u00f1o que ha tenido la ESE Carmen Emilia Ospina en el cumplimiento de las metas y objetivos que se han propuesto para convertirse en la mejor instituci\u00f3n prestadora de servicios de salud de primer nivel para los neivanos, aplicando el Modelo Integrado de Planeaci\u00f3n y Gesti\u00f3n (MIPG), Funci\u00f3n P\u00fablica, entidad que mide el desempe\u00f1o de las entidades p\u00fablicas a nivel nacional y territorial, la destaca como la primera en el municipio de Neiva entre 17 entidades, y la s\u00e9ptima a nivel departamental entre 165.<\/p>\n<p>En los resultados a nivel local la ESE supera entidades como el Hospital Universitario de Neiva, Gobernaci\u00f3n del Huila, Aguas del Huila, Infihuila, Concejo de Neiva, Contralor\u00eda y Personer\u00eda de Neiva, entre otras.<\/p>\n<p>\u201cEste a\u00f1o se midieron en el municipio de Neiva 17 instituciones de las cuales hemos ocupado el primer puesto. Temas como transparencia, talento humano, reporte de informaci\u00f3n oportuna y en general el desempe\u00f1o en la planeaci\u00f3n y lo que es la gesti\u00f3n, es lo que nos permite estar por encima de instituciones como el Hospital Universitario de Neiva y la Gobernaci\u00f3n del Huila entre otras. A nivel departamental tenemos el honroso puesto 17 entre 165 instituciones p\u00fablicas, demostrando la gran fortaleza que tiene la ESE Carmen Emilia Ospina respecto a su talento humano, su gesti\u00f3n y vocaci\u00f3n de servicio\u201d, expres\u00f3 el gerente de la ESE, Julio C\u00e9sar Quintero Vieda.<\/p>\n<p><strong>Lo que se mide <\/strong><\/p>\n<p>El Decreto 2482 de 2012, de Funci\u00f3n P\u00fablica, establece los lineamientos generales para la integraci\u00f3n de la planeaci\u00f3n y la gesti\u00f3n p\u00fablica. En este se estipula la adopci\u00f3n del Modelo Integrado de Planeaci\u00f3n y Gesti\u00f3n (MIPG), como instrumento de articulaci\u00f3n y reporte de la planeaci\u00f3n.<\/p>\n<p>Tambi\u00e9n instituye el Formulario \u00danico de Reporte y Avance de Gesti\u00f3n (FURAG), como el instrumento establecido por Funci\u00f3n P\u00fablica para medir el desempe\u00f1o de las entidades p\u00fablicas a nivel nacional y territorial en temas como, evaluaci\u00f3n de gesti\u00f3n: mide el desempe\u00f1o de las entidades p\u00fablicas en t\u00e9rminos de cumplimiento de metas y objetivos.<br \/>\ntransparencia y rendici\u00f3n de cuentas: promueve la transparencia en la gesti\u00f3n p\u00fablica y la rendici\u00f3n de cuentas ante la ciudadan\u00eda.<br \/>\nmejora continua: identifica \u00e1reas de mejora y propone planes de acci\u00f3n para fortalecer la capacidad institucional.<\/p>\n<p>La evaluaci\u00f3n tambi\u00e9n analiza el desempe\u00f1o de las entidades en diferentes \u00e1reas como la gesti\u00f3n administrativa, financiera, de talento humano, entre otras. Realiza un seguimiento continuo de los planes de mejoramiento y las acciones correctivas implementadas por las entidades. Ello contribuye a la transparencia en la administraci\u00f3n p\u00fablica, fortaleciendo la confianza de la ciudadan\u00eda en instituciones p\u00fablicas, como la ESE Carmen Emilia Ospina, a trav\u00e9s de una gesti\u00f3n m\u00e1s efectiva y transparente.<\/p>\n","protected":false},"excerpt":{"rendered":"<p>Seg\u00fan el informe dado a conocer por Funci\u00f3n P\u00fablica, la ESE ocup\u00f3 el primer lugar por su desempe\u00f1o en t\u00e9rminos de cumplimientos de metas y objetivos.<\/p>\n","protected":false},"author":2,"featured_media":75388,"comment_status":"closed","ping_status":"open","sticky":false,"template":"","format":"standard","meta":{"footnotes":""},"categories":[31],"tags":[],"class_list":["post-75387","post","type-post","status-publish","format-standard","has-post-thumbnail","hentry","category-local"],"yoast_head":"<!-- This site is optimized with the Yoast SEO plugin v26.6 - https:\/\/yoast.com\/wordpress\/plugins\/seo\/ -->\n<title>ESE Carmen Emilia Ospina, l\u00edder a nivel municipal -<\/title>\n<meta name=\"description\" content=\"Seg\u00fan el informe dado a conocer por Funci\u00f3n P\u00fablica, la ESE ocup\u00f3 el primer lugar por su desempe\u00f1o en t\u00e9rminos de cumplimientos de metas y objetivos.\" \/>\n<meta name=\"robots\" content=\"index, follow, max-snippet:-1, max-image-preview:large, max-video-preview:-1\" \/>\n<link rel=\"canonical\" href=\"https:\/\/luchonoticias.com\/editor\/ese-carmen-emilia-ospina-lider-a-nivel-municipal\/\" \/>\n<meta property=\"og:locale\" content=\"es_ES\" \/>\n<meta property=\"og:type\" content=\"article\" \/>\n<meta property=\"og:title\" content=\"ESE Carmen Emilia Ospina, l\u00edder a nivel municipal -\" \/>\n<meta property=\"og:description\" content=\"Seg\u00fan el informe dado a conocer por Funci\u00f3n P\u00fablica, la ESE ocup\u00f3 el primer lugar por su desempe\u00f1o en t\u00e9rminos de cumplimientos de metas y objetivos.\" \/>\n<meta property=\"og:url\" content=\"https:\/\/luchonoticias.com\/editor\/ese-carmen-emilia-ospina-lider-a-nivel-municipal\/\" \/>\n<meta property=\"article:publisher\" content=\"https:\/\/www.facebook.com\/luchonoticiasneiva\" \/>\n<meta property=\"article:published_time\" content=\"2024-07-27T18:42:25+00:00\" \/>\n<meta property=\"og:image\" content=\"https:\/\/luchonoticias.com\/editor\/wp-content\/uploads\/2024\/07\/ese-carmen-emilia.jpg\" \/>\n\t<meta property=\"og:image:width\" content=\"700\" \/>\n\t<meta property=\"og:image:height\" content=\"400\" \/>\n\t<meta property=\"og:image:type\" content=\"image\/jpeg\" \/>\n<meta name=\"author\" content=\"Editor General\" \/>\n<meta name=\"twitter:card\" content=\"summary_large_image\" \/>\n<meta name=\"twitter:label1\" content=\"Escrito por\" \/>\n\t<meta name=\"twitter:data1\" content=\"Editor General\" \/>\n\t<meta name=\"twitter:label2\" content=\"Tiempo de lectura\" \/>\n\t<meta name=\"twitter:data2\" content=\"3 minutos\" \/>\n<script type=\"application\/ld+json\" class=\"yoast-schema-graph\">{\"@context\":\"https:\/\/schema.org\",\"@graph\":[{\"@type\":\"Article\",\"@id\":\"https:\/\/luchonoticias.com\/editor\/ese-carmen-emilia-ospina-lider-a-nivel-municipal\/#article\",\"isPartOf\":{\"@id\":\"https:\/\/luchonoticias.com\/editor\/ese-carmen-emilia-ospina-lider-a-nivel-municipal\/\"},\"author\":{\"name\":\"Editor General\",\"@id\":\"https:\/\/luchonoticias.com\/editor\/#\/schema\/person\/29217990ddf6f14e35912b2866d591fb\"},\"headline\":\"ESE Carmen Emilia Ospina, l\u00edder a nivel municipal\",\"datePublished\":\"2024-07-27T18:42:25+00:00\",\"mainEntityOfPage\":{\"@id\":\"https:\/\/luchonoticias.com\/editor\/ese-carmen-emilia-ospina-lider-a-nivel-municipal\/\"},\"wordCount\":501,\"publisher\":{\"@id\":\"https:\/\/luchonoticias.com\/editor\/#\/schema\/person\/7a7fd911f58561fd056dbac7b55af9cd\"},\"image\":{\"@id\":\"https:\/\/luchonoticias.com\/editor\/ese-carmen-emilia-ospina-lider-a-nivel-municipal\/#primaryimage\"},\"thumbnailUrl\":\"https:\/\/luchonoticias.com\/editor\/wp-content\/uploads\/2024\/07\/ese-carmen-emilia.jpg\",\"articleSection\":[\"Local\"],\"inLanguage\":\"es\"},{\"@type\":\"WebPage\",\"@id\":\"https:\/\/luchonoticias.com\/editor\/ese-carmen-emilia-ospina-lider-a-nivel-municipal\/\",\"url\":\"https:\/\/luchonoticias.com\/editor\/ese-carmen-emilia-ospina-lider-a-nivel-municipal\/\",\"name\":\"ESE Carmen Emilia Ospina, l\u00edder a nivel municipal -\",\"isPartOf\":{\"@id\":\"https:\/\/luchonoticias.com\/editor\/#website\"},\"primaryImageOfPage\":{\"@id\":\"https:\/\/luchonoticias.com\/editor\/ese-carmen-emilia-ospina-lider-a-nivel-municipal\/#primaryimage\"},\"image\":{\"@id\":\"https:\/\/luchonoticias.com\/editor\/ese-carmen-emilia-ospina-lider-a-nivel-municipal\/#primaryimage\"},\"thumbnailUrl\":\"https:\/\/luchonoticias.com\/editor\/wp-content\/uploads\/2024\/07\/ese-carmen-emilia.jpg\",\"datePublished\":\"2024-07-27T18:42:25+00:00\",\"description\":\"Seg\u00fan el informe dado a conocer por Funci\u00f3n P\u00fablica, la ESE ocup\u00f3 el primer lugar por su desempe\u00f1o en t\u00e9rminos de cumplimientos de metas y objetivos.\",\"breadcrumb\":{\"@id\":\"https:\/\/luchonoticias.com\/editor\/ese-carmen-emilia-ospina-lider-a-nivel-municipal\/#breadcrumb\"},\"inLanguage\":\"es\",\"potentialAction\":[{\"@type\":\"ReadAction\",\"target\":[\"https:\/\/luchonoticias.com\/editor\/ese-carmen-emilia-ospina-lider-a-nivel-municipal\/\"]}]},{\"@type\":\"ImageObject\",\"inLanguage\":\"es\",\"@id\":\"https:\/\/luchonoticias.com\/editor\/ese-carmen-emilia-ospina-lider-a-nivel-municipal\/#primaryimage\",\"url\":\"https:\/\/luchonoticias.com\/editor\/wp-content\/uploads\/2024\/07\/ese-carmen-emilia.jpg\",\"contentUrl\":\"https:\/\/luchonoticias.com\/editor\/wp-content\/uploads\/2024\/07\/ese-carmen-emilia.jpg\",\"width\":700,\"height\":400},{\"@type\":\"BreadcrumbList\",\"@id\":\"https:\/\/luchonoticias.com\/editor\/ese-carmen-emilia-ospina-lider-a-nivel-municipal\/#breadcrumb\",\"itemListElement\":[{\"@type\":\"ListItem\",\"position\":1,\"name\":\"Portada\",\"item\":\"https:\/\/luchonoticias.com\/editor\/\"},{\"@type\":\"ListItem\",\"position\":2,\"name\":\"ESE Carmen Emilia Ospina, l\u00edder a nivel municipal\"}]},{\"@type\":\"WebSite\",\"@id\":\"https:\/\/luchonoticias.com\/editor\/#website\",\"url\":\"https:\/\/luchonoticias.com\/editor\/\",\"name\":\"\",\"description\":\"\",\"publisher\":{\"@id\":\"https:\/\/luchonoticias.com\/editor\/#\/schema\/person\/7a7fd911f58561fd056dbac7b55af9cd\"},\"potentialAction\":[{\"@type\":\"SearchAction\",\"target\":{\"@type\":\"EntryPoint\",\"urlTemplate\":\"https:\/\/luchonoticias.com\/editor\/?s={search_term_string}\"},\"query-input\":{\"@type\":\"PropertyValueSpecification\",\"valueRequired\":true,\"valueName\":\"search_term_string\"}}],\"inLanguage\":\"es\"},{\"@type\":[\"Person\",\"Organization\"],\"@id\":\"https:\/\/luchonoticias.com\/editor\/#\/schema\/person\/7a7fd911f58561fd056dbac7b55af9cd\",\"name\":\"admin\",\"image\":{\"@type\":\"ImageObject\",\"inLanguage\":\"es\",\"@id\":\"https:\/\/luchonoticias.com\/editor\/#\/schema\/person\/image\/\",\"url\":\"https:\/\/luchonoticias.com\/editor\/wp-content\/uploads\/2024\/02\/cropped-cropped-logolu.webp\",\"contentUrl\":\"https:\/\/luchonoticias.com\/editor\/wp-content\/uploads\/2024\/02\/cropped-cropped-logolu.webp\",\"width\":382,\"height\":170,\"caption\":\"admin\"},\"logo\":{\"@id\":\"https:\/\/luchonoticias.com\/editor\/#\/schema\/person\/image\/\"},\"sameAs\":[\"https:\/\/www.facebook.com\/luchonoticiasneiva\"]},{\"@type\":\"Person\",\"@id\":\"https:\/\/luchonoticias.com\/editor\/#\/schema\/person\/29217990ddf6f14e35912b2866d591fb\",\"name\":\"Editor General\",\"image\":{\"@type\":\"ImageObject\",\"inLanguage\":\"es\",\"@id\":\"https:\/\/luchonoticias.com\/editor\/#\/schema\/person\/image\/\",\"url\":\"https:\/\/luchonoticias.com\/editor\/wp-content\/uploads\/2024\/02\/cropped-cropped-logolu-150x150.webp\",\"contentUrl\":\"https:\/\/luchonoticias.com\/editor\/wp-content\/uploads\/2024\/02\/cropped-cropped-logolu-150x150.webp\",\"caption\":\"Editor General\"},\"sameAs\":[\"https:\/\/luchonoticias.com\/\"],\"url\":\"https:\/\/luchonoticias.com\/editor\/author\/editor-general\/\"}]}<\/script>\n<!-- \/ Yoast SEO plugin. -->","yoast_head_json":{"title":"ESE Carmen Emilia Ospina, l\u00edder a nivel municipal -","description":"Seg\u00fan el informe dado a conocer por Funci\u00f3n P\u00fablica, la ESE ocup\u00f3 el primer lugar por su desempe\u00f1o en t\u00e9rminos de cumplimientos de metas y objetivos.","robots":{"index":"index","follow":"follow","max-snippet":"max-snippet:-1","max-image-preview":"max-image-preview:large","max-video-preview":"max-video-preview:-1"},"canonical":"https:\/\/luchonoticias.com\/editor\/ese-carmen-emilia-ospina-lider-a-nivel-municipal\/","og_locale":"es_ES","og_type":"article","og_title":"ESE Carmen Emilia Ospina, l\u00edder a nivel municipal -","og_description":"Seg\u00fan el informe dado a conocer por Funci\u00f3n P\u00fablica, la ESE ocup\u00f3 el primer lugar por su desempe\u00f1o en t\u00e9rminos de cumplimientos de metas y objetivos.","og_url":"https:\/\/luchonoticias.com\/editor\/ese-carmen-emilia-ospina-lider-a-nivel-municipal\/","article_publisher":"https:\/\/www.facebook.com\/luchonoticiasneiva","article_published_time":"2024-07-27T18:42:25+00:00","og_image":[{"width":700,"height":400,"url":"https:\/\/luchonoticias.com\/editor\/wp-content\/uploads\/2024\/07\/ese-carmen-emilia.jpg","type":"image\/jpeg"}],"author":"Editor General","twitter_card":"summary_large_image","twitter_misc":{"Escrito por":"Editor General","Tiempo de lectura":"3 minutos"},"schema":{"@context":"https:\/\/schema.org","@graph":[{"@type":"Article","@id":"https:\/\/luchonoticias.com\/editor\/ese-carmen-emilia-ospina-lider-a-nivel-municipal\/#article","isPartOf":{"@id":"https:\/\/luchonoticias.com\/editor\/ese-carmen-emilia-ospina-lider-a-nivel-municipal\/"},"author":{"name":"Editor General","@id":"https:\/\/luchonoticias.com\/editor\/#\/schema\/person\/29217990ddf6f14e35912b2866d591fb"},"headline":"ESE Carmen Emilia Ospina, l\u00edder a nivel municipal","datePublished":"2024-07-27T18:42:25+00:00","mainEntityOfPage":{"@id":"https:\/\/luchonoticias.com\/editor\/ese-carmen-emilia-ospina-lider-a-nivel-municipal\/"},"wordCount":501,"publisher":{"@id":"https:\/\/luchonoticias.com\/editor\/#\/schema\/person\/7a7fd911f58561fd056dbac7b55af9cd"},"image":{"@id":"https:\/\/luchonoticias.com\/editor\/ese-carmen-emilia-ospina-lider-a-nivel-municipal\/#primaryimage"},"thumbnailUrl":"https:\/\/luchonoticias.com\/editor\/wp-content\/uploads\/2024\/07\/ese-carmen-emilia.jpg","articleSection":["Local"],"inLanguage":"es"},{"@type":"WebPage","@id":"https:\/\/luchonoticias.com\/editor\/ese-carmen-emilia-ospina-lider-a-nivel-municipal\/","url":"https:\/\/luchonoticias.com\/editor\/ese-carmen-emilia-ospina-lider-a-nivel-municipal\/","name":"ESE Carmen Emilia Ospina, l\u00edder a nivel municipal -","isPartOf":{"@id":"https:\/\/luchonoticias.com\/editor\/#website"},"primaryImageOfPage":{"@id":"https:\/\/luchonoticias.com\/editor\/ese-carmen-emilia-ospina-lider-a-nivel-municipal\/#primaryimage"},"image":{"@id":"https:\/\/luchonoticias.com\/editor\/ese-carmen-emilia-ospina-lider-a-nivel-municipal\/#primaryimage"},"thumbnailUrl":"https:\/\/luchonoticias.com\/editor\/wp-content\/uploads\/2024\/07\/ese-carmen-emilia.jpg","datePublished":"2024-07-27T18:42:25+00:00","description":"Seg\u00fan el informe dado a conocer por Funci\u00f3n P\u00fablica, la ESE ocup\u00f3 el primer lugar por su desempe\u00f1o en t\u00e9rminos de cumplimientos de metas y objetivos.","breadcrumb":{"@id":"https:\/\/luchonoticias.com\/editor\/ese-carmen-emilia-ospina-lider-a-nivel-municipal\/#breadcrumb"},"inLanguage":"es","potentialAction":[{"@type":"ReadAction","target":["https:\/\/luchonoticias.com\/editor\/ese-carmen-emilia-ospina-lider-a-nivel-municipal\/"]}]},{"@type":"ImageObject","inLanguage":"es","@id":"https:\/\/luchonoticias.com\/editor\/ese-carmen-emilia-ospina-lider-a-nivel-municipal\/#primaryimage","url":"https:\/\/luchonoticias.com\/editor\/wp-content\/uploads\/2024\/07\/ese-carmen-emilia.jpg","contentUrl":"https:\/\/luchonoticias.com\/editor\/wp-content\/uploads\/2024\/07\/ese-carmen-emilia.jpg","width":700,"height":400},{"@type":"BreadcrumbList","@id":"https:\/\/luchonoticias.com\/editor\/ese-carmen-emilia-ospina-lider-a-nivel-municipal\/#breadcrumb","itemListElement":[{"@type":"ListItem","position":1,"name":"Portada","item":"https:\/\/luchonoticias.com\/editor\/"},{"@type":"ListItem","position":2,"name":"ESE Carmen Emilia Ospina, l\u00edder a nivel municipal"}]},{"@type":"WebSite","@id":"https:\/\/luchonoticias.com\/editor\/#website","url":"https:\/\/luchonoticias.com\/editor\/","name":"","description":"","publisher":{"@id":"https:\/\/luchonoticias.com\/editor\/#\/schema\/person\/7a7fd911f58561fd056dbac7b55af9cd"},"potentialAction":[{"@type":"SearchAction","target":{"@type":"EntryPoint","urlTemplate":"https:\/\/luchonoticias.com\/editor\/?s={search_term_string}"},"query-input":{"@type":"PropertyValueSpecification","valueRequired":true,"valueName":"search_term_string"}}],"inLanguage":"es"},{"@type":["Person","Organization"],"@id":"https:\/\/luchonoticias.com\/editor\/#\/schema\/person\/7a7fd911f58561fd056dbac7b55af9cd","name":"admin","image":{"@type":"ImageObject","inLanguage":"es","@id":"https:\/\/luchonoticias.com\/editor\/#\/schema\/person\/image\/","url":"https:\/\/luchonoticias.com\/editor\/wp-content\/uploads\/2024\/02\/cropped-cropped-logolu.webp","contentUrl":"https:\/\/luchonoticias.com\/editor\/wp-content\/uploads\/2024\/02\/cropped-cropped-logolu.webp","width":382,"height":170,"caption":"admin"},"logo":{"@id":"https:\/\/luchonoticias.com\/editor\/#\/schema\/person\/image\/"},"sameAs":["https:\/\/www.facebook.com\/luchonoticiasneiva"]},{"@type":"Person","@id":"https:\/\/luchonoticias.com\/editor\/#\/schema\/person\/29217990ddf6f14e35912b2866d591fb","name":"Editor General","image":{"@type":"ImageObject","inLanguage":"es","@id":"https:\/\/luchonoticias.com\/editor\/#\/schema\/person\/image\/","url":"https:\/\/luchonoticias.com\/editor\/wp-content\/uploads\/2024\/02\/cropped-cropped-logolu-150x150.webp","contentUrl":"https:\/\/luchonoticias.com\/editor\/wp-content\/uploads\/2024\/02\/cropped-cropped-logolu-150x150.webp","caption":"Editor General"},"sameAs":["https:\/\/luchonoticias.com\/"],"url":"https:\/\/luchonoticias.com\/editor\/author\/editor-general\/"}]}},"_links":{"self":[{"href":"https:\/\/luchonoticias.com\/editor\/wp-json\/wp\/v2\/posts\/75387","targetHints":{"allow":["GET"]}}],"collection":[{"href":"https:\/\/luchonoticias.com\/editor\/wp-json\/wp\/v2\/posts"}],"about":[{"href":"https:\/\/luchonoticias.com\/editor\/wp-json\/wp\/v2\/types\/post"}],"author":[{"embeddable":true,"href":"https:\/\/luchonoticias.com\/editor\/wp-json\/wp\/v2\/users\/2"}],"replies":[{"embeddable":true,"href":"https:\/\/luchonoticias.com\/editor\/wp-json\/wp\/v2\/comments?post=75387"}],"version-history":[{"count":1,"href":"https:\/\/luchonoticias.com\/editor\/wp-json\/wp\/v2\/posts\/75387\/revisions"}],"predecessor-version":[{"id":75389,"href":"https:\/\/luchonoticias.com\/editor\/wp-json\/wp\/v2\/posts\/75387\/revisions\/75389"}],"wp:featuredmedia":[{"embeddable":true,"href":"https:\/\/luchonoticias.com\/editor\/wp-json\/wp\/v2\/media\/75388"}],"wp:attachment":[{"href":"https:\/\/luchonoticias.com\/editor\/wp-json\/wp\/v2\/media?parent=75387"}],"wp:term":[{"taxonomy":"category","embeddable":true,"href":"https:\/\/luchonoticias.com\/editor\/wp-json\/wp\/v2\/categories?post=75387"},{"taxonomy":"post_tag","embeddable":true,"href":"https:\/\/luchonoticias.com\/editor\/wp-json\/wp\/v2\/tags?post=75387"}],"curies":[{"name":"wp","href":"https:\/\/api.w.org\/{rel}","templated":true}]}}