{"id":75394,"date":"2024-07-27T16:38:37","date_gmt":"2024-07-27T21:38:37","guid":{"rendered":"https:\/\/luchonoticias.com\/?p=75394"},"modified":"2024-07-27T16:38:37","modified_gmt":"2024-07-27T21:38:37","slug":"gimnasta-colombiano-aspira-a-la-medalla-en-paris-2024","status":"publish","type":"post","link":"https:\/\/luchonoticias.com\/editor\/gimnasta-colombiano-aspira-a-la-medalla-en-paris-2024\/","title":{"rendered":"Gimnasta colombiano aspira a la medalla en Par\u00eds 2024"},"content":{"rendered":"<div>\n<div>Cumpliendo un designio casi solemne, calculado y dram\u00e1tico, \u00c1ngel Barajas se clasific\u00f3 a la final de barra fija, en gimnasia art\u00edstica. Est\u00e1 donde quer\u00eda, sin perder el pulso, sin aceleraciones, regular, met\u00f3dico, lo que le sirvi\u00f3 para obtener una puntuaci\u00f3n de 14.466, lo que lo ubic\u00f3 dentro de los mejores ocho de la prueba.<\/div>\n<div><\/div>\n<div>La estrategia de su entrenador, Jairo Ruiz, de enfocarlo solo en dos elementos rindi\u00f3 sus frutos, porque la exhibici\u00f3n que realiz\u00f3 este s\u00e1bado en el Bercy Arena no solo la dio en la prueba de barra fija, sino tambi\u00e9n en barras paralelas, donde finaliz\u00f3 su presentaci\u00f3n con 14.700 puntos, lamentablemente, para el colombiano no fue suficiente para ubicarse dentro de los mejores ocho, pero s\u00ed dentro de los mejores 15.<\/div>\n<\/div>\n<p>Y no le alcanz\u00f3, no porque su ejecuci\u00f3n fuera mala, sino porque al frente aparecieron gimnastas con presentaciones memorables, como el chino Jingyuan Zou, quien tuvo una salida de 16.200 puntos o el japon\u00e9s, Shinnosuke Oka, quien cerr\u00f3 con 15.300 unidades. A lo largo de las tres subdivisiones, fueron siete atletas los que terminaron con una puntuaci\u00f3n por encima de 15.000.<\/p>\n<p><strong>Otras actuaciones colombianas\u00a0<\/strong><\/p>\n<p>Las derrotas siempre traer\u00e1n ense\u00f1anzas, ese ha sido el lema que le ha ense\u00f1ado Yuri Alvear a Erika Lasso. Es su mentora, su gu\u00eda y en esos momentos dif\u00edciles aparece como un apoyo, como sucedi\u00f3 este s\u00e1bado tras caer por ippon en los dieciseisavos de final en la categor\u00eda de -48kg en judo, con Chen-Hao Lin, de China Taipei.<\/p>\n<p>En las finales, fue la japonesa, Natsumi Tsunoda, la que se qued\u00f3 con la medalla de oro, despu\u00e9s de vencer en la final a la atleta de Mongolia, Baasankhuu Bavuudorj. Mientras que la francesa Shirine Boukli y la sueca Tara Babulfath se quedaron con el bronce.<\/p>\n<p>Mientras que, por el mal tiempo que hubo en Par\u00eds, el debut de Jhancarlos Gonz\u00e1lez fue pospuesto para el lunes 29 de julio, fecha en la que se llevar\u00e1 a cabo la ronda preliminar y la final de skateboarding, a partir de las 5:00 a.m. y 10:00 a.m., respectivamente.<\/p>\n<p>Lo mismo sucedi\u00f3 con Mar\u00eda Camila Osorio, quien vio reagendada su presentaci\u00f3n en los Juegos Ol\u00edmpicos contra la letona Jelena Ostapenko para el domingo 28 de julio, a segunda hora en la cancha seis del complejo de Roland Garros.<\/p>\n","protected":false},"excerpt":{"rendered":"<p>Cumpliendo un designio casi solemne, calculado y dram\u00e1tico, \u00c1ngel Barajas se clasific\u00f3 a la final de barra fija, en gimnasia art\u00edstica. Est\u00e1 donde quer\u00eda, sin perder el pulso, sin aceleraciones, regular, met\u00f3dico, lo que le sirvi\u00f3 para obtener una puntuaci\u00f3n de 14.466, lo que lo ubic\u00f3 dentro de los mejores ocho de la prueba. La [&hellip;]<\/p>\n","protected":false},"author":2,"featured_media":75395,"comment_status":"closed","ping_status":"open","sticky":false,"template":"","format":"standard","meta":{"footnotes":""},"categories":[34],"tags":[],"class_list":["post-75394","post","type-post","status-publish","format-standard","has-post-thumbnail","hentry","category-deportes"],"yoast_head":"<!-- This site is optimized with the Yoast SEO plugin v26.6 - https:\/\/yoast.com\/wordpress\/plugins\/seo\/ -->\n<title>Gimnasta colombiano aspira a la medalla en Par\u00eds 2024 -<\/title>\n<meta name=\"robots\" content=\"index, follow, max-snippet:-1, max-image-preview:large, max-video-preview:-1\" \/>\n<link rel=\"canonical\" href=\"https:\/\/luchonoticias.com\/editor\/gimnasta-colombiano-aspira-a-la-medalla-en-paris-2024\/\" \/>\n<meta property=\"og:locale\" content=\"es_ES\" \/>\n<meta property=\"og:type\" content=\"article\" \/>\n<meta property=\"og:title\" content=\"Gimnasta colombiano aspira a la medalla en Par\u00eds 2024 -\" \/>\n<meta property=\"og:url\" content=\"https:\/\/luchonoticias.com\/editor\/gimnasta-colombiano-aspira-a-la-medalla-en-paris-2024\/\" \/>\n<meta property=\"article:publisher\" content=\"https:\/\/www.facebook.com\/luchonoticiasneiva\" \/>\n<meta property=\"article:published_time\" content=\"2024-07-27T21:38:37+00:00\" \/>\n<meta property=\"og:image\" content=\"https:\/\/luchonoticias.com\/editor\/wp-content\/uploads\/2024\/07\/angel-barajas.jpg\" \/>\n\t<meta property=\"og:image:width\" content=\"700\" \/>\n\t<meta property=\"og:image:height\" content=\"400\" \/>\n\t<meta property=\"og:image:type\" content=\"image\/jpeg\" \/>\n<meta name=\"author\" content=\"Editor General\" \/>\n<meta name=\"twitter:card\" content=\"summary_large_image\" \/>\n<meta name=\"twitter:label1\" content=\"Escrito por\" \/>\n\t<meta name=\"twitter:data1\" content=\"Editor General\" \/>\n\t<meta name=\"twitter:label2\" content=\"Tiempo de lectura\" \/>\n\t<meta name=\"twitter:data2\" content=\"2 minutos\" \/>\n<script type=\"application\/ld+json\" class=\"yoast-schema-graph\">{\"@context\":\"https:\/\/schema.org\",\"@graph\":[{\"@type\":\"Article\",\"@id\":\"https:\/\/luchonoticias.com\/editor\/gimnasta-colombiano-aspira-a-la-medalla-en-paris-2024\/#article\",\"isPartOf\":{\"@id\":\"https:\/\/luchonoticias.com\/editor\/gimnasta-colombiano-aspira-a-la-medalla-en-paris-2024\/\"},\"author\":{\"name\":\"Editor General\",\"@id\":\"https:\/\/luchonoticias.com\/editor\/#\/schema\/person\/29217990ddf6f14e35912b2866d591fb\"},\"headline\":\"Gimnasta colombiano aspira a la medalla en Par\u00eds 2024\",\"datePublished\":\"2024-07-27T21:38:37+00:00\",\"mainEntityOfPage\":{\"@id\":\"https:\/\/luchonoticias.com\/editor\/gimnasta-colombiano-aspira-a-la-medalla-en-paris-2024\/\"},\"wordCount\":408,\"publisher\":{\"@id\":\"https:\/\/luchonoticias.com\/editor\/#\/schema\/person\/7a7fd911f58561fd056dbac7b55af9cd\"},\"image\":{\"@id\":\"https:\/\/luchonoticias.com\/editor\/gimnasta-colombiano-aspira-a-la-medalla-en-paris-2024\/#primaryimage\"},\"thumbnailUrl\":\"https:\/\/luchonoticias.com\/editor\/wp-content\/uploads\/2024\/07\/angel-barajas.jpg\",\"articleSection\":[\"Deportes\"],\"inLanguage\":\"es\"},{\"@type\":\"WebPage\",\"@id\":\"https:\/\/luchonoticias.com\/editor\/gimnasta-colombiano-aspira-a-la-medalla-en-paris-2024\/\",\"url\":\"https:\/\/luchonoticias.com\/editor\/gimnasta-colombiano-aspira-a-la-medalla-en-paris-2024\/\",\"name\":\"Gimnasta colombiano aspira a la medalla en Par\u00eds 2024 -\",\"isPartOf\":{\"@id\":\"https:\/\/luchonoticias.com\/editor\/#website\"},\"primaryImageOfPage\":{\"@id\":\"https:\/\/luchonoticias.com\/editor\/gimnasta-colombiano-aspira-a-la-medalla-en-paris-2024\/#primaryimage\"},\"image\":{\"@id\":\"https:\/\/luchonoticias.com\/editor\/gimnasta-colombiano-aspira-a-la-medalla-en-paris-2024\/#primaryimage\"},\"thumbnailUrl\":\"https:\/\/luchonoticias.com\/editor\/wp-content\/uploads\/2024\/07\/angel-barajas.jpg\",\"datePublished\":\"2024-07-27T21:38:37+00:00\",\"breadcrumb\":{\"@id\":\"https:\/\/luchonoticias.com\/editor\/gimnasta-colombiano-aspira-a-la-medalla-en-paris-2024\/#breadcrumb\"},\"inLanguage\":\"es\",\"potentialAction\":[{\"@type\":\"ReadAction\",\"target\":[\"https:\/\/luchonoticias.com\/editor\/gimnasta-colombiano-aspira-a-la-medalla-en-paris-2024\/\"]}]},{\"@type\":\"ImageObject\",\"inLanguage\":\"es\",\"@id\":\"https:\/\/luchonoticias.com\/editor\/gimnasta-colombiano-aspira-a-la-medalla-en-paris-2024\/#primaryimage\",\"url\":\"https:\/\/luchonoticias.com\/editor\/wp-content\/uploads\/2024\/07\/angel-barajas.jpg\",\"contentUrl\":\"https:\/\/luchonoticias.com\/editor\/wp-content\/uploads\/2024\/07\/angel-barajas.jpg\",\"width\":700,\"height\":400},{\"@type\":\"BreadcrumbList\",\"@id\":\"https:\/\/luchonoticias.com\/editor\/gimnasta-colombiano-aspira-a-la-medalla-en-paris-2024\/#breadcrumb\",\"itemListElement\":[{\"@type\":\"ListItem\",\"position\":1,\"name\":\"Portada\",\"item\":\"https:\/\/luchonoticias.com\/editor\/\"},{\"@type\":\"ListItem\",\"position\":2,\"name\":\"Gimnasta colombiano aspira a la medalla en Par\u00eds 2024\"}]},{\"@type\":\"WebSite\",\"@id\":\"https:\/\/luchonoticias.com\/editor\/#website\",\"url\":\"https:\/\/luchonoticias.com\/editor\/\",\"name\":\"\",\"description\":\"\",\"publisher\":{\"@id\":\"https:\/\/luchonoticias.com\/editor\/#\/schema\/person\/7a7fd911f58561fd056dbac7b55af9cd\"},\"potentialAction\":[{\"@type\":\"SearchAction\",\"target\":{\"@type\":\"EntryPoint\",\"urlTemplate\":\"https:\/\/luchonoticias.com\/editor\/?s={search_term_string}\"},\"query-input\":{\"@type\":\"PropertyValueSpecification\",\"valueRequired\":true,\"valueName\":\"search_term_string\"}}],\"inLanguage\":\"es\"},{\"@type\":[\"Person\",\"Organization\"],\"@id\":\"https:\/\/luchonoticias.com\/editor\/#\/schema\/person\/7a7fd911f58561fd056dbac7b55af9cd\",\"name\":\"admin\",\"image\":{\"@type\":\"ImageObject\",\"inLanguage\":\"es\",\"@id\":\"https:\/\/luchonoticias.com\/editor\/#\/schema\/person\/image\/\",\"url\":\"https:\/\/luchonoticias.com\/editor\/wp-content\/uploads\/2024\/02\/cropped-cropped-logolu.webp\",\"contentUrl\":\"https:\/\/luchonoticias.com\/editor\/wp-content\/uploads\/2024\/02\/cropped-cropped-logolu.webp\",\"width\":382,\"height\":170,\"caption\":\"admin\"},\"logo\":{\"@id\":\"https:\/\/luchonoticias.com\/editor\/#\/schema\/person\/image\/\"},\"sameAs\":[\"https:\/\/www.facebook.com\/luchonoticiasneiva\"]},{\"@type\":\"Person\",\"@id\":\"https:\/\/luchonoticias.com\/editor\/#\/schema\/person\/29217990ddf6f14e35912b2866d591fb\",\"name\":\"Editor General\",\"image\":{\"@type\":\"ImageObject\",\"inLanguage\":\"es\",\"@id\":\"https:\/\/luchonoticias.com\/editor\/#\/schema\/person\/image\/\",\"url\":\"https:\/\/luchonoticias.com\/editor\/wp-content\/uploads\/2024\/02\/cropped-cropped-logolu-150x150.webp\",\"contentUrl\":\"https:\/\/luchonoticias.com\/editor\/wp-content\/uploads\/2024\/02\/cropped-cropped-logolu-150x150.webp\",\"caption\":\"Editor General\"},\"sameAs\":[\"https:\/\/luchonoticias.com\/\"],\"url\":\"https:\/\/luchonoticias.com\/editor\/author\/editor-general\/\"}]}<\/script>\n<!-- \/ Yoast SEO plugin. -->","yoast_head_json":{"title":"Gimnasta colombiano aspira a la medalla en Par\u00eds 2024 -","robots":{"index":"index","follow":"follow","max-snippet":"max-snippet:-1","max-image-preview":"max-image-preview:large","max-video-preview":"max-video-preview:-1"},"canonical":"https:\/\/luchonoticias.com\/editor\/gimnasta-colombiano-aspira-a-la-medalla-en-paris-2024\/","og_locale":"es_ES","og_type":"article","og_title":"Gimnasta colombiano aspira a la medalla en Par\u00eds 2024 -","og_url":"https:\/\/luchonoticias.com\/editor\/gimnasta-colombiano-aspira-a-la-medalla-en-paris-2024\/","article_publisher":"https:\/\/www.facebook.com\/luchonoticiasneiva","article_published_time":"2024-07-27T21:38:37+00:00","og_image":[{"width":700,"height":400,"url":"https:\/\/luchonoticias.com\/editor\/wp-content\/uploads\/2024\/07\/angel-barajas.jpg","type":"image\/jpeg"}],"author":"Editor General","twitter_card":"summary_large_image","twitter_misc":{"Escrito por":"Editor General","Tiempo de lectura":"2 minutos"},"schema":{"@context":"https:\/\/schema.org","@graph":[{"@type":"Article","@id":"https:\/\/luchonoticias.com\/editor\/gimnasta-colombiano-aspira-a-la-medalla-en-paris-2024\/#article","isPartOf":{"@id":"https:\/\/luchonoticias.com\/editor\/gimnasta-colombiano-aspira-a-la-medalla-en-paris-2024\/"},"author":{"name":"Editor General","@id":"https:\/\/luchonoticias.com\/editor\/#\/schema\/person\/29217990ddf6f14e35912b2866d591fb"},"headline":"Gimnasta colombiano aspira a la medalla en Par\u00eds 2024","datePublished":"2024-07-27T21:38:37+00:00","mainEntityOfPage":{"@id":"https:\/\/luchonoticias.com\/editor\/gimnasta-colombiano-aspira-a-la-medalla-en-paris-2024\/"},"wordCount":408,"publisher":{"@id":"https:\/\/luchonoticias.com\/editor\/#\/schema\/person\/7a7fd911f58561fd056dbac7b55af9cd"},"image":{"@id":"https:\/\/luchonoticias.com\/editor\/gimnasta-colombiano-aspira-a-la-medalla-en-paris-2024\/#primaryimage"},"thumbnailUrl":"https:\/\/luchonoticias.com\/editor\/wp-content\/uploads\/2024\/07\/angel-barajas.jpg","articleSection":["Deportes"],"inLanguage":"es"},{"@type":"WebPage","@id":"https:\/\/luchonoticias.com\/editor\/gimnasta-colombiano-aspira-a-la-medalla-en-paris-2024\/","url":"https:\/\/luchonoticias.com\/editor\/gimnasta-colombiano-aspira-a-la-medalla-en-paris-2024\/","name":"Gimnasta colombiano aspira a la medalla en Par\u00eds 2024 -","isPartOf":{"@id":"https:\/\/luchonoticias.com\/editor\/#website"},"primaryImageOfPage":{"@id":"https:\/\/luchonoticias.com\/editor\/gimnasta-colombiano-aspira-a-la-medalla-en-paris-2024\/#primaryimage"},"image":{"@id":"https:\/\/luchonoticias.com\/editor\/gimnasta-colombiano-aspira-a-la-medalla-en-paris-2024\/#primaryimage"},"thumbnailUrl":"https:\/\/luchonoticias.com\/editor\/wp-content\/uploads\/2024\/07\/angel-barajas.jpg","datePublished":"2024-07-27T21:38:37+00:00","breadcrumb":{"@id":"https:\/\/luchonoticias.com\/editor\/gimnasta-colombiano-aspira-a-la-medalla-en-paris-2024\/#breadcrumb"},"inLanguage":"es","potentialAction":[{"@type":"ReadAction","target":["https:\/\/luchonoticias.com\/editor\/gimnasta-colombiano-aspira-a-la-medalla-en-paris-2024\/"]}]},{"@type":"ImageObject","inLanguage":"es","@id":"https:\/\/luchonoticias.com\/editor\/gimnasta-colombiano-aspira-a-la-medalla-en-paris-2024\/#primaryimage","url":"https:\/\/luchonoticias.com\/editor\/wp-content\/uploads\/2024\/07\/angel-barajas.jpg","contentUrl":"https:\/\/luchonoticias.com\/editor\/wp-content\/uploads\/2024\/07\/angel-barajas.jpg","width":700,"height":400},{"@type":"BreadcrumbList","@id":"https:\/\/luchonoticias.com\/editor\/gimnasta-colombiano-aspira-a-la-medalla-en-paris-2024\/#breadcrumb","itemListElement":[{"@type":"ListItem","position":1,"name":"Portada","item":"https:\/\/luchonoticias.com\/editor\/"},{"@type":"ListItem","position":2,"name":"Gimnasta colombiano aspira a la medalla en Par\u00eds 2024"}]},{"@type":"WebSite","@id":"https:\/\/luchonoticias.com\/editor\/#website","url":"https:\/\/luchonoticias.com\/editor\/","name":"","description":"","publisher":{"@id":"https:\/\/luchonoticias.com\/editor\/#\/schema\/person\/7a7fd911f58561fd056dbac7b55af9cd"},"potentialAction":[{"@type":"SearchAction","target":{"@type":"EntryPoint","urlTemplate":"https:\/\/luchonoticias.com\/editor\/?s={search_term_string}"},"query-input":{"@type":"PropertyValueSpecification","valueRequired":true,"valueName":"search_term_string"}}],"inLanguage":"es"},{"@type":["Person","Organization"],"@id":"https:\/\/luchonoticias.com\/editor\/#\/schema\/person\/7a7fd911f58561fd056dbac7b55af9cd","name":"admin","image":{"@type":"ImageObject","inLanguage":"es","@id":"https:\/\/luchonoticias.com\/editor\/#\/schema\/person\/image\/","url":"https:\/\/luchonoticias.com\/editor\/wp-content\/uploads\/2024\/02\/cropped-cropped-logolu.webp","contentUrl":"https:\/\/luchonoticias.com\/editor\/wp-content\/uploads\/2024\/02\/cropped-cropped-logolu.webp","width":382,"height":170,"caption":"admin"},"logo":{"@id":"https:\/\/luchonoticias.com\/editor\/#\/schema\/person\/image\/"},"sameAs":["https:\/\/www.facebook.com\/luchonoticiasneiva"]},{"@type":"Person","@id":"https:\/\/luchonoticias.com\/editor\/#\/schema\/person\/29217990ddf6f14e35912b2866d591fb","name":"Editor General","image":{"@type":"ImageObject","inLanguage":"es","@id":"https:\/\/luchonoticias.com\/editor\/#\/schema\/person\/image\/","url":"https:\/\/luchonoticias.com\/editor\/wp-content\/uploads\/2024\/02\/cropped-cropped-logolu-150x150.webp","contentUrl":"https:\/\/luchonoticias.com\/editor\/wp-content\/uploads\/2024\/02\/cropped-cropped-logolu-150x150.webp","caption":"Editor General"},"sameAs":["https:\/\/luchonoticias.com\/"],"url":"https:\/\/luchonoticias.com\/editor\/author\/editor-general\/"}]}},"_links":{"self":[{"href":"https:\/\/luchonoticias.com\/editor\/wp-json\/wp\/v2\/posts\/75394","targetHints":{"allow":["GET"]}}],"collection":[{"href":"https:\/\/luchonoticias.com\/editor\/wp-json\/wp\/v2\/posts"}],"about":[{"href":"https:\/\/luchonoticias.com\/editor\/wp-json\/wp\/v2\/types\/post"}],"author":[{"embeddable":true,"href":"https:\/\/luchonoticias.com\/editor\/wp-json\/wp\/v2\/users\/2"}],"replies":[{"embeddable":true,"href":"https:\/\/luchonoticias.com\/editor\/wp-json\/wp\/v2\/comments?post=75394"}],"version-history":[{"count":1,"href":"https:\/\/luchonoticias.com\/editor\/wp-json\/wp\/v2\/posts\/75394\/revisions"}],"predecessor-version":[{"id":75396,"href":"https:\/\/luchonoticias.com\/editor\/wp-json\/wp\/v2\/posts\/75394\/revisions\/75396"}],"wp:featuredmedia":[{"embeddable":true,"href":"https:\/\/luchonoticias.com\/editor\/wp-json\/wp\/v2\/media\/75395"}],"wp:attachment":[{"href":"https:\/\/luchonoticias.com\/editor\/wp-json\/wp\/v2\/media?parent=75394"}],"wp:term":[{"taxonomy":"category","embeddable":true,"href":"https:\/\/luchonoticias.com\/editor\/wp-json\/wp\/v2\/categories?post=75394"},{"taxonomy":"post_tag","embeddable":true,"href":"https:\/\/luchonoticias.com\/editor\/wp-json\/wp\/v2\/tags?post=75394"}],"curies":[{"name":"wp","href":"https:\/\/api.w.org\/{rel}","templated":true}]}}