{"id":75400,"date":"2024-07-28T05:20:08","date_gmt":"2024-07-28T10:20:08","guid":{"rendered":"https:\/\/luchonoticias.com\/?p=75400"},"modified":"2024-07-28T05:20:08","modified_gmt":"2024-07-28T10:20:08","slug":"mas-de-57-000-adultos-mayores-en-huila-reciben-el-subsidio-colombia-mayor","status":"publish","type":"post","link":"https:\/\/luchonoticias.com\/editor\/mas-de-57-000-adultos-mayores-en-huila-reciben-el-subsidio-colombia-mayor\/","title":{"rendered":"M\u00e1s de 57.000 adultos mayores en Huila reciben el subsidio Colombia Mayor"},"content":{"rendered":"<p>El director regional de Prosperidad Social en Huila, Mauro S\u00e1nchez Zambrano, inform\u00f3 que desde este 19 de julio hasta el 1\u00b0 de agosto se realizar\u00e1 el s\u00e9ptimo ciclo de pagos de Colombia Mayor.<\/p>\n<p>\u201cPara los beneficiarios menores de 80 a\u00f1os, la transferencia ser\u00e1 de 80 mil pesos. Para los beneficiarios mayores de 80 a\u00f1os, la transferencia tendr\u00e1 un valor de 225 mil pesos, conforme lo estableci\u00f3 el Gobierno Nacional, en cabeza del presidente Petro\u201d, afirm\u00f3 S\u00e1nchez.<\/p>\n<p>57.291 adultos mayores de Norte de Santander, que se benefician del programa, recibir\u00e1n la transferencia a trav\u00e9s del operador de pagos SuperGIROS. Para este ciclo, Prosperidad social invirti\u00f3 m\u00e1s de 7.273 millones de pesos.<\/p>\n<p>\u00a1No se deje enga\u00f1ar!<\/p>\n<p>Al momento de reclamar el pago tenga en cuenta que: Prosperidad Social no cobra dinero alguno por hacer parte del programa Colombia Mayor. No debe pagar ni adquirir productos al momento de realizar el cobro. Acercarse al punto de pago con su documento de identidad original. Al tel\u00e9fono celular registrado en el sistema de informaci\u00f3n, llegar\u00e1 la notificaci\u00f3n de pago y el monto.<\/p>\n<p>Antes de retirarse de la ventanilla de pago, cuente el dinero, solicite la tirilla y verifique que corresponda con la suma se\u00f1alada en el mensaje de notificaci\u00f3n de pago.<\/p>\n<p>Las personas mayores de 90 a\u00f1os o con dificultades de salud, que les impida moverse, pueden solicitar el pago a domicilio, para lo cual SuperGIROS se encarga de coordinar la entrega.<\/p>\n<p>Tenga en cuenta, adem\u00e1s, que si ha cambiado sus datos de contacto (tel\u00e9fono y direcci\u00f3n) puede actualizarlos con el enlace del programa en las alcald\u00edas municipales y locales, o a trav\u00e9s de la l\u00ednea telef\u00f3nica nacional 018000951100.<\/p>\n","protected":false},"excerpt":{"rendered":"<p>El director regional de Prosperidad Social en Huila, Mauro S\u00e1nchez Zambrano, inform\u00f3 que desde este 19 de julio hasta el 1\u00b0 de agosto se realizar\u00e1 el s\u00e9ptimo ciclo de pagos de Colombia Mayor.<\/p>\n","protected":false},"author":2,"featured_media":75401,"comment_status":"closed","ping_status":"open","sticky":false,"template":"","format":"standard","meta":{"footnotes":""},"categories":[33],"tags":[],"class_list":["post-75400","post","type-post","status-publish","format-standard","has-post-thumbnail","hentry","category-huila"],"yoast_head":"<!-- This site is optimized with the Yoast SEO plugin v26.6 - https:\/\/yoast.com\/wordpress\/plugins\/seo\/ -->\n<title>M\u00e1s de 57.000 adultos mayores en Huila reciben el subsidio Colombia Mayor -<\/title>\n<meta name=\"description\" content=\"El director regional de Prosperidad Social en Huila, Mauro S\u00e1nchez Zambrano, inform\u00f3 que desde este 19 de julio hasta el 1\u00b0 de agosto se realizar\u00e1 el s\u00e9ptimo ciclo de pagos de Colombia Mayor.\" \/>\n<meta name=\"robots\" content=\"index, follow, max-snippet:-1, max-image-preview:large, max-video-preview:-1\" \/>\n<link rel=\"canonical\" href=\"https:\/\/luchonoticias.com\/editor\/mas-de-57-000-adultos-mayores-en-huila-reciben-el-subsidio-colombia-mayor\/\" \/>\n<meta property=\"og:locale\" content=\"es_ES\" \/>\n<meta property=\"og:type\" content=\"article\" \/>\n<meta property=\"og:title\" content=\"M\u00e1s de 57.000 adultos mayores en Huila reciben el subsidio Colombia Mayor -\" \/>\n<meta property=\"og:description\" content=\"El director regional de Prosperidad Social en Huila, Mauro S\u00e1nchez Zambrano, inform\u00f3 que desde este 19 de julio hasta el 1\u00b0 de agosto se realizar\u00e1 el s\u00e9ptimo ciclo de pagos de Colombia Mayor.\" \/>\n<meta property=\"og:url\" content=\"https:\/\/luchonoticias.com\/editor\/mas-de-57-000-adultos-mayores-en-huila-reciben-el-subsidio-colombia-mayor\/\" \/>\n<meta property=\"article:publisher\" content=\"https:\/\/www.facebook.com\/luchonoticiasneiva\" \/>\n<meta property=\"article:published_time\" content=\"2024-07-28T10:20:08+00:00\" \/>\n<meta property=\"og:image\" content=\"https:\/\/luchonoticias.com\/editor\/wp-content\/uploads\/2024\/07\/pagos-colombia-mayor.jpg\" \/>\n\t<meta property=\"og:image:width\" content=\"700\" \/>\n\t<meta property=\"og:image:height\" content=\"400\" \/>\n\t<meta property=\"og:image:type\" content=\"image\/jpeg\" \/>\n<meta name=\"author\" content=\"Editor General\" \/>\n<meta name=\"twitter:card\" content=\"summary_large_image\" \/>\n<meta name=\"twitter:label1\" content=\"Escrito por\" \/>\n\t<meta name=\"twitter:data1\" content=\"Editor General\" \/>\n\t<meta name=\"twitter:label2\" content=\"Tiempo de lectura\" \/>\n\t<meta name=\"twitter:data2\" content=\"2 minutos\" \/>\n<script type=\"application\/ld+json\" class=\"yoast-schema-graph\">{\"@context\":\"https:\/\/schema.org\",\"@graph\":[{\"@type\":\"Article\",\"@id\":\"https:\/\/luchonoticias.com\/editor\/mas-de-57-000-adultos-mayores-en-huila-reciben-el-subsidio-colombia-mayor\/#article\",\"isPartOf\":{\"@id\":\"https:\/\/luchonoticias.com\/editor\/mas-de-57-000-adultos-mayores-en-huila-reciben-el-subsidio-colombia-mayor\/\"},\"author\":{\"name\":\"Editor General\",\"@id\":\"https:\/\/luchonoticias.com\/editor\/#\/schema\/person\/29217990ddf6f14e35912b2866d591fb\"},\"headline\":\"M\u00e1s de 57.000 adultos mayores en Huila reciben el subsidio Colombia Mayor\",\"datePublished\":\"2024-07-28T10:20:08+00:00\",\"mainEntityOfPage\":{\"@id\":\"https:\/\/luchonoticias.com\/editor\/mas-de-57-000-adultos-mayores-en-huila-reciben-el-subsidio-colombia-mayor\/\"},\"wordCount\":298,\"publisher\":{\"@id\":\"https:\/\/luchonoticias.com\/editor\/#\/schema\/person\/7a7fd911f58561fd056dbac7b55af9cd\"},\"image\":{\"@id\":\"https:\/\/luchonoticias.com\/editor\/mas-de-57-000-adultos-mayores-en-huila-reciben-el-subsidio-colombia-mayor\/#primaryimage\"},\"thumbnailUrl\":\"https:\/\/luchonoticias.com\/editor\/wp-content\/uploads\/2024\/07\/pagos-colombia-mayor.jpg\",\"articleSection\":[\"Huila\"],\"inLanguage\":\"es\"},{\"@type\":\"WebPage\",\"@id\":\"https:\/\/luchonoticias.com\/editor\/mas-de-57-000-adultos-mayores-en-huila-reciben-el-subsidio-colombia-mayor\/\",\"url\":\"https:\/\/luchonoticias.com\/editor\/mas-de-57-000-adultos-mayores-en-huila-reciben-el-subsidio-colombia-mayor\/\",\"name\":\"M\u00e1s de 57.000 adultos mayores en Huila reciben el subsidio Colombia Mayor -\",\"isPartOf\":{\"@id\":\"https:\/\/luchonoticias.com\/editor\/#website\"},\"primaryImageOfPage\":{\"@id\":\"https:\/\/luchonoticias.com\/editor\/mas-de-57-000-adultos-mayores-en-huila-reciben-el-subsidio-colombia-mayor\/#primaryimage\"},\"image\":{\"@id\":\"https:\/\/luchonoticias.com\/editor\/mas-de-57-000-adultos-mayores-en-huila-reciben-el-subsidio-colombia-mayor\/#primaryimage\"},\"thumbnailUrl\":\"https:\/\/luchonoticias.com\/editor\/wp-content\/uploads\/2024\/07\/pagos-colombia-mayor.jpg\",\"datePublished\":\"2024-07-28T10:20:08+00:00\",\"description\":\"El director regional de Prosperidad Social en Huila, Mauro S\u00e1nchez Zambrano, inform\u00f3 que desde este 19 de julio hasta el 1\u00b0 de agosto se realizar\u00e1 el s\u00e9ptimo ciclo de pagos de Colombia Mayor.\",\"breadcrumb\":{\"@id\":\"https:\/\/luchonoticias.com\/editor\/mas-de-57-000-adultos-mayores-en-huila-reciben-el-subsidio-colombia-mayor\/#breadcrumb\"},\"inLanguage\":\"es\",\"potentialAction\":[{\"@type\":\"ReadAction\",\"target\":[\"https:\/\/luchonoticias.com\/editor\/mas-de-57-000-adultos-mayores-en-huila-reciben-el-subsidio-colombia-mayor\/\"]}]},{\"@type\":\"ImageObject\",\"inLanguage\":\"es\",\"@id\":\"https:\/\/luchonoticias.com\/editor\/mas-de-57-000-adultos-mayores-en-huila-reciben-el-subsidio-colombia-mayor\/#primaryimage\",\"url\":\"https:\/\/luchonoticias.com\/editor\/wp-content\/uploads\/2024\/07\/pagos-colombia-mayor.jpg\",\"contentUrl\":\"https:\/\/luchonoticias.com\/editor\/wp-content\/uploads\/2024\/07\/pagos-colombia-mayor.jpg\",\"width\":700,\"height\":400},{\"@type\":\"BreadcrumbList\",\"@id\":\"https:\/\/luchonoticias.com\/editor\/mas-de-57-000-adultos-mayores-en-huila-reciben-el-subsidio-colombia-mayor\/#breadcrumb\",\"itemListElement\":[{\"@type\":\"ListItem\",\"position\":1,\"name\":\"Portada\",\"item\":\"https:\/\/luchonoticias.com\/editor\/\"},{\"@type\":\"ListItem\",\"position\":2,\"name\":\"M\u00e1s de 57.000 adultos mayores en Huila reciben el subsidio Colombia Mayor\"}]},{\"@type\":\"WebSite\",\"@id\":\"https:\/\/luchonoticias.com\/editor\/#website\",\"url\":\"https:\/\/luchonoticias.com\/editor\/\",\"name\":\"\",\"description\":\"\",\"publisher\":{\"@id\":\"https:\/\/luchonoticias.com\/editor\/#\/schema\/person\/7a7fd911f58561fd056dbac7b55af9cd\"},\"potentialAction\":[{\"@type\":\"SearchAction\",\"target\":{\"@type\":\"EntryPoint\",\"urlTemplate\":\"https:\/\/luchonoticias.com\/editor\/?s={search_term_string}\"},\"query-input\":{\"@type\":\"PropertyValueSpecification\",\"valueRequired\":true,\"valueName\":\"search_term_string\"}}],\"inLanguage\":\"es\"},{\"@type\":[\"Person\",\"Organization\"],\"@id\":\"https:\/\/luchonoticias.com\/editor\/#\/schema\/person\/7a7fd911f58561fd056dbac7b55af9cd\",\"name\":\"admin\",\"image\":{\"@type\":\"ImageObject\",\"inLanguage\":\"es\",\"@id\":\"https:\/\/luchonoticias.com\/editor\/#\/schema\/person\/image\/\",\"url\":\"https:\/\/luchonoticias.com\/editor\/wp-content\/uploads\/2024\/02\/cropped-cropped-logolu.webp\",\"contentUrl\":\"https:\/\/luchonoticias.com\/editor\/wp-content\/uploads\/2024\/02\/cropped-cropped-logolu.webp\",\"width\":382,\"height\":170,\"caption\":\"admin\"},\"logo\":{\"@id\":\"https:\/\/luchonoticias.com\/editor\/#\/schema\/person\/image\/\"},\"sameAs\":[\"https:\/\/www.facebook.com\/luchonoticiasneiva\"]},{\"@type\":\"Person\",\"@id\":\"https:\/\/luchonoticias.com\/editor\/#\/schema\/person\/29217990ddf6f14e35912b2866d591fb\",\"name\":\"Editor General\",\"image\":{\"@type\":\"ImageObject\",\"inLanguage\":\"es\",\"@id\":\"https:\/\/luchonoticias.com\/editor\/#\/schema\/person\/image\/\",\"url\":\"https:\/\/luchonoticias.com\/editor\/wp-content\/uploads\/2024\/02\/cropped-cropped-logolu-150x150.webp\",\"contentUrl\":\"https:\/\/luchonoticias.com\/editor\/wp-content\/uploads\/2024\/02\/cropped-cropped-logolu-150x150.webp\",\"caption\":\"Editor General\"},\"sameAs\":[\"https:\/\/luchonoticias.com\/\"],\"url\":\"https:\/\/luchonoticias.com\/editor\/author\/editor-general\/\"}]}<\/script>\n<!-- \/ Yoast SEO plugin. -->","yoast_head_json":{"title":"M\u00e1s de 57.000 adultos mayores en Huila reciben el subsidio Colombia Mayor -","description":"El director regional de Prosperidad Social en Huila, Mauro S\u00e1nchez Zambrano, inform\u00f3 que desde este 19 de julio hasta el 1\u00b0 de agosto se realizar\u00e1 el s\u00e9ptimo ciclo de pagos de Colombia Mayor.","robots":{"index":"index","follow":"follow","max-snippet":"max-snippet:-1","max-image-preview":"max-image-preview:large","max-video-preview":"max-video-preview:-1"},"canonical":"https:\/\/luchonoticias.com\/editor\/mas-de-57-000-adultos-mayores-en-huila-reciben-el-subsidio-colombia-mayor\/","og_locale":"es_ES","og_type":"article","og_title":"M\u00e1s de 57.000 adultos mayores en Huila reciben el subsidio Colombia Mayor -","og_description":"El director regional de Prosperidad Social en Huila, Mauro S\u00e1nchez Zambrano, inform\u00f3 que desde este 19 de julio hasta el 1\u00b0 de agosto se realizar\u00e1 el s\u00e9ptimo ciclo de pagos de Colombia Mayor.","og_url":"https:\/\/luchonoticias.com\/editor\/mas-de-57-000-adultos-mayores-en-huila-reciben-el-subsidio-colombia-mayor\/","article_publisher":"https:\/\/www.facebook.com\/luchonoticiasneiva","article_published_time":"2024-07-28T10:20:08+00:00","og_image":[{"width":700,"height":400,"url":"https:\/\/luchonoticias.com\/editor\/wp-content\/uploads\/2024\/07\/pagos-colombia-mayor.jpg","type":"image\/jpeg"}],"author":"Editor General","twitter_card":"summary_large_image","twitter_misc":{"Escrito por":"Editor General","Tiempo de lectura":"2 minutos"},"schema":{"@context":"https:\/\/schema.org","@graph":[{"@type":"Article","@id":"https:\/\/luchonoticias.com\/editor\/mas-de-57-000-adultos-mayores-en-huila-reciben-el-subsidio-colombia-mayor\/#article","isPartOf":{"@id":"https:\/\/luchonoticias.com\/editor\/mas-de-57-000-adultos-mayores-en-huila-reciben-el-subsidio-colombia-mayor\/"},"author":{"name":"Editor General","@id":"https:\/\/luchonoticias.com\/editor\/#\/schema\/person\/29217990ddf6f14e35912b2866d591fb"},"headline":"M\u00e1s de 57.000 adultos mayores en Huila reciben el subsidio Colombia Mayor","datePublished":"2024-07-28T10:20:08+00:00","mainEntityOfPage":{"@id":"https:\/\/luchonoticias.com\/editor\/mas-de-57-000-adultos-mayores-en-huila-reciben-el-subsidio-colombia-mayor\/"},"wordCount":298,"publisher":{"@id":"https:\/\/luchonoticias.com\/editor\/#\/schema\/person\/7a7fd911f58561fd056dbac7b55af9cd"},"image":{"@id":"https:\/\/luchonoticias.com\/editor\/mas-de-57-000-adultos-mayores-en-huila-reciben-el-subsidio-colombia-mayor\/#primaryimage"},"thumbnailUrl":"https:\/\/luchonoticias.com\/editor\/wp-content\/uploads\/2024\/07\/pagos-colombia-mayor.jpg","articleSection":["Huila"],"inLanguage":"es"},{"@type":"WebPage","@id":"https:\/\/luchonoticias.com\/editor\/mas-de-57-000-adultos-mayores-en-huila-reciben-el-subsidio-colombia-mayor\/","url":"https:\/\/luchonoticias.com\/editor\/mas-de-57-000-adultos-mayores-en-huila-reciben-el-subsidio-colombia-mayor\/","name":"M\u00e1s de 57.000 adultos mayores en Huila reciben el subsidio Colombia Mayor -","isPartOf":{"@id":"https:\/\/luchonoticias.com\/editor\/#website"},"primaryImageOfPage":{"@id":"https:\/\/luchonoticias.com\/editor\/mas-de-57-000-adultos-mayores-en-huila-reciben-el-subsidio-colombia-mayor\/#primaryimage"},"image":{"@id":"https:\/\/luchonoticias.com\/editor\/mas-de-57-000-adultos-mayores-en-huila-reciben-el-subsidio-colombia-mayor\/#primaryimage"},"thumbnailUrl":"https:\/\/luchonoticias.com\/editor\/wp-content\/uploads\/2024\/07\/pagos-colombia-mayor.jpg","datePublished":"2024-07-28T10:20:08+00:00","description":"El director regional de Prosperidad Social en Huila, Mauro S\u00e1nchez Zambrano, inform\u00f3 que desde este 19 de julio hasta el 1\u00b0 de agosto se realizar\u00e1 el s\u00e9ptimo ciclo de pagos de Colombia Mayor.","breadcrumb":{"@id":"https:\/\/luchonoticias.com\/editor\/mas-de-57-000-adultos-mayores-en-huila-reciben-el-subsidio-colombia-mayor\/#breadcrumb"},"inLanguage":"es","potentialAction":[{"@type":"ReadAction","target":["https:\/\/luchonoticias.com\/editor\/mas-de-57-000-adultos-mayores-en-huila-reciben-el-subsidio-colombia-mayor\/"]}]},{"@type":"ImageObject","inLanguage":"es","@id":"https:\/\/luchonoticias.com\/editor\/mas-de-57-000-adultos-mayores-en-huila-reciben-el-subsidio-colombia-mayor\/#primaryimage","url":"https:\/\/luchonoticias.com\/editor\/wp-content\/uploads\/2024\/07\/pagos-colombia-mayor.jpg","contentUrl":"https:\/\/luchonoticias.com\/editor\/wp-content\/uploads\/2024\/07\/pagos-colombia-mayor.jpg","width":700,"height":400},{"@type":"BreadcrumbList","@id":"https:\/\/luchonoticias.com\/editor\/mas-de-57-000-adultos-mayores-en-huila-reciben-el-subsidio-colombia-mayor\/#breadcrumb","itemListElement":[{"@type":"ListItem","position":1,"name":"Portada","item":"https:\/\/luchonoticias.com\/editor\/"},{"@type":"ListItem","position":2,"name":"M\u00e1s de 57.000 adultos mayores en Huila reciben el subsidio Colombia Mayor"}]},{"@type":"WebSite","@id":"https:\/\/luchonoticias.com\/editor\/#website","url":"https:\/\/luchonoticias.com\/editor\/","name":"","description":"","publisher":{"@id":"https:\/\/luchonoticias.com\/editor\/#\/schema\/person\/7a7fd911f58561fd056dbac7b55af9cd"},"potentialAction":[{"@type":"SearchAction","target":{"@type":"EntryPoint","urlTemplate":"https:\/\/luchonoticias.com\/editor\/?s={search_term_string}"},"query-input":{"@type":"PropertyValueSpecification","valueRequired":true,"valueName":"search_term_string"}}],"inLanguage":"es"},{"@type":["Person","Organization"],"@id":"https:\/\/luchonoticias.com\/editor\/#\/schema\/person\/7a7fd911f58561fd056dbac7b55af9cd","name":"admin","image":{"@type":"ImageObject","inLanguage":"es","@id":"https:\/\/luchonoticias.com\/editor\/#\/schema\/person\/image\/","url":"https:\/\/luchonoticias.com\/editor\/wp-content\/uploads\/2024\/02\/cropped-cropped-logolu.webp","contentUrl":"https:\/\/luchonoticias.com\/editor\/wp-content\/uploads\/2024\/02\/cropped-cropped-logolu.webp","width":382,"height":170,"caption":"admin"},"logo":{"@id":"https:\/\/luchonoticias.com\/editor\/#\/schema\/person\/image\/"},"sameAs":["https:\/\/www.facebook.com\/luchonoticiasneiva"]},{"@type":"Person","@id":"https:\/\/luchonoticias.com\/editor\/#\/schema\/person\/29217990ddf6f14e35912b2866d591fb","name":"Editor General","image":{"@type":"ImageObject","inLanguage":"es","@id":"https:\/\/luchonoticias.com\/editor\/#\/schema\/person\/image\/","url":"https:\/\/luchonoticias.com\/editor\/wp-content\/uploads\/2024\/02\/cropped-cropped-logolu-150x150.webp","contentUrl":"https:\/\/luchonoticias.com\/editor\/wp-content\/uploads\/2024\/02\/cropped-cropped-logolu-150x150.webp","caption":"Editor General"},"sameAs":["https:\/\/luchonoticias.com\/"],"url":"https:\/\/luchonoticias.com\/editor\/author\/editor-general\/"}]}},"_links":{"self":[{"href":"https:\/\/luchonoticias.com\/editor\/wp-json\/wp\/v2\/posts\/75400","targetHints":{"allow":["GET"]}}],"collection":[{"href":"https:\/\/luchonoticias.com\/editor\/wp-json\/wp\/v2\/posts"}],"about":[{"href":"https:\/\/luchonoticias.com\/editor\/wp-json\/wp\/v2\/types\/post"}],"author":[{"embeddable":true,"href":"https:\/\/luchonoticias.com\/editor\/wp-json\/wp\/v2\/users\/2"}],"replies":[{"embeddable":true,"href":"https:\/\/luchonoticias.com\/editor\/wp-json\/wp\/v2\/comments?post=75400"}],"version-history":[{"count":1,"href":"https:\/\/luchonoticias.com\/editor\/wp-json\/wp\/v2\/posts\/75400\/revisions"}],"predecessor-version":[{"id":75402,"href":"https:\/\/luchonoticias.com\/editor\/wp-json\/wp\/v2\/posts\/75400\/revisions\/75402"}],"wp:featuredmedia":[{"embeddable":true,"href":"https:\/\/luchonoticias.com\/editor\/wp-json\/wp\/v2\/media\/75401"}],"wp:attachment":[{"href":"https:\/\/luchonoticias.com\/editor\/wp-json\/wp\/v2\/media?parent=75400"}],"wp:term":[{"taxonomy":"category","embeddable":true,"href":"https:\/\/luchonoticias.com\/editor\/wp-json\/wp\/v2\/categories?post=75400"},{"taxonomy":"post_tag","embeddable":true,"href":"https:\/\/luchonoticias.com\/editor\/wp-json\/wp\/v2\/tags?post=75400"}],"curies":[{"name":"wp","href":"https:\/\/api.w.org\/{rel}","templated":true}]}}