{"id":75413,"date":"2024-07-28T15:20:13","date_gmt":"2024-07-28T20:20:13","guid":{"rendered":"https:\/\/luchonoticias.com\/?p=75413"},"modified":"2024-07-28T15:20:13","modified_gmt":"2024-07-28T20:20:13","slug":"intervencion-medioambiental-en-pitalito","status":"publish","type":"post","link":"https:\/\/luchonoticias.com\/editor\/intervencion-medioambiental-en-pitalito\/","title":{"rendered":"Intervenci\u00f3n medioambiental en Pitalito"},"content":{"rendered":"<p>Durante el presente fin de semana la Polic\u00eda Huila adem\u00e1s de las acciones operativas contra el delito que viene realizando en Pitalito, adelanta diferentes campa\u00f1as de prevenci\u00f3n en sitios vulnerables, en aras de salvaguardar a ni\u00f1os, ni\u00f1as y adolescentes de ser v\u00edctimas de alg\u00fan delito sexual, del consumo de estupefacientes o la instrumentalizaci\u00f3n en alg\u00fan delito.<\/p>\n<p>De est\u00e1 manera, el d\u00eda de ayer se tomaron el polideportivo de barrio Popular, donde asistieron cientos de ni\u00f1os quienes bajo la mirada de suspadres o acompa\u00f1antes, recib\u00edan charlas de prevenci\u00f3n y como denunciar en caso de ser v\u00edctimas de alg\u00fan delito.<\/p>\n<p>Con bailes, juegos tradicionales y el gran show canino, los ni\u00f1os aprenden y se divierten de la mano con su Polic\u00eda Nacional.<\/p>\n<p>Igualmente, en coordinaci\u00f3n con el grupo de la Polic\u00eda C\u00edvica Juvenil, la Secretaria de Gobierno e Interaseo, realizaron una sembrat\u00f3n de m\u00e1s de 100 \u00e1rboles de la especie Nacedero en el parque La Nutria, ubicado entre los barrios Trinidad y Libertador, con el fin de propender por el cuidado de las zonas adyacentes al rio Guarapas, una importante fuente h\u00eddrica que se encuentra en recuperaci\u00f3n desde hace varios d\u00edas en el Valle de Laboyos.<\/p>\n<p>Estas actividades son realizadas en el marco del Nuevo Modelo del Servicio de Polic\u00eda orientado a las personas y los territorios, generando un trabajo conjunto entre Polic\u00eda, Comunidad y Autoridades Pol\u00edtico Administrativas, con El \u00fanico fin de buscar atender de manera oportuna aquellos factores de riesgo que puedan afectar la convivencia y seguridad ciudadana.<\/p>\n","protected":false},"excerpt":{"rendered":"<p>El Departamento de Polic\u00eda Huila viene interviniendo con campa\u00f1as de prevenci\u00f3n en el Valle de Laboyos, con el \u00fanico fin de arrebatarle a la delincuencia a los ni\u00f1os, ni\u00f1as y adolescentes y propendiendo por el cuidado y conservaci\u00f3n del medio ambiente.<\/p>\n","protected":false},"author":2,"featured_media":75414,"comment_status":"closed","ping_status":"open","sticky":false,"template":"","format":"standard","meta":{"footnotes":""},"categories":[33],"tags":[],"class_list":["post-75413","post","type-post","status-publish","format-standard","has-post-thumbnail","hentry","category-huila"],"yoast_head":"<!-- This site is optimized with the Yoast SEO plugin v26.6 - https:\/\/yoast.com\/wordpress\/plugins\/seo\/ -->\n<title>Intervenci\u00f3n medioambiental en Pitalito -<\/title>\n<meta name=\"description\" content=\"El Departamento de Polic\u00eda Huila viene interviniendo con campa\u00f1as de prevenci\u00f3n en el Valle de Laboyos, con el \u00fanico fin de arrebatarle a la delincuencia a los ni\u00f1os, ni\u00f1as y adolescentes y propendiendo por el cuidado y conservaci\u00f3n del medio ambiente\" \/>\n<meta name=\"robots\" content=\"index, follow, max-snippet:-1, max-image-preview:large, max-video-preview:-1\" \/>\n<link rel=\"canonical\" href=\"https:\/\/luchonoticias.com\/editor\/intervencion-medioambiental-en-pitalito\/\" \/>\n<meta property=\"og:locale\" content=\"es_ES\" \/>\n<meta property=\"og:type\" content=\"article\" \/>\n<meta property=\"og:title\" content=\"Intervenci\u00f3n medioambiental en Pitalito -\" \/>\n<meta property=\"og:description\" content=\"El Departamento de Polic\u00eda Huila viene interviniendo con campa\u00f1as de prevenci\u00f3n en el Valle de Laboyos, con el \u00fanico fin de arrebatarle a la delincuencia a los ni\u00f1os, ni\u00f1as y adolescentes y propendiendo por el cuidado y conservaci\u00f3n del medio ambiente\" \/>\n<meta property=\"og:url\" content=\"https:\/\/luchonoticias.com\/editor\/intervencion-medioambiental-en-pitalito\/\" \/>\n<meta property=\"article:publisher\" content=\"https:\/\/www.facebook.com\/luchonoticiasneiva\" \/>\n<meta property=\"article:published_time\" content=\"2024-07-28T20:20:13+00:00\" \/>\n<meta property=\"og:image\" content=\"https:\/\/luchonoticias.com\/editor\/wp-content\/uploads\/2024\/07\/medio-ambiente-pitalito.jpg\" \/>\n\t<meta property=\"og:image:width\" content=\"700\" \/>\n\t<meta property=\"og:image:height\" content=\"400\" \/>\n\t<meta property=\"og:image:type\" content=\"image\/jpeg\" \/>\n<meta name=\"author\" content=\"Editor General\" \/>\n<meta name=\"twitter:card\" content=\"summary_large_image\" \/>\n<meta name=\"twitter:label1\" content=\"Escrito por\" \/>\n\t<meta name=\"twitter:data1\" content=\"Editor General\" \/>\n\t<meta name=\"twitter:label2\" content=\"Tiempo de lectura\" \/>\n\t<meta name=\"twitter:data2\" content=\"2 minutos\" \/>\n<script type=\"application\/ld+json\" class=\"yoast-schema-graph\">{\"@context\":\"https:\/\/schema.org\",\"@graph\":[{\"@type\":\"Article\",\"@id\":\"https:\/\/luchonoticias.com\/editor\/intervencion-medioambiental-en-pitalito\/#article\",\"isPartOf\":{\"@id\":\"https:\/\/luchonoticias.com\/editor\/intervencion-medioambiental-en-pitalito\/\"},\"author\":{\"name\":\"Editor General\",\"@id\":\"https:\/\/luchonoticias.com\/editor\/#\/schema\/person\/29217990ddf6f14e35912b2866d591fb\"},\"headline\":\"Intervenci\u00f3n medioambiental en Pitalito\",\"datePublished\":\"2024-07-28T20:20:13+00:00\",\"mainEntityOfPage\":{\"@id\":\"https:\/\/luchonoticias.com\/editor\/intervencion-medioambiental-en-pitalito\/\"},\"wordCount\":282,\"publisher\":{\"@id\":\"https:\/\/luchonoticias.com\/editor\/#\/schema\/person\/7a7fd911f58561fd056dbac7b55af9cd\"},\"image\":{\"@id\":\"https:\/\/luchonoticias.com\/editor\/intervencion-medioambiental-en-pitalito\/#primaryimage\"},\"thumbnailUrl\":\"https:\/\/luchonoticias.com\/editor\/wp-content\/uploads\/2024\/07\/medio-ambiente-pitalito.jpg\",\"articleSection\":[\"Huila\"],\"inLanguage\":\"es\"},{\"@type\":\"WebPage\",\"@id\":\"https:\/\/luchonoticias.com\/editor\/intervencion-medioambiental-en-pitalito\/\",\"url\":\"https:\/\/luchonoticias.com\/editor\/intervencion-medioambiental-en-pitalito\/\",\"name\":\"Intervenci\u00f3n medioambiental en Pitalito -\",\"isPartOf\":{\"@id\":\"https:\/\/luchonoticias.com\/editor\/#website\"},\"primaryImageOfPage\":{\"@id\":\"https:\/\/luchonoticias.com\/editor\/intervencion-medioambiental-en-pitalito\/#primaryimage\"},\"image\":{\"@id\":\"https:\/\/luchonoticias.com\/editor\/intervencion-medioambiental-en-pitalito\/#primaryimage\"},\"thumbnailUrl\":\"https:\/\/luchonoticias.com\/editor\/wp-content\/uploads\/2024\/07\/medio-ambiente-pitalito.jpg\",\"datePublished\":\"2024-07-28T20:20:13+00:00\",\"description\":\"El Departamento de Polic\u00eda Huila viene interviniendo con campa\u00f1as de prevenci\u00f3n en el Valle de Laboyos, con el \u00fanico fin de arrebatarle a la delincuencia a los ni\u00f1os, ni\u00f1as y adolescentes y propendiendo por el cuidado y conservaci\u00f3n del medio ambiente\",\"breadcrumb\":{\"@id\":\"https:\/\/luchonoticias.com\/editor\/intervencion-medioambiental-en-pitalito\/#breadcrumb\"},\"inLanguage\":\"es\",\"potentialAction\":[{\"@type\":\"ReadAction\",\"target\":[\"https:\/\/luchonoticias.com\/editor\/intervencion-medioambiental-en-pitalito\/\"]}]},{\"@type\":\"ImageObject\",\"inLanguage\":\"es\",\"@id\":\"https:\/\/luchonoticias.com\/editor\/intervencion-medioambiental-en-pitalito\/#primaryimage\",\"url\":\"https:\/\/luchonoticias.com\/editor\/wp-content\/uploads\/2024\/07\/medio-ambiente-pitalito.jpg\",\"contentUrl\":\"https:\/\/luchonoticias.com\/editor\/wp-content\/uploads\/2024\/07\/medio-ambiente-pitalito.jpg\",\"width\":700,\"height\":400},{\"@type\":\"BreadcrumbList\",\"@id\":\"https:\/\/luchonoticias.com\/editor\/intervencion-medioambiental-en-pitalito\/#breadcrumb\",\"itemListElement\":[{\"@type\":\"ListItem\",\"position\":1,\"name\":\"Portada\",\"item\":\"https:\/\/luchonoticias.com\/editor\/\"},{\"@type\":\"ListItem\",\"position\":2,\"name\":\"Intervenci\u00f3n medioambiental en Pitalito\"}]},{\"@type\":\"WebSite\",\"@id\":\"https:\/\/luchonoticias.com\/editor\/#website\",\"url\":\"https:\/\/luchonoticias.com\/editor\/\",\"name\":\"\",\"description\":\"\",\"publisher\":{\"@id\":\"https:\/\/luchonoticias.com\/editor\/#\/schema\/person\/7a7fd911f58561fd056dbac7b55af9cd\"},\"potentialAction\":[{\"@type\":\"SearchAction\",\"target\":{\"@type\":\"EntryPoint\",\"urlTemplate\":\"https:\/\/luchonoticias.com\/editor\/?s={search_term_string}\"},\"query-input\":{\"@type\":\"PropertyValueSpecification\",\"valueRequired\":true,\"valueName\":\"search_term_string\"}}],\"inLanguage\":\"es\"},{\"@type\":[\"Person\",\"Organization\"],\"@id\":\"https:\/\/luchonoticias.com\/editor\/#\/schema\/person\/7a7fd911f58561fd056dbac7b55af9cd\",\"name\":\"admin\",\"image\":{\"@type\":\"ImageObject\",\"inLanguage\":\"es\",\"@id\":\"https:\/\/luchonoticias.com\/editor\/#\/schema\/person\/image\/\",\"url\":\"https:\/\/luchonoticias.com\/editor\/wp-content\/uploads\/2024\/02\/cropped-cropped-logolu.webp\",\"contentUrl\":\"https:\/\/luchonoticias.com\/editor\/wp-content\/uploads\/2024\/02\/cropped-cropped-logolu.webp\",\"width\":382,\"height\":170,\"caption\":\"admin\"},\"logo\":{\"@id\":\"https:\/\/luchonoticias.com\/editor\/#\/schema\/person\/image\/\"},\"sameAs\":[\"https:\/\/www.facebook.com\/luchonoticiasneiva\"]},{\"@type\":\"Person\",\"@id\":\"https:\/\/luchonoticias.com\/editor\/#\/schema\/person\/29217990ddf6f14e35912b2866d591fb\",\"name\":\"Editor General\",\"image\":{\"@type\":\"ImageObject\",\"inLanguage\":\"es\",\"@id\":\"https:\/\/luchonoticias.com\/editor\/#\/schema\/person\/image\/\",\"url\":\"https:\/\/luchonoticias.com\/editor\/wp-content\/uploads\/2024\/02\/cropped-cropped-logolu-150x150.webp\",\"contentUrl\":\"https:\/\/luchonoticias.com\/editor\/wp-content\/uploads\/2024\/02\/cropped-cropped-logolu-150x150.webp\",\"caption\":\"Editor General\"},\"sameAs\":[\"https:\/\/luchonoticias.com\/\"],\"url\":\"https:\/\/luchonoticias.com\/editor\/author\/editor-general\/\"}]}<\/script>\n<!-- \/ Yoast SEO plugin. -->","yoast_head_json":{"title":"Intervenci\u00f3n medioambiental en Pitalito -","description":"El Departamento de Polic\u00eda Huila viene interviniendo con campa\u00f1as de prevenci\u00f3n en el Valle de Laboyos, con el \u00fanico fin de arrebatarle a la delincuencia a los ni\u00f1os, ni\u00f1as y adolescentes y propendiendo por el cuidado y conservaci\u00f3n del medio ambiente","robots":{"index":"index","follow":"follow","max-snippet":"max-snippet:-1","max-image-preview":"max-image-preview:large","max-video-preview":"max-video-preview:-1"},"canonical":"https:\/\/luchonoticias.com\/editor\/intervencion-medioambiental-en-pitalito\/","og_locale":"es_ES","og_type":"article","og_title":"Intervenci\u00f3n medioambiental en Pitalito -","og_description":"El Departamento de Polic\u00eda Huila viene interviniendo con campa\u00f1as de prevenci\u00f3n en el Valle de Laboyos, con el \u00fanico fin de arrebatarle a la delincuencia a los ni\u00f1os, ni\u00f1as y adolescentes y propendiendo por el cuidado y conservaci\u00f3n del medio ambiente","og_url":"https:\/\/luchonoticias.com\/editor\/intervencion-medioambiental-en-pitalito\/","article_publisher":"https:\/\/www.facebook.com\/luchonoticiasneiva","article_published_time":"2024-07-28T20:20:13+00:00","og_image":[{"width":700,"height":400,"url":"https:\/\/luchonoticias.com\/editor\/wp-content\/uploads\/2024\/07\/medio-ambiente-pitalito.jpg","type":"image\/jpeg"}],"author":"Editor General","twitter_card":"summary_large_image","twitter_misc":{"Escrito por":"Editor General","Tiempo de lectura":"2 minutos"},"schema":{"@context":"https:\/\/schema.org","@graph":[{"@type":"Article","@id":"https:\/\/luchonoticias.com\/editor\/intervencion-medioambiental-en-pitalito\/#article","isPartOf":{"@id":"https:\/\/luchonoticias.com\/editor\/intervencion-medioambiental-en-pitalito\/"},"author":{"name":"Editor General","@id":"https:\/\/luchonoticias.com\/editor\/#\/schema\/person\/29217990ddf6f14e35912b2866d591fb"},"headline":"Intervenci\u00f3n medioambiental en Pitalito","datePublished":"2024-07-28T20:20:13+00:00","mainEntityOfPage":{"@id":"https:\/\/luchonoticias.com\/editor\/intervencion-medioambiental-en-pitalito\/"},"wordCount":282,"publisher":{"@id":"https:\/\/luchonoticias.com\/editor\/#\/schema\/person\/7a7fd911f58561fd056dbac7b55af9cd"},"image":{"@id":"https:\/\/luchonoticias.com\/editor\/intervencion-medioambiental-en-pitalito\/#primaryimage"},"thumbnailUrl":"https:\/\/luchonoticias.com\/editor\/wp-content\/uploads\/2024\/07\/medio-ambiente-pitalito.jpg","articleSection":["Huila"],"inLanguage":"es"},{"@type":"WebPage","@id":"https:\/\/luchonoticias.com\/editor\/intervencion-medioambiental-en-pitalito\/","url":"https:\/\/luchonoticias.com\/editor\/intervencion-medioambiental-en-pitalito\/","name":"Intervenci\u00f3n medioambiental en Pitalito -","isPartOf":{"@id":"https:\/\/luchonoticias.com\/editor\/#website"},"primaryImageOfPage":{"@id":"https:\/\/luchonoticias.com\/editor\/intervencion-medioambiental-en-pitalito\/#primaryimage"},"image":{"@id":"https:\/\/luchonoticias.com\/editor\/intervencion-medioambiental-en-pitalito\/#primaryimage"},"thumbnailUrl":"https:\/\/luchonoticias.com\/editor\/wp-content\/uploads\/2024\/07\/medio-ambiente-pitalito.jpg","datePublished":"2024-07-28T20:20:13+00:00","description":"El Departamento de Polic\u00eda Huila viene interviniendo con campa\u00f1as de prevenci\u00f3n en el Valle de Laboyos, con el \u00fanico fin de arrebatarle a la delincuencia a los ni\u00f1os, ni\u00f1as y adolescentes y propendiendo por el cuidado y conservaci\u00f3n del medio ambiente","breadcrumb":{"@id":"https:\/\/luchonoticias.com\/editor\/intervencion-medioambiental-en-pitalito\/#breadcrumb"},"inLanguage":"es","potentialAction":[{"@type":"ReadAction","target":["https:\/\/luchonoticias.com\/editor\/intervencion-medioambiental-en-pitalito\/"]}]},{"@type":"ImageObject","inLanguage":"es","@id":"https:\/\/luchonoticias.com\/editor\/intervencion-medioambiental-en-pitalito\/#primaryimage","url":"https:\/\/luchonoticias.com\/editor\/wp-content\/uploads\/2024\/07\/medio-ambiente-pitalito.jpg","contentUrl":"https:\/\/luchonoticias.com\/editor\/wp-content\/uploads\/2024\/07\/medio-ambiente-pitalito.jpg","width":700,"height":400},{"@type":"BreadcrumbList","@id":"https:\/\/luchonoticias.com\/editor\/intervencion-medioambiental-en-pitalito\/#breadcrumb","itemListElement":[{"@type":"ListItem","position":1,"name":"Portada","item":"https:\/\/luchonoticias.com\/editor\/"},{"@type":"ListItem","position":2,"name":"Intervenci\u00f3n medioambiental en Pitalito"}]},{"@type":"WebSite","@id":"https:\/\/luchonoticias.com\/editor\/#website","url":"https:\/\/luchonoticias.com\/editor\/","name":"","description":"","publisher":{"@id":"https:\/\/luchonoticias.com\/editor\/#\/schema\/person\/7a7fd911f58561fd056dbac7b55af9cd"},"potentialAction":[{"@type":"SearchAction","target":{"@type":"EntryPoint","urlTemplate":"https:\/\/luchonoticias.com\/editor\/?s={search_term_string}"},"query-input":{"@type":"PropertyValueSpecification","valueRequired":true,"valueName":"search_term_string"}}],"inLanguage":"es"},{"@type":["Person","Organization"],"@id":"https:\/\/luchonoticias.com\/editor\/#\/schema\/person\/7a7fd911f58561fd056dbac7b55af9cd","name":"admin","image":{"@type":"ImageObject","inLanguage":"es","@id":"https:\/\/luchonoticias.com\/editor\/#\/schema\/person\/image\/","url":"https:\/\/luchonoticias.com\/editor\/wp-content\/uploads\/2024\/02\/cropped-cropped-logolu.webp","contentUrl":"https:\/\/luchonoticias.com\/editor\/wp-content\/uploads\/2024\/02\/cropped-cropped-logolu.webp","width":382,"height":170,"caption":"admin"},"logo":{"@id":"https:\/\/luchonoticias.com\/editor\/#\/schema\/person\/image\/"},"sameAs":["https:\/\/www.facebook.com\/luchonoticiasneiva"]},{"@type":"Person","@id":"https:\/\/luchonoticias.com\/editor\/#\/schema\/person\/29217990ddf6f14e35912b2866d591fb","name":"Editor General","image":{"@type":"ImageObject","inLanguage":"es","@id":"https:\/\/luchonoticias.com\/editor\/#\/schema\/person\/image\/","url":"https:\/\/luchonoticias.com\/editor\/wp-content\/uploads\/2024\/02\/cropped-cropped-logolu-150x150.webp","contentUrl":"https:\/\/luchonoticias.com\/editor\/wp-content\/uploads\/2024\/02\/cropped-cropped-logolu-150x150.webp","caption":"Editor General"},"sameAs":["https:\/\/luchonoticias.com\/"],"url":"https:\/\/luchonoticias.com\/editor\/author\/editor-general\/"}]}},"_links":{"self":[{"href":"https:\/\/luchonoticias.com\/editor\/wp-json\/wp\/v2\/posts\/75413","targetHints":{"allow":["GET"]}}],"collection":[{"href":"https:\/\/luchonoticias.com\/editor\/wp-json\/wp\/v2\/posts"}],"about":[{"href":"https:\/\/luchonoticias.com\/editor\/wp-json\/wp\/v2\/types\/post"}],"author":[{"embeddable":true,"href":"https:\/\/luchonoticias.com\/editor\/wp-json\/wp\/v2\/users\/2"}],"replies":[{"embeddable":true,"href":"https:\/\/luchonoticias.com\/editor\/wp-json\/wp\/v2\/comments?post=75413"}],"version-history":[{"count":1,"href":"https:\/\/luchonoticias.com\/editor\/wp-json\/wp\/v2\/posts\/75413\/revisions"}],"predecessor-version":[{"id":75415,"href":"https:\/\/luchonoticias.com\/editor\/wp-json\/wp\/v2\/posts\/75413\/revisions\/75415"}],"wp:featuredmedia":[{"embeddable":true,"href":"https:\/\/luchonoticias.com\/editor\/wp-json\/wp\/v2\/media\/75414"}],"wp:attachment":[{"href":"https:\/\/luchonoticias.com\/editor\/wp-json\/wp\/v2\/media?parent=75413"}],"wp:term":[{"taxonomy":"category","embeddable":true,"href":"https:\/\/luchonoticias.com\/editor\/wp-json\/wp\/v2\/categories?post=75413"},{"taxonomy":"post_tag","embeddable":true,"href":"https:\/\/luchonoticias.com\/editor\/wp-json\/wp\/v2\/tags?post=75413"}],"curies":[{"name":"wp","href":"https:\/\/api.w.org\/{rel}","templated":true}]}}