{"id":75422,"date":"2024-07-29T05:13:40","date_gmt":"2024-07-29T10:13:40","guid":{"rendered":"https:\/\/luchonoticias.com\/?p=75422"},"modified":"2024-07-29T05:13:40","modified_gmt":"2024-07-29T10:13:40","slug":"desarticulado-grupo-los-espanoles-en-pitalito","status":"publish","type":"post","link":"https:\/\/luchonoticias.com\/editor\/desarticulado-grupo-los-espanoles-en-pitalito\/","title":{"rendered":"Desarticulado grupo Los Espa\u00f1oles en Pitalito"},"content":{"rendered":"<p>En una investigaci\u00f3n de m\u00e1s 8 meses liderada por el grupo de Polic\u00eda Judicial de Infancia y Adolescencia, y en coordinaci\u00f3n con Inteligencia Policial, se logr\u00f3 la desarticulaci\u00f3n de un grupo criminal denominado \u2018Los Espa\u00f1oles\u2019, los cuales, ven\u00edan afectando notablemente la seguridad en el Valle de Laboyos con hurtos en diferentes modalidades, tr\u00e1fico de estupefacientes y la instrumentalizaci\u00f3n de menores en diferentes delitos.<\/p>\n<p>Durante el proceso judicial, lograron recopilar evidencias en la que este grupo delincuencial realizaba al menos 15 hurtos en el transcurso de la semana, sobre el sector del barrio Popular, Divino Ni\u00f1o, Los Cristales, sector de la galer\u00eda, entre otros, teniendo como principales v\u00edctimas los trabajadores de las empresas de servicio publico (luz, agua, gas, televisi\u00f3n por cable, conductores de servicio p\u00fablico, domiciliarios, repartidores de tiendas, entre otros) que llegaban a la zona a petici\u00f3n de la ciudadan\u00eda.<\/p>\n<p>Igualmente, est\u00e1n siendo investigados como colaboradores en el homicidio de un taxista en el mes de marzo del presente a\u00f1o, en el barrio Popular, hechos acontecidos en medio de un atraco a mano armada, y en el que fueron aprehendidos 2 adolescente miembros de esta estructura, los cuales hoy est\u00e1n con una medida de internamiento. As\u00ed mismo, se tiene documentado el hurto a un ciudadano de este mismo gremio (taxista), el cual, perdi\u00f3 una oreja en medio de un hurto, luego de recibir un disparo con arma de fuego.<\/p>\n<p>Por todo lo anterior, se hicieron efectivas 4 ordenes de registro y allanamiento en el barrio Popular, donde contaron el apoyo de la Patrulla SIART y su dron, en el cual, quedo evidenciado como desde una vivienda intentan deshacerse de un bolso negro con estupefacientes.<\/p>\n<p>En las diligencias, fueron aprehendidos 5 adolescentes y 2 adultos por orden judicial, requeridos por los delitos de concierto para delinquir, hurto calificado y agravado e instrumentalizaci\u00f3n de menores para la comisi\u00f3n de delitos. Igualmente, una adolescente fue aprehendida con el bolso negro que portaba los estupefacientes y otros elementos para la dosificaci\u00f3n y empacado de los mismos.<\/p>\n<p>Seg\u00fan el coronel Carlos T\u00e9llez, comandante del Departamento de Polic\u00eda Huila, con esta desarticulaci\u00f3n, ya son 4 las operaciones contra bandas delincuenciales en el Pitalito, lo que nos ha permitido una reducci\u00f3n importante en el hurto a personas en un -24%, a motocicletas en -21% y en el hurto a comercio en un 46%.<\/p>\n<p>En las audiencias de legalizaci\u00f3n de captura, los menores aprehendidos y uno de los adultos aceptaron los cargos imputados por la Fiscal\u00eda, a la espera que se les defina su situaci\u00f3n judicial.<\/p>\n","protected":false},"excerpt":{"rendered":"<p>En la ejecuci\u00f3n operacional contra las bandas criminales en Pitalito, la Polic\u00eda Huila logr\u00f3 la desarticulaci\u00f3n de un grupo criminal, que venia afectando la seguridad en el casco urbano y sectores aleda\u00f1os, ejecutando hurtos a mano armada y raponazos. Sus principales v\u00edctimas, los funcionarios de empresas publicas de agua, luz, gas y televisi\u00f3n por cable que llegaban a su zona de injerencia a realizar trabajos a petici\u00f3n de los clientes.      <\/p>\n","protected":false},"author":2,"featured_media":75423,"comment_status":"closed","ping_status":"open","sticky":false,"template":"","format":"standard","meta":{"footnotes":""},"categories":[29],"tags":[],"class_list":["post-75422","post","type-post","status-publish","format-standard","has-post-thumbnail","hentry","category-judicial"],"yoast_head":"<!-- This site is optimized with the Yoast SEO plugin v26.6 - https:\/\/yoast.com\/wordpress\/plugins\/seo\/ -->\n<title>Desarticulado grupo Los Espa\u00f1oles en Pitalito -<\/title>\n<meta name=\"description\" content=\"En la ejecuci\u00f3n operacional contra las bandas criminales en Pitalito, la Polic\u00eda Huila logr\u00f3 la desarticulaci\u00f3n de un grupo criminal, que venia afectando la seguridad en el casco urbano y sectores aleda\u00f1os, ejecutando hurtos a mano armada y raponazos. Sus principales v\u00edctimas, los funcionarios de empresas publicas de agua, luz, gas y televisi\u00f3n por cable que llegaban a su zona de injerencia a realizar trabajos a petici\u00f3n de los clientes.\" \/>\n<meta name=\"robots\" content=\"index, follow, max-snippet:-1, max-image-preview:large, max-video-preview:-1\" \/>\n<link rel=\"canonical\" href=\"https:\/\/luchonoticias.com\/editor\/desarticulado-grupo-los-espanoles-en-pitalito\/\" \/>\n<meta property=\"og:locale\" content=\"es_ES\" \/>\n<meta property=\"og:type\" content=\"article\" \/>\n<meta property=\"og:title\" content=\"Desarticulado grupo Los Espa\u00f1oles en Pitalito -\" \/>\n<meta property=\"og:description\" content=\"En la ejecuci\u00f3n operacional contra las bandas criminales en Pitalito, la Polic\u00eda Huila logr\u00f3 la desarticulaci\u00f3n de un grupo criminal, que venia afectando la seguridad en el casco urbano y sectores aleda\u00f1os, ejecutando hurtos a mano armada y raponazos. Sus principales v\u00edctimas, los funcionarios de empresas publicas de agua, luz, gas y televisi\u00f3n por cable que llegaban a su zona de injerencia a realizar trabajos a petici\u00f3n de los clientes.\" \/>\n<meta property=\"og:url\" content=\"https:\/\/luchonoticias.com\/editor\/desarticulado-grupo-los-espanoles-en-pitalito\/\" \/>\n<meta property=\"article:publisher\" content=\"https:\/\/www.facebook.com\/luchonoticiasneiva\" \/>\n<meta property=\"article:published_time\" content=\"2024-07-29T10:13:40+00:00\" \/>\n<meta property=\"og:image\" content=\"https:\/\/luchonoticias.com\/editor\/wp-content\/uploads\/2024\/07\/detencion-pitalito.jpg\" \/>\n\t<meta property=\"og:image:width\" content=\"700\" \/>\n\t<meta property=\"og:image:height\" content=\"400\" \/>\n\t<meta property=\"og:image:type\" content=\"image\/jpeg\" \/>\n<meta name=\"author\" content=\"Editor General\" \/>\n<meta name=\"twitter:card\" content=\"summary_large_image\" \/>\n<meta name=\"twitter:label1\" content=\"Escrito por\" \/>\n\t<meta name=\"twitter:data1\" content=\"Editor General\" \/>\n\t<meta name=\"twitter:label2\" content=\"Tiempo de lectura\" \/>\n\t<meta name=\"twitter:data2\" content=\"3 minutos\" \/>\n<script type=\"application\/ld+json\" class=\"yoast-schema-graph\">{\"@context\":\"https:\/\/schema.org\",\"@graph\":[{\"@type\":\"Article\",\"@id\":\"https:\/\/luchonoticias.com\/editor\/desarticulado-grupo-los-espanoles-en-pitalito\/#article\",\"isPartOf\":{\"@id\":\"https:\/\/luchonoticias.com\/editor\/desarticulado-grupo-los-espanoles-en-pitalito\/\"},\"author\":{\"name\":\"Editor General\",\"@id\":\"https:\/\/luchonoticias.com\/editor\/#\/schema\/person\/29217990ddf6f14e35912b2866d591fb\"},\"headline\":\"Desarticulado grupo Los Espa\u00f1oles en Pitalito\",\"datePublished\":\"2024-07-29T10:13:40+00:00\",\"mainEntityOfPage\":{\"@id\":\"https:\/\/luchonoticias.com\/editor\/desarticulado-grupo-los-espanoles-en-pitalito\/\"},\"wordCount\":448,\"publisher\":{\"@id\":\"https:\/\/luchonoticias.com\/editor\/#\/schema\/person\/7a7fd911f58561fd056dbac7b55af9cd\"},\"image\":{\"@id\":\"https:\/\/luchonoticias.com\/editor\/desarticulado-grupo-los-espanoles-en-pitalito\/#primaryimage\"},\"thumbnailUrl\":\"https:\/\/luchonoticias.com\/editor\/wp-content\/uploads\/2024\/07\/detencion-pitalito.jpg\",\"articleSection\":[\"Judicial\"],\"inLanguage\":\"es\"},{\"@type\":\"WebPage\",\"@id\":\"https:\/\/luchonoticias.com\/editor\/desarticulado-grupo-los-espanoles-en-pitalito\/\",\"url\":\"https:\/\/luchonoticias.com\/editor\/desarticulado-grupo-los-espanoles-en-pitalito\/\",\"name\":\"Desarticulado grupo Los Espa\u00f1oles en Pitalito -\",\"isPartOf\":{\"@id\":\"https:\/\/luchonoticias.com\/editor\/#website\"},\"primaryImageOfPage\":{\"@id\":\"https:\/\/luchonoticias.com\/editor\/desarticulado-grupo-los-espanoles-en-pitalito\/#primaryimage\"},\"image\":{\"@id\":\"https:\/\/luchonoticias.com\/editor\/desarticulado-grupo-los-espanoles-en-pitalito\/#primaryimage\"},\"thumbnailUrl\":\"https:\/\/luchonoticias.com\/editor\/wp-content\/uploads\/2024\/07\/detencion-pitalito.jpg\",\"datePublished\":\"2024-07-29T10:13:40+00:00\",\"description\":\"En la ejecuci\u00f3n operacional contra las bandas criminales en Pitalito, la Polic\u00eda Huila logr\u00f3 la desarticulaci\u00f3n de un grupo criminal, que venia afectando la seguridad en el casco urbano y sectores aleda\u00f1os, ejecutando hurtos a mano armada y raponazos. Sus principales v\u00edctimas, los funcionarios de empresas publicas de agua, luz, gas y televisi\u00f3n por cable que llegaban a su zona de injerencia a realizar trabajos a petici\u00f3n de los clientes.\",\"breadcrumb\":{\"@id\":\"https:\/\/luchonoticias.com\/editor\/desarticulado-grupo-los-espanoles-en-pitalito\/#breadcrumb\"},\"inLanguage\":\"es\",\"potentialAction\":[{\"@type\":\"ReadAction\",\"target\":[\"https:\/\/luchonoticias.com\/editor\/desarticulado-grupo-los-espanoles-en-pitalito\/\"]}]},{\"@type\":\"ImageObject\",\"inLanguage\":\"es\",\"@id\":\"https:\/\/luchonoticias.com\/editor\/desarticulado-grupo-los-espanoles-en-pitalito\/#primaryimage\",\"url\":\"https:\/\/luchonoticias.com\/editor\/wp-content\/uploads\/2024\/07\/detencion-pitalito.jpg\",\"contentUrl\":\"https:\/\/luchonoticias.com\/editor\/wp-content\/uploads\/2024\/07\/detencion-pitalito.jpg\",\"width\":700,\"height\":400},{\"@type\":\"BreadcrumbList\",\"@id\":\"https:\/\/luchonoticias.com\/editor\/desarticulado-grupo-los-espanoles-en-pitalito\/#breadcrumb\",\"itemListElement\":[{\"@type\":\"ListItem\",\"position\":1,\"name\":\"Portada\",\"item\":\"https:\/\/luchonoticias.com\/editor\/\"},{\"@type\":\"ListItem\",\"position\":2,\"name\":\"Desarticulado grupo Los Espa\u00f1oles en Pitalito\"}]},{\"@type\":\"WebSite\",\"@id\":\"https:\/\/luchonoticias.com\/editor\/#website\",\"url\":\"https:\/\/luchonoticias.com\/editor\/\",\"name\":\"\",\"description\":\"\",\"publisher\":{\"@id\":\"https:\/\/luchonoticias.com\/editor\/#\/schema\/person\/7a7fd911f58561fd056dbac7b55af9cd\"},\"potentialAction\":[{\"@type\":\"SearchAction\",\"target\":{\"@type\":\"EntryPoint\",\"urlTemplate\":\"https:\/\/luchonoticias.com\/editor\/?s={search_term_string}\"},\"query-input\":{\"@type\":\"PropertyValueSpecification\",\"valueRequired\":true,\"valueName\":\"search_term_string\"}}],\"inLanguage\":\"es\"},{\"@type\":[\"Person\",\"Organization\"],\"@id\":\"https:\/\/luchonoticias.com\/editor\/#\/schema\/person\/7a7fd911f58561fd056dbac7b55af9cd\",\"name\":\"admin\",\"image\":{\"@type\":\"ImageObject\",\"inLanguage\":\"es\",\"@id\":\"https:\/\/luchonoticias.com\/editor\/#\/schema\/person\/image\/\",\"url\":\"https:\/\/luchonoticias.com\/editor\/wp-content\/uploads\/2024\/02\/cropped-cropped-logolu.webp\",\"contentUrl\":\"https:\/\/luchonoticias.com\/editor\/wp-content\/uploads\/2024\/02\/cropped-cropped-logolu.webp\",\"width\":382,\"height\":170,\"caption\":\"admin\"},\"logo\":{\"@id\":\"https:\/\/luchonoticias.com\/editor\/#\/schema\/person\/image\/\"},\"sameAs\":[\"https:\/\/www.facebook.com\/luchonoticiasneiva\"]},{\"@type\":\"Person\",\"@id\":\"https:\/\/luchonoticias.com\/editor\/#\/schema\/person\/29217990ddf6f14e35912b2866d591fb\",\"name\":\"Editor General\",\"image\":{\"@type\":\"ImageObject\",\"inLanguage\":\"es\",\"@id\":\"https:\/\/luchonoticias.com\/editor\/#\/schema\/person\/image\/\",\"url\":\"https:\/\/luchonoticias.com\/editor\/wp-content\/uploads\/2024\/02\/cropped-cropped-logolu-150x150.webp\",\"contentUrl\":\"https:\/\/luchonoticias.com\/editor\/wp-content\/uploads\/2024\/02\/cropped-cropped-logolu-150x150.webp\",\"caption\":\"Editor General\"},\"sameAs\":[\"https:\/\/luchonoticias.com\/\"],\"url\":\"https:\/\/luchonoticias.com\/editor\/author\/editor-general\/\"}]}<\/script>\n<!-- \/ Yoast SEO plugin. -->","yoast_head_json":{"title":"Desarticulado grupo Los Espa\u00f1oles en Pitalito -","description":"En la ejecuci\u00f3n operacional contra las bandas criminales en Pitalito, la Polic\u00eda Huila logr\u00f3 la desarticulaci\u00f3n de un grupo criminal, que venia afectando la seguridad en el casco urbano y sectores aleda\u00f1os, ejecutando hurtos a mano armada y raponazos. Sus principales v\u00edctimas, los funcionarios de empresas publicas de agua, luz, gas y televisi\u00f3n por cable que llegaban a su zona de injerencia a realizar trabajos a petici\u00f3n de los clientes.","robots":{"index":"index","follow":"follow","max-snippet":"max-snippet:-1","max-image-preview":"max-image-preview:large","max-video-preview":"max-video-preview:-1"},"canonical":"https:\/\/luchonoticias.com\/editor\/desarticulado-grupo-los-espanoles-en-pitalito\/","og_locale":"es_ES","og_type":"article","og_title":"Desarticulado grupo Los Espa\u00f1oles en Pitalito -","og_description":"En la ejecuci\u00f3n operacional contra las bandas criminales en Pitalito, la Polic\u00eda Huila logr\u00f3 la desarticulaci\u00f3n de un grupo criminal, que venia afectando la seguridad en el casco urbano y sectores aleda\u00f1os, ejecutando hurtos a mano armada y raponazos. Sus principales v\u00edctimas, los funcionarios de empresas publicas de agua, luz, gas y televisi\u00f3n por cable que llegaban a su zona de injerencia a realizar trabajos a petici\u00f3n de los clientes.","og_url":"https:\/\/luchonoticias.com\/editor\/desarticulado-grupo-los-espanoles-en-pitalito\/","article_publisher":"https:\/\/www.facebook.com\/luchonoticiasneiva","article_published_time":"2024-07-29T10:13:40+00:00","og_image":[{"width":700,"height":400,"url":"https:\/\/luchonoticias.com\/editor\/wp-content\/uploads\/2024\/07\/detencion-pitalito.jpg","type":"image\/jpeg"}],"author":"Editor General","twitter_card":"summary_large_image","twitter_misc":{"Escrito por":"Editor General","Tiempo de lectura":"3 minutos"},"schema":{"@context":"https:\/\/schema.org","@graph":[{"@type":"Article","@id":"https:\/\/luchonoticias.com\/editor\/desarticulado-grupo-los-espanoles-en-pitalito\/#article","isPartOf":{"@id":"https:\/\/luchonoticias.com\/editor\/desarticulado-grupo-los-espanoles-en-pitalito\/"},"author":{"name":"Editor General","@id":"https:\/\/luchonoticias.com\/editor\/#\/schema\/person\/29217990ddf6f14e35912b2866d591fb"},"headline":"Desarticulado grupo Los Espa\u00f1oles en Pitalito","datePublished":"2024-07-29T10:13:40+00:00","mainEntityOfPage":{"@id":"https:\/\/luchonoticias.com\/editor\/desarticulado-grupo-los-espanoles-en-pitalito\/"},"wordCount":448,"publisher":{"@id":"https:\/\/luchonoticias.com\/editor\/#\/schema\/person\/7a7fd911f58561fd056dbac7b55af9cd"},"image":{"@id":"https:\/\/luchonoticias.com\/editor\/desarticulado-grupo-los-espanoles-en-pitalito\/#primaryimage"},"thumbnailUrl":"https:\/\/luchonoticias.com\/editor\/wp-content\/uploads\/2024\/07\/detencion-pitalito.jpg","articleSection":["Judicial"],"inLanguage":"es"},{"@type":"WebPage","@id":"https:\/\/luchonoticias.com\/editor\/desarticulado-grupo-los-espanoles-en-pitalito\/","url":"https:\/\/luchonoticias.com\/editor\/desarticulado-grupo-los-espanoles-en-pitalito\/","name":"Desarticulado grupo Los Espa\u00f1oles en Pitalito -","isPartOf":{"@id":"https:\/\/luchonoticias.com\/editor\/#website"},"primaryImageOfPage":{"@id":"https:\/\/luchonoticias.com\/editor\/desarticulado-grupo-los-espanoles-en-pitalito\/#primaryimage"},"image":{"@id":"https:\/\/luchonoticias.com\/editor\/desarticulado-grupo-los-espanoles-en-pitalito\/#primaryimage"},"thumbnailUrl":"https:\/\/luchonoticias.com\/editor\/wp-content\/uploads\/2024\/07\/detencion-pitalito.jpg","datePublished":"2024-07-29T10:13:40+00:00","description":"En la ejecuci\u00f3n operacional contra las bandas criminales en Pitalito, la Polic\u00eda Huila logr\u00f3 la desarticulaci\u00f3n de un grupo criminal, que venia afectando la seguridad en el casco urbano y sectores aleda\u00f1os, ejecutando hurtos a mano armada y raponazos. Sus principales v\u00edctimas, los funcionarios de empresas publicas de agua, luz, gas y televisi\u00f3n por cable que llegaban a su zona de injerencia a realizar trabajos a petici\u00f3n de los clientes.","breadcrumb":{"@id":"https:\/\/luchonoticias.com\/editor\/desarticulado-grupo-los-espanoles-en-pitalito\/#breadcrumb"},"inLanguage":"es","potentialAction":[{"@type":"ReadAction","target":["https:\/\/luchonoticias.com\/editor\/desarticulado-grupo-los-espanoles-en-pitalito\/"]}]},{"@type":"ImageObject","inLanguage":"es","@id":"https:\/\/luchonoticias.com\/editor\/desarticulado-grupo-los-espanoles-en-pitalito\/#primaryimage","url":"https:\/\/luchonoticias.com\/editor\/wp-content\/uploads\/2024\/07\/detencion-pitalito.jpg","contentUrl":"https:\/\/luchonoticias.com\/editor\/wp-content\/uploads\/2024\/07\/detencion-pitalito.jpg","width":700,"height":400},{"@type":"BreadcrumbList","@id":"https:\/\/luchonoticias.com\/editor\/desarticulado-grupo-los-espanoles-en-pitalito\/#breadcrumb","itemListElement":[{"@type":"ListItem","position":1,"name":"Portada","item":"https:\/\/luchonoticias.com\/editor\/"},{"@type":"ListItem","position":2,"name":"Desarticulado grupo Los Espa\u00f1oles en Pitalito"}]},{"@type":"WebSite","@id":"https:\/\/luchonoticias.com\/editor\/#website","url":"https:\/\/luchonoticias.com\/editor\/","name":"","description":"","publisher":{"@id":"https:\/\/luchonoticias.com\/editor\/#\/schema\/person\/7a7fd911f58561fd056dbac7b55af9cd"},"potentialAction":[{"@type":"SearchAction","target":{"@type":"EntryPoint","urlTemplate":"https:\/\/luchonoticias.com\/editor\/?s={search_term_string}"},"query-input":{"@type":"PropertyValueSpecification","valueRequired":true,"valueName":"search_term_string"}}],"inLanguage":"es"},{"@type":["Person","Organization"],"@id":"https:\/\/luchonoticias.com\/editor\/#\/schema\/person\/7a7fd911f58561fd056dbac7b55af9cd","name":"admin","image":{"@type":"ImageObject","inLanguage":"es","@id":"https:\/\/luchonoticias.com\/editor\/#\/schema\/person\/image\/","url":"https:\/\/luchonoticias.com\/editor\/wp-content\/uploads\/2024\/02\/cropped-cropped-logolu.webp","contentUrl":"https:\/\/luchonoticias.com\/editor\/wp-content\/uploads\/2024\/02\/cropped-cropped-logolu.webp","width":382,"height":170,"caption":"admin"},"logo":{"@id":"https:\/\/luchonoticias.com\/editor\/#\/schema\/person\/image\/"},"sameAs":["https:\/\/www.facebook.com\/luchonoticiasneiva"]},{"@type":"Person","@id":"https:\/\/luchonoticias.com\/editor\/#\/schema\/person\/29217990ddf6f14e35912b2866d591fb","name":"Editor General","image":{"@type":"ImageObject","inLanguage":"es","@id":"https:\/\/luchonoticias.com\/editor\/#\/schema\/person\/image\/","url":"https:\/\/luchonoticias.com\/editor\/wp-content\/uploads\/2024\/02\/cropped-cropped-logolu-150x150.webp","contentUrl":"https:\/\/luchonoticias.com\/editor\/wp-content\/uploads\/2024\/02\/cropped-cropped-logolu-150x150.webp","caption":"Editor General"},"sameAs":["https:\/\/luchonoticias.com\/"],"url":"https:\/\/luchonoticias.com\/editor\/author\/editor-general\/"}]}},"_links":{"self":[{"href":"https:\/\/luchonoticias.com\/editor\/wp-json\/wp\/v2\/posts\/75422","targetHints":{"allow":["GET"]}}],"collection":[{"href":"https:\/\/luchonoticias.com\/editor\/wp-json\/wp\/v2\/posts"}],"about":[{"href":"https:\/\/luchonoticias.com\/editor\/wp-json\/wp\/v2\/types\/post"}],"author":[{"embeddable":true,"href":"https:\/\/luchonoticias.com\/editor\/wp-json\/wp\/v2\/users\/2"}],"replies":[{"embeddable":true,"href":"https:\/\/luchonoticias.com\/editor\/wp-json\/wp\/v2\/comments?post=75422"}],"version-history":[{"count":1,"href":"https:\/\/luchonoticias.com\/editor\/wp-json\/wp\/v2\/posts\/75422\/revisions"}],"predecessor-version":[{"id":75424,"href":"https:\/\/luchonoticias.com\/editor\/wp-json\/wp\/v2\/posts\/75422\/revisions\/75424"}],"wp:featuredmedia":[{"embeddable":true,"href":"https:\/\/luchonoticias.com\/editor\/wp-json\/wp\/v2\/media\/75423"}],"wp:attachment":[{"href":"https:\/\/luchonoticias.com\/editor\/wp-json\/wp\/v2\/media?parent=75422"}],"wp:term":[{"taxonomy":"category","embeddable":true,"href":"https:\/\/luchonoticias.com\/editor\/wp-json\/wp\/v2\/categories?post=75422"},{"taxonomy":"post_tag","embeddable":true,"href":"https:\/\/luchonoticias.com\/editor\/wp-json\/wp\/v2\/tags?post=75422"}],"curies":[{"name":"wp","href":"https:\/\/api.w.org\/{rel}","templated":true}]}}