{"id":75428,"date":"2024-07-29T10:59:27","date_gmt":"2024-07-29T15:59:27","guid":{"rendered":"https:\/\/luchonoticias.com\/?p=75428"},"modified":"2024-07-29T10:59:27","modified_gmt":"2024-07-29T15:59:27","slug":"nueva-suspension-a-gorky-munoz","status":"publish","type":"post","link":"https:\/\/luchonoticias.com\/editor\/nueva-suspension-a-gorky-munoz\/","title":{"rendered":"Nueva suspensi\u00f3n a Gorky Mu\u00f1oz"},"content":{"rendered":"<div>La Procuradur\u00eda General de la Naci\u00f3n profiri\u00f3 fallo de primera instancia en contra de Gorky Mu\u00f1oz Calder\u00f3n, exalcalde de Neiva, y le<strong>\u00a0impuso una suspensi\u00f3n de cinco meses\u00a0<\/strong>en el ejercicio del cargo, por<strong>\u00a0incumplir con el m\u00ednimo del 30 % de participaci\u00f3n de la mujer\u00a0<\/strong>en la designaci\u00f3n de cargos de otros niveles decisorios distinto al m\u00e1ximo, seg\u00fan la Ley de Cuotas, en las vigencias 2020, 2021 y 2022, mientras se desempe\u00f1aba como mandatario de la ciudad.<\/div>\n<div><\/div>\n<div>En el fallo se explic\u00f3 que los nombramientos de personal femenino por un periodo parcial no honran lo fijado en la Ley 581 de 2000, que procura la materializaci\u00f3n de acciones en pro de la<strong>\u00a0igualdad real y efectiva de la mujer en la participaci\u00f3n de los cargos del nivel decisorio\u00a0<\/strong>de las entidades p\u00fablicas, m\u00e1s a\u00fan cuando el tiempo de permanencia en el cargo no es significativo; de ah\u00ed que dichos empleos deben ser ocupados de manera constante por mujeres en al menos un 30\u00a0%, y en los lapsos en que ello no suceda, por menores que sean, se est\u00e1 vulnerado la norma.<\/div>\n<div><\/div>\n<div>Esta decisi\u00f3n, adem\u00e1s, se encuentra en l\u00ednea con el Plan Estrat\u00e9gico Institucional de la se\u00f1ora Procuradora General, particularmente con un\u00a0<strong>enfoque de g\u00e9nero en las providencias disciplinarias.\u00a0<\/strong><\/div>\n<div><\/div>\n<div>De acuerdo con el ente de control, dado que el disciplinado ya no se encuentra vinculado a la Alcald\u00eda de Neiva, y seg\u00fan lo estipulado por el C\u00f3digo General Disciplinario<strong>, deber\u00e1 pagar una suma de $79.457.515<\/strong>, teniendo en cuenta que para el a\u00f1o 2022 (\u00faltimo a\u00f1o en que cometi\u00f3 la falta) el salario devengado era de $15.891.503.<\/div>\n<div><\/div>\n<div>De acuerdo con el Ministerio P\u00fablico, luego de informe de Departamento Administrativo de la Funci\u00f3n P\u00fablica (DAFP), se inici\u00f3 investigaci\u00f3n respecto de las entidades p\u00fablicas que, al parecer, en las vigencias mencionadas,\u00a0<strong>incumplieron con el deber de aplicar el porcentaje m\u00ednimo de participaci\u00f3n de la mujer<\/strong>\u00a0en los cargos de niveles decisorios, de conformidad con la Ley de Cuotas.<\/div>\n<div><\/div>\n<div>Seg\u00fan la Procuradur\u00eda, a Mu\u00f1oz Calder\u00f3n se le atribuy\u00f3 en definitiva la comisi\u00f3n de una falta grave con culpa grave.<\/div>\n","protected":false},"excerpt":{"rendered":"<p>El ente de control destac\u00f3 que el disciplinable, al no estar actualmente en el cargo, deber\u00e1 pagar una suma de $79.457.515, dado que la suspensi\u00f3n se convierte en salarios.<\/p>\n","protected":false},"author":2,"featured_media":75429,"comment_status":"closed","ping_status":"open","sticky":false,"template":"","format":"standard","meta":{"footnotes":""},"categories":[29],"tags":[],"class_list":["post-75428","post","type-post","status-publish","format-standard","has-post-thumbnail","hentry","category-judicial"],"yoast_head":"<!-- This site is optimized with the Yoast SEO plugin v26.6 - https:\/\/yoast.com\/wordpress\/plugins\/seo\/ -->\n<title>Nueva suspensi\u00f3n a Gorky Mu\u00f1oz -<\/title>\n<meta name=\"description\" content=\"El ente de control destac\u00f3 que el disciplinable, al no estar actualmente en el cargo, deber\u00e1 pagar una suma de $79.457.515, dado que la suspensi\u00f3n se convierte en salarios.\" \/>\n<meta name=\"robots\" content=\"index, follow, max-snippet:-1, max-image-preview:large, max-video-preview:-1\" \/>\n<link rel=\"canonical\" href=\"https:\/\/luchonoticias.com\/editor\/nueva-suspension-a-gorky-munoz\/\" \/>\n<meta property=\"og:locale\" content=\"es_ES\" \/>\n<meta property=\"og:type\" content=\"article\" \/>\n<meta property=\"og:title\" content=\"Nueva suspensi\u00f3n a Gorky Mu\u00f1oz -\" \/>\n<meta property=\"og:description\" content=\"El ente de control destac\u00f3 que el disciplinable, al no estar actualmente en el cargo, deber\u00e1 pagar una suma de $79.457.515, dado que la suspensi\u00f3n se convierte en salarios.\" \/>\n<meta property=\"og:url\" content=\"https:\/\/luchonoticias.com\/editor\/nueva-suspension-a-gorky-munoz\/\" \/>\n<meta property=\"article:publisher\" content=\"https:\/\/www.facebook.com\/luchonoticiasneiva\" \/>\n<meta property=\"article:published_time\" content=\"2024-07-29T15:59:27+00:00\" \/>\n<meta property=\"og:image\" content=\"https:\/\/luchonoticias.com\/editor\/wp-content\/uploads\/2024\/07\/gorky.jpg\" \/>\n\t<meta property=\"og:image:width\" content=\"700\" \/>\n\t<meta property=\"og:image:height\" content=\"400\" \/>\n\t<meta property=\"og:image:type\" content=\"image\/jpeg\" \/>\n<meta name=\"author\" content=\"Editor General\" \/>\n<meta name=\"twitter:card\" content=\"summary_large_image\" \/>\n<meta name=\"twitter:label1\" content=\"Escrito por\" \/>\n\t<meta name=\"twitter:data1\" content=\"Editor General\" \/>\n\t<meta name=\"twitter:label2\" content=\"Tiempo de lectura\" \/>\n\t<meta name=\"twitter:data2\" content=\"2 minutos\" \/>\n<script type=\"application\/ld+json\" class=\"yoast-schema-graph\">{\"@context\":\"https:\/\/schema.org\",\"@graph\":[{\"@type\":\"Article\",\"@id\":\"https:\/\/luchonoticias.com\/editor\/nueva-suspension-a-gorky-munoz\/#article\",\"isPartOf\":{\"@id\":\"https:\/\/luchonoticias.com\/editor\/nueva-suspension-a-gorky-munoz\/\"},\"author\":{\"name\":\"Editor General\",\"@id\":\"https:\/\/luchonoticias.com\/editor\/#\/schema\/person\/29217990ddf6f14e35912b2866d591fb\"},\"headline\":\"Nueva suspensi\u00f3n a Gorky Mu\u00f1oz\",\"datePublished\":\"2024-07-29T15:59:27+00:00\",\"mainEntityOfPage\":{\"@id\":\"https:\/\/luchonoticias.com\/editor\/nueva-suspension-a-gorky-munoz\/\"},\"wordCount\":380,\"publisher\":{\"@id\":\"https:\/\/luchonoticias.com\/editor\/#\/schema\/person\/7a7fd911f58561fd056dbac7b55af9cd\"},\"image\":{\"@id\":\"https:\/\/luchonoticias.com\/editor\/nueva-suspension-a-gorky-munoz\/#primaryimage\"},\"thumbnailUrl\":\"https:\/\/luchonoticias.com\/editor\/wp-content\/uploads\/2024\/07\/gorky.jpg\",\"articleSection\":[\"Judicial\"],\"inLanguage\":\"es\"},{\"@type\":\"WebPage\",\"@id\":\"https:\/\/luchonoticias.com\/editor\/nueva-suspension-a-gorky-munoz\/\",\"url\":\"https:\/\/luchonoticias.com\/editor\/nueva-suspension-a-gorky-munoz\/\",\"name\":\"Nueva suspensi\u00f3n a Gorky Mu\u00f1oz -\",\"isPartOf\":{\"@id\":\"https:\/\/luchonoticias.com\/editor\/#website\"},\"primaryImageOfPage\":{\"@id\":\"https:\/\/luchonoticias.com\/editor\/nueva-suspension-a-gorky-munoz\/#primaryimage\"},\"image\":{\"@id\":\"https:\/\/luchonoticias.com\/editor\/nueva-suspension-a-gorky-munoz\/#primaryimage\"},\"thumbnailUrl\":\"https:\/\/luchonoticias.com\/editor\/wp-content\/uploads\/2024\/07\/gorky.jpg\",\"datePublished\":\"2024-07-29T15:59:27+00:00\",\"description\":\"El ente de control destac\u00f3 que el disciplinable, al no estar actualmente en el cargo, deber\u00e1 pagar una suma de $79.457.515, dado que la suspensi\u00f3n se convierte en salarios.\",\"breadcrumb\":{\"@id\":\"https:\/\/luchonoticias.com\/editor\/nueva-suspension-a-gorky-munoz\/#breadcrumb\"},\"inLanguage\":\"es\",\"potentialAction\":[{\"@type\":\"ReadAction\",\"target\":[\"https:\/\/luchonoticias.com\/editor\/nueva-suspension-a-gorky-munoz\/\"]}]},{\"@type\":\"ImageObject\",\"inLanguage\":\"es\",\"@id\":\"https:\/\/luchonoticias.com\/editor\/nueva-suspension-a-gorky-munoz\/#primaryimage\",\"url\":\"https:\/\/luchonoticias.com\/editor\/wp-content\/uploads\/2024\/07\/gorky.jpg\",\"contentUrl\":\"https:\/\/luchonoticias.com\/editor\/wp-content\/uploads\/2024\/07\/gorky.jpg\",\"width\":700,\"height\":400},{\"@type\":\"BreadcrumbList\",\"@id\":\"https:\/\/luchonoticias.com\/editor\/nueva-suspension-a-gorky-munoz\/#breadcrumb\",\"itemListElement\":[{\"@type\":\"ListItem\",\"position\":1,\"name\":\"Portada\",\"item\":\"https:\/\/luchonoticias.com\/editor\/\"},{\"@type\":\"ListItem\",\"position\":2,\"name\":\"Nueva suspensi\u00f3n a Gorky Mu\u00f1oz\"}]},{\"@type\":\"WebSite\",\"@id\":\"https:\/\/luchonoticias.com\/editor\/#website\",\"url\":\"https:\/\/luchonoticias.com\/editor\/\",\"name\":\"\",\"description\":\"\",\"publisher\":{\"@id\":\"https:\/\/luchonoticias.com\/editor\/#\/schema\/person\/7a7fd911f58561fd056dbac7b55af9cd\"},\"potentialAction\":[{\"@type\":\"SearchAction\",\"target\":{\"@type\":\"EntryPoint\",\"urlTemplate\":\"https:\/\/luchonoticias.com\/editor\/?s={search_term_string}\"},\"query-input\":{\"@type\":\"PropertyValueSpecification\",\"valueRequired\":true,\"valueName\":\"search_term_string\"}}],\"inLanguage\":\"es\"},{\"@type\":[\"Person\",\"Organization\"],\"@id\":\"https:\/\/luchonoticias.com\/editor\/#\/schema\/person\/7a7fd911f58561fd056dbac7b55af9cd\",\"name\":\"admin\",\"image\":{\"@type\":\"ImageObject\",\"inLanguage\":\"es\",\"@id\":\"https:\/\/luchonoticias.com\/editor\/#\/schema\/person\/image\/\",\"url\":\"https:\/\/luchonoticias.com\/editor\/wp-content\/uploads\/2024\/02\/cropped-cropped-logolu.webp\",\"contentUrl\":\"https:\/\/luchonoticias.com\/editor\/wp-content\/uploads\/2024\/02\/cropped-cropped-logolu.webp\",\"width\":382,\"height\":170,\"caption\":\"admin\"},\"logo\":{\"@id\":\"https:\/\/luchonoticias.com\/editor\/#\/schema\/person\/image\/\"},\"sameAs\":[\"https:\/\/www.facebook.com\/luchonoticiasneiva\"]},{\"@type\":\"Person\",\"@id\":\"https:\/\/luchonoticias.com\/editor\/#\/schema\/person\/29217990ddf6f14e35912b2866d591fb\",\"name\":\"Editor General\",\"image\":{\"@type\":\"ImageObject\",\"inLanguage\":\"es\",\"@id\":\"https:\/\/luchonoticias.com\/editor\/#\/schema\/person\/image\/\",\"url\":\"https:\/\/luchonoticias.com\/editor\/wp-content\/uploads\/2024\/02\/cropped-cropped-logolu-150x150.webp\",\"contentUrl\":\"https:\/\/luchonoticias.com\/editor\/wp-content\/uploads\/2024\/02\/cropped-cropped-logolu-150x150.webp\",\"caption\":\"Editor General\"},\"sameAs\":[\"https:\/\/luchonoticias.com\/\"],\"url\":\"https:\/\/luchonoticias.com\/editor\/author\/editor-general\/\"}]}<\/script>\n<!-- \/ Yoast SEO plugin. -->","yoast_head_json":{"title":"Nueva suspensi\u00f3n a Gorky Mu\u00f1oz -","description":"El ente de control destac\u00f3 que el disciplinable, al no estar actualmente en el cargo, deber\u00e1 pagar una suma de $79.457.515, dado que la suspensi\u00f3n se convierte en salarios.","robots":{"index":"index","follow":"follow","max-snippet":"max-snippet:-1","max-image-preview":"max-image-preview:large","max-video-preview":"max-video-preview:-1"},"canonical":"https:\/\/luchonoticias.com\/editor\/nueva-suspension-a-gorky-munoz\/","og_locale":"es_ES","og_type":"article","og_title":"Nueva suspensi\u00f3n a Gorky Mu\u00f1oz -","og_description":"El ente de control destac\u00f3 que el disciplinable, al no estar actualmente en el cargo, deber\u00e1 pagar una suma de $79.457.515, dado que la suspensi\u00f3n se convierte en salarios.","og_url":"https:\/\/luchonoticias.com\/editor\/nueva-suspension-a-gorky-munoz\/","article_publisher":"https:\/\/www.facebook.com\/luchonoticiasneiva","article_published_time":"2024-07-29T15:59:27+00:00","og_image":[{"width":700,"height":400,"url":"https:\/\/luchonoticias.com\/editor\/wp-content\/uploads\/2024\/07\/gorky.jpg","type":"image\/jpeg"}],"author":"Editor General","twitter_card":"summary_large_image","twitter_misc":{"Escrito por":"Editor General","Tiempo de lectura":"2 minutos"},"schema":{"@context":"https:\/\/schema.org","@graph":[{"@type":"Article","@id":"https:\/\/luchonoticias.com\/editor\/nueva-suspension-a-gorky-munoz\/#article","isPartOf":{"@id":"https:\/\/luchonoticias.com\/editor\/nueva-suspension-a-gorky-munoz\/"},"author":{"name":"Editor General","@id":"https:\/\/luchonoticias.com\/editor\/#\/schema\/person\/29217990ddf6f14e35912b2866d591fb"},"headline":"Nueva suspensi\u00f3n a Gorky Mu\u00f1oz","datePublished":"2024-07-29T15:59:27+00:00","mainEntityOfPage":{"@id":"https:\/\/luchonoticias.com\/editor\/nueva-suspension-a-gorky-munoz\/"},"wordCount":380,"publisher":{"@id":"https:\/\/luchonoticias.com\/editor\/#\/schema\/person\/7a7fd911f58561fd056dbac7b55af9cd"},"image":{"@id":"https:\/\/luchonoticias.com\/editor\/nueva-suspension-a-gorky-munoz\/#primaryimage"},"thumbnailUrl":"https:\/\/luchonoticias.com\/editor\/wp-content\/uploads\/2024\/07\/gorky.jpg","articleSection":["Judicial"],"inLanguage":"es"},{"@type":"WebPage","@id":"https:\/\/luchonoticias.com\/editor\/nueva-suspension-a-gorky-munoz\/","url":"https:\/\/luchonoticias.com\/editor\/nueva-suspension-a-gorky-munoz\/","name":"Nueva suspensi\u00f3n a Gorky Mu\u00f1oz -","isPartOf":{"@id":"https:\/\/luchonoticias.com\/editor\/#website"},"primaryImageOfPage":{"@id":"https:\/\/luchonoticias.com\/editor\/nueva-suspension-a-gorky-munoz\/#primaryimage"},"image":{"@id":"https:\/\/luchonoticias.com\/editor\/nueva-suspension-a-gorky-munoz\/#primaryimage"},"thumbnailUrl":"https:\/\/luchonoticias.com\/editor\/wp-content\/uploads\/2024\/07\/gorky.jpg","datePublished":"2024-07-29T15:59:27+00:00","description":"El ente de control destac\u00f3 que el disciplinable, al no estar actualmente en el cargo, deber\u00e1 pagar una suma de $79.457.515, dado que la suspensi\u00f3n se convierte en salarios.","breadcrumb":{"@id":"https:\/\/luchonoticias.com\/editor\/nueva-suspension-a-gorky-munoz\/#breadcrumb"},"inLanguage":"es","potentialAction":[{"@type":"ReadAction","target":["https:\/\/luchonoticias.com\/editor\/nueva-suspension-a-gorky-munoz\/"]}]},{"@type":"ImageObject","inLanguage":"es","@id":"https:\/\/luchonoticias.com\/editor\/nueva-suspension-a-gorky-munoz\/#primaryimage","url":"https:\/\/luchonoticias.com\/editor\/wp-content\/uploads\/2024\/07\/gorky.jpg","contentUrl":"https:\/\/luchonoticias.com\/editor\/wp-content\/uploads\/2024\/07\/gorky.jpg","width":700,"height":400},{"@type":"BreadcrumbList","@id":"https:\/\/luchonoticias.com\/editor\/nueva-suspension-a-gorky-munoz\/#breadcrumb","itemListElement":[{"@type":"ListItem","position":1,"name":"Portada","item":"https:\/\/luchonoticias.com\/editor\/"},{"@type":"ListItem","position":2,"name":"Nueva suspensi\u00f3n a Gorky Mu\u00f1oz"}]},{"@type":"WebSite","@id":"https:\/\/luchonoticias.com\/editor\/#website","url":"https:\/\/luchonoticias.com\/editor\/","name":"","description":"","publisher":{"@id":"https:\/\/luchonoticias.com\/editor\/#\/schema\/person\/7a7fd911f58561fd056dbac7b55af9cd"},"potentialAction":[{"@type":"SearchAction","target":{"@type":"EntryPoint","urlTemplate":"https:\/\/luchonoticias.com\/editor\/?s={search_term_string}"},"query-input":{"@type":"PropertyValueSpecification","valueRequired":true,"valueName":"search_term_string"}}],"inLanguage":"es"},{"@type":["Person","Organization"],"@id":"https:\/\/luchonoticias.com\/editor\/#\/schema\/person\/7a7fd911f58561fd056dbac7b55af9cd","name":"admin","image":{"@type":"ImageObject","inLanguage":"es","@id":"https:\/\/luchonoticias.com\/editor\/#\/schema\/person\/image\/","url":"https:\/\/luchonoticias.com\/editor\/wp-content\/uploads\/2024\/02\/cropped-cropped-logolu.webp","contentUrl":"https:\/\/luchonoticias.com\/editor\/wp-content\/uploads\/2024\/02\/cropped-cropped-logolu.webp","width":382,"height":170,"caption":"admin"},"logo":{"@id":"https:\/\/luchonoticias.com\/editor\/#\/schema\/person\/image\/"},"sameAs":["https:\/\/www.facebook.com\/luchonoticiasneiva"]},{"@type":"Person","@id":"https:\/\/luchonoticias.com\/editor\/#\/schema\/person\/29217990ddf6f14e35912b2866d591fb","name":"Editor General","image":{"@type":"ImageObject","inLanguage":"es","@id":"https:\/\/luchonoticias.com\/editor\/#\/schema\/person\/image\/","url":"https:\/\/luchonoticias.com\/editor\/wp-content\/uploads\/2024\/02\/cropped-cropped-logolu-150x150.webp","contentUrl":"https:\/\/luchonoticias.com\/editor\/wp-content\/uploads\/2024\/02\/cropped-cropped-logolu-150x150.webp","caption":"Editor General"},"sameAs":["https:\/\/luchonoticias.com\/"],"url":"https:\/\/luchonoticias.com\/editor\/author\/editor-general\/"}]}},"_links":{"self":[{"href":"https:\/\/luchonoticias.com\/editor\/wp-json\/wp\/v2\/posts\/75428","targetHints":{"allow":["GET"]}}],"collection":[{"href":"https:\/\/luchonoticias.com\/editor\/wp-json\/wp\/v2\/posts"}],"about":[{"href":"https:\/\/luchonoticias.com\/editor\/wp-json\/wp\/v2\/types\/post"}],"author":[{"embeddable":true,"href":"https:\/\/luchonoticias.com\/editor\/wp-json\/wp\/v2\/users\/2"}],"replies":[{"embeddable":true,"href":"https:\/\/luchonoticias.com\/editor\/wp-json\/wp\/v2\/comments?post=75428"}],"version-history":[{"count":2,"href":"https:\/\/luchonoticias.com\/editor\/wp-json\/wp\/v2\/posts\/75428\/revisions"}],"predecessor-version":[{"id":75431,"href":"https:\/\/luchonoticias.com\/editor\/wp-json\/wp\/v2\/posts\/75428\/revisions\/75431"}],"wp:featuredmedia":[{"embeddable":true,"href":"https:\/\/luchonoticias.com\/editor\/wp-json\/wp\/v2\/media\/75429"}],"wp:attachment":[{"href":"https:\/\/luchonoticias.com\/editor\/wp-json\/wp\/v2\/media?parent=75428"}],"wp:term":[{"taxonomy":"category","embeddable":true,"href":"https:\/\/luchonoticias.com\/editor\/wp-json\/wp\/v2\/categories?post=75428"},{"taxonomy":"post_tag","embeddable":true,"href":"https:\/\/luchonoticias.com\/editor\/wp-json\/wp\/v2\/tags?post=75428"}],"curies":[{"name":"wp","href":"https:\/\/api.w.org\/{rel}","templated":true}]}}