{"id":75432,"date":"2024-07-29T11:00:58","date_gmt":"2024-07-29T16:00:58","guid":{"rendered":"https:\/\/luchonoticias.com\/?p=75432"},"modified":"2024-07-29T11:00:58","modified_gmt":"2024-07-29T16:00:58","slug":"ultimos-dias-para-el-impuesto-de-vehiculo-con-descuento","status":"publish","type":"post","link":"https:\/\/luchonoticias.com\/editor\/ultimos-dias-para-el-impuesto-de-vehiculo-con-descuento\/","title":{"rendered":"\u00daltimos d\u00edas para el impuesto de veh\u00edculo con descuento"},"content":{"rendered":"<p>La secretaria de hacienda departamental, Sonia Mora Orrego, invit\u00f3 a todos los contribuyentes del departamento a ponerse al d\u00eda con el pago de impuesto de veh\u00edculos, teniendo en cuenta que como lo establece el calendario tributario de 2024, a partir del 01 de agosto inician las sanciones e intereses para los morosos.<\/p>\n<p>Para facilitar el pago de obligaciones a los huilenses, la oficina de atenci\u00f3n al contribuyente laborar\u00e1 en jornada continua de 7:00 de la ma\u00f1ana a 5:00 de la tarde. Igualmente, los contribuyentes podr\u00e1n pagar en los puntos de pago ubicados en las alcald\u00edas de Pitalito, Garz\u00f3n, y La Plata.<\/p>\n<p>Tambi\u00e9n podr\u00e1n hacer la liquidaci\u00f3n en l\u00ednea a trav\u00e9s de la p\u00e1gina Web de la Gobernaci\u00f3n del Huila www.gobernaciondelhuila.gov.co y pagar a trav\u00e9s del bot\u00f3n PSE, y corresponsables bancarios de Bancolombia, Banco de Occidente, y Banco Davivienda.<\/p>\n<p>Finalmente, la secretaria de hacienda Sonia Mora Orrego, destac\u00f3 que el buen comportamiento de pago de los contribuyentes se ve reflejado en el desarrollo del departamento, pues los recursos recaudados por este concepto son reinvertidos en proyectos y obras de gran impacto social, lideradas por el gobierno departamental y los municipios.<\/p>\n","protected":false},"excerpt":{"rendered":"<p>Hasta este mi\u00e9rcoles 31 de julio tienen plazo los contribuyentes para ponerse al d\u00eda con el pago de impuesto de veh\u00edculos sin sanciones e intereses. La oficina de atenci\u00f3n al contribuyente trabajar\u00e1 en jornada continua para facilitar el proceso.<\/p>\n","protected":false},"author":2,"featured_media":75433,"comment_status":"closed","ping_status":"open","sticky":false,"template":"","format":"standard","meta":{"footnotes":""},"categories":[33],"tags":[],"class_list":["post-75432","post","type-post","status-publish","format-standard","has-post-thumbnail","hentry","category-huila"],"yoast_head":"<!-- This site is optimized with the Yoast SEO plugin v26.6 - https:\/\/yoast.com\/wordpress\/plugins\/seo\/ -->\n<title>\u00daltimos d\u00edas para el impuesto de veh\u00edculo con descuento -<\/title>\n<meta name=\"description\" content=\"Hasta este mi\u00e9rcoles 31 de julio tienen plazo los contribuyentes para ponerse al d\u00eda con el pago de impuesto de veh\u00edculos sin sanciones e intereses. La oficina de atenci\u00f3n al contribuyente trabajar\u00e1 en jornada continua para facilitar el proceso.\" \/>\n<meta name=\"robots\" content=\"index, follow, max-snippet:-1, max-image-preview:large, max-video-preview:-1\" \/>\n<link rel=\"canonical\" href=\"https:\/\/luchonoticias.com\/editor\/ultimos-dias-para-el-impuesto-de-vehiculo-con-descuento\/\" \/>\n<meta property=\"og:locale\" content=\"es_ES\" \/>\n<meta property=\"og:type\" content=\"article\" \/>\n<meta property=\"og:title\" content=\"\u00daltimos d\u00edas para el impuesto de veh\u00edculo con descuento -\" \/>\n<meta property=\"og:description\" content=\"Hasta este mi\u00e9rcoles 31 de julio tienen plazo los contribuyentes para ponerse al d\u00eda con el pago de impuesto de veh\u00edculos sin sanciones e intereses. La oficina de atenci\u00f3n al contribuyente trabajar\u00e1 en jornada continua para facilitar el proceso.\" \/>\n<meta property=\"og:url\" content=\"https:\/\/luchonoticias.com\/editor\/ultimos-dias-para-el-impuesto-de-vehiculo-con-descuento\/\" \/>\n<meta property=\"article:publisher\" content=\"https:\/\/www.facebook.com\/luchonoticiasneiva\" \/>\n<meta property=\"article:published_time\" content=\"2024-07-29T16:00:58+00:00\" \/>\n<meta property=\"og:image\" content=\"https:\/\/luchonoticias.com\/editor\/wp-content\/uploads\/2024\/07\/pago-impuestos.jpg\" \/>\n\t<meta property=\"og:image:width\" content=\"700\" \/>\n\t<meta property=\"og:image:height\" content=\"400\" \/>\n\t<meta property=\"og:image:type\" content=\"image\/jpeg\" \/>\n<meta name=\"author\" content=\"Editor General\" \/>\n<meta name=\"twitter:card\" content=\"summary_large_image\" \/>\n<meta name=\"twitter:label1\" content=\"Escrito por\" \/>\n\t<meta name=\"twitter:data1\" content=\"Editor General\" \/>\n\t<meta name=\"twitter:label2\" content=\"Tiempo de lectura\" \/>\n\t<meta name=\"twitter:data2\" content=\"2 minutos\" \/>\n<script type=\"application\/ld+json\" class=\"yoast-schema-graph\">{\"@context\":\"https:\/\/schema.org\",\"@graph\":[{\"@type\":\"Article\",\"@id\":\"https:\/\/luchonoticias.com\/editor\/ultimos-dias-para-el-impuesto-de-vehiculo-con-descuento\/#article\",\"isPartOf\":{\"@id\":\"https:\/\/luchonoticias.com\/editor\/ultimos-dias-para-el-impuesto-de-vehiculo-con-descuento\/\"},\"author\":{\"name\":\"Editor General\",\"@id\":\"https:\/\/luchonoticias.com\/editor\/#\/schema\/person\/29217990ddf6f14e35912b2866d591fb\"},\"headline\":\"\u00daltimos d\u00edas para el impuesto de veh\u00edculo con descuento\",\"datePublished\":\"2024-07-29T16:00:58+00:00\",\"mainEntityOfPage\":{\"@id\":\"https:\/\/luchonoticias.com\/editor\/ultimos-dias-para-el-impuesto-de-vehiculo-con-descuento\/\"},\"wordCount\":215,\"publisher\":{\"@id\":\"https:\/\/luchonoticias.com\/editor\/#\/schema\/person\/7a7fd911f58561fd056dbac7b55af9cd\"},\"image\":{\"@id\":\"https:\/\/luchonoticias.com\/editor\/ultimos-dias-para-el-impuesto-de-vehiculo-con-descuento\/#primaryimage\"},\"thumbnailUrl\":\"https:\/\/luchonoticias.com\/editor\/wp-content\/uploads\/2024\/07\/pago-impuestos.jpg\",\"articleSection\":[\"Huila\"],\"inLanguage\":\"es\"},{\"@type\":\"WebPage\",\"@id\":\"https:\/\/luchonoticias.com\/editor\/ultimos-dias-para-el-impuesto-de-vehiculo-con-descuento\/\",\"url\":\"https:\/\/luchonoticias.com\/editor\/ultimos-dias-para-el-impuesto-de-vehiculo-con-descuento\/\",\"name\":\"\u00daltimos d\u00edas para el impuesto de veh\u00edculo con descuento -\",\"isPartOf\":{\"@id\":\"https:\/\/luchonoticias.com\/editor\/#website\"},\"primaryImageOfPage\":{\"@id\":\"https:\/\/luchonoticias.com\/editor\/ultimos-dias-para-el-impuesto-de-vehiculo-con-descuento\/#primaryimage\"},\"image\":{\"@id\":\"https:\/\/luchonoticias.com\/editor\/ultimos-dias-para-el-impuesto-de-vehiculo-con-descuento\/#primaryimage\"},\"thumbnailUrl\":\"https:\/\/luchonoticias.com\/editor\/wp-content\/uploads\/2024\/07\/pago-impuestos.jpg\",\"datePublished\":\"2024-07-29T16:00:58+00:00\",\"description\":\"Hasta este mi\u00e9rcoles 31 de julio tienen plazo los contribuyentes para ponerse al d\u00eda con el pago de impuesto de veh\u00edculos sin sanciones e intereses. La oficina de atenci\u00f3n al contribuyente trabajar\u00e1 en jornada continua para facilitar el proceso.\",\"breadcrumb\":{\"@id\":\"https:\/\/luchonoticias.com\/editor\/ultimos-dias-para-el-impuesto-de-vehiculo-con-descuento\/#breadcrumb\"},\"inLanguage\":\"es\",\"potentialAction\":[{\"@type\":\"ReadAction\",\"target\":[\"https:\/\/luchonoticias.com\/editor\/ultimos-dias-para-el-impuesto-de-vehiculo-con-descuento\/\"]}]},{\"@type\":\"ImageObject\",\"inLanguage\":\"es\",\"@id\":\"https:\/\/luchonoticias.com\/editor\/ultimos-dias-para-el-impuesto-de-vehiculo-con-descuento\/#primaryimage\",\"url\":\"https:\/\/luchonoticias.com\/editor\/wp-content\/uploads\/2024\/07\/pago-impuestos.jpg\",\"contentUrl\":\"https:\/\/luchonoticias.com\/editor\/wp-content\/uploads\/2024\/07\/pago-impuestos.jpg\",\"width\":700,\"height\":400},{\"@type\":\"BreadcrumbList\",\"@id\":\"https:\/\/luchonoticias.com\/editor\/ultimos-dias-para-el-impuesto-de-vehiculo-con-descuento\/#breadcrumb\",\"itemListElement\":[{\"@type\":\"ListItem\",\"position\":1,\"name\":\"Portada\",\"item\":\"https:\/\/luchonoticias.com\/editor\/\"},{\"@type\":\"ListItem\",\"position\":2,\"name\":\"\u00daltimos d\u00edas para el impuesto de veh\u00edculo con descuento\"}]},{\"@type\":\"WebSite\",\"@id\":\"https:\/\/luchonoticias.com\/editor\/#website\",\"url\":\"https:\/\/luchonoticias.com\/editor\/\",\"name\":\"\",\"description\":\"\",\"publisher\":{\"@id\":\"https:\/\/luchonoticias.com\/editor\/#\/schema\/person\/7a7fd911f58561fd056dbac7b55af9cd\"},\"potentialAction\":[{\"@type\":\"SearchAction\",\"target\":{\"@type\":\"EntryPoint\",\"urlTemplate\":\"https:\/\/luchonoticias.com\/editor\/?s={search_term_string}\"},\"query-input\":{\"@type\":\"PropertyValueSpecification\",\"valueRequired\":true,\"valueName\":\"search_term_string\"}}],\"inLanguage\":\"es\"},{\"@type\":[\"Person\",\"Organization\"],\"@id\":\"https:\/\/luchonoticias.com\/editor\/#\/schema\/person\/7a7fd911f58561fd056dbac7b55af9cd\",\"name\":\"admin\",\"image\":{\"@type\":\"ImageObject\",\"inLanguage\":\"es\",\"@id\":\"https:\/\/luchonoticias.com\/editor\/#\/schema\/person\/image\/\",\"url\":\"https:\/\/luchonoticias.com\/editor\/wp-content\/uploads\/2024\/02\/cropped-cropped-logolu.webp\",\"contentUrl\":\"https:\/\/luchonoticias.com\/editor\/wp-content\/uploads\/2024\/02\/cropped-cropped-logolu.webp\",\"width\":382,\"height\":170,\"caption\":\"admin\"},\"logo\":{\"@id\":\"https:\/\/luchonoticias.com\/editor\/#\/schema\/person\/image\/\"},\"sameAs\":[\"https:\/\/www.facebook.com\/luchonoticiasneiva\"]},{\"@type\":\"Person\",\"@id\":\"https:\/\/luchonoticias.com\/editor\/#\/schema\/person\/29217990ddf6f14e35912b2866d591fb\",\"name\":\"Editor General\",\"image\":{\"@type\":\"ImageObject\",\"inLanguage\":\"es\",\"@id\":\"https:\/\/luchonoticias.com\/editor\/#\/schema\/person\/image\/\",\"url\":\"https:\/\/luchonoticias.com\/editor\/wp-content\/uploads\/2024\/02\/cropped-cropped-logolu-150x150.webp\",\"contentUrl\":\"https:\/\/luchonoticias.com\/editor\/wp-content\/uploads\/2024\/02\/cropped-cropped-logolu-150x150.webp\",\"caption\":\"Editor General\"},\"sameAs\":[\"https:\/\/luchonoticias.com\/\"],\"url\":\"https:\/\/luchonoticias.com\/editor\/author\/editor-general\/\"}]}<\/script>\n<!-- \/ Yoast SEO plugin. -->","yoast_head_json":{"title":"\u00daltimos d\u00edas para el impuesto de veh\u00edculo con descuento -","description":"Hasta este mi\u00e9rcoles 31 de julio tienen plazo los contribuyentes para ponerse al d\u00eda con el pago de impuesto de veh\u00edculos sin sanciones e intereses. La oficina de atenci\u00f3n al contribuyente trabajar\u00e1 en jornada continua para facilitar el proceso.","robots":{"index":"index","follow":"follow","max-snippet":"max-snippet:-1","max-image-preview":"max-image-preview:large","max-video-preview":"max-video-preview:-1"},"canonical":"https:\/\/luchonoticias.com\/editor\/ultimos-dias-para-el-impuesto-de-vehiculo-con-descuento\/","og_locale":"es_ES","og_type":"article","og_title":"\u00daltimos d\u00edas para el impuesto de veh\u00edculo con descuento -","og_description":"Hasta este mi\u00e9rcoles 31 de julio tienen plazo los contribuyentes para ponerse al d\u00eda con el pago de impuesto de veh\u00edculos sin sanciones e intereses. La oficina de atenci\u00f3n al contribuyente trabajar\u00e1 en jornada continua para facilitar el proceso.","og_url":"https:\/\/luchonoticias.com\/editor\/ultimos-dias-para-el-impuesto-de-vehiculo-con-descuento\/","article_publisher":"https:\/\/www.facebook.com\/luchonoticiasneiva","article_published_time":"2024-07-29T16:00:58+00:00","og_image":[{"width":700,"height":400,"url":"https:\/\/luchonoticias.com\/editor\/wp-content\/uploads\/2024\/07\/pago-impuestos.jpg","type":"image\/jpeg"}],"author":"Editor General","twitter_card":"summary_large_image","twitter_misc":{"Escrito por":"Editor General","Tiempo de lectura":"2 minutos"},"schema":{"@context":"https:\/\/schema.org","@graph":[{"@type":"Article","@id":"https:\/\/luchonoticias.com\/editor\/ultimos-dias-para-el-impuesto-de-vehiculo-con-descuento\/#article","isPartOf":{"@id":"https:\/\/luchonoticias.com\/editor\/ultimos-dias-para-el-impuesto-de-vehiculo-con-descuento\/"},"author":{"name":"Editor General","@id":"https:\/\/luchonoticias.com\/editor\/#\/schema\/person\/29217990ddf6f14e35912b2866d591fb"},"headline":"\u00daltimos d\u00edas para el impuesto de veh\u00edculo con descuento","datePublished":"2024-07-29T16:00:58+00:00","mainEntityOfPage":{"@id":"https:\/\/luchonoticias.com\/editor\/ultimos-dias-para-el-impuesto-de-vehiculo-con-descuento\/"},"wordCount":215,"publisher":{"@id":"https:\/\/luchonoticias.com\/editor\/#\/schema\/person\/7a7fd911f58561fd056dbac7b55af9cd"},"image":{"@id":"https:\/\/luchonoticias.com\/editor\/ultimos-dias-para-el-impuesto-de-vehiculo-con-descuento\/#primaryimage"},"thumbnailUrl":"https:\/\/luchonoticias.com\/editor\/wp-content\/uploads\/2024\/07\/pago-impuestos.jpg","articleSection":["Huila"],"inLanguage":"es"},{"@type":"WebPage","@id":"https:\/\/luchonoticias.com\/editor\/ultimos-dias-para-el-impuesto-de-vehiculo-con-descuento\/","url":"https:\/\/luchonoticias.com\/editor\/ultimos-dias-para-el-impuesto-de-vehiculo-con-descuento\/","name":"\u00daltimos d\u00edas para el impuesto de veh\u00edculo con descuento -","isPartOf":{"@id":"https:\/\/luchonoticias.com\/editor\/#website"},"primaryImageOfPage":{"@id":"https:\/\/luchonoticias.com\/editor\/ultimos-dias-para-el-impuesto-de-vehiculo-con-descuento\/#primaryimage"},"image":{"@id":"https:\/\/luchonoticias.com\/editor\/ultimos-dias-para-el-impuesto-de-vehiculo-con-descuento\/#primaryimage"},"thumbnailUrl":"https:\/\/luchonoticias.com\/editor\/wp-content\/uploads\/2024\/07\/pago-impuestos.jpg","datePublished":"2024-07-29T16:00:58+00:00","description":"Hasta este mi\u00e9rcoles 31 de julio tienen plazo los contribuyentes para ponerse al d\u00eda con el pago de impuesto de veh\u00edculos sin sanciones e intereses. La oficina de atenci\u00f3n al contribuyente trabajar\u00e1 en jornada continua para facilitar el proceso.","breadcrumb":{"@id":"https:\/\/luchonoticias.com\/editor\/ultimos-dias-para-el-impuesto-de-vehiculo-con-descuento\/#breadcrumb"},"inLanguage":"es","potentialAction":[{"@type":"ReadAction","target":["https:\/\/luchonoticias.com\/editor\/ultimos-dias-para-el-impuesto-de-vehiculo-con-descuento\/"]}]},{"@type":"ImageObject","inLanguage":"es","@id":"https:\/\/luchonoticias.com\/editor\/ultimos-dias-para-el-impuesto-de-vehiculo-con-descuento\/#primaryimage","url":"https:\/\/luchonoticias.com\/editor\/wp-content\/uploads\/2024\/07\/pago-impuestos.jpg","contentUrl":"https:\/\/luchonoticias.com\/editor\/wp-content\/uploads\/2024\/07\/pago-impuestos.jpg","width":700,"height":400},{"@type":"BreadcrumbList","@id":"https:\/\/luchonoticias.com\/editor\/ultimos-dias-para-el-impuesto-de-vehiculo-con-descuento\/#breadcrumb","itemListElement":[{"@type":"ListItem","position":1,"name":"Portada","item":"https:\/\/luchonoticias.com\/editor\/"},{"@type":"ListItem","position":2,"name":"\u00daltimos d\u00edas para el impuesto de veh\u00edculo con descuento"}]},{"@type":"WebSite","@id":"https:\/\/luchonoticias.com\/editor\/#website","url":"https:\/\/luchonoticias.com\/editor\/","name":"","description":"","publisher":{"@id":"https:\/\/luchonoticias.com\/editor\/#\/schema\/person\/7a7fd911f58561fd056dbac7b55af9cd"},"potentialAction":[{"@type":"SearchAction","target":{"@type":"EntryPoint","urlTemplate":"https:\/\/luchonoticias.com\/editor\/?s={search_term_string}"},"query-input":{"@type":"PropertyValueSpecification","valueRequired":true,"valueName":"search_term_string"}}],"inLanguage":"es"},{"@type":["Person","Organization"],"@id":"https:\/\/luchonoticias.com\/editor\/#\/schema\/person\/7a7fd911f58561fd056dbac7b55af9cd","name":"admin","image":{"@type":"ImageObject","inLanguage":"es","@id":"https:\/\/luchonoticias.com\/editor\/#\/schema\/person\/image\/","url":"https:\/\/luchonoticias.com\/editor\/wp-content\/uploads\/2024\/02\/cropped-cropped-logolu.webp","contentUrl":"https:\/\/luchonoticias.com\/editor\/wp-content\/uploads\/2024\/02\/cropped-cropped-logolu.webp","width":382,"height":170,"caption":"admin"},"logo":{"@id":"https:\/\/luchonoticias.com\/editor\/#\/schema\/person\/image\/"},"sameAs":["https:\/\/www.facebook.com\/luchonoticiasneiva"]},{"@type":"Person","@id":"https:\/\/luchonoticias.com\/editor\/#\/schema\/person\/29217990ddf6f14e35912b2866d591fb","name":"Editor General","image":{"@type":"ImageObject","inLanguage":"es","@id":"https:\/\/luchonoticias.com\/editor\/#\/schema\/person\/image\/","url":"https:\/\/luchonoticias.com\/editor\/wp-content\/uploads\/2024\/02\/cropped-cropped-logolu-150x150.webp","contentUrl":"https:\/\/luchonoticias.com\/editor\/wp-content\/uploads\/2024\/02\/cropped-cropped-logolu-150x150.webp","caption":"Editor General"},"sameAs":["https:\/\/luchonoticias.com\/"],"url":"https:\/\/luchonoticias.com\/editor\/author\/editor-general\/"}]}},"_links":{"self":[{"href":"https:\/\/luchonoticias.com\/editor\/wp-json\/wp\/v2\/posts\/75432","targetHints":{"allow":["GET"]}}],"collection":[{"href":"https:\/\/luchonoticias.com\/editor\/wp-json\/wp\/v2\/posts"}],"about":[{"href":"https:\/\/luchonoticias.com\/editor\/wp-json\/wp\/v2\/types\/post"}],"author":[{"embeddable":true,"href":"https:\/\/luchonoticias.com\/editor\/wp-json\/wp\/v2\/users\/2"}],"replies":[{"embeddable":true,"href":"https:\/\/luchonoticias.com\/editor\/wp-json\/wp\/v2\/comments?post=75432"}],"version-history":[{"count":1,"href":"https:\/\/luchonoticias.com\/editor\/wp-json\/wp\/v2\/posts\/75432\/revisions"}],"predecessor-version":[{"id":75434,"href":"https:\/\/luchonoticias.com\/editor\/wp-json\/wp\/v2\/posts\/75432\/revisions\/75434"}],"wp:featuredmedia":[{"embeddable":true,"href":"https:\/\/luchonoticias.com\/editor\/wp-json\/wp\/v2\/media\/75433"}],"wp:attachment":[{"href":"https:\/\/luchonoticias.com\/editor\/wp-json\/wp\/v2\/media?parent=75432"}],"wp:term":[{"taxonomy":"category","embeddable":true,"href":"https:\/\/luchonoticias.com\/editor\/wp-json\/wp\/v2\/categories?post=75432"},{"taxonomy":"post_tag","embeddable":true,"href":"https:\/\/luchonoticias.com\/editor\/wp-json\/wp\/v2\/tags?post=75432"}],"curies":[{"name":"wp","href":"https:\/\/api.w.org\/{rel}","templated":true}]}}