{"id":75441,"date":"2024-07-29T17:42:17","date_gmt":"2024-07-29T22:42:17","guid":{"rendered":"https:\/\/luchonoticias.com\/?p=75441"},"modified":"2024-07-29T17:42:17","modified_gmt":"2024-07-29T22:42:17","slug":"debate-sampedrino-en-el-concejo-de-neiva","status":"publish","type":"post","link":"https:\/\/luchonoticias.com\/editor\/debate-sampedrino-en-el-concejo-de-neiva\/","title":{"rendered":"Debate sampedrino en el Concejo de Neiva"},"content":{"rendered":"<p>En el marco de la sesi\u00f3n ordinaria de hoy 29 de julio de 2024, se adelant\u00f3 debate de control pol\u00edtico a diferentes carteras de la administraci\u00f3n municipal, debido a hechos presentados durante el Festival del Bambuco en San Juan y San Pedro durante este a\u00f1o.<\/p>\n<p>Los hechos que dieron lugar a este debate fueron los presentados a la opini\u00f3n p\u00fablica mediante un video en donde aparentemente existi\u00f3 maltrato hacia una candidata al certamen se\u00f1orita Neiva por parte de reconocido parejo oficial del festival y por otro lado, el maltrato animal a los que se vieron expuestos algunos caballos durante la realizaci\u00f3n de las cabalgatas.<\/p>\n<p>La concejala Lourdes Mateus (en la foto), inici\u00f3 el debate enfatizando que la administraci\u00f3n municipal, no cuenta con una ruta clara de atenci\u00f3n a las mujeres que participan en los cert\u00e1menes Popular y Se\u00f1orita Neiva y que se debe tener en cuenta que aunque los hechos presentados a la candidata no haya sido dentro de las instalaciones de la secretar\u00eda de cultura como manifestaron en su respuesta a un derecho de petici\u00f3n presentado, se debe contar con una atenci\u00f3n especial a las ni\u00f1as, j\u00f3venes y mujeres que participan en el Festival del Bambuco en San Juan y San Pedro.<\/p>\n<p>Concejala Lourdes Mateus, citante, \u201cLo que encontramos fue que estos casos de violencias basadas en g\u00e9nero a partir del \u00faltimo festival era tan solo la punta del iceberg de violencias basadas en g\u00e9nero que vienen siendo reiterativas en el transcurrir de los a\u00f1os y que no hab\u00edan sido puestas hasta ahora dentro de la agenda p\u00fablica y pol\u00edtica de la ciudad para tomar acciones tendientes a, uno; dejar de normalizarlas y, dos; tomar acciones para erradicarlas y para que las conductas violentas tengan sanciones que permitan avanzar hacia su erradicaci\u00f3n total. El objetivo del debate se cumpli\u00f3, logramos dejar en evidencia que por lo menos con respecto a las violencias basadas en g\u00e9nero, pues hace parte tambi\u00e9n de otro escenario que no ofrece garant\u00edas en temas de violencias basadas en g\u00e9nero, hablamos de los casos de los parejos que han sido conocidos, y la falta de protocolos que hay frente a esta atenci\u00f3n sino por otro lado por ejemplo, los requisitos que son para ser candidatas y de algunos eventos que pueden estar siendo cuestionados por el poco nivel folcl\u00f3rico pero que si generan una exigencia en el marco de un festival como es por ejemplo el evento del desfile en traje de ba\u00f1o de las candidatas. Obtuvimos el compromiso de la administraci\u00f3n municipal, de la Secretar\u00eda de Cultura especialmente, de establecer protocolos claros y concisos que permitan tomar acciones contundentes y sancionatorias frente a parejos o frente a personas que puedan ejercer violencias basadas en g\u00e9nero en el marco del festival, a revisar los requisitos para ser candidatas, a revisar cu\u00e1l es el aporte folcl\u00f3rico del desfile en traje de ba\u00f1o y por supuesto tambi\u00e9n recibimos el respaldo de los concejales en la defensa de las causas y de las luchas de las mujeres en esta ciudad que representamos el 51% de la poblaci\u00f3n\u201d<\/p>\n<p>Humberto Perdomo, concejal citante \u201cEn lo relacionado con la selecci\u00f3n del operador de las cabalgatas, podemos concluir que hubo una falta de planeaci\u00f3n y articulaci\u00f3n interinsticional entre la alcald\u00eda del municipio y la Gobernaci\u00f3n del Huila, y falt\u00f3 un principio de publicidad, porque primero la convocatoria es expedida el 11 de junio y posteriormente se selecciona el vencedor de esa convocatoria el d\u00eda 14 de junio que es cuando se emite la resoluci\u00f3n y la primera cabalgata se desarrolla el 19 de junio. B\u00e1sicamente dos d\u00edas para que los oferentes se puedan presentar y se selecciona el operador de las cabalgatas a solo 5 d\u00edas de iniciar la primera cabalgata. \u00bfEsto es responsable con la ciudad, con el festival, con la ciudadan\u00eda que viene de otros departamentos, de otras ciudades y de otros pa\u00edses? Porque desde luego no hay un periodo de tiempo con antelaci\u00f3n para poder desarrollar la preparaci\u00f3n log\u00edstica a lo que tiene que ver. Creemos que esta falta de planeaci\u00f3n es una de las dificultades que se present\u00f3 en medio del desarrollo de las cabalgatas\u2026\u201d<\/p>\n","protected":false},"excerpt":{"rendered":"<p>El debate fue citado por los concejales Lourdes Mateus y Lu\u00eds Humberto Perdomo a los secretarios de competitividad, de gobierno, de la mujer y de cultura del municipio.<\/p>\n","protected":false},"author":2,"featured_media":75442,"comment_status":"closed","ping_status":"open","sticky":false,"template":"","format":"standard","meta":{"footnotes":""},"categories":[31],"tags":[],"class_list":["post-75441","post","type-post","status-publish","format-standard","has-post-thumbnail","hentry","category-local"],"yoast_head":"<!-- This site is optimized with the Yoast SEO plugin v26.6 - https:\/\/yoast.com\/wordpress\/plugins\/seo\/ -->\n<title>Debate sampedrino en el Concejo de Neiva -<\/title>\n<meta name=\"description\" content=\"El debate fue citado por los concejales Lourdes Mateus y Lu\u00eds Humberto Perdomo a los secretarios de competitividad, de gobierno, de la mujer y de cultura del municipio\" \/>\n<meta name=\"robots\" content=\"index, follow, max-snippet:-1, max-image-preview:large, max-video-preview:-1\" \/>\n<link rel=\"canonical\" href=\"https:\/\/luchonoticias.com\/editor\/debate-sampedrino-en-el-concejo-de-neiva\/\" \/>\n<meta property=\"og:locale\" content=\"es_ES\" \/>\n<meta property=\"og:type\" content=\"article\" \/>\n<meta property=\"og:title\" content=\"Debate sampedrino en el Concejo de Neiva -\" \/>\n<meta property=\"og:description\" content=\"El debate fue citado por los concejales Lourdes Mateus y Lu\u00eds Humberto Perdomo a los secretarios de competitividad, de gobierno, de la mujer y de cultura del municipio\" \/>\n<meta property=\"og:url\" content=\"https:\/\/luchonoticias.com\/editor\/debate-sampedrino-en-el-concejo-de-neiva\/\" \/>\n<meta property=\"article:publisher\" content=\"https:\/\/www.facebook.com\/luchonoticiasneiva\" \/>\n<meta property=\"article:published_time\" content=\"2024-07-29T22:42:17+00:00\" \/>\n<meta property=\"og:image\" content=\"https:\/\/luchonoticias.com\/editor\/wp-content\/uploads\/2024\/07\/debate-concejo.jpg\" \/>\n\t<meta property=\"og:image:width\" content=\"700\" \/>\n\t<meta property=\"og:image:height\" content=\"400\" \/>\n\t<meta property=\"og:image:type\" content=\"image\/jpeg\" \/>\n<meta name=\"author\" content=\"Editor General\" \/>\n<meta name=\"twitter:card\" content=\"summary_large_image\" \/>\n<meta name=\"twitter:label1\" content=\"Escrito por\" \/>\n\t<meta name=\"twitter:data1\" content=\"Editor General\" \/>\n\t<meta name=\"twitter:label2\" content=\"Tiempo de lectura\" \/>\n\t<meta name=\"twitter:data2\" content=\"4 minutos\" \/>\n<script type=\"application\/ld+json\" class=\"yoast-schema-graph\">{\"@context\":\"https:\/\/schema.org\",\"@graph\":[{\"@type\":\"Article\",\"@id\":\"https:\/\/luchonoticias.com\/editor\/debate-sampedrino-en-el-concejo-de-neiva\/#article\",\"isPartOf\":{\"@id\":\"https:\/\/luchonoticias.com\/editor\/debate-sampedrino-en-el-concejo-de-neiva\/\"},\"author\":{\"name\":\"Editor General\",\"@id\":\"https:\/\/luchonoticias.com\/editor\/#\/schema\/person\/29217990ddf6f14e35912b2866d591fb\"},\"headline\":\"Debate sampedrino en el Concejo de Neiva\",\"datePublished\":\"2024-07-29T22:42:17+00:00\",\"mainEntityOfPage\":{\"@id\":\"https:\/\/luchonoticias.com\/editor\/debate-sampedrino-en-el-concejo-de-neiva\/\"},\"wordCount\":741,\"publisher\":{\"@id\":\"https:\/\/luchonoticias.com\/editor\/#\/schema\/person\/7a7fd911f58561fd056dbac7b55af9cd\"},\"image\":{\"@id\":\"https:\/\/luchonoticias.com\/editor\/debate-sampedrino-en-el-concejo-de-neiva\/#primaryimage\"},\"thumbnailUrl\":\"https:\/\/luchonoticias.com\/editor\/wp-content\/uploads\/2024\/07\/debate-concejo.jpg\",\"articleSection\":[\"Local\"],\"inLanguage\":\"es\"},{\"@type\":\"WebPage\",\"@id\":\"https:\/\/luchonoticias.com\/editor\/debate-sampedrino-en-el-concejo-de-neiva\/\",\"url\":\"https:\/\/luchonoticias.com\/editor\/debate-sampedrino-en-el-concejo-de-neiva\/\",\"name\":\"Debate sampedrino en el Concejo de Neiva -\",\"isPartOf\":{\"@id\":\"https:\/\/luchonoticias.com\/editor\/#website\"},\"primaryImageOfPage\":{\"@id\":\"https:\/\/luchonoticias.com\/editor\/debate-sampedrino-en-el-concejo-de-neiva\/#primaryimage\"},\"image\":{\"@id\":\"https:\/\/luchonoticias.com\/editor\/debate-sampedrino-en-el-concejo-de-neiva\/#primaryimage\"},\"thumbnailUrl\":\"https:\/\/luchonoticias.com\/editor\/wp-content\/uploads\/2024\/07\/debate-concejo.jpg\",\"datePublished\":\"2024-07-29T22:42:17+00:00\",\"description\":\"El debate fue citado por los concejales Lourdes Mateus y Lu\u00eds Humberto Perdomo a los secretarios de competitividad, de gobierno, de la mujer y de cultura del municipio\",\"breadcrumb\":{\"@id\":\"https:\/\/luchonoticias.com\/editor\/debate-sampedrino-en-el-concejo-de-neiva\/#breadcrumb\"},\"inLanguage\":\"es\",\"potentialAction\":[{\"@type\":\"ReadAction\",\"target\":[\"https:\/\/luchonoticias.com\/editor\/debate-sampedrino-en-el-concejo-de-neiva\/\"]}]},{\"@type\":\"ImageObject\",\"inLanguage\":\"es\",\"@id\":\"https:\/\/luchonoticias.com\/editor\/debate-sampedrino-en-el-concejo-de-neiva\/#primaryimage\",\"url\":\"https:\/\/luchonoticias.com\/editor\/wp-content\/uploads\/2024\/07\/debate-concejo.jpg\",\"contentUrl\":\"https:\/\/luchonoticias.com\/editor\/wp-content\/uploads\/2024\/07\/debate-concejo.jpg\",\"width\":700,\"height\":400},{\"@type\":\"BreadcrumbList\",\"@id\":\"https:\/\/luchonoticias.com\/editor\/debate-sampedrino-en-el-concejo-de-neiva\/#breadcrumb\",\"itemListElement\":[{\"@type\":\"ListItem\",\"position\":1,\"name\":\"Portada\",\"item\":\"https:\/\/luchonoticias.com\/editor\/\"},{\"@type\":\"ListItem\",\"position\":2,\"name\":\"Debate sampedrino en el Concejo de Neiva\"}]},{\"@type\":\"WebSite\",\"@id\":\"https:\/\/luchonoticias.com\/editor\/#website\",\"url\":\"https:\/\/luchonoticias.com\/editor\/\",\"name\":\"\",\"description\":\"\",\"publisher\":{\"@id\":\"https:\/\/luchonoticias.com\/editor\/#\/schema\/person\/7a7fd911f58561fd056dbac7b55af9cd\"},\"potentialAction\":[{\"@type\":\"SearchAction\",\"target\":{\"@type\":\"EntryPoint\",\"urlTemplate\":\"https:\/\/luchonoticias.com\/editor\/?s={search_term_string}\"},\"query-input\":{\"@type\":\"PropertyValueSpecification\",\"valueRequired\":true,\"valueName\":\"search_term_string\"}}],\"inLanguage\":\"es\"},{\"@type\":[\"Person\",\"Organization\"],\"@id\":\"https:\/\/luchonoticias.com\/editor\/#\/schema\/person\/7a7fd911f58561fd056dbac7b55af9cd\",\"name\":\"admin\",\"image\":{\"@type\":\"ImageObject\",\"inLanguage\":\"es\",\"@id\":\"https:\/\/luchonoticias.com\/editor\/#\/schema\/person\/image\/\",\"url\":\"https:\/\/luchonoticias.com\/editor\/wp-content\/uploads\/2024\/02\/cropped-cropped-logolu.webp\",\"contentUrl\":\"https:\/\/luchonoticias.com\/editor\/wp-content\/uploads\/2024\/02\/cropped-cropped-logolu.webp\",\"width\":382,\"height\":170,\"caption\":\"admin\"},\"logo\":{\"@id\":\"https:\/\/luchonoticias.com\/editor\/#\/schema\/person\/image\/\"},\"sameAs\":[\"https:\/\/www.facebook.com\/luchonoticiasneiva\"]},{\"@type\":\"Person\",\"@id\":\"https:\/\/luchonoticias.com\/editor\/#\/schema\/person\/29217990ddf6f14e35912b2866d591fb\",\"name\":\"Editor General\",\"image\":{\"@type\":\"ImageObject\",\"inLanguage\":\"es\",\"@id\":\"https:\/\/luchonoticias.com\/editor\/#\/schema\/person\/image\/\",\"url\":\"https:\/\/luchonoticias.com\/editor\/wp-content\/uploads\/2024\/02\/cropped-cropped-logolu-150x150.webp\",\"contentUrl\":\"https:\/\/luchonoticias.com\/editor\/wp-content\/uploads\/2024\/02\/cropped-cropped-logolu-150x150.webp\",\"caption\":\"Editor General\"},\"sameAs\":[\"https:\/\/luchonoticias.com\/\"],\"url\":\"https:\/\/luchonoticias.com\/editor\/author\/editor-general\/\"}]}<\/script>\n<!-- \/ Yoast SEO plugin. -->","yoast_head_json":{"title":"Debate sampedrino en el Concejo de Neiva -","description":"El debate fue citado por los concejales Lourdes Mateus y Lu\u00eds Humberto Perdomo a los secretarios de competitividad, de gobierno, de la mujer y de cultura del municipio","robots":{"index":"index","follow":"follow","max-snippet":"max-snippet:-1","max-image-preview":"max-image-preview:large","max-video-preview":"max-video-preview:-1"},"canonical":"https:\/\/luchonoticias.com\/editor\/debate-sampedrino-en-el-concejo-de-neiva\/","og_locale":"es_ES","og_type":"article","og_title":"Debate sampedrino en el Concejo de Neiva -","og_description":"El debate fue citado por los concejales Lourdes Mateus y Lu\u00eds Humberto Perdomo a los secretarios de competitividad, de gobierno, de la mujer y de cultura del municipio","og_url":"https:\/\/luchonoticias.com\/editor\/debate-sampedrino-en-el-concejo-de-neiva\/","article_publisher":"https:\/\/www.facebook.com\/luchonoticiasneiva","article_published_time":"2024-07-29T22:42:17+00:00","og_image":[{"width":700,"height":400,"url":"https:\/\/luchonoticias.com\/editor\/wp-content\/uploads\/2024\/07\/debate-concejo.jpg","type":"image\/jpeg"}],"author":"Editor General","twitter_card":"summary_large_image","twitter_misc":{"Escrito por":"Editor General","Tiempo de lectura":"4 minutos"},"schema":{"@context":"https:\/\/schema.org","@graph":[{"@type":"Article","@id":"https:\/\/luchonoticias.com\/editor\/debate-sampedrino-en-el-concejo-de-neiva\/#article","isPartOf":{"@id":"https:\/\/luchonoticias.com\/editor\/debate-sampedrino-en-el-concejo-de-neiva\/"},"author":{"name":"Editor General","@id":"https:\/\/luchonoticias.com\/editor\/#\/schema\/person\/29217990ddf6f14e35912b2866d591fb"},"headline":"Debate sampedrino en el Concejo de Neiva","datePublished":"2024-07-29T22:42:17+00:00","mainEntityOfPage":{"@id":"https:\/\/luchonoticias.com\/editor\/debate-sampedrino-en-el-concejo-de-neiva\/"},"wordCount":741,"publisher":{"@id":"https:\/\/luchonoticias.com\/editor\/#\/schema\/person\/7a7fd911f58561fd056dbac7b55af9cd"},"image":{"@id":"https:\/\/luchonoticias.com\/editor\/debate-sampedrino-en-el-concejo-de-neiva\/#primaryimage"},"thumbnailUrl":"https:\/\/luchonoticias.com\/editor\/wp-content\/uploads\/2024\/07\/debate-concejo.jpg","articleSection":["Local"],"inLanguage":"es"},{"@type":"WebPage","@id":"https:\/\/luchonoticias.com\/editor\/debate-sampedrino-en-el-concejo-de-neiva\/","url":"https:\/\/luchonoticias.com\/editor\/debate-sampedrino-en-el-concejo-de-neiva\/","name":"Debate sampedrino en el Concejo de Neiva -","isPartOf":{"@id":"https:\/\/luchonoticias.com\/editor\/#website"},"primaryImageOfPage":{"@id":"https:\/\/luchonoticias.com\/editor\/debate-sampedrino-en-el-concejo-de-neiva\/#primaryimage"},"image":{"@id":"https:\/\/luchonoticias.com\/editor\/debate-sampedrino-en-el-concejo-de-neiva\/#primaryimage"},"thumbnailUrl":"https:\/\/luchonoticias.com\/editor\/wp-content\/uploads\/2024\/07\/debate-concejo.jpg","datePublished":"2024-07-29T22:42:17+00:00","description":"El debate fue citado por los concejales Lourdes Mateus y Lu\u00eds Humberto Perdomo a los secretarios de competitividad, de gobierno, de la mujer y de cultura del municipio","breadcrumb":{"@id":"https:\/\/luchonoticias.com\/editor\/debate-sampedrino-en-el-concejo-de-neiva\/#breadcrumb"},"inLanguage":"es","potentialAction":[{"@type":"ReadAction","target":["https:\/\/luchonoticias.com\/editor\/debate-sampedrino-en-el-concejo-de-neiva\/"]}]},{"@type":"ImageObject","inLanguage":"es","@id":"https:\/\/luchonoticias.com\/editor\/debate-sampedrino-en-el-concejo-de-neiva\/#primaryimage","url":"https:\/\/luchonoticias.com\/editor\/wp-content\/uploads\/2024\/07\/debate-concejo.jpg","contentUrl":"https:\/\/luchonoticias.com\/editor\/wp-content\/uploads\/2024\/07\/debate-concejo.jpg","width":700,"height":400},{"@type":"BreadcrumbList","@id":"https:\/\/luchonoticias.com\/editor\/debate-sampedrino-en-el-concejo-de-neiva\/#breadcrumb","itemListElement":[{"@type":"ListItem","position":1,"name":"Portada","item":"https:\/\/luchonoticias.com\/editor\/"},{"@type":"ListItem","position":2,"name":"Debate sampedrino en el Concejo de Neiva"}]},{"@type":"WebSite","@id":"https:\/\/luchonoticias.com\/editor\/#website","url":"https:\/\/luchonoticias.com\/editor\/","name":"","description":"","publisher":{"@id":"https:\/\/luchonoticias.com\/editor\/#\/schema\/person\/7a7fd911f58561fd056dbac7b55af9cd"},"potentialAction":[{"@type":"SearchAction","target":{"@type":"EntryPoint","urlTemplate":"https:\/\/luchonoticias.com\/editor\/?s={search_term_string}"},"query-input":{"@type":"PropertyValueSpecification","valueRequired":true,"valueName":"search_term_string"}}],"inLanguage":"es"},{"@type":["Person","Organization"],"@id":"https:\/\/luchonoticias.com\/editor\/#\/schema\/person\/7a7fd911f58561fd056dbac7b55af9cd","name":"admin","image":{"@type":"ImageObject","inLanguage":"es","@id":"https:\/\/luchonoticias.com\/editor\/#\/schema\/person\/image\/","url":"https:\/\/luchonoticias.com\/editor\/wp-content\/uploads\/2024\/02\/cropped-cropped-logolu.webp","contentUrl":"https:\/\/luchonoticias.com\/editor\/wp-content\/uploads\/2024\/02\/cropped-cropped-logolu.webp","width":382,"height":170,"caption":"admin"},"logo":{"@id":"https:\/\/luchonoticias.com\/editor\/#\/schema\/person\/image\/"},"sameAs":["https:\/\/www.facebook.com\/luchonoticiasneiva"]},{"@type":"Person","@id":"https:\/\/luchonoticias.com\/editor\/#\/schema\/person\/29217990ddf6f14e35912b2866d591fb","name":"Editor General","image":{"@type":"ImageObject","inLanguage":"es","@id":"https:\/\/luchonoticias.com\/editor\/#\/schema\/person\/image\/","url":"https:\/\/luchonoticias.com\/editor\/wp-content\/uploads\/2024\/02\/cropped-cropped-logolu-150x150.webp","contentUrl":"https:\/\/luchonoticias.com\/editor\/wp-content\/uploads\/2024\/02\/cropped-cropped-logolu-150x150.webp","caption":"Editor General"},"sameAs":["https:\/\/luchonoticias.com\/"],"url":"https:\/\/luchonoticias.com\/editor\/author\/editor-general\/"}]}},"_links":{"self":[{"href":"https:\/\/luchonoticias.com\/editor\/wp-json\/wp\/v2\/posts\/75441","targetHints":{"allow":["GET"]}}],"collection":[{"href":"https:\/\/luchonoticias.com\/editor\/wp-json\/wp\/v2\/posts"}],"about":[{"href":"https:\/\/luchonoticias.com\/editor\/wp-json\/wp\/v2\/types\/post"}],"author":[{"embeddable":true,"href":"https:\/\/luchonoticias.com\/editor\/wp-json\/wp\/v2\/users\/2"}],"replies":[{"embeddable":true,"href":"https:\/\/luchonoticias.com\/editor\/wp-json\/wp\/v2\/comments?post=75441"}],"version-history":[{"count":1,"href":"https:\/\/luchonoticias.com\/editor\/wp-json\/wp\/v2\/posts\/75441\/revisions"}],"predecessor-version":[{"id":75443,"href":"https:\/\/luchonoticias.com\/editor\/wp-json\/wp\/v2\/posts\/75441\/revisions\/75443"}],"wp:featuredmedia":[{"embeddable":true,"href":"https:\/\/luchonoticias.com\/editor\/wp-json\/wp\/v2\/media\/75442"}],"wp:attachment":[{"href":"https:\/\/luchonoticias.com\/editor\/wp-json\/wp\/v2\/media?parent=75441"}],"wp:term":[{"taxonomy":"category","embeddable":true,"href":"https:\/\/luchonoticias.com\/editor\/wp-json\/wp\/v2\/categories?post=75441"},{"taxonomy":"post_tag","embeddable":true,"href":"https:\/\/luchonoticias.com\/editor\/wp-json\/wp\/v2\/tags?post=75441"}],"curies":[{"name":"wp","href":"https:\/\/api.w.org\/{rel}","templated":true}]}}