{"id":75450,"date":"2024-07-29T18:41:24","date_gmt":"2024-07-29T23:41:24","guid":{"rendered":"https:\/\/luchonoticias.com\/?p=75450"},"modified":"2024-07-29T18:41:24","modified_gmt":"2024-07-29T23:41:24","slug":"docente-universitaria-huilense-publica-en-revista-internacional","status":"publish","type":"post","link":"https:\/\/luchonoticias.com\/editor\/docente-universitaria-huilense-publica-en-revista-internacional\/","title":{"rendered":"Docente universitaria huilense publica en revista internacional"},"content":{"rendered":"<p>Este logro se dio a conocer, cuando la docente investigadora y l\u00edder del grupo de investigaci\u00f3n Psicosaberes de la Universidad Cooperativa de Neiva, recibi\u00f3 notificaci\u00f3n por parte de la revista cient\u00edfica para la aprobaci\u00f3n de su investigaci\u00f3n y publicaci\u00f3n del art\u00edculo cient\u00edfico: \u201cBrain clocks capture diversity and disparity in aging and dementia\u201d calificado con un factor de impacto de 19.5.<\/p>\n<p>Nature Medicine es una revista que publica investigaciones originales revisadas por pares en todas las \u00e1reas de la medicina sobre la base de su originalidad, actualidad, inter\u00e9s interdisciplinario e impacto en la mejora de la salud humana. Esta revista tambi\u00e9n publica noticias, rese\u00f1as y perspectivas, cuyo objetivo es contextualizar sobre los \u00faltimos avances en investigaci\u00f3n cl\u00ednica y traslacional para llegar a una amplia audiencia de lectores con t\u00edtulos de doctorado.<\/p>\n<p>La publicaci\u00f3n de este articulo se logra, gracias a la articulaci\u00f3n del grupo de Investigaci\u00f3n Psicosaberes, con redes internacionales como: EUROLAD-EEG CONSORTIUM: TOWARDS A GLOBAL EEG PLATFORM FOR DEMENTIA; THE LATIN AMERICA AND THE CARIBBEAN CONSORTIUM ON DEMENTIA (LAC-CD; MULTI-PARTNER CONSORTIUM TO EXPAND DEMENTIA RESEARCH IN LATIN AMERICA (REDLAT); VIEWMIND; DAVOS ALZHEIMER&#8217;S COLLABORATIVE y el GNA: GRUPO DE NEUROCIENCIAS DE ANTIOQUIA, entre otros.<\/p>\n<p>Como resultado de otra investigaci\u00f3n en donde particip\u00f3 la docente, tambi\u00e9n se gener\u00f3 el articulo \u201cBrain health in diverse settings: How age, demographics and cognition shape brain function\u201d publicado en la revista NeuroImage con un \u00edndice de impacto de 5.7 (Q1). En esta investigaci\u00f3n participaron distintos investigadores de como el Dr. Francisco Lopera, entre otros reconocidos expertos.<\/p>\n<p>Estas dos investigaciones multic\u00e9ntricas, evidencian c\u00f3mo los determinantes sociales y de la salud a los que est\u00e1 expuesta nuestra poblaci\u00f3n, generan cambios en la actividad cerebral, siendo la educaci\u00f3n uno de los principales determinantes sociales, aspecto para analizar y contribuir desde la pol\u00edtica de educaci\u00f3n a lo largo de la vida.<\/p>\n<p>&nbsp;<\/p>\n<p><strong>Otras investigaciones en Revistas Cient\u00edficas<\/strong><\/p>\n<p>Se public\u00f3 el articulo \u201cEvidence of validity and reliability of the Colombian version of Addenbroke\u2019s Cognitive Examination Revised\u201d (ACE-R) en la revista Aging and Mental Health con factor de impacto 3.4 (Q1). Este estudio permitir\u00e1 a los cl\u00ednicos que realizan atenci\u00f3n primaria en salud con poblaciones de bajo nivel educativo y alejadas de centros cl\u00ednicos de tercer nivel, contar con una herramienta cl\u00ednica para la detecci\u00f3n temprana de la demencia.<\/p>\n<p>Y la publicaci\u00f3n \u00abPrevalence of Mild Cognitive Impairment in Southern Regions of Colombia\u00bb en la revista Journal of Alzheimer\u2019s Disease Reports. Que permite conocer la complejidad cl\u00ednica en el envejecimiento que presenta la regi\u00f3n Surcolombiana a diferencia de otras regiones del pa\u00eds; este panorama ha permitido que entes internacionales como Davos Alzheimer\u00b4s Collaborate presten su inter\u00e9s para procesos de inversi\u00f3n en investigaci\u00f3n con la cohorte Surcolombiana de las Demencias.<\/p>\n<p>Con estas investigaciones, la Universidad Cooperativa de Colombia es pionera en el Departamento del Huila y se reconoce por liderar una de las iniciativas mundiales m\u00e1s importantes y desafiantes en el tema de la salud mental y cerebral, adem\u00e1s de promover el desarrollo de nuevas ideas y la defensa de la ciencia abierta, para aportar a la soluci\u00f3n de los desaf\u00edos del mundo.<\/p>\n","protected":false},"excerpt":{"rendered":"<p>Se trata de la profesora Jasm\u00edn Bonilla del programa de Psicolog\u00eda de la UCC Neiva, que public\u00f3 sus investigaciones en las revistas cient\u00edficas Natura Medicine y NeuroImage, junto a destacados investigadores de talla internacional. <\/p>\n","protected":false},"author":2,"featured_media":75451,"comment_status":"closed","ping_status":"open","sticky":false,"template":"","format":"standard","meta":{"footnotes":""},"categories":[33],"tags":[],"class_list":["post-75450","post","type-post","status-publish","format-standard","has-post-thumbnail","hentry","category-huila"],"yoast_head":"<!-- This site is optimized with the Yoast SEO plugin v26.6 - https:\/\/yoast.com\/wordpress\/plugins\/seo\/ -->\n<title>Docente universitaria huilense publica en revista internacional -<\/title>\n<meta name=\"description\" content=\"Se trata de la profesora Jasm\u00edn Bonilla del programa de Psicolog\u00eda de la UCC Neiva, que public\u00f3 sus investigaciones en las revistas cient\u00edficas Natura Medicine y NeuroImage, junto a destacados investigadores de talla internacional.\" \/>\n<meta name=\"robots\" content=\"index, follow, max-snippet:-1, max-image-preview:large, max-video-preview:-1\" \/>\n<link rel=\"canonical\" href=\"https:\/\/luchonoticias.com\/editor\/docente-universitaria-huilense-publica-en-revista-internacional\/\" \/>\n<meta property=\"og:locale\" content=\"es_ES\" \/>\n<meta property=\"og:type\" content=\"article\" \/>\n<meta property=\"og:title\" content=\"Docente universitaria huilense publica en revista internacional -\" \/>\n<meta property=\"og:description\" content=\"Se trata de la profesora Jasm\u00edn Bonilla del programa de Psicolog\u00eda de la UCC Neiva, que public\u00f3 sus investigaciones en las revistas cient\u00edficas Natura Medicine y NeuroImage, junto a destacados investigadores de talla internacional.\" \/>\n<meta property=\"og:url\" content=\"https:\/\/luchonoticias.com\/editor\/docente-universitaria-huilense-publica-en-revista-internacional\/\" \/>\n<meta property=\"article:publisher\" content=\"https:\/\/www.facebook.com\/luchonoticiasneiva\" \/>\n<meta property=\"article:published_time\" content=\"2024-07-29T23:41:24+00:00\" \/>\n<meta property=\"og:image\" content=\"https:\/\/luchonoticias.com\/editor\/wp-content\/uploads\/2024\/07\/profesora-universitaria.jpg\" \/>\n\t<meta property=\"og:image:width\" content=\"700\" \/>\n\t<meta property=\"og:image:height\" content=\"400\" \/>\n\t<meta property=\"og:image:type\" content=\"image\/jpeg\" \/>\n<meta name=\"author\" content=\"Editor General\" \/>\n<meta name=\"twitter:card\" content=\"summary_large_image\" \/>\n<meta name=\"twitter:label1\" content=\"Escrito por\" \/>\n\t<meta name=\"twitter:data1\" content=\"Editor General\" \/>\n\t<meta name=\"twitter:label2\" content=\"Tiempo de lectura\" \/>\n\t<meta name=\"twitter:data2\" content=\"3 minutos\" \/>\n<script type=\"application\/ld+json\" class=\"yoast-schema-graph\">{\"@context\":\"https:\/\/schema.org\",\"@graph\":[{\"@type\":\"Article\",\"@id\":\"https:\/\/luchonoticias.com\/editor\/docente-universitaria-huilense-publica-en-revista-internacional\/#article\",\"isPartOf\":{\"@id\":\"https:\/\/luchonoticias.com\/editor\/docente-universitaria-huilense-publica-en-revista-internacional\/\"},\"author\":{\"name\":\"Editor General\",\"@id\":\"https:\/\/luchonoticias.com\/editor\/#\/schema\/person\/29217990ddf6f14e35912b2866d591fb\"},\"headline\":\"Docente universitaria huilense publica en revista internacional\",\"datePublished\":\"2024-07-29T23:41:24+00:00\",\"mainEntityOfPage\":{\"@id\":\"https:\/\/luchonoticias.com\/editor\/docente-universitaria-huilense-publica-en-revista-internacional\/\"},\"wordCount\":561,\"publisher\":{\"@id\":\"https:\/\/luchonoticias.com\/editor\/#\/schema\/person\/7a7fd911f58561fd056dbac7b55af9cd\"},\"image\":{\"@id\":\"https:\/\/luchonoticias.com\/editor\/docente-universitaria-huilense-publica-en-revista-internacional\/#primaryimage\"},\"thumbnailUrl\":\"https:\/\/luchonoticias.com\/editor\/wp-content\/uploads\/2024\/07\/profesora-universitaria.jpg\",\"articleSection\":[\"Huila\"],\"inLanguage\":\"es\"},{\"@type\":\"WebPage\",\"@id\":\"https:\/\/luchonoticias.com\/editor\/docente-universitaria-huilense-publica-en-revista-internacional\/\",\"url\":\"https:\/\/luchonoticias.com\/editor\/docente-universitaria-huilense-publica-en-revista-internacional\/\",\"name\":\"Docente universitaria huilense publica en revista internacional -\",\"isPartOf\":{\"@id\":\"https:\/\/luchonoticias.com\/editor\/#website\"},\"primaryImageOfPage\":{\"@id\":\"https:\/\/luchonoticias.com\/editor\/docente-universitaria-huilense-publica-en-revista-internacional\/#primaryimage\"},\"image\":{\"@id\":\"https:\/\/luchonoticias.com\/editor\/docente-universitaria-huilense-publica-en-revista-internacional\/#primaryimage\"},\"thumbnailUrl\":\"https:\/\/luchonoticias.com\/editor\/wp-content\/uploads\/2024\/07\/profesora-universitaria.jpg\",\"datePublished\":\"2024-07-29T23:41:24+00:00\",\"description\":\"Se trata de la profesora Jasm\u00edn Bonilla del programa de Psicolog\u00eda de la UCC Neiva, que public\u00f3 sus investigaciones en las revistas cient\u00edficas Natura Medicine y NeuroImage, junto a destacados investigadores de talla internacional.\",\"breadcrumb\":{\"@id\":\"https:\/\/luchonoticias.com\/editor\/docente-universitaria-huilense-publica-en-revista-internacional\/#breadcrumb\"},\"inLanguage\":\"es\",\"potentialAction\":[{\"@type\":\"ReadAction\",\"target\":[\"https:\/\/luchonoticias.com\/editor\/docente-universitaria-huilense-publica-en-revista-internacional\/\"]}]},{\"@type\":\"ImageObject\",\"inLanguage\":\"es\",\"@id\":\"https:\/\/luchonoticias.com\/editor\/docente-universitaria-huilense-publica-en-revista-internacional\/#primaryimage\",\"url\":\"https:\/\/luchonoticias.com\/editor\/wp-content\/uploads\/2024\/07\/profesora-universitaria.jpg\",\"contentUrl\":\"https:\/\/luchonoticias.com\/editor\/wp-content\/uploads\/2024\/07\/profesora-universitaria.jpg\",\"width\":700,\"height\":400},{\"@type\":\"BreadcrumbList\",\"@id\":\"https:\/\/luchonoticias.com\/editor\/docente-universitaria-huilense-publica-en-revista-internacional\/#breadcrumb\",\"itemListElement\":[{\"@type\":\"ListItem\",\"position\":1,\"name\":\"Portada\",\"item\":\"https:\/\/luchonoticias.com\/editor\/\"},{\"@type\":\"ListItem\",\"position\":2,\"name\":\"Docente universitaria huilense publica en revista internacional\"}]},{\"@type\":\"WebSite\",\"@id\":\"https:\/\/luchonoticias.com\/editor\/#website\",\"url\":\"https:\/\/luchonoticias.com\/editor\/\",\"name\":\"\",\"description\":\"\",\"publisher\":{\"@id\":\"https:\/\/luchonoticias.com\/editor\/#\/schema\/person\/7a7fd911f58561fd056dbac7b55af9cd\"},\"potentialAction\":[{\"@type\":\"SearchAction\",\"target\":{\"@type\":\"EntryPoint\",\"urlTemplate\":\"https:\/\/luchonoticias.com\/editor\/?s={search_term_string}\"},\"query-input\":{\"@type\":\"PropertyValueSpecification\",\"valueRequired\":true,\"valueName\":\"search_term_string\"}}],\"inLanguage\":\"es\"},{\"@type\":[\"Person\",\"Organization\"],\"@id\":\"https:\/\/luchonoticias.com\/editor\/#\/schema\/person\/7a7fd911f58561fd056dbac7b55af9cd\",\"name\":\"admin\",\"image\":{\"@type\":\"ImageObject\",\"inLanguage\":\"es\",\"@id\":\"https:\/\/luchonoticias.com\/editor\/#\/schema\/person\/image\/\",\"url\":\"https:\/\/luchonoticias.com\/editor\/wp-content\/uploads\/2024\/02\/cropped-cropped-logolu.webp\",\"contentUrl\":\"https:\/\/luchonoticias.com\/editor\/wp-content\/uploads\/2024\/02\/cropped-cropped-logolu.webp\",\"width\":382,\"height\":170,\"caption\":\"admin\"},\"logo\":{\"@id\":\"https:\/\/luchonoticias.com\/editor\/#\/schema\/person\/image\/\"},\"sameAs\":[\"https:\/\/www.facebook.com\/luchonoticiasneiva\"]},{\"@type\":\"Person\",\"@id\":\"https:\/\/luchonoticias.com\/editor\/#\/schema\/person\/29217990ddf6f14e35912b2866d591fb\",\"name\":\"Editor General\",\"image\":{\"@type\":\"ImageObject\",\"inLanguage\":\"es\",\"@id\":\"https:\/\/luchonoticias.com\/editor\/#\/schema\/person\/image\/\",\"url\":\"https:\/\/luchonoticias.com\/editor\/wp-content\/uploads\/2024\/02\/cropped-cropped-logolu-150x150.webp\",\"contentUrl\":\"https:\/\/luchonoticias.com\/editor\/wp-content\/uploads\/2024\/02\/cropped-cropped-logolu-150x150.webp\",\"caption\":\"Editor General\"},\"sameAs\":[\"https:\/\/luchonoticias.com\/\"],\"url\":\"https:\/\/luchonoticias.com\/editor\/author\/editor-general\/\"}]}<\/script>\n<!-- \/ Yoast SEO plugin. -->","yoast_head_json":{"title":"Docente universitaria huilense publica en revista internacional -","description":"Se trata de la profesora Jasm\u00edn Bonilla del programa de Psicolog\u00eda de la UCC Neiva, que public\u00f3 sus investigaciones en las revistas cient\u00edficas Natura Medicine y NeuroImage, junto a destacados investigadores de talla internacional.","robots":{"index":"index","follow":"follow","max-snippet":"max-snippet:-1","max-image-preview":"max-image-preview:large","max-video-preview":"max-video-preview:-1"},"canonical":"https:\/\/luchonoticias.com\/editor\/docente-universitaria-huilense-publica-en-revista-internacional\/","og_locale":"es_ES","og_type":"article","og_title":"Docente universitaria huilense publica en revista internacional -","og_description":"Se trata de la profesora Jasm\u00edn Bonilla del programa de Psicolog\u00eda de la UCC Neiva, que public\u00f3 sus investigaciones en las revistas cient\u00edficas Natura Medicine y NeuroImage, junto a destacados investigadores de talla internacional.","og_url":"https:\/\/luchonoticias.com\/editor\/docente-universitaria-huilense-publica-en-revista-internacional\/","article_publisher":"https:\/\/www.facebook.com\/luchonoticiasneiva","article_published_time":"2024-07-29T23:41:24+00:00","og_image":[{"width":700,"height":400,"url":"https:\/\/luchonoticias.com\/editor\/wp-content\/uploads\/2024\/07\/profesora-universitaria.jpg","type":"image\/jpeg"}],"author":"Editor General","twitter_card":"summary_large_image","twitter_misc":{"Escrito por":"Editor General","Tiempo de lectura":"3 minutos"},"schema":{"@context":"https:\/\/schema.org","@graph":[{"@type":"Article","@id":"https:\/\/luchonoticias.com\/editor\/docente-universitaria-huilense-publica-en-revista-internacional\/#article","isPartOf":{"@id":"https:\/\/luchonoticias.com\/editor\/docente-universitaria-huilense-publica-en-revista-internacional\/"},"author":{"name":"Editor General","@id":"https:\/\/luchonoticias.com\/editor\/#\/schema\/person\/29217990ddf6f14e35912b2866d591fb"},"headline":"Docente universitaria huilense publica en revista internacional","datePublished":"2024-07-29T23:41:24+00:00","mainEntityOfPage":{"@id":"https:\/\/luchonoticias.com\/editor\/docente-universitaria-huilense-publica-en-revista-internacional\/"},"wordCount":561,"publisher":{"@id":"https:\/\/luchonoticias.com\/editor\/#\/schema\/person\/7a7fd911f58561fd056dbac7b55af9cd"},"image":{"@id":"https:\/\/luchonoticias.com\/editor\/docente-universitaria-huilense-publica-en-revista-internacional\/#primaryimage"},"thumbnailUrl":"https:\/\/luchonoticias.com\/editor\/wp-content\/uploads\/2024\/07\/profesora-universitaria.jpg","articleSection":["Huila"],"inLanguage":"es"},{"@type":"WebPage","@id":"https:\/\/luchonoticias.com\/editor\/docente-universitaria-huilense-publica-en-revista-internacional\/","url":"https:\/\/luchonoticias.com\/editor\/docente-universitaria-huilense-publica-en-revista-internacional\/","name":"Docente universitaria huilense publica en revista internacional -","isPartOf":{"@id":"https:\/\/luchonoticias.com\/editor\/#website"},"primaryImageOfPage":{"@id":"https:\/\/luchonoticias.com\/editor\/docente-universitaria-huilense-publica-en-revista-internacional\/#primaryimage"},"image":{"@id":"https:\/\/luchonoticias.com\/editor\/docente-universitaria-huilense-publica-en-revista-internacional\/#primaryimage"},"thumbnailUrl":"https:\/\/luchonoticias.com\/editor\/wp-content\/uploads\/2024\/07\/profesora-universitaria.jpg","datePublished":"2024-07-29T23:41:24+00:00","description":"Se trata de la profesora Jasm\u00edn Bonilla del programa de Psicolog\u00eda de la UCC Neiva, que public\u00f3 sus investigaciones en las revistas cient\u00edficas Natura Medicine y NeuroImage, junto a destacados investigadores de talla internacional.","breadcrumb":{"@id":"https:\/\/luchonoticias.com\/editor\/docente-universitaria-huilense-publica-en-revista-internacional\/#breadcrumb"},"inLanguage":"es","potentialAction":[{"@type":"ReadAction","target":["https:\/\/luchonoticias.com\/editor\/docente-universitaria-huilense-publica-en-revista-internacional\/"]}]},{"@type":"ImageObject","inLanguage":"es","@id":"https:\/\/luchonoticias.com\/editor\/docente-universitaria-huilense-publica-en-revista-internacional\/#primaryimage","url":"https:\/\/luchonoticias.com\/editor\/wp-content\/uploads\/2024\/07\/profesora-universitaria.jpg","contentUrl":"https:\/\/luchonoticias.com\/editor\/wp-content\/uploads\/2024\/07\/profesora-universitaria.jpg","width":700,"height":400},{"@type":"BreadcrumbList","@id":"https:\/\/luchonoticias.com\/editor\/docente-universitaria-huilense-publica-en-revista-internacional\/#breadcrumb","itemListElement":[{"@type":"ListItem","position":1,"name":"Portada","item":"https:\/\/luchonoticias.com\/editor\/"},{"@type":"ListItem","position":2,"name":"Docente universitaria huilense publica en revista internacional"}]},{"@type":"WebSite","@id":"https:\/\/luchonoticias.com\/editor\/#website","url":"https:\/\/luchonoticias.com\/editor\/","name":"","description":"","publisher":{"@id":"https:\/\/luchonoticias.com\/editor\/#\/schema\/person\/7a7fd911f58561fd056dbac7b55af9cd"},"potentialAction":[{"@type":"SearchAction","target":{"@type":"EntryPoint","urlTemplate":"https:\/\/luchonoticias.com\/editor\/?s={search_term_string}"},"query-input":{"@type":"PropertyValueSpecification","valueRequired":true,"valueName":"search_term_string"}}],"inLanguage":"es"},{"@type":["Person","Organization"],"@id":"https:\/\/luchonoticias.com\/editor\/#\/schema\/person\/7a7fd911f58561fd056dbac7b55af9cd","name":"admin","image":{"@type":"ImageObject","inLanguage":"es","@id":"https:\/\/luchonoticias.com\/editor\/#\/schema\/person\/image\/","url":"https:\/\/luchonoticias.com\/editor\/wp-content\/uploads\/2024\/02\/cropped-cropped-logolu.webp","contentUrl":"https:\/\/luchonoticias.com\/editor\/wp-content\/uploads\/2024\/02\/cropped-cropped-logolu.webp","width":382,"height":170,"caption":"admin"},"logo":{"@id":"https:\/\/luchonoticias.com\/editor\/#\/schema\/person\/image\/"},"sameAs":["https:\/\/www.facebook.com\/luchonoticiasneiva"]},{"@type":"Person","@id":"https:\/\/luchonoticias.com\/editor\/#\/schema\/person\/29217990ddf6f14e35912b2866d591fb","name":"Editor General","image":{"@type":"ImageObject","inLanguage":"es","@id":"https:\/\/luchonoticias.com\/editor\/#\/schema\/person\/image\/","url":"https:\/\/luchonoticias.com\/editor\/wp-content\/uploads\/2024\/02\/cropped-cropped-logolu-150x150.webp","contentUrl":"https:\/\/luchonoticias.com\/editor\/wp-content\/uploads\/2024\/02\/cropped-cropped-logolu-150x150.webp","caption":"Editor General"},"sameAs":["https:\/\/luchonoticias.com\/"],"url":"https:\/\/luchonoticias.com\/editor\/author\/editor-general\/"}]}},"_links":{"self":[{"href":"https:\/\/luchonoticias.com\/editor\/wp-json\/wp\/v2\/posts\/75450","targetHints":{"allow":["GET"]}}],"collection":[{"href":"https:\/\/luchonoticias.com\/editor\/wp-json\/wp\/v2\/posts"}],"about":[{"href":"https:\/\/luchonoticias.com\/editor\/wp-json\/wp\/v2\/types\/post"}],"author":[{"embeddable":true,"href":"https:\/\/luchonoticias.com\/editor\/wp-json\/wp\/v2\/users\/2"}],"replies":[{"embeddable":true,"href":"https:\/\/luchonoticias.com\/editor\/wp-json\/wp\/v2\/comments?post=75450"}],"version-history":[{"count":1,"href":"https:\/\/luchonoticias.com\/editor\/wp-json\/wp\/v2\/posts\/75450\/revisions"}],"predecessor-version":[{"id":75452,"href":"https:\/\/luchonoticias.com\/editor\/wp-json\/wp\/v2\/posts\/75450\/revisions\/75452"}],"wp:featuredmedia":[{"embeddable":true,"href":"https:\/\/luchonoticias.com\/editor\/wp-json\/wp\/v2\/media\/75451"}],"wp:attachment":[{"href":"https:\/\/luchonoticias.com\/editor\/wp-json\/wp\/v2\/media?parent=75450"}],"wp:term":[{"taxonomy":"category","embeddable":true,"href":"https:\/\/luchonoticias.com\/editor\/wp-json\/wp\/v2\/categories?post=75450"},{"taxonomy":"post_tag","embeddable":true,"href":"https:\/\/luchonoticias.com\/editor\/wp-json\/wp\/v2\/tags?post=75450"}],"curies":[{"name":"wp","href":"https:\/\/api.w.org\/{rel}","templated":true}]}}