{"id":75473,"date":"2024-07-30T13:19:30","date_gmt":"2024-07-30T18:19:30","guid":{"rendered":"https:\/\/luchonoticias.com\/?p=75473"},"modified":"2024-07-30T13:19:30","modified_gmt":"2024-07-30T18:19:30","slug":"alcalde-de-pitalito-y-sus-llamados-en-materia-de-seguridad","status":"publish","type":"post","link":"https:\/\/luchonoticias.com\/editor\/alcalde-de-pitalito-y-sus-llamados-en-materia-de-seguridad\/","title":{"rendered":"Alcalde de Pitalito y sus llamados en materia de seguridad"},"content":{"rendered":"<p>Ante la plenaria de la Asamblea del Huila, en el marco de la audiencia p\u00fablica: Seguridad en el departamento del Huila, el alcalde Yider Luna Joven, present\u00f3 un panorama de la situaci\u00f3n actual del Valle de Laboyos. Como ha sido la constante, reiter\u00f3 el gran inter\u00e9s en el tema de seguridad, en el que se han realizado numerosos esfuerzos desde el inicio de su administraci\u00f3n.<\/p>\n<p>Durante su intervenci\u00f3n, habl\u00f3 de la disminuci\u00f3n en delitos como hurto a personas, con una reducci\u00f3n del 24%, hurto de motocicletas 21% y hurto al comercio que baj\u00f3 en un 46%.<\/p>\n<p>Igualmente destac\u00f3 el trabajo articulado con Polic\u00eda, Ej\u00e9rcito y dem\u00e1s instituciones, as\u00ed como tambi\u00e9n, la significativa vinculaci\u00f3n de las redes de apoyo, lo que ha permitido materializar en resultados la uni\u00f3n entre la Administraci\u00f3n, las autoridades y la comunidad.<\/p>\n<p>Sin embargo, el mandatario de los laboyanos solicit\u00f3 en este escenario la vinculaci\u00f3n del Gobierno Departamental en el proyecto de las c\u00e1maras de seguridad para Pitalito, que tiene un costo cercano a los 14 mil millones, recursos con los que el municipio no cuenta hoy, pero que redundar\u00eda en mayor apoyo en tecnol\u00f3gico para capturar y judicializar a los delincuentes que azotan a Pitalito.<\/p>\n<p>Igualmente, el mandatario se refiri\u00f3 a la importancia de construir la sede del Quinto Distrito de Polic\u00eda, infraestructura que ayudar\u00eda a fortalecer la institucionalidad y permitir\u00eda generar una soluci\u00f3n al tema de la reclusi\u00f3n transitoria de capturados, entre otras.<\/p>\n<p>Finalmente, Luna Joven fue enf\u00e1tico en afirmar que el aporte de las diferentes redes de apoyo a la seguridad ha sido clave en la disminuci\u00f3n de diferentes delitos. Por eso, manifest\u00f3 la necesidad de respaldar a\u00fan m\u00e1s estos grupos con implementos de comunicaciones y capacitaci\u00f3n, lo cual requiere tambi\u00e9n de un recurso econ\u00f3mico significativo que de debe gestionar, adem\u00e1s de la inversi\u00f3n social en barrios vulnerables.<\/p>\n","protected":false},"excerpt":{"rendered":"<p>Ante la Asamblea el mandatario del Valle de Laboyos ha pedido m\u00e1s inversi\u00f3n en ese apartado. <\/p>\n","protected":false},"author":2,"featured_media":75474,"comment_status":"closed","ping_status":"open","sticky":false,"template":"","format":"standard","meta":{"footnotes":""},"categories":[33],"tags":[],"class_list":["post-75473","post","type-post","status-publish","format-standard","has-post-thumbnail","hentry","category-huila"],"yoast_head":"<!-- This site is optimized with the Yoast SEO plugin v26.6 - https:\/\/yoast.com\/wordpress\/plugins\/seo\/ -->\n<title>Alcalde de Pitalito y sus llamados en materia de seguridad -<\/title>\n<meta name=\"description\" content=\"Ante la Asamblea el mandatario del Valle de Laboyos ha pedido m\u00e1s inversi\u00f3n en ese apartado.\" \/>\n<meta name=\"robots\" content=\"index, follow, max-snippet:-1, max-image-preview:large, max-video-preview:-1\" \/>\n<link rel=\"canonical\" href=\"https:\/\/luchonoticias.com\/editor\/alcalde-de-pitalito-y-sus-llamados-en-materia-de-seguridad\/\" \/>\n<meta property=\"og:locale\" content=\"es_ES\" \/>\n<meta property=\"og:type\" content=\"article\" \/>\n<meta property=\"og:title\" content=\"Alcalde de Pitalito y sus llamados en materia de seguridad -\" \/>\n<meta property=\"og:description\" content=\"Ante la Asamblea el mandatario del Valle de Laboyos ha pedido m\u00e1s inversi\u00f3n en ese apartado.\" \/>\n<meta property=\"og:url\" content=\"https:\/\/luchonoticias.com\/editor\/alcalde-de-pitalito-y-sus-llamados-en-materia-de-seguridad\/\" \/>\n<meta property=\"article:publisher\" content=\"https:\/\/www.facebook.com\/luchonoticiasneiva\" \/>\n<meta property=\"article:published_time\" content=\"2024-07-30T18:19:30+00:00\" \/>\n<meta property=\"og:image\" content=\"https:\/\/luchonoticias.com\/editor\/wp-content\/uploads\/2024\/07\/pitalito-audiencia.jpg\" \/>\n\t<meta property=\"og:image:width\" content=\"700\" \/>\n\t<meta property=\"og:image:height\" content=\"400\" \/>\n\t<meta property=\"og:image:type\" content=\"image\/jpeg\" \/>\n<meta name=\"author\" content=\"Editor General\" \/>\n<meta name=\"twitter:card\" content=\"summary_large_image\" \/>\n<meta name=\"twitter:label1\" content=\"Escrito por\" \/>\n\t<meta name=\"twitter:data1\" content=\"Editor General\" \/>\n\t<meta name=\"twitter:label2\" content=\"Tiempo de lectura\" \/>\n\t<meta name=\"twitter:data2\" content=\"2 minutos\" \/>\n<script type=\"application\/ld+json\" class=\"yoast-schema-graph\">{\"@context\":\"https:\/\/schema.org\",\"@graph\":[{\"@type\":\"Article\",\"@id\":\"https:\/\/luchonoticias.com\/editor\/alcalde-de-pitalito-y-sus-llamados-en-materia-de-seguridad\/#article\",\"isPartOf\":{\"@id\":\"https:\/\/luchonoticias.com\/editor\/alcalde-de-pitalito-y-sus-llamados-en-materia-de-seguridad\/\"},\"author\":{\"name\":\"Editor General\",\"@id\":\"https:\/\/luchonoticias.com\/editor\/#\/schema\/person\/29217990ddf6f14e35912b2866d591fb\"},\"headline\":\"Alcalde de Pitalito y sus llamados en materia de seguridad\",\"datePublished\":\"2024-07-30T18:19:30+00:00\",\"mainEntityOfPage\":{\"@id\":\"https:\/\/luchonoticias.com\/editor\/alcalde-de-pitalito-y-sus-llamados-en-materia-de-seguridad\/\"},\"wordCount\":342,\"publisher\":{\"@id\":\"https:\/\/luchonoticias.com\/editor\/#\/schema\/person\/7a7fd911f58561fd056dbac7b55af9cd\"},\"image\":{\"@id\":\"https:\/\/luchonoticias.com\/editor\/alcalde-de-pitalito-y-sus-llamados-en-materia-de-seguridad\/#primaryimage\"},\"thumbnailUrl\":\"https:\/\/luchonoticias.com\/editor\/wp-content\/uploads\/2024\/07\/pitalito-audiencia.jpg\",\"articleSection\":[\"Huila\"],\"inLanguage\":\"es\"},{\"@type\":\"WebPage\",\"@id\":\"https:\/\/luchonoticias.com\/editor\/alcalde-de-pitalito-y-sus-llamados-en-materia-de-seguridad\/\",\"url\":\"https:\/\/luchonoticias.com\/editor\/alcalde-de-pitalito-y-sus-llamados-en-materia-de-seguridad\/\",\"name\":\"Alcalde de Pitalito y sus llamados en materia de seguridad -\",\"isPartOf\":{\"@id\":\"https:\/\/luchonoticias.com\/editor\/#website\"},\"primaryImageOfPage\":{\"@id\":\"https:\/\/luchonoticias.com\/editor\/alcalde-de-pitalito-y-sus-llamados-en-materia-de-seguridad\/#primaryimage\"},\"image\":{\"@id\":\"https:\/\/luchonoticias.com\/editor\/alcalde-de-pitalito-y-sus-llamados-en-materia-de-seguridad\/#primaryimage\"},\"thumbnailUrl\":\"https:\/\/luchonoticias.com\/editor\/wp-content\/uploads\/2024\/07\/pitalito-audiencia.jpg\",\"datePublished\":\"2024-07-30T18:19:30+00:00\",\"description\":\"Ante la Asamblea el mandatario del Valle de Laboyos ha pedido m\u00e1s inversi\u00f3n en ese apartado.\",\"breadcrumb\":{\"@id\":\"https:\/\/luchonoticias.com\/editor\/alcalde-de-pitalito-y-sus-llamados-en-materia-de-seguridad\/#breadcrumb\"},\"inLanguage\":\"es\",\"potentialAction\":[{\"@type\":\"ReadAction\",\"target\":[\"https:\/\/luchonoticias.com\/editor\/alcalde-de-pitalito-y-sus-llamados-en-materia-de-seguridad\/\"]}]},{\"@type\":\"ImageObject\",\"inLanguage\":\"es\",\"@id\":\"https:\/\/luchonoticias.com\/editor\/alcalde-de-pitalito-y-sus-llamados-en-materia-de-seguridad\/#primaryimage\",\"url\":\"https:\/\/luchonoticias.com\/editor\/wp-content\/uploads\/2024\/07\/pitalito-audiencia.jpg\",\"contentUrl\":\"https:\/\/luchonoticias.com\/editor\/wp-content\/uploads\/2024\/07\/pitalito-audiencia.jpg\",\"width\":700,\"height\":400},{\"@type\":\"BreadcrumbList\",\"@id\":\"https:\/\/luchonoticias.com\/editor\/alcalde-de-pitalito-y-sus-llamados-en-materia-de-seguridad\/#breadcrumb\",\"itemListElement\":[{\"@type\":\"ListItem\",\"position\":1,\"name\":\"Portada\",\"item\":\"https:\/\/luchonoticias.com\/editor\/\"},{\"@type\":\"ListItem\",\"position\":2,\"name\":\"Alcalde de Pitalito y sus llamados en materia de seguridad\"}]},{\"@type\":\"WebSite\",\"@id\":\"https:\/\/luchonoticias.com\/editor\/#website\",\"url\":\"https:\/\/luchonoticias.com\/editor\/\",\"name\":\"\",\"description\":\"\",\"publisher\":{\"@id\":\"https:\/\/luchonoticias.com\/editor\/#\/schema\/person\/7a7fd911f58561fd056dbac7b55af9cd\"},\"potentialAction\":[{\"@type\":\"SearchAction\",\"target\":{\"@type\":\"EntryPoint\",\"urlTemplate\":\"https:\/\/luchonoticias.com\/editor\/?s={search_term_string}\"},\"query-input\":{\"@type\":\"PropertyValueSpecification\",\"valueRequired\":true,\"valueName\":\"search_term_string\"}}],\"inLanguage\":\"es\"},{\"@type\":[\"Person\",\"Organization\"],\"@id\":\"https:\/\/luchonoticias.com\/editor\/#\/schema\/person\/7a7fd911f58561fd056dbac7b55af9cd\",\"name\":\"admin\",\"image\":{\"@type\":\"ImageObject\",\"inLanguage\":\"es\",\"@id\":\"https:\/\/luchonoticias.com\/editor\/#\/schema\/person\/image\/\",\"url\":\"https:\/\/luchonoticias.com\/editor\/wp-content\/uploads\/2024\/02\/cropped-cropped-logolu.webp\",\"contentUrl\":\"https:\/\/luchonoticias.com\/editor\/wp-content\/uploads\/2024\/02\/cropped-cropped-logolu.webp\",\"width\":382,\"height\":170,\"caption\":\"admin\"},\"logo\":{\"@id\":\"https:\/\/luchonoticias.com\/editor\/#\/schema\/person\/image\/\"},\"sameAs\":[\"https:\/\/www.facebook.com\/luchonoticiasneiva\"]},{\"@type\":\"Person\",\"@id\":\"https:\/\/luchonoticias.com\/editor\/#\/schema\/person\/29217990ddf6f14e35912b2866d591fb\",\"name\":\"Editor General\",\"image\":{\"@type\":\"ImageObject\",\"inLanguage\":\"es\",\"@id\":\"https:\/\/luchonoticias.com\/editor\/#\/schema\/person\/image\/\",\"url\":\"https:\/\/luchonoticias.com\/editor\/wp-content\/uploads\/2024\/02\/cropped-cropped-logolu-150x150.webp\",\"contentUrl\":\"https:\/\/luchonoticias.com\/editor\/wp-content\/uploads\/2024\/02\/cropped-cropped-logolu-150x150.webp\",\"caption\":\"Editor General\"},\"sameAs\":[\"https:\/\/luchonoticias.com\/\"],\"url\":\"https:\/\/luchonoticias.com\/editor\/author\/editor-general\/\"}]}<\/script>\n<!-- \/ Yoast SEO plugin. -->","yoast_head_json":{"title":"Alcalde de Pitalito y sus llamados en materia de seguridad -","description":"Ante la Asamblea el mandatario del Valle de Laboyos ha pedido m\u00e1s inversi\u00f3n en ese apartado.","robots":{"index":"index","follow":"follow","max-snippet":"max-snippet:-1","max-image-preview":"max-image-preview:large","max-video-preview":"max-video-preview:-1"},"canonical":"https:\/\/luchonoticias.com\/editor\/alcalde-de-pitalito-y-sus-llamados-en-materia-de-seguridad\/","og_locale":"es_ES","og_type":"article","og_title":"Alcalde de Pitalito y sus llamados en materia de seguridad -","og_description":"Ante la Asamblea el mandatario del Valle de Laboyos ha pedido m\u00e1s inversi\u00f3n en ese apartado.","og_url":"https:\/\/luchonoticias.com\/editor\/alcalde-de-pitalito-y-sus-llamados-en-materia-de-seguridad\/","article_publisher":"https:\/\/www.facebook.com\/luchonoticiasneiva","article_published_time":"2024-07-30T18:19:30+00:00","og_image":[{"width":700,"height":400,"url":"https:\/\/luchonoticias.com\/editor\/wp-content\/uploads\/2024\/07\/pitalito-audiencia.jpg","type":"image\/jpeg"}],"author":"Editor General","twitter_card":"summary_large_image","twitter_misc":{"Escrito por":"Editor General","Tiempo de lectura":"2 minutos"},"schema":{"@context":"https:\/\/schema.org","@graph":[{"@type":"Article","@id":"https:\/\/luchonoticias.com\/editor\/alcalde-de-pitalito-y-sus-llamados-en-materia-de-seguridad\/#article","isPartOf":{"@id":"https:\/\/luchonoticias.com\/editor\/alcalde-de-pitalito-y-sus-llamados-en-materia-de-seguridad\/"},"author":{"name":"Editor General","@id":"https:\/\/luchonoticias.com\/editor\/#\/schema\/person\/29217990ddf6f14e35912b2866d591fb"},"headline":"Alcalde de Pitalito y sus llamados en materia de seguridad","datePublished":"2024-07-30T18:19:30+00:00","mainEntityOfPage":{"@id":"https:\/\/luchonoticias.com\/editor\/alcalde-de-pitalito-y-sus-llamados-en-materia-de-seguridad\/"},"wordCount":342,"publisher":{"@id":"https:\/\/luchonoticias.com\/editor\/#\/schema\/person\/7a7fd911f58561fd056dbac7b55af9cd"},"image":{"@id":"https:\/\/luchonoticias.com\/editor\/alcalde-de-pitalito-y-sus-llamados-en-materia-de-seguridad\/#primaryimage"},"thumbnailUrl":"https:\/\/luchonoticias.com\/editor\/wp-content\/uploads\/2024\/07\/pitalito-audiencia.jpg","articleSection":["Huila"],"inLanguage":"es"},{"@type":"WebPage","@id":"https:\/\/luchonoticias.com\/editor\/alcalde-de-pitalito-y-sus-llamados-en-materia-de-seguridad\/","url":"https:\/\/luchonoticias.com\/editor\/alcalde-de-pitalito-y-sus-llamados-en-materia-de-seguridad\/","name":"Alcalde de Pitalito y sus llamados en materia de seguridad -","isPartOf":{"@id":"https:\/\/luchonoticias.com\/editor\/#website"},"primaryImageOfPage":{"@id":"https:\/\/luchonoticias.com\/editor\/alcalde-de-pitalito-y-sus-llamados-en-materia-de-seguridad\/#primaryimage"},"image":{"@id":"https:\/\/luchonoticias.com\/editor\/alcalde-de-pitalito-y-sus-llamados-en-materia-de-seguridad\/#primaryimage"},"thumbnailUrl":"https:\/\/luchonoticias.com\/editor\/wp-content\/uploads\/2024\/07\/pitalito-audiencia.jpg","datePublished":"2024-07-30T18:19:30+00:00","description":"Ante la Asamblea el mandatario del Valle de Laboyos ha pedido m\u00e1s inversi\u00f3n en ese apartado.","breadcrumb":{"@id":"https:\/\/luchonoticias.com\/editor\/alcalde-de-pitalito-y-sus-llamados-en-materia-de-seguridad\/#breadcrumb"},"inLanguage":"es","potentialAction":[{"@type":"ReadAction","target":["https:\/\/luchonoticias.com\/editor\/alcalde-de-pitalito-y-sus-llamados-en-materia-de-seguridad\/"]}]},{"@type":"ImageObject","inLanguage":"es","@id":"https:\/\/luchonoticias.com\/editor\/alcalde-de-pitalito-y-sus-llamados-en-materia-de-seguridad\/#primaryimage","url":"https:\/\/luchonoticias.com\/editor\/wp-content\/uploads\/2024\/07\/pitalito-audiencia.jpg","contentUrl":"https:\/\/luchonoticias.com\/editor\/wp-content\/uploads\/2024\/07\/pitalito-audiencia.jpg","width":700,"height":400},{"@type":"BreadcrumbList","@id":"https:\/\/luchonoticias.com\/editor\/alcalde-de-pitalito-y-sus-llamados-en-materia-de-seguridad\/#breadcrumb","itemListElement":[{"@type":"ListItem","position":1,"name":"Portada","item":"https:\/\/luchonoticias.com\/editor\/"},{"@type":"ListItem","position":2,"name":"Alcalde de Pitalito y sus llamados en materia de seguridad"}]},{"@type":"WebSite","@id":"https:\/\/luchonoticias.com\/editor\/#website","url":"https:\/\/luchonoticias.com\/editor\/","name":"","description":"","publisher":{"@id":"https:\/\/luchonoticias.com\/editor\/#\/schema\/person\/7a7fd911f58561fd056dbac7b55af9cd"},"potentialAction":[{"@type":"SearchAction","target":{"@type":"EntryPoint","urlTemplate":"https:\/\/luchonoticias.com\/editor\/?s={search_term_string}"},"query-input":{"@type":"PropertyValueSpecification","valueRequired":true,"valueName":"search_term_string"}}],"inLanguage":"es"},{"@type":["Person","Organization"],"@id":"https:\/\/luchonoticias.com\/editor\/#\/schema\/person\/7a7fd911f58561fd056dbac7b55af9cd","name":"admin","image":{"@type":"ImageObject","inLanguage":"es","@id":"https:\/\/luchonoticias.com\/editor\/#\/schema\/person\/image\/","url":"https:\/\/luchonoticias.com\/editor\/wp-content\/uploads\/2024\/02\/cropped-cropped-logolu.webp","contentUrl":"https:\/\/luchonoticias.com\/editor\/wp-content\/uploads\/2024\/02\/cropped-cropped-logolu.webp","width":382,"height":170,"caption":"admin"},"logo":{"@id":"https:\/\/luchonoticias.com\/editor\/#\/schema\/person\/image\/"},"sameAs":["https:\/\/www.facebook.com\/luchonoticiasneiva"]},{"@type":"Person","@id":"https:\/\/luchonoticias.com\/editor\/#\/schema\/person\/29217990ddf6f14e35912b2866d591fb","name":"Editor General","image":{"@type":"ImageObject","inLanguage":"es","@id":"https:\/\/luchonoticias.com\/editor\/#\/schema\/person\/image\/","url":"https:\/\/luchonoticias.com\/editor\/wp-content\/uploads\/2024\/02\/cropped-cropped-logolu-150x150.webp","contentUrl":"https:\/\/luchonoticias.com\/editor\/wp-content\/uploads\/2024\/02\/cropped-cropped-logolu-150x150.webp","caption":"Editor General"},"sameAs":["https:\/\/luchonoticias.com\/"],"url":"https:\/\/luchonoticias.com\/editor\/author\/editor-general\/"}]}},"_links":{"self":[{"href":"https:\/\/luchonoticias.com\/editor\/wp-json\/wp\/v2\/posts\/75473","targetHints":{"allow":["GET"]}}],"collection":[{"href":"https:\/\/luchonoticias.com\/editor\/wp-json\/wp\/v2\/posts"}],"about":[{"href":"https:\/\/luchonoticias.com\/editor\/wp-json\/wp\/v2\/types\/post"}],"author":[{"embeddable":true,"href":"https:\/\/luchonoticias.com\/editor\/wp-json\/wp\/v2\/users\/2"}],"replies":[{"embeddable":true,"href":"https:\/\/luchonoticias.com\/editor\/wp-json\/wp\/v2\/comments?post=75473"}],"version-history":[{"count":2,"href":"https:\/\/luchonoticias.com\/editor\/wp-json\/wp\/v2\/posts\/75473\/revisions"}],"predecessor-version":[{"id":75476,"href":"https:\/\/luchonoticias.com\/editor\/wp-json\/wp\/v2\/posts\/75473\/revisions\/75476"}],"wp:featuredmedia":[{"embeddable":true,"href":"https:\/\/luchonoticias.com\/editor\/wp-json\/wp\/v2\/media\/75474"}],"wp:attachment":[{"href":"https:\/\/luchonoticias.com\/editor\/wp-json\/wp\/v2\/media?parent=75473"}],"wp:term":[{"taxonomy":"category","embeddable":true,"href":"https:\/\/luchonoticias.com\/editor\/wp-json\/wp\/v2\/categories?post=75473"},{"taxonomy":"post_tag","embeddable":true,"href":"https:\/\/luchonoticias.com\/editor\/wp-json\/wp\/v2\/tags?post=75473"}],"curies":[{"name":"wp","href":"https:\/\/api.w.org\/{rel}","templated":true}]}}