{"id":75482,"date":"2024-07-30T18:22:36","date_gmt":"2024-07-30T23:22:36","guid":{"rendered":"https:\/\/luchonoticias.com\/?p=75482"},"modified":"2024-07-30T18:22:36","modified_gmt":"2024-07-30T23:22:36","slug":"mucha-precaucion-con-los-vientos-de-agosto","status":"publish","type":"post","link":"https:\/\/luchonoticias.com\/editor\/mucha-precaucion-con-los-vientos-de-agosto\/","title":{"rendered":"Mucha precauci\u00f3n con los vientos de agosto"},"content":{"rendered":"<p>La regi\u00f3n del Huila se prepara para enfrentar los vientos fuertes y r\u00e1fagas caracter\u00edsticas del mes de agosto, que pueden causar da\u00f1os y afectar la seguridad de todos los habitantes. La Oficina de Gesti\u00f3n del Riesgo de Desastres del Huila ha emitido una serie de recomendaciones esenciales para mantener la seguridad durante este per\u00edodo.<\/p>\n<p>Sebasti\u00e1n Duss\u00e1n, ge\u00f3logo de la Oficina de Gesti\u00f3n del Riesgo de Desastres del Huila, coment\u00f3: \u00abEn agosto, los vientos pueden alcanzar velocidades significativas que representan un riesgo para las personas y las estructuras. Es fundamental que la comunidad tome en serio estas recomendaciones para prevenir accidentes y da\u00f1os.<\/p>\n<p><strong>Revise y asegure las estructuras<\/strong><\/p>\n<p>\u2022 Verifique el estado de techos, ventanas y puertas. Aseg\u00farese de que est\u00e9n bien fijados para evitar desprendimientos que puedan causar da\u00f1os o lesiones.<\/p>\n<p>\u2022 Mant\u00e9ngase alejado de \u00e1reas con \u00e1rboles frondosos, postes de energ\u00eda y construcciones inestables que puedan caer debido a los vientos fuertes.<\/p>\n<p>\u2022 Guarde los objetos que puedan volar, como macetas, sillas y otros elementos exteriores. Aseg\u00farese de que las persianas y ventanas est\u00e9n cerradas y protegidas.<\/p>\n<p>\u2022 Siga las recomendaciones de las autoridades locales y de la Oficina de Gesti\u00f3n del Riesgo de Desastres del Huila.<\/p>\n<p>Adem\u00e1s, para quienes disfrutan de volar cometas, se han emitido recomendaciones espec\u00edficas para hacerlo de manera segura:<br \/>\n\u2022 Busque espacios abiertos lejos de cables el\u00e9ctricos, edificios altos y \u00e1rboles. Los parques y campos abiertos son ideales para volar cometas con seguridad.<\/p>\n<p>\u2022 Aseg\u00farese de que su cometa est\u00e9 hecha de materiales livianos y resistentes.<\/p>\n<p>\u2022 Evite el uso de hilos met\u00e1licos o cualquier material conductor de electricidad.<\/p>\n<p>\u2022 Si hay ni\u00f1os volando cometas, aseg\u00farese de que est\u00e9n siempre bajo la supervisi\u00f3n de un adulto. Est\u00e9 atento a su alrededor. Si nota que el viento aumenta de intensidad o que se aproxima una tormenta, es mejor recoger la cometa y resguardarse.<\/p>\n","protected":false},"excerpt":{"rendered":"<p>La regi\u00f3n del Huila se prepara para enfrentar los vientos fuertes y r\u00e1fagas caracter\u00edsticas del mes de agosto, que pueden causar da\u00f1os y afectar la seguridad de todos los habitantes. La Oficina de Gesti\u00f3n del Riesgo de Desastres del Huila ha emitido una serie de recomendaciones esenciales para mantener la seguridad durante este per\u00edodo. Sebasti\u00e1n [&hellip;]<\/p>\n","protected":false},"author":2,"featured_media":75483,"comment_status":"closed","ping_status":"open","sticky":false,"template":"","format":"standard","meta":{"footnotes":""},"categories":[33],"tags":[],"class_list":["post-75482","post","type-post","status-publish","format-standard","has-post-thumbnail","hentry","category-huila"],"yoast_head":"<!-- This site is optimized with the Yoast SEO plugin v26.6 - https:\/\/yoast.com\/wordpress\/plugins\/seo\/ -->\n<title>Mucha precauci\u00f3n con los vientos de agosto -<\/title>\n<meta name=\"description\" content=\"La Oficina de Gesti\u00f3n del Riesgo de Desastres del Huila ha emitido una serie de recomendaciones esenciales para mantener la seguridad durante este per\u00edodo.\" \/>\n<meta name=\"robots\" content=\"index, follow, max-snippet:-1, max-image-preview:large, max-video-preview:-1\" \/>\n<link rel=\"canonical\" href=\"https:\/\/luchonoticias.com\/editor\/mucha-precaucion-con-los-vientos-de-agosto\/\" \/>\n<meta property=\"og:locale\" content=\"es_ES\" \/>\n<meta property=\"og:type\" content=\"article\" \/>\n<meta property=\"og:title\" content=\"Mucha precauci\u00f3n con los vientos de agosto -\" \/>\n<meta property=\"og:description\" content=\"La Oficina de Gesti\u00f3n del Riesgo de Desastres del Huila ha emitido una serie de recomendaciones esenciales para mantener la seguridad durante este per\u00edodo.\" \/>\n<meta property=\"og:url\" content=\"https:\/\/luchonoticias.com\/editor\/mucha-precaucion-con-los-vientos-de-agosto\/\" \/>\n<meta property=\"article:publisher\" content=\"https:\/\/www.facebook.com\/luchonoticiasneiva\" \/>\n<meta property=\"article:published_time\" content=\"2024-07-30T23:22:36+00:00\" \/>\n<meta property=\"og:image\" content=\"https:\/\/luchonoticias.com\/editor\/wp-content\/uploads\/2024\/07\/cometas.jpg\" \/>\n\t<meta property=\"og:image:width\" content=\"700\" \/>\n\t<meta property=\"og:image:height\" content=\"400\" \/>\n\t<meta property=\"og:image:type\" content=\"image\/jpeg\" \/>\n<meta name=\"author\" content=\"Editor General\" \/>\n<meta name=\"twitter:card\" content=\"summary_large_image\" \/>\n<meta name=\"twitter:label1\" content=\"Escrito por\" \/>\n\t<meta name=\"twitter:data1\" content=\"Editor General\" \/>\n\t<meta name=\"twitter:label2\" content=\"Tiempo de lectura\" \/>\n\t<meta name=\"twitter:data2\" content=\"2 minutos\" \/>\n<script type=\"application\/ld+json\" class=\"yoast-schema-graph\">{\"@context\":\"https:\/\/schema.org\",\"@graph\":[{\"@type\":\"Article\",\"@id\":\"https:\/\/luchonoticias.com\/editor\/mucha-precaucion-con-los-vientos-de-agosto\/#article\",\"isPartOf\":{\"@id\":\"https:\/\/luchonoticias.com\/editor\/mucha-precaucion-con-los-vientos-de-agosto\/\"},\"author\":{\"name\":\"Editor General\",\"@id\":\"https:\/\/luchonoticias.com\/editor\/#\/schema\/person\/29217990ddf6f14e35912b2866d591fb\"},\"headline\":\"Mucha precauci\u00f3n con los vientos de agosto\",\"datePublished\":\"2024-07-30T23:22:36+00:00\",\"mainEntityOfPage\":{\"@id\":\"https:\/\/luchonoticias.com\/editor\/mucha-precaucion-con-los-vientos-de-agosto\/\"},\"wordCount\":336,\"publisher\":{\"@id\":\"https:\/\/luchonoticias.com\/editor\/#\/schema\/person\/7a7fd911f58561fd056dbac7b55af9cd\"},\"image\":{\"@id\":\"https:\/\/luchonoticias.com\/editor\/mucha-precaucion-con-los-vientos-de-agosto\/#primaryimage\"},\"thumbnailUrl\":\"https:\/\/luchonoticias.com\/editor\/wp-content\/uploads\/2024\/07\/cometas.jpg\",\"articleSection\":[\"Huila\"],\"inLanguage\":\"es\"},{\"@type\":\"WebPage\",\"@id\":\"https:\/\/luchonoticias.com\/editor\/mucha-precaucion-con-los-vientos-de-agosto\/\",\"url\":\"https:\/\/luchonoticias.com\/editor\/mucha-precaucion-con-los-vientos-de-agosto\/\",\"name\":\"Mucha precauci\u00f3n con los vientos de agosto -\",\"isPartOf\":{\"@id\":\"https:\/\/luchonoticias.com\/editor\/#website\"},\"primaryImageOfPage\":{\"@id\":\"https:\/\/luchonoticias.com\/editor\/mucha-precaucion-con-los-vientos-de-agosto\/#primaryimage\"},\"image\":{\"@id\":\"https:\/\/luchonoticias.com\/editor\/mucha-precaucion-con-los-vientos-de-agosto\/#primaryimage\"},\"thumbnailUrl\":\"https:\/\/luchonoticias.com\/editor\/wp-content\/uploads\/2024\/07\/cometas.jpg\",\"datePublished\":\"2024-07-30T23:22:36+00:00\",\"description\":\"La Oficina de Gesti\u00f3n del Riesgo de Desastres del Huila ha emitido una serie de recomendaciones esenciales para mantener la seguridad durante este per\u00edodo.\",\"breadcrumb\":{\"@id\":\"https:\/\/luchonoticias.com\/editor\/mucha-precaucion-con-los-vientos-de-agosto\/#breadcrumb\"},\"inLanguage\":\"es\",\"potentialAction\":[{\"@type\":\"ReadAction\",\"target\":[\"https:\/\/luchonoticias.com\/editor\/mucha-precaucion-con-los-vientos-de-agosto\/\"]}]},{\"@type\":\"ImageObject\",\"inLanguage\":\"es\",\"@id\":\"https:\/\/luchonoticias.com\/editor\/mucha-precaucion-con-los-vientos-de-agosto\/#primaryimage\",\"url\":\"https:\/\/luchonoticias.com\/editor\/wp-content\/uploads\/2024\/07\/cometas.jpg\",\"contentUrl\":\"https:\/\/luchonoticias.com\/editor\/wp-content\/uploads\/2024\/07\/cometas.jpg\",\"width\":700,\"height\":400},{\"@type\":\"BreadcrumbList\",\"@id\":\"https:\/\/luchonoticias.com\/editor\/mucha-precaucion-con-los-vientos-de-agosto\/#breadcrumb\",\"itemListElement\":[{\"@type\":\"ListItem\",\"position\":1,\"name\":\"Portada\",\"item\":\"https:\/\/luchonoticias.com\/editor\/\"},{\"@type\":\"ListItem\",\"position\":2,\"name\":\"Mucha precauci\u00f3n con los vientos de agosto\"}]},{\"@type\":\"WebSite\",\"@id\":\"https:\/\/luchonoticias.com\/editor\/#website\",\"url\":\"https:\/\/luchonoticias.com\/editor\/\",\"name\":\"\",\"description\":\"\",\"publisher\":{\"@id\":\"https:\/\/luchonoticias.com\/editor\/#\/schema\/person\/7a7fd911f58561fd056dbac7b55af9cd\"},\"potentialAction\":[{\"@type\":\"SearchAction\",\"target\":{\"@type\":\"EntryPoint\",\"urlTemplate\":\"https:\/\/luchonoticias.com\/editor\/?s={search_term_string}\"},\"query-input\":{\"@type\":\"PropertyValueSpecification\",\"valueRequired\":true,\"valueName\":\"search_term_string\"}}],\"inLanguage\":\"es\"},{\"@type\":[\"Person\",\"Organization\"],\"@id\":\"https:\/\/luchonoticias.com\/editor\/#\/schema\/person\/7a7fd911f58561fd056dbac7b55af9cd\",\"name\":\"admin\",\"image\":{\"@type\":\"ImageObject\",\"inLanguage\":\"es\",\"@id\":\"https:\/\/luchonoticias.com\/editor\/#\/schema\/person\/image\/\",\"url\":\"https:\/\/luchonoticias.com\/editor\/wp-content\/uploads\/2024\/02\/cropped-cropped-logolu.webp\",\"contentUrl\":\"https:\/\/luchonoticias.com\/editor\/wp-content\/uploads\/2024\/02\/cropped-cropped-logolu.webp\",\"width\":382,\"height\":170,\"caption\":\"admin\"},\"logo\":{\"@id\":\"https:\/\/luchonoticias.com\/editor\/#\/schema\/person\/image\/\"},\"sameAs\":[\"https:\/\/www.facebook.com\/luchonoticiasneiva\"]},{\"@type\":\"Person\",\"@id\":\"https:\/\/luchonoticias.com\/editor\/#\/schema\/person\/29217990ddf6f14e35912b2866d591fb\",\"name\":\"Editor General\",\"image\":{\"@type\":\"ImageObject\",\"inLanguage\":\"es\",\"@id\":\"https:\/\/luchonoticias.com\/editor\/#\/schema\/person\/image\/\",\"url\":\"https:\/\/luchonoticias.com\/editor\/wp-content\/uploads\/2024\/02\/cropped-cropped-logolu-150x150.webp\",\"contentUrl\":\"https:\/\/luchonoticias.com\/editor\/wp-content\/uploads\/2024\/02\/cropped-cropped-logolu-150x150.webp\",\"caption\":\"Editor General\"},\"sameAs\":[\"https:\/\/luchonoticias.com\/\"],\"url\":\"https:\/\/luchonoticias.com\/editor\/author\/editor-general\/\"}]}<\/script>\n<!-- \/ Yoast SEO plugin. -->","yoast_head_json":{"title":"Mucha precauci\u00f3n con los vientos de agosto -","description":"La Oficina de Gesti\u00f3n del Riesgo de Desastres del Huila ha emitido una serie de recomendaciones esenciales para mantener la seguridad durante este per\u00edodo.","robots":{"index":"index","follow":"follow","max-snippet":"max-snippet:-1","max-image-preview":"max-image-preview:large","max-video-preview":"max-video-preview:-1"},"canonical":"https:\/\/luchonoticias.com\/editor\/mucha-precaucion-con-los-vientos-de-agosto\/","og_locale":"es_ES","og_type":"article","og_title":"Mucha precauci\u00f3n con los vientos de agosto -","og_description":"La Oficina de Gesti\u00f3n del Riesgo de Desastres del Huila ha emitido una serie de recomendaciones esenciales para mantener la seguridad durante este per\u00edodo.","og_url":"https:\/\/luchonoticias.com\/editor\/mucha-precaucion-con-los-vientos-de-agosto\/","article_publisher":"https:\/\/www.facebook.com\/luchonoticiasneiva","article_published_time":"2024-07-30T23:22:36+00:00","og_image":[{"width":700,"height":400,"url":"https:\/\/luchonoticias.com\/editor\/wp-content\/uploads\/2024\/07\/cometas.jpg","type":"image\/jpeg"}],"author":"Editor General","twitter_card":"summary_large_image","twitter_misc":{"Escrito por":"Editor General","Tiempo de lectura":"2 minutos"},"schema":{"@context":"https:\/\/schema.org","@graph":[{"@type":"Article","@id":"https:\/\/luchonoticias.com\/editor\/mucha-precaucion-con-los-vientos-de-agosto\/#article","isPartOf":{"@id":"https:\/\/luchonoticias.com\/editor\/mucha-precaucion-con-los-vientos-de-agosto\/"},"author":{"name":"Editor General","@id":"https:\/\/luchonoticias.com\/editor\/#\/schema\/person\/29217990ddf6f14e35912b2866d591fb"},"headline":"Mucha precauci\u00f3n con los vientos de agosto","datePublished":"2024-07-30T23:22:36+00:00","mainEntityOfPage":{"@id":"https:\/\/luchonoticias.com\/editor\/mucha-precaucion-con-los-vientos-de-agosto\/"},"wordCount":336,"publisher":{"@id":"https:\/\/luchonoticias.com\/editor\/#\/schema\/person\/7a7fd911f58561fd056dbac7b55af9cd"},"image":{"@id":"https:\/\/luchonoticias.com\/editor\/mucha-precaucion-con-los-vientos-de-agosto\/#primaryimage"},"thumbnailUrl":"https:\/\/luchonoticias.com\/editor\/wp-content\/uploads\/2024\/07\/cometas.jpg","articleSection":["Huila"],"inLanguage":"es"},{"@type":"WebPage","@id":"https:\/\/luchonoticias.com\/editor\/mucha-precaucion-con-los-vientos-de-agosto\/","url":"https:\/\/luchonoticias.com\/editor\/mucha-precaucion-con-los-vientos-de-agosto\/","name":"Mucha precauci\u00f3n con los vientos de agosto -","isPartOf":{"@id":"https:\/\/luchonoticias.com\/editor\/#website"},"primaryImageOfPage":{"@id":"https:\/\/luchonoticias.com\/editor\/mucha-precaucion-con-los-vientos-de-agosto\/#primaryimage"},"image":{"@id":"https:\/\/luchonoticias.com\/editor\/mucha-precaucion-con-los-vientos-de-agosto\/#primaryimage"},"thumbnailUrl":"https:\/\/luchonoticias.com\/editor\/wp-content\/uploads\/2024\/07\/cometas.jpg","datePublished":"2024-07-30T23:22:36+00:00","description":"La Oficina de Gesti\u00f3n del Riesgo de Desastres del Huila ha emitido una serie de recomendaciones esenciales para mantener la seguridad durante este per\u00edodo.","breadcrumb":{"@id":"https:\/\/luchonoticias.com\/editor\/mucha-precaucion-con-los-vientos-de-agosto\/#breadcrumb"},"inLanguage":"es","potentialAction":[{"@type":"ReadAction","target":["https:\/\/luchonoticias.com\/editor\/mucha-precaucion-con-los-vientos-de-agosto\/"]}]},{"@type":"ImageObject","inLanguage":"es","@id":"https:\/\/luchonoticias.com\/editor\/mucha-precaucion-con-los-vientos-de-agosto\/#primaryimage","url":"https:\/\/luchonoticias.com\/editor\/wp-content\/uploads\/2024\/07\/cometas.jpg","contentUrl":"https:\/\/luchonoticias.com\/editor\/wp-content\/uploads\/2024\/07\/cometas.jpg","width":700,"height":400},{"@type":"BreadcrumbList","@id":"https:\/\/luchonoticias.com\/editor\/mucha-precaucion-con-los-vientos-de-agosto\/#breadcrumb","itemListElement":[{"@type":"ListItem","position":1,"name":"Portada","item":"https:\/\/luchonoticias.com\/editor\/"},{"@type":"ListItem","position":2,"name":"Mucha precauci\u00f3n con los vientos de agosto"}]},{"@type":"WebSite","@id":"https:\/\/luchonoticias.com\/editor\/#website","url":"https:\/\/luchonoticias.com\/editor\/","name":"","description":"","publisher":{"@id":"https:\/\/luchonoticias.com\/editor\/#\/schema\/person\/7a7fd911f58561fd056dbac7b55af9cd"},"potentialAction":[{"@type":"SearchAction","target":{"@type":"EntryPoint","urlTemplate":"https:\/\/luchonoticias.com\/editor\/?s={search_term_string}"},"query-input":{"@type":"PropertyValueSpecification","valueRequired":true,"valueName":"search_term_string"}}],"inLanguage":"es"},{"@type":["Person","Organization"],"@id":"https:\/\/luchonoticias.com\/editor\/#\/schema\/person\/7a7fd911f58561fd056dbac7b55af9cd","name":"admin","image":{"@type":"ImageObject","inLanguage":"es","@id":"https:\/\/luchonoticias.com\/editor\/#\/schema\/person\/image\/","url":"https:\/\/luchonoticias.com\/editor\/wp-content\/uploads\/2024\/02\/cropped-cropped-logolu.webp","contentUrl":"https:\/\/luchonoticias.com\/editor\/wp-content\/uploads\/2024\/02\/cropped-cropped-logolu.webp","width":382,"height":170,"caption":"admin"},"logo":{"@id":"https:\/\/luchonoticias.com\/editor\/#\/schema\/person\/image\/"},"sameAs":["https:\/\/www.facebook.com\/luchonoticiasneiva"]},{"@type":"Person","@id":"https:\/\/luchonoticias.com\/editor\/#\/schema\/person\/29217990ddf6f14e35912b2866d591fb","name":"Editor General","image":{"@type":"ImageObject","inLanguage":"es","@id":"https:\/\/luchonoticias.com\/editor\/#\/schema\/person\/image\/","url":"https:\/\/luchonoticias.com\/editor\/wp-content\/uploads\/2024\/02\/cropped-cropped-logolu-150x150.webp","contentUrl":"https:\/\/luchonoticias.com\/editor\/wp-content\/uploads\/2024\/02\/cropped-cropped-logolu-150x150.webp","caption":"Editor General"},"sameAs":["https:\/\/luchonoticias.com\/"],"url":"https:\/\/luchonoticias.com\/editor\/author\/editor-general\/"}]}},"_links":{"self":[{"href":"https:\/\/luchonoticias.com\/editor\/wp-json\/wp\/v2\/posts\/75482","targetHints":{"allow":["GET"]}}],"collection":[{"href":"https:\/\/luchonoticias.com\/editor\/wp-json\/wp\/v2\/posts"}],"about":[{"href":"https:\/\/luchonoticias.com\/editor\/wp-json\/wp\/v2\/types\/post"}],"author":[{"embeddable":true,"href":"https:\/\/luchonoticias.com\/editor\/wp-json\/wp\/v2\/users\/2"}],"replies":[{"embeddable":true,"href":"https:\/\/luchonoticias.com\/editor\/wp-json\/wp\/v2\/comments?post=75482"}],"version-history":[{"count":1,"href":"https:\/\/luchonoticias.com\/editor\/wp-json\/wp\/v2\/posts\/75482\/revisions"}],"predecessor-version":[{"id":75484,"href":"https:\/\/luchonoticias.com\/editor\/wp-json\/wp\/v2\/posts\/75482\/revisions\/75484"}],"wp:featuredmedia":[{"embeddable":true,"href":"https:\/\/luchonoticias.com\/editor\/wp-json\/wp\/v2\/media\/75483"}],"wp:attachment":[{"href":"https:\/\/luchonoticias.com\/editor\/wp-json\/wp\/v2\/media?parent=75482"}],"wp:term":[{"taxonomy":"category","embeddable":true,"href":"https:\/\/luchonoticias.com\/editor\/wp-json\/wp\/v2\/categories?post=75482"},{"taxonomy":"post_tag","embeddable":true,"href":"https:\/\/luchonoticias.com\/editor\/wp-json\/wp\/v2\/tags?post=75482"}],"curies":[{"name":"wp","href":"https:\/\/api.w.org\/{rel}","templated":true}]}}