{"id":76130,"date":"2024-08-18T07:23:27","date_gmt":"2024-08-18T12:23:27","guid":{"rendered":"https:\/\/luchonoticias.com\/?p=76130"},"modified":"2024-08-18T07:23:27","modified_gmt":"2024-08-18T12:23:27","slug":"cumplida-reunion-de-mesa-tecnica-agroclimatica","status":"publish","type":"post","link":"https:\/\/luchonoticias.com\/editor\/cumplida-reunion-de-mesa-tecnica-agroclimatica\/","title":{"rendered":"Cumplida reuni\u00f3n de mesa t\u00e9cnica agroclim\u00e1tica"},"content":{"rendered":"<p>La Gobernaci\u00f3n del Huila, a trav\u00e9s de la Secretar\u00eda de Agricultura y Miner\u00eda lider\u00f3 la XXXVII Mesa T\u00e9cnica Agroclim\u00e1tica, creada a trav\u00e9s del decreto 0195 de 2021, espacio al que confluyen entidades nacionales, regionales, y locales, como el Ministerio de Agricultura, la FAO, la CAM, Universidad Surcolombiana, entre otros actores, para analizar, y discutir, la evoluci\u00f3n de las condiciones clim\u00e1ticas y agroclim\u00e1ticas, que sirvan como insumo para tomar decisiones informadas, y trazar acciones para reducir el riesgo agropecuario.<\/p>\n<p>Durante el desarrollo de esta nueva sesi\u00f3n, fueron presentadas las condiciones actuales del clima, donde se dio cuenta que julio fue un mes con bajas precipitaciones, e igualmente fueron presentadas las predicciones y pron\u00f3sticos donde se indica que el mes de agosto y septiembre ser\u00e1n secos.<\/p>\n<p>\u201cLa situaci\u00f3n que tenemos actualmente es que nos encontramos en la segunda temporada de menos lluvias del a\u00f1o, que se extender\u00e1 hasta mediados del mes de septiembre. Qu\u00e9 tenemos actualmente que las lluvias se han reducido notablemente, est\u00e1n por debajo de los promedios hist\u00f3ricos, y el pasado mes de julio en todo nuestro departamento las precipitaciones estuvieron muy por debajo de los promedios hist\u00f3ricos, a excepci\u00f3n del municipio de Acevedo donde las precipitaciones fueron m\u00e1s altas\u201d, indic\u00f3 Ofelia \u00c1ngel Oviedo, Coordinadora del \u00e1rea operativa del IDEAM para Huila y Caquet\u00e1.<\/p>\n<p>La funcionaria igualmente precis\u00f3 que durante lo que resta de agosto se acentuar\u00e1 el tiempo seco, y septiembre ser\u00e1 un mes de transici\u00f3n al segundo periodo de m\u00e1s lluvias.<\/p>\n<p>\u201cSeptiembre es un mes de transici\u00f3n entre la temporada de menos lluvias a la segunda temporada de lluvias del a\u00f1o, entonces durante el mes de agosto continuamos con temporada seca, y las lluvias se van a reducir notablemente, las temperaturas son muy altas, y se activan los vientos. Septiembre contin\u00faa siendo un mes seco, lo que nos muestran los modelos es que para el mes de octubre ya se reactiven las lluvias, que han parte de esa temporada de mayores precipitaciones del a\u00f1o\u201d.<\/p>\n<p><strong>No estamos en fen\u00f3meno de \u201cLa Ni\u00f1a\u201d<\/strong><\/p>\n<p>Teniendo en cuenta estas condiciones, la coordinadora del IDEAM fue enf\u00e1tica en asegurar que no estamos atravesando el fen\u00f3meno de \u201cLa Ni\u00f1a\u201d, pues de acuerdo a las mediciones las condiciones de temperatura del oc\u00e9ano Pac\u00edfico, que son las que inciden en el desarrollo de este fen\u00f3meno de variabilidad clim\u00e1tica, son normales.<\/p>\n<p>\u201cEs importante aclarar que en estos momentos no estamos en el fen\u00f3meno de \u201cLa Ni\u00f1a\u201d, nosotros estamos en condiciones clim\u00e1ticas normales, y la cuenca del pac\u00edfico tropical se encuentra en condiciones neutras. Lo que muestra la pluma de modelos, es que al final de a\u00f1o se puede presentar el fen\u00f3meno de \u201cLa Ni\u00f1a\u201d, y por eso es que se advierte a los diferentes actores sociales, para estar preparados frente a este fen\u00f3meno\u201d, concluyo la funcionaria.<\/p>\n<p><strong>Recomendaciones para el sector agropecuario<\/strong><\/p>\n<p>Teniendo como referencia este panorama, Edinson Quintero Calder\u00f3n, Agrometeor\u00f3logo del Convenio FAO \u2013 Ministerio de Agricultura, invit\u00f3 a los productores agropecuarios a definir estrategias para reducir el riesgo agropecuario, en actividades productivas ya establecidas.<\/p>\n<p>\u201cLa recomendaci\u00f3n m\u00e1s importante es el cuidado del agua, teniendo en cuenta que en agosto sean deficitarias las precipitaciones, entonces que procuremos para los sistemas productivos que est\u00e1n ya establecidos garantizar como tal el recurso h\u00eddrico y para esos momentos que tengamos altos niveles de precipitaciones, orientar todo el tema del manejo fitosanitario para no tener afectaciones por humedad\u201d.<\/p>\n<p>Por \u00faltimo, el funcionario invit\u00f3 a los productores agropecuarios del departamento, a consultar los boletines agroclim\u00e1ticos que mes a mes surgen del desarrollo de las Mesas T\u00e9cnicas Agroclim\u00e1ticas, con el prop\u00f3sito de entregar insumos y orientar a los pobladores rurales frente a la toma de decisiones.<\/p>\n<p>\u201cEn este ejercicio de Mesa T\u00e9cnica Agroclim\u00e1tica cumplida en el d\u00eda de hoy, hemos recogido algunas recomendaciones que los expertos que nos acompa\u00f1aron nos van a aportar de manera importante y vamos a sumar al bolet\u00edn agroclim\u00e1tico. La idea entonces es que los productores puedan consultar todas estas recomendaciones, y que en lo posible busquen aplicar estas recomendaciones y estrategias que all\u00ed vamos a plantear; toda esa informaci\u00f3n se basa como tal en lo que esperamos que sea el comportamiento del clima para los pr\u00f3ximos meses, y todo lo que ha sucedido con las lluvias en el \u00faltimo mes\u201d, concluy\u00f3 Edinson Quintero Calder\u00f3n.<\/p>\n<p>Sin duda que otra de las recomendaciones durante el desarrollo de la XXXVII Mesa T\u00e9cnica Agroclim\u00e1tica del Huila, es evitar en lo posible las quemas con fines de preparaci\u00f3n de terrenos, teniendo en cuenta que las condiciones de bajas precipitaciones, aumento de temperaturas, y fuertes vientos, pueden desencadenar incendios de cobertura vegetal.<\/p>\n","protected":false},"excerpt":{"rendered":"<p>La informaci\u00f3n fue entregada durante el desarrollo de la XXXVII Mesa T\u00e9cnica Agroclim\u00e1tica, liderada por la Secretar\u00eda de Agricultura y Miner\u00eda del departamento, en articulaci\u00f3n con actores del orden regional y nacional, donde se dio cuenta que julio fue un mes con precipitaciones por debajo de los promedios hist\u00f3ricos.<\/p>\n","protected":false},"author":2,"featured_media":76131,"comment_status":"closed","ping_status":"open","sticky":false,"template":"","format":"standard","meta":{"footnotes":""},"categories":[33],"tags":[],"class_list":["post-76130","post","type-post","status-publish","format-standard","has-post-thumbnail","hentry","category-huila"],"yoast_head":"<!-- This site is optimized with the Yoast SEO plugin v26.6 - https:\/\/yoast.com\/wordpress\/plugins\/seo\/ -->\n<title>Cumplida reuni\u00f3n de mesa t\u00e9cnica agroclim\u00e1tica -<\/title>\n<meta name=\"description\" content=\"La informaci\u00f3n fue entregada durante el desarrollo de la XXXVII Mesa T\u00e9cnica Agroclim\u00e1tica, liderada por la Secretar\u00eda de Agricultura y Miner\u00eda del departamento, en articulaci\u00f3n con actores del orden regional y nacional, donde se dio cuenta que julio fue un mes con precipitaciones por debajo de los promedios hist\u00f3ricos.\" \/>\n<meta name=\"robots\" content=\"index, follow, max-snippet:-1, max-image-preview:large, max-video-preview:-1\" \/>\n<link rel=\"canonical\" href=\"https:\/\/luchonoticias.com\/editor\/cumplida-reunion-de-mesa-tecnica-agroclimatica\/\" \/>\n<meta property=\"og:locale\" content=\"es_ES\" \/>\n<meta property=\"og:type\" content=\"article\" \/>\n<meta property=\"og:title\" content=\"Cumplida reuni\u00f3n de mesa t\u00e9cnica agroclim\u00e1tica -\" \/>\n<meta property=\"og:description\" content=\"La informaci\u00f3n fue entregada durante el desarrollo de la XXXVII Mesa T\u00e9cnica Agroclim\u00e1tica, liderada por la Secretar\u00eda de Agricultura y Miner\u00eda del departamento, en articulaci\u00f3n con actores del orden regional y nacional, donde se dio cuenta que julio fue un mes con precipitaciones por debajo de los promedios hist\u00f3ricos.\" \/>\n<meta property=\"og:url\" content=\"https:\/\/luchonoticias.com\/editor\/cumplida-reunion-de-mesa-tecnica-agroclimatica\/\" \/>\n<meta property=\"article:publisher\" content=\"https:\/\/www.facebook.com\/luchonoticiasneiva\" \/>\n<meta property=\"article:published_time\" content=\"2024-08-18T12:23:27+00:00\" \/>\n<meta property=\"og:image\" content=\"https:\/\/luchonoticias.com\/editor\/wp-content\/uploads\/2024\/08\/mesa-agroclimatica-2.jpg\" \/>\n\t<meta property=\"og:image:width\" content=\"700\" \/>\n\t<meta property=\"og:image:height\" content=\"400\" \/>\n\t<meta property=\"og:image:type\" content=\"image\/jpeg\" \/>\n<meta name=\"author\" content=\"Editor General\" \/>\n<meta name=\"twitter:card\" content=\"summary_large_image\" \/>\n<meta name=\"twitter:label1\" content=\"Escrito por\" \/>\n\t<meta name=\"twitter:data1\" content=\"Editor General\" \/>\n\t<meta name=\"twitter:label2\" content=\"Tiempo de lectura\" \/>\n\t<meta name=\"twitter:data2\" content=\"4 minutos\" \/>\n<script type=\"application\/ld+json\" class=\"yoast-schema-graph\">{\"@context\":\"https:\/\/schema.org\",\"@graph\":[{\"@type\":\"Article\",\"@id\":\"https:\/\/luchonoticias.com\/editor\/cumplida-reunion-de-mesa-tecnica-agroclimatica\/#article\",\"isPartOf\":{\"@id\":\"https:\/\/luchonoticias.com\/editor\/cumplida-reunion-de-mesa-tecnica-agroclimatica\/\"},\"author\":{\"name\":\"Editor General\",\"@id\":\"https:\/\/luchonoticias.com\/editor\/#\/schema\/person\/29217990ddf6f14e35912b2866d591fb\"},\"headline\":\"Cumplida reuni\u00f3n de mesa t\u00e9cnica agroclim\u00e1tica\",\"datePublished\":\"2024-08-18T12:23:27+00:00\",\"mainEntityOfPage\":{\"@id\":\"https:\/\/luchonoticias.com\/editor\/cumplida-reunion-de-mesa-tecnica-agroclimatica\/\"},\"wordCount\":829,\"publisher\":{\"@id\":\"https:\/\/luchonoticias.com\/editor\/#\/schema\/person\/7a7fd911f58561fd056dbac7b55af9cd\"},\"image\":{\"@id\":\"https:\/\/luchonoticias.com\/editor\/cumplida-reunion-de-mesa-tecnica-agroclimatica\/#primaryimage\"},\"thumbnailUrl\":\"https:\/\/luchonoticias.com\/editor\/wp-content\/uploads\/2024\/08\/mesa-agroclimatica-2.jpg\",\"articleSection\":[\"Huila\"],\"inLanguage\":\"es\"},{\"@type\":\"WebPage\",\"@id\":\"https:\/\/luchonoticias.com\/editor\/cumplida-reunion-de-mesa-tecnica-agroclimatica\/\",\"url\":\"https:\/\/luchonoticias.com\/editor\/cumplida-reunion-de-mesa-tecnica-agroclimatica\/\",\"name\":\"Cumplida reuni\u00f3n de mesa t\u00e9cnica agroclim\u00e1tica -\",\"isPartOf\":{\"@id\":\"https:\/\/luchonoticias.com\/editor\/#website\"},\"primaryImageOfPage\":{\"@id\":\"https:\/\/luchonoticias.com\/editor\/cumplida-reunion-de-mesa-tecnica-agroclimatica\/#primaryimage\"},\"image\":{\"@id\":\"https:\/\/luchonoticias.com\/editor\/cumplida-reunion-de-mesa-tecnica-agroclimatica\/#primaryimage\"},\"thumbnailUrl\":\"https:\/\/luchonoticias.com\/editor\/wp-content\/uploads\/2024\/08\/mesa-agroclimatica-2.jpg\",\"datePublished\":\"2024-08-18T12:23:27+00:00\",\"description\":\"La informaci\u00f3n fue entregada durante el desarrollo de la XXXVII Mesa T\u00e9cnica Agroclim\u00e1tica, liderada por la Secretar\u00eda de Agricultura y Miner\u00eda del departamento, en articulaci\u00f3n con actores del orden regional y nacional, donde se dio cuenta que julio fue un mes con precipitaciones por debajo de los promedios hist\u00f3ricos.\",\"breadcrumb\":{\"@id\":\"https:\/\/luchonoticias.com\/editor\/cumplida-reunion-de-mesa-tecnica-agroclimatica\/#breadcrumb\"},\"inLanguage\":\"es\",\"potentialAction\":[{\"@type\":\"ReadAction\",\"target\":[\"https:\/\/luchonoticias.com\/editor\/cumplida-reunion-de-mesa-tecnica-agroclimatica\/\"]}]},{\"@type\":\"ImageObject\",\"inLanguage\":\"es\",\"@id\":\"https:\/\/luchonoticias.com\/editor\/cumplida-reunion-de-mesa-tecnica-agroclimatica\/#primaryimage\",\"url\":\"https:\/\/luchonoticias.com\/editor\/wp-content\/uploads\/2024\/08\/mesa-agroclimatica-2.jpg\",\"contentUrl\":\"https:\/\/luchonoticias.com\/editor\/wp-content\/uploads\/2024\/08\/mesa-agroclimatica-2.jpg\",\"width\":700,\"height\":400},{\"@type\":\"BreadcrumbList\",\"@id\":\"https:\/\/luchonoticias.com\/editor\/cumplida-reunion-de-mesa-tecnica-agroclimatica\/#breadcrumb\",\"itemListElement\":[{\"@type\":\"ListItem\",\"position\":1,\"name\":\"Portada\",\"item\":\"https:\/\/luchonoticias.com\/editor\/\"},{\"@type\":\"ListItem\",\"position\":2,\"name\":\"Cumplida reuni\u00f3n de mesa t\u00e9cnica agroclim\u00e1tica\"}]},{\"@type\":\"WebSite\",\"@id\":\"https:\/\/luchonoticias.com\/editor\/#website\",\"url\":\"https:\/\/luchonoticias.com\/editor\/\",\"name\":\"\",\"description\":\"\",\"publisher\":{\"@id\":\"https:\/\/luchonoticias.com\/editor\/#\/schema\/person\/7a7fd911f58561fd056dbac7b55af9cd\"},\"potentialAction\":[{\"@type\":\"SearchAction\",\"target\":{\"@type\":\"EntryPoint\",\"urlTemplate\":\"https:\/\/luchonoticias.com\/editor\/?s={search_term_string}\"},\"query-input\":{\"@type\":\"PropertyValueSpecification\",\"valueRequired\":true,\"valueName\":\"search_term_string\"}}],\"inLanguage\":\"es\"},{\"@type\":[\"Person\",\"Organization\"],\"@id\":\"https:\/\/luchonoticias.com\/editor\/#\/schema\/person\/7a7fd911f58561fd056dbac7b55af9cd\",\"name\":\"admin\",\"image\":{\"@type\":\"ImageObject\",\"inLanguage\":\"es\",\"@id\":\"https:\/\/luchonoticias.com\/editor\/#\/schema\/person\/image\/\",\"url\":\"https:\/\/luchonoticias.com\/editor\/wp-content\/uploads\/2024\/02\/cropped-cropped-logolu.webp\",\"contentUrl\":\"https:\/\/luchonoticias.com\/editor\/wp-content\/uploads\/2024\/02\/cropped-cropped-logolu.webp\",\"width\":382,\"height\":170,\"caption\":\"admin\"},\"logo\":{\"@id\":\"https:\/\/luchonoticias.com\/editor\/#\/schema\/person\/image\/\"},\"sameAs\":[\"https:\/\/www.facebook.com\/luchonoticiasneiva\"]},{\"@type\":\"Person\",\"@id\":\"https:\/\/luchonoticias.com\/editor\/#\/schema\/person\/29217990ddf6f14e35912b2866d591fb\",\"name\":\"Editor General\",\"image\":{\"@type\":\"ImageObject\",\"inLanguage\":\"es\",\"@id\":\"https:\/\/luchonoticias.com\/editor\/#\/schema\/person\/image\/\",\"url\":\"https:\/\/luchonoticias.com\/editor\/wp-content\/uploads\/2024\/02\/cropped-cropped-logolu-150x150.webp\",\"contentUrl\":\"https:\/\/luchonoticias.com\/editor\/wp-content\/uploads\/2024\/02\/cropped-cropped-logolu-150x150.webp\",\"caption\":\"Editor General\"},\"sameAs\":[\"https:\/\/luchonoticias.com\/\"],\"url\":\"https:\/\/luchonoticias.com\/editor\/author\/editor-general\/\"}]}<\/script>\n<!-- \/ Yoast SEO plugin. -->","yoast_head_json":{"title":"Cumplida reuni\u00f3n de mesa t\u00e9cnica agroclim\u00e1tica -","description":"La informaci\u00f3n fue entregada durante el desarrollo de la XXXVII Mesa T\u00e9cnica Agroclim\u00e1tica, liderada por la Secretar\u00eda de Agricultura y Miner\u00eda del departamento, en articulaci\u00f3n con actores del orden regional y nacional, donde se dio cuenta que julio fue un mes con precipitaciones por debajo de los promedios hist\u00f3ricos.","robots":{"index":"index","follow":"follow","max-snippet":"max-snippet:-1","max-image-preview":"max-image-preview:large","max-video-preview":"max-video-preview:-1"},"canonical":"https:\/\/luchonoticias.com\/editor\/cumplida-reunion-de-mesa-tecnica-agroclimatica\/","og_locale":"es_ES","og_type":"article","og_title":"Cumplida reuni\u00f3n de mesa t\u00e9cnica agroclim\u00e1tica -","og_description":"La informaci\u00f3n fue entregada durante el desarrollo de la XXXVII Mesa T\u00e9cnica Agroclim\u00e1tica, liderada por la Secretar\u00eda de Agricultura y Miner\u00eda del departamento, en articulaci\u00f3n con actores del orden regional y nacional, donde se dio cuenta que julio fue un mes con precipitaciones por debajo de los promedios hist\u00f3ricos.","og_url":"https:\/\/luchonoticias.com\/editor\/cumplida-reunion-de-mesa-tecnica-agroclimatica\/","article_publisher":"https:\/\/www.facebook.com\/luchonoticiasneiva","article_published_time":"2024-08-18T12:23:27+00:00","og_image":[{"width":700,"height":400,"url":"https:\/\/luchonoticias.com\/editor\/wp-content\/uploads\/2024\/08\/mesa-agroclimatica-2.jpg","type":"image\/jpeg"}],"author":"Editor General","twitter_card":"summary_large_image","twitter_misc":{"Escrito por":"Editor General","Tiempo de lectura":"4 minutos"},"schema":{"@context":"https:\/\/schema.org","@graph":[{"@type":"Article","@id":"https:\/\/luchonoticias.com\/editor\/cumplida-reunion-de-mesa-tecnica-agroclimatica\/#article","isPartOf":{"@id":"https:\/\/luchonoticias.com\/editor\/cumplida-reunion-de-mesa-tecnica-agroclimatica\/"},"author":{"name":"Editor General","@id":"https:\/\/luchonoticias.com\/editor\/#\/schema\/person\/29217990ddf6f14e35912b2866d591fb"},"headline":"Cumplida reuni\u00f3n de mesa t\u00e9cnica agroclim\u00e1tica","datePublished":"2024-08-18T12:23:27+00:00","mainEntityOfPage":{"@id":"https:\/\/luchonoticias.com\/editor\/cumplida-reunion-de-mesa-tecnica-agroclimatica\/"},"wordCount":829,"publisher":{"@id":"https:\/\/luchonoticias.com\/editor\/#\/schema\/person\/7a7fd911f58561fd056dbac7b55af9cd"},"image":{"@id":"https:\/\/luchonoticias.com\/editor\/cumplida-reunion-de-mesa-tecnica-agroclimatica\/#primaryimage"},"thumbnailUrl":"https:\/\/luchonoticias.com\/editor\/wp-content\/uploads\/2024\/08\/mesa-agroclimatica-2.jpg","articleSection":["Huila"],"inLanguage":"es"},{"@type":"WebPage","@id":"https:\/\/luchonoticias.com\/editor\/cumplida-reunion-de-mesa-tecnica-agroclimatica\/","url":"https:\/\/luchonoticias.com\/editor\/cumplida-reunion-de-mesa-tecnica-agroclimatica\/","name":"Cumplida reuni\u00f3n de mesa t\u00e9cnica agroclim\u00e1tica -","isPartOf":{"@id":"https:\/\/luchonoticias.com\/editor\/#website"},"primaryImageOfPage":{"@id":"https:\/\/luchonoticias.com\/editor\/cumplida-reunion-de-mesa-tecnica-agroclimatica\/#primaryimage"},"image":{"@id":"https:\/\/luchonoticias.com\/editor\/cumplida-reunion-de-mesa-tecnica-agroclimatica\/#primaryimage"},"thumbnailUrl":"https:\/\/luchonoticias.com\/editor\/wp-content\/uploads\/2024\/08\/mesa-agroclimatica-2.jpg","datePublished":"2024-08-18T12:23:27+00:00","description":"La informaci\u00f3n fue entregada durante el desarrollo de la XXXVII Mesa T\u00e9cnica Agroclim\u00e1tica, liderada por la Secretar\u00eda de Agricultura y Miner\u00eda del departamento, en articulaci\u00f3n con actores del orden regional y nacional, donde se dio cuenta que julio fue un mes con precipitaciones por debajo de los promedios hist\u00f3ricos.","breadcrumb":{"@id":"https:\/\/luchonoticias.com\/editor\/cumplida-reunion-de-mesa-tecnica-agroclimatica\/#breadcrumb"},"inLanguage":"es","potentialAction":[{"@type":"ReadAction","target":["https:\/\/luchonoticias.com\/editor\/cumplida-reunion-de-mesa-tecnica-agroclimatica\/"]}]},{"@type":"ImageObject","inLanguage":"es","@id":"https:\/\/luchonoticias.com\/editor\/cumplida-reunion-de-mesa-tecnica-agroclimatica\/#primaryimage","url":"https:\/\/luchonoticias.com\/editor\/wp-content\/uploads\/2024\/08\/mesa-agroclimatica-2.jpg","contentUrl":"https:\/\/luchonoticias.com\/editor\/wp-content\/uploads\/2024\/08\/mesa-agroclimatica-2.jpg","width":700,"height":400},{"@type":"BreadcrumbList","@id":"https:\/\/luchonoticias.com\/editor\/cumplida-reunion-de-mesa-tecnica-agroclimatica\/#breadcrumb","itemListElement":[{"@type":"ListItem","position":1,"name":"Portada","item":"https:\/\/luchonoticias.com\/editor\/"},{"@type":"ListItem","position":2,"name":"Cumplida reuni\u00f3n de mesa t\u00e9cnica agroclim\u00e1tica"}]},{"@type":"WebSite","@id":"https:\/\/luchonoticias.com\/editor\/#website","url":"https:\/\/luchonoticias.com\/editor\/","name":"","description":"","publisher":{"@id":"https:\/\/luchonoticias.com\/editor\/#\/schema\/person\/7a7fd911f58561fd056dbac7b55af9cd"},"potentialAction":[{"@type":"SearchAction","target":{"@type":"EntryPoint","urlTemplate":"https:\/\/luchonoticias.com\/editor\/?s={search_term_string}"},"query-input":{"@type":"PropertyValueSpecification","valueRequired":true,"valueName":"search_term_string"}}],"inLanguage":"es"},{"@type":["Person","Organization"],"@id":"https:\/\/luchonoticias.com\/editor\/#\/schema\/person\/7a7fd911f58561fd056dbac7b55af9cd","name":"admin","image":{"@type":"ImageObject","inLanguage":"es","@id":"https:\/\/luchonoticias.com\/editor\/#\/schema\/person\/image\/","url":"https:\/\/luchonoticias.com\/editor\/wp-content\/uploads\/2024\/02\/cropped-cropped-logolu.webp","contentUrl":"https:\/\/luchonoticias.com\/editor\/wp-content\/uploads\/2024\/02\/cropped-cropped-logolu.webp","width":382,"height":170,"caption":"admin"},"logo":{"@id":"https:\/\/luchonoticias.com\/editor\/#\/schema\/person\/image\/"},"sameAs":["https:\/\/www.facebook.com\/luchonoticiasneiva"]},{"@type":"Person","@id":"https:\/\/luchonoticias.com\/editor\/#\/schema\/person\/29217990ddf6f14e35912b2866d591fb","name":"Editor General","image":{"@type":"ImageObject","inLanguage":"es","@id":"https:\/\/luchonoticias.com\/editor\/#\/schema\/person\/image\/","url":"https:\/\/luchonoticias.com\/editor\/wp-content\/uploads\/2024\/02\/cropped-cropped-logolu-150x150.webp","contentUrl":"https:\/\/luchonoticias.com\/editor\/wp-content\/uploads\/2024\/02\/cropped-cropped-logolu-150x150.webp","caption":"Editor General"},"sameAs":["https:\/\/luchonoticias.com\/"],"url":"https:\/\/luchonoticias.com\/editor\/author\/editor-general\/"}]}},"_links":{"self":[{"href":"https:\/\/luchonoticias.com\/editor\/wp-json\/wp\/v2\/posts\/76130","targetHints":{"allow":["GET"]}}],"collection":[{"href":"https:\/\/luchonoticias.com\/editor\/wp-json\/wp\/v2\/posts"}],"about":[{"href":"https:\/\/luchonoticias.com\/editor\/wp-json\/wp\/v2\/types\/post"}],"author":[{"embeddable":true,"href":"https:\/\/luchonoticias.com\/editor\/wp-json\/wp\/v2\/users\/2"}],"replies":[{"embeddable":true,"href":"https:\/\/luchonoticias.com\/editor\/wp-json\/wp\/v2\/comments?post=76130"}],"version-history":[{"count":1,"href":"https:\/\/luchonoticias.com\/editor\/wp-json\/wp\/v2\/posts\/76130\/revisions"}],"predecessor-version":[{"id":76132,"href":"https:\/\/luchonoticias.com\/editor\/wp-json\/wp\/v2\/posts\/76130\/revisions\/76132"}],"wp:featuredmedia":[{"embeddable":true,"href":"https:\/\/luchonoticias.com\/editor\/wp-json\/wp\/v2\/media\/76131"}],"wp:attachment":[{"href":"https:\/\/luchonoticias.com\/editor\/wp-json\/wp\/v2\/media?parent=76130"}],"wp:term":[{"taxonomy":"category","embeddable":true,"href":"https:\/\/luchonoticias.com\/editor\/wp-json\/wp\/v2\/categories?post=76130"},{"taxonomy":"post_tag","embeddable":true,"href":"https:\/\/luchonoticias.com\/editor\/wp-json\/wp\/v2\/tags?post=76130"}],"curies":[{"name":"wp","href":"https:\/\/api.w.org\/{rel}","templated":true}]}}