{"id":76302,"date":"2024-08-23T14:47:30","date_gmt":"2024-08-23T19:47:30","guid":{"rendered":"https:\/\/luchonoticias.com\/?p=76302"},"modified":"2024-08-23T14:47:30","modified_gmt":"2024-08-23T19:47:30","slug":"emprendedores-conocieron-convocatorias","status":"publish","type":"post","link":"https:\/\/luchonoticias.com\/editor\/emprendedores-conocieron-convocatorias\/","title":{"rendered":"Emprendedores conocieron convocatorias"},"content":{"rendered":"<p>La Gobernaci\u00f3n del Huila, a trav\u00e9s de la Secretar\u00eda de Desarrollo Econ\u00f3mico y Turismo, la Secretar\u00eda de Cultura, y el Instituto Financiero para el Desarrollo del Huila (INFIHUILA), llev\u00f3 a cabo una exitosa jornada de socializaci\u00f3n e inscripci\u00f3n de las convocatorias actualmente disponibles.<\/p>\n<p>Durante la jornada, se socializaron las tres convocatorias vigentes, cada una dise\u00f1ada para atender las necesidades espec\u00edficas de diferentes sectores econ\u00f3micos.<\/p>\n<p>La primera est\u00e1 dirigida al sector de las Industrias Creativas, a trav\u00e9s de INFIHUILA, se est\u00e1n ofreciendo cr\u00e9ditos con tasas compensadas, destinados a financiar proyectos que demuestren potencial de escalabilidad. Estos recursos est\u00e1n orientados a apoyar el crecimiento y la sostenibilidad de los emprendimientos creativos en el Huila.<\/p>\n<p>La segunda convocatoria est\u00e1 enfocada en la obtenci\u00f3n del registro Invima, con la que se busca facilitar a los empresarios del sector alimentario y afines el acceso a certificados de registro Invima. Obtener este registro es un paso crucial para que los productos sean competitivos en el mercado, cumpliendo con toda la normatividad sanitaria y de calidad exigida a nivel nacional e internacional.<\/p>\n<p>La tercera convocatoria es la del sector turismo, est\u00e1 enfocada en el fortalecimiento del sector tur\u00edstico, a trav\u00e9s del Banco Agrario, se han dispuesto recursos para la concesi\u00f3n de cr\u00e9ditos con tasas compensadas, dirigidos a empresarios y emprendedores del turismo. Este apoyo financiero se complementa con un acompa\u00f1amiento integral que incluye asesor\u00eda personalizada para identificar las necesidades espec\u00edficas de cada proyecto, y soporte durante las etapas de preinversi\u00f3n, inversi\u00f3n y postinversi\u00f3n.<\/p>\n<p>\u201cLa invitaci\u00f3n para todos es a que accedan a nuestra p\u00e1gina web https:\/\/www.infihuila.gov.co\/ revisen los t\u00e9rminos de referencia y participen, porque si hay oportunidades para acceder a los recursos. Las convocatorias del Invima y de industrias creativas est\u00e1n abiertas hasta el pr\u00f3ximo 28 de agosto y la convocatoria que tiene que ver con el sector tur\u00edstico qued\u00f3 abierta hasta el 13 de octubre\u201d, explic\u00f3 Adriana Marcela Valencia, Gerente del Infihuila.<\/p>\n<p>Un aspecto destacado de estas convocatorias es el acompa\u00f1amiento continuo que se ofrece a los postulantes, desde la identificaci\u00f3n de necesidades hasta la ejecuci\u00f3n de los proyectos, los emprendedores contar\u00e1n con apoyo t\u00e9cnico y financiero para asegurar el \u00e9xito y sostenibilidad de sus iniciativas.<\/p>\n","protected":false},"excerpt":{"rendered":"<p>La Gobernaci\u00f3n del Huila, a trav\u00e9s de la Secretar\u00eda de Desarrollo Econ\u00f3mico y Turismo, la Secretar\u00eda de Cultura, y el Instituto Financiero para el Desarrollo del Huila (INFIHUILA), llev\u00f3 a cabo una exitosa jornada de socializaci\u00f3n e inscripci\u00f3n de las convocatorias actualmente disponibles.<\/p>\n","protected":false},"author":2,"featured_media":76303,"comment_status":"closed","ping_status":"open","sticky":false,"template":"","format":"standard","meta":{"footnotes":""},"categories":[33],"tags":[],"class_list":["post-76302","post","type-post","status-publish","format-standard","has-post-thumbnail","hentry","category-huila"],"yoast_head":"<!-- This site is optimized with the Yoast SEO plugin v26.6 - https:\/\/yoast.com\/wordpress\/plugins\/seo\/ -->\n<title>Emprendedores conocieron convocatorias -<\/title>\n<meta name=\"description\" content=\"La Gobernaci\u00f3n del Huila, a trav\u00e9s de la Secretar\u00eda de Desarrollo Econ\u00f3mico y Turismo, la Secretar\u00eda de Cultura, y el Instituto Financiero para el Desarrollo del Huila (INFIHUILA), llev\u00f3 a cabo una exitosa jornada de socializaci\u00f3n e inscripci\u00f3n de las convocatorias actualmente disponibles.\" \/>\n<meta name=\"robots\" content=\"index, follow, max-snippet:-1, max-image-preview:large, max-video-preview:-1\" \/>\n<link rel=\"canonical\" href=\"https:\/\/luchonoticias.com\/editor\/emprendedores-conocieron-convocatorias\/\" \/>\n<meta property=\"og:locale\" content=\"es_ES\" \/>\n<meta property=\"og:type\" content=\"article\" \/>\n<meta property=\"og:title\" content=\"Emprendedores conocieron convocatorias -\" \/>\n<meta property=\"og:description\" content=\"La Gobernaci\u00f3n del Huila, a trav\u00e9s de la Secretar\u00eda de Desarrollo Econ\u00f3mico y Turismo, la Secretar\u00eda de Cultura, y el Instituto Financiero para el Desarrollo del Huila (INFIHUILA), llev\u00f3 a cabo una exitosa jornada de socializaci\u00f3n e inscripci\u00f3n de las convocatorias actualmente disponibles.\" \/>\n<meta property=\"og:url\" content=\"https:\/\/luchonoticias.com\/editor\/emprendedores-conocieron-convocatorias\/\" \/>\n<meta property=\"article:publisher\" content=\"https:\/\/www.facebook.com\/luchonoticiasneiva\" \/>\n<meta property=\"article:published_time\" content=\"2024-08-23T19:47:30+00:00\" \/>\n<meta property=\"og:image\" content=\"https:\/\/luchonoticias.com\/editor\/wp-content\/uploads\/2024\/08\/emprendimientos-1.jpg\" \/>\n\t<meta property=\"og:image:width\" content=\"700\" \/>\n\t<meta property=\"og:image:height\" content=\"400\" \/>\n\t<meta property=\"og:image:type\" content=\"image\/jpeg\" \/>\n<meta name=\"author\" content=\"Editor General\" \/>\n<meta name=\"twitter:card\" content=\"summary_large_image\" \/>\n<meta name=\"twitter:label1\" content=\"Escrito por\" \/>\n\t<meta name=\"twitter:data1\" content=\"Editor General\" \/>\n\t<meta name=\"twitter:label2\" content=\"Tiempo de lectura\" \/>\n\t<meta name=\"twitter:data2\" content=\"2 minutos\" \/>\n<script type=\"application\/ld+json\" class=\"yoast-schema-graph\">{\"@context\":\"https:\/\/schema.org\",\"@graph\":[{\"@type\":\"Article\",\"@id\":\"https:\/\/luchonoticias.com\/editor\/emprendedores-conocieron-convocatorias\/#article\",\"isPartOf\":{\"@id\":\"https:\/\/luchonoticias.com\/editor\/emprendedores-conocieron-convocatorias\/\"},\"author\":{\"name\":\"Editor General\",\"@id\":\"https:\/\/luchonoticias.com\/editor\/#\/schema\/person\/29217990ddf6f14e35912b2866d591fb\"},\"headline\":\"Emprendedores conocieron convocatorias\",\"datePublished\":\"2024-08-23T19:47:30+00:00\",\"mainEntityOfPage\":{\"@id\":\"https:\/\/luchonoticias.com\/editor\/emprendedores-conocieron-convocatorias\/\"},\"wordCount\":401,\"publisher\":{\"@id\":\"https:\/\/luchonoticias.com\/editor\/#\/schema\/person\/7a7fd911f58561fd056dbac7b55af9cd\"},\"image\":{\"@id\":\"https:\/\/luchonoticias.com\/editor\/emprendedores-conocieron-convocatorias\/#primaryimage\"},\"thumbnailUrl\":\"https:\/\/luchonoticias.com\/editor\/wp-content\/uploads\/2024\/08\/emprendimientos-1.jpg\",\"articleSection\":[\"Huila\"],\"inLanguage\":\"es\"},{\"@type\":\"WebPage\",\"@id\":\"https:\/\/luchonoticias.com\/editor\/emprendedores-conocieron-convocatorias\/\",\"url\":\"https:\/\/luchonoticias.com\/editor\/emprendedores-conocieron-convocatorias\/\",\"name\":\"Emprendedores conocieron convocatorias -\",\"isPartOf\":{\"@id\":\"https:\/\/luchonoticias.com\/editor\/#website\"},\"primaryImageOfPage\":{\"@id\":\"https:\/\/luchonoticias.com\/editor\/emprendedores-conocieron-convocatorias\/#primaryimage\"},\"image\":{\"@id\":\"https:\/\/luchonoticias.com\/editor\/emprendedores-conocieron-convocatorias\/#primaryimage\"},\"thumbnailUrl\":\"https:\/\/luchonoticias.com\/editor\/wp-content\/uploads\/2024\/08\/emprendimientos-1.jpg\",\"datePublished\":\"2024-08-23T19:47:30+00:00\",\"description\":\"La Gobernaci\u00f3n del Huila, a trav\u00e9s de la Secretar\u00eda de Desarrollo Econ\u00f3mico y Turismo, la Secretar\u00eda de Cultura, y el Instituto Financiero para el Desarrollo del Huila (INFIHUILA), llev\u00f3 a cabo una exitosa jornada de socializaci\u00f3n e inscripci\u00f3n de las convocatorias actualmente disponibles.\",\"breadcrumb\":{\"@id\":\"https:\/\/luchonoticias.com\/editor\/emprendedores-conocieron-convocatorias\/#breadcrumb\"},\"inLanguage\":\"es\",\"potentialAction\":[{\"@type\":\"ReadAction\",\"target\":[\"https:\/\/luchonoticias.com\/editor\/emprendedores-conocieron-convocatorias\/\"]}]},{\"@type\":\"ImageObject\",\"inLanguage\":\"es\",\"@id\":\"https:\/\/luchonoticias.com\/editor\/emprendedores-conocieron-convocatorias\/#primaryimage\",\"url\":\"https:\/\/luchonoticias.com\/editor\/wp-content\/uploads\/2024\/08\/emprendimientos-1.jpg\",\"contentUrl\":\"https:\/\/luchonoticias.com\/editor\/wp-content\/uploads\/2024\/08\/emprendimientos-1.jpg\",\"width\":700,\"height\":400},{\"@type\":\"BreadcrumbList\",\"@id\":\"https:\/\/luchonoticias.com\/editor\/emprendedores-conocieron-convocatorias\/#breadcrumb\",\"itemListElement\":[{\"@type\":\"ListItem\",\"position\":1,\"name\":\"Portada\",\"item\":\"https:\/\/luchonoticias.com\/editor\/\"},{\"@type\":\"ListItem\",\"position\":2,\"name\":\"Emprendedores conocieron convocatorias\"}]},{\"@type\":\"WebSite\",\"@id\":\"https:\/\/luchonoticias.com\/editor\/#website\",\"url\":\"https:\/\/luchonoticias.com\/editor\/\",\"name\":\"\",\"description\":\"\",\"publisher\":{\"@id\":\"https:\/\/luchonoticias.com\/editor\/#\/schema\/person\/7a7fd911f58561fd056dbac7b55af9cd\"},\"potentialAction\":[{\"@type\":\"SearchAction\",\"target\":{\"@type\":\"EntryPoint\",\"urlTemplate\":\"https:\/\/luchonoticias.com\/editor\/?s={search_term_string}\"},\"query-input\":{\"@type\":\"PropertyValueSpecification\",\"valueRequired\":true,\"valueName\":\"search_term_string\"}}],\"inLanguage\":\"es\"},{\"@type\":[\"Person\",\"Organization\"],\"@id\":\"https:\/\/luchonoticias.com\/editor\/#\/schema\/person\/7a7fd911f58561fd056dbac7b55af9cd\",\"name\":\"admin\",\"image\":{\"@type\":\"ImageObject\",\"inLanguage\":\"es\",\"@id\":\"https:\/\/luchonoticias.com\/editor\/#\/schema\/person\/image\/\",\"url\":\"https:\/\/luchonoticias.com\/editor\/wp-content\/uploads\/2024\/02\/cropped-cropped-logolu.webp\",\"contentUrl\":\"https:\/\/luchonoticias.com\/editor\/wp-content\/uploads\/2024\/02\/cropped-cropped-logolu.webp\",\"width\":382,\"height\":170,\"caption\":\"admin\"},\"logo\":{\"@id\":\"https:\/\/luchonoticias.com\/editor\/#\/schema\/person\/image\/\"},\"sameAs\":[\"https:\/\/www.facebook.com\/luchonoticiasneiva\"]},{\"@type\":\"Person\",\"@id\":\"https:\/\/luchonoticias.com\/editor\/#\/schema\/person\/29217990ddf6f14e35912b2866d591fb\",\"name\":\"Editor General\",\"image\":{\"@type\":\"ImageObject\",\"inLanguage\":\"es\",\"@id\":\"https:\/\/luchonoticias.com\/editor\/#\/schema\/person\/image\/\",\"url\":\"https:\/\/luchonoticias.com\/editor\/wp-content\/uploads\/2024\/02\/cropped-cropped-logolu-150x150.webp\",\"contentUrl\":\"https:\/\/luchonoticias.com\/editor\/wp-content\/uploads\/2024\/02\/cropped-cropped-logolu-150x150.webp\",\"caption\":\"Editor General\"},\"sameAs\":[\"https:\/\/luchonoticias.com\/\"],\"url\":\"https:\/\/luchonoticias.com\/editor\/author\/editor-general\/\"}]}<\/script>\n<!-- \/ Yoast SEO plugin. -->","yoast_head_json":{"title":"Emprendedores conocieron convocatorias -","description":"La Gobernaci\u00f3n del Huila, a trav\u00e9s de la Secretar\u00eda de Desarrollo Econ\u00f3mico y Turismo, la Secretar\u00eda de Cultura, y el Instituto Financiero para el Desarrollo del Huila (INFIHUILA), llev\u00f3 a cabo una exitosa jornada de socializaci\u00f3n e inscripci\u00f3n de las convocatorias actualmente disponibles.","robots":{"index":"index","follow":"follow","max-snippet":"max-snippet:-1","max-image-preview":"max-image-preview:large","max-video-preview":"max-video-preview:-1"},"canonical":"https:\/\/luchonoticias.com\/editor\/emprendedores-conocieron-convocatorias\/","og_locale":"es_ES","og_type":"article","og_title":"Emprendedores conocieron convocatorias -","og_description":"La Gobernaci\u00f3n del Huila, a trav\u00e9s de la Secretar\u00eda de Desarrollo Econ\u00f3mico y Turismo, la Secretar\u00eda de Cultura, y el Instituto Financiero para el Desarrollo del Huila (INFIHUILA), llev\u00f3 a cabo una exitosa jornada de socializaci\u00f3n e inscripci\u00f3n de las convocatorias actualmente disponibles.","og_url":"https:\/\/luchonoticias.com\/editor\/emprendedores-conocieron-convocatorias\/","article_publisher":"https:\/\/www.facebook.com\/luchonoticiasneiva","article_published_time":"2024-08-23T19:47:30+00:00","og_image":[{"width":700,"height":400,"url":"https:\/\/luchonoticias.com\/editor\/wp-content\/uploads\/2024\/08\/emprendimientos-1.jpg","type":"image\/jpeg"}],"author":"Editor General","twitter_card":"summary_large_image","twitter_misc":{"Escrito por":"Editor General","Tiempo de lectura":"2 minutos"},"schema":{"@context":"https:\/\/schema.org","@graph":[{"@type":"Article","@id":"https:\/\/luchonoticias.com\/editor\/emprendedores-conocieron-convocatorias\/#article","isPartOf":{"@id":"https:\/\/luchonoticias.com\/editor\/emprendedores-conocieron-convocatorias\/"},"author":{"name":"Editor General","@id":"https:\/\/luchonoticias.com\/editor\/#\/schema\/person\/29217990ddf6f14e35912b2866d591fb"},"headline":"Emprendedores conocieron convocatorias","datePublished":"2024-08-23T19:47:30+00:00","mainEntityOfPage":{"@id":"https:\/\/luchonoticias.com\/editor\/emprendedores-conocieron-convocatorias\/"},"wordCount":401,"publisher":{"@id":"https:\/\/luchonoticias.com\/editor\/#\/schema\/person\/7a7fd911f58561fd056dbac7b55af9cd"},"image":{"@id":"https:\/\/luchonoticias.com\/editor\/emprendedores-conocieron-convocatorias\/#primaryimage"},"thumbnailUrl":"https:\/\/luchonoticias.com\/editor\/wp-content\/uploads\/2024\/08\/emprendimientos-1.jpg","articleSection":["Huila"],"inLanguage":"es"},{"@type":"WebPage","@id":"https:\/\/luchonoticias.com\/editor\/emprendedores-conocieron-convocatorias\/","url":"https:\/\/luchonoticias.com\/editor\/emprendedores-conocieron-convocatorias\/","name":"Emprendedores conocieron convocatorias -","isPartOf":{"@id":"https:\/\/luchonoticias.com\/editor\/#website"},"primaryImageOfPage":{"@id":"https:\/\/luchonoticias.com\/editor\/emprendedores-conocieron-convocatorias\/#primaryimage"},"image":{"@id":"https:\/\/luchonoticias.com\/editor\/emprendedores-conocieron-convocatorias\/#primaryimage"},"thumbnailUrl":"https:\/\/luchonoticias.com\/editor\/wp-content\/uploads\/2024\/08\/emprendimientos-1.jpg","datePublished":"2024-08-23T19:47:30+00:00","description":"La Gobernaci\u00f3n del Huila, a trav\u00e9s de la Secretar\u00eda de Desarrollo Econ\u00f3mico y Turismo, la Secretar\u00eda de Cultura, y el Instituto Financiero para el Desarrollo del Huila (INFIHUILA), llev\u00f3 a cabo una exitosa jornada de socializaci\u00f3n e inscripci\u00f3n de las convocatorias actualmente disponibles.","breadcrumb":{"@id":"https:\/\/luchonoticias.com\/editor\/emprendedores-conocieron-convocatorias\/#breadcrumb"},"inLanguage":"es","potentialAction":[{"@type":"ReadAction","target":["https:\/\/luchonoticias.com\/editor\/emprendedores-conocieron-convocatorias\/"]}]},{"@type":"ImageObject","inLanguage":"es","@id":"https:\/\/luchonoticias.com\/editor\/emprendedores-conocieron-convocatorias\/#primaryimage","url":"https:\/\/luchonoticias.com\/editor\/wp-content\/uploads\/2024\/08\/emprendimientos-1.jpg","contentUrl":"https:\/\/luchonoticias.com\/editor\/wp-content\/uploads\/2024\/08\/emprendimientos-1.jpg","width":700,"height":400},{"@type":"BreadcrumbList","@id":"https:\/\/luchonoticias.com\/editor\/emprendedores-conocieron-convocatorias\/#breadcrumb","itemListElement":[{"@type":"ListItem","position":1,"name":"Portada","item":"https:\/\/luchonoticias.com\/editor\/"},{"@type":"ListItem","position":2,"name":"Emprendedores conocieron convocatorias"}]},{"@type":"WebSite","@id":"https:\/\/luchonoticias.com\/editor\/#website","url":"https:\/\/luchonoticias.com\/editor\/","name":"","description":"","publisher":{"@id":"https:\/\/luchonoticias.com\/editor\/#\/schema\/person\/7a7fd911f58561fd056dbac7b55af9cd"},"potentialAction":[{"@type":"SearchAction","target":{"@type":"EntryPoint","urlTemplate":"https:\/\/luchonoticias.com\/editor\/?s={search_term_string}"},"query-input":{"@type":"PropertyValueSpecification","valueRequired":true,"valueName":"search_term_string"}}],"inLanguage":"es"},{"@type":["Person","Organization"],"@id":"https:\/\/luchonoticias.com\/editor\/#\/schema\/person\/7a7fd911f58561fd056dbac7b55af9cd","name":"admin","image":{"@type":"ImageObject","inLanguage":"es","@id":"https:\/\/luchonoticias.com\/editor\/#\/schema\/person\/image\/","url":"https:\/\/luchonoticias.com\/editor\/wp-content\/uploads\/2024\/02\/cropped-cropped-logolu.webp","contentUrl":"https:\/\/luchonoticias.com\/editor\/wp-content\/uploads\/2024\/02\/cropped-cropped-logolu.webp","width":382,"height":170,"caption":"admin"},"logo":{"@id":"https:\/\/luchonoticias.com\/editor\/#\/schema\/person\/image\/"},"sameAs":["https:\/\/www.facebook.com\/luchonoticiasneiva"]},{"@type":"Person","@id":"https:\/\/luchonoticias.com\/editor\/#\/schema\/person\/29217990ddf6f14e35912b2866d591fb","name":"Editor General","image":{"@type":"ImageObject","inLanguage":"es","@id":"https:\/\/luchonoticias.com\/editor\/#\/schema\/person\/image\/","url":"https:\/\/luchonoticias.com\/editor\/wp-content\/uploads\/2024\/02\/cropped-cropped-logolu-150x150.webp","contentUrl":"https:\/\/luchonoticias.com\/editor\/wp-content\/uploads\/2024\/02\/cropped-cropped-logolu-150x150.webp","caption":"Editor General"},"sameAs":["https:\/\/luchonoticias.com\/"],"url":"https:\/\/luchonoticias.com\/editor\/author\/editor-general\/"}]}},"_links":{"self":[{"href":"https:\/\/luchonoticias.com\/editor\/wp-json\/wp\/v2\/posts\/76302","targetHints":{"allow":["GET"]}}],"collection":[{"href":"https:\/\/luchonoticias.com\/editor\/wp-json\/wp\/v2\/posts"}],"about":[{"href":"https:\/\/luchonoticias.com\/editor\/wp-json\/wp\/v2\/types\/post"}],"author":[{"embeddable":true,"href":"https:\/\/luchonoticias.com\/editor\/wp-json\/wp\/v2\/users\/2"}],"replies":[{"embeddable":true,"href":"https:\/\/luchonoticias.com\/editor\/wp-json\/wp\/v2\/comments?post=76302"}],"version-history":[{"count":2,"href":"https:\/\/luchonoticias.com\/editor\/wp-json\/wp\/v2\/posts\/76302\/revisions"}],"predecessor-version":[{"id":76305,"href":"https:\/\/luchonoticias.com\/editor\/wp-json\/wp\/v2\/posts\/76302\/revisions\/76305"}],"wp:featuredmedia":[{"embeddable":true,"href":"https:\/\/luchonoticias.com\/editor\/wp-json\/wp\/v2\/media\/76303"}],"wp:attachment":[{"href":"https:\/\/luchonoticias.com\/editor\/wp-json\/wp\/v2\/media?parent=76302"}],"wp:term":[{"taxonomy":"category","embeddable":true,"href":"https:\/\/luchonoticias.com\/editor\/wp-json\/wp\/v2\/categories?post=76302"},{"taxonomy":"post_tag","embeddable":true,"href":"https:\/\/luchonoticias.com\/editor\/wp-json\/wp\/v2\/tags?post=76302"}],"curies":[{"name":"wp","href":"https:\/\/api.w.org\/{rel}","templated":true}]}}