{"id":76883,"date":"2024-09-11T04:16:46","date_gmt":"2024-09-11T09:16:46","guid":{"rendered":"https:\/\/luchonoticias.com\/?p=76883"},"modified":"2024-09-11T04:16:46","modified_gmt":"2024-09-11T09:16:46","slug":"fortalecimiento-de-la-seguridad-pensando-en-la-cop-16","status":"publish","type":"post","link":"https:\/\/luchonoticias.com\/editor\/fortalecimiento-de-la-seguridad-pensando-en-la-cop-16\/","title":{"rendered":"Fortalecimiento de la seguridad pensando en la COP 16"},"content":{"rendered":"<div>Con once mil miembros de la Fuerza P\u00fablica se garantizar\u00e1 la seguridad del La Conferencia de las Naciones Unidas sobre Biodiversidad COP16 que celebrar\u00e1 de 21 de octubre y el 1\u00b0 de noviembre. la ciudad de Cali.<\/div>\n<div><\/div>\n<div>El anuncio lo hizo el ministro de Defensa, Iv\u00e1n Vel\u00e1squez, al t\u00e9rmino de un consejo de seguridad que tuvo lugar este martes en las instalaciones de la Escuela Militar de Aviaci\u00f3n Marco Fidel Su\u00e1rez en la capital del Valle del Cauca.<\/div>\n<div><\/div>\n<div>\u201cSe vienen desarrollando acciones espec\u00edficas para conseguir que este evento pueda transcurrir en las mejores condiciones de seguridad\u201d, indic\u00f3 el funcionario.<\/div>\n<div><\/div>\n<div>Agreg\u00f3 que, del total de personal militar y policial asignado, \u201cmil seiscientos soldados estar\u00e1n en los c\u00edrculos perimetrales de la zona azul, donde se llevar\u00e1n a cabo los eventos de la COP16. Tambi\u00e9n habr\u00e1 presencia en municipios como Jamund\u00ed y algunas \u00e1reas del en el norte del Valle, como se plante\u00f3 en el consejo de seguridad\u201d.<\/div>\n<div><\/div>\n<div>Tambi\u00e9n confirm\u00f3 que la Fuerza A\u00e9rea Colombiana dise\u00f1\u00f3 un plan de vigilancia y seguridad desde el aire \u2013hasta los 8 mil metros de altura\u2013, que incluye sistema antidrones para evitar posibles amenazas<\/div>\n<div><\/div>\n<div>En el consejo de seguridad se determin\u00f3 que con cuatro mil polic\u00edas las autoridades coordinar\u00e1n operativos en puntos estrat\u00e9gicos de la ciudad para asegurar la tranquilidad de los asistentes.<\/div>\n<div><\/div>\n<div>Desde la Gobernaci\u00f3n del Valle del Cauca tambi\u00e9n se anunci\u00f3 que tomar\u00e1n medidas adicionales de prevenci\u00f3n en materia de salud ante la situaci\u00f3n que ha desencadenado en el mundo la presencia del virus de la viruela del mono, la cual est\u00e1 controlada en la regi\u00f3n, y no representar\u00e1 un riesgo durante el evento internacional.<\/div>\n<div><\/div>\n<div>En paralelo a la COP16, Cali acoger\u00e1 un mundial de salsa, lo que a\u00f1ade un componente cultural a la agenda de la ciudad en medio de la cumbre.<\/div>\n<div><\/div>\n<p><strong>Medidas definidas por el Ministerio de Defensa<\/strong><\/p>\n<div><\/div>\n<div>&#8211; Aumento en 23 % del pie de fuerza de la Polic\u00eda (se trasladar\u00e1n 1.104 uniformados al Valle del Cauca para completar un total de 4.831 policiales).<\/div>\n<div><\/div>\n<div>&#8211; 4.987 soldados de la Tercera Brigada del Ej\u00e9rcito Nacional se sumar\u00e1n a la estrategia, distribuidos en siete Batallones y un Gaula Militar.<\/div>\n<div><\/div>\n<div>&#8211; 512 soldados con entrenamiento en zonas rurales y semiurbanas llegaron hace tres semanas a la capital del Valle.<\/div>\n<div><\/div>\n<div>&#8211; 150 polici\u0301as estar\u00e1n dedicados exclusivamente a la seguridad de Naciones Unidas.<\/div>\n<div><\/div>\n<div>&#8211; Soldados adicionales de la Tercera Brigada apoyar\u00e1n los corredores viales.<\/div>\n","protected":false},"excerpt":{"rendered":"<p>Con once mil miembros de la Fuerza P\u00fablica se garantizar\u00e1 la seguridad del La Conferencia de las Naciones Unidas sobre Biodiversidad COP16 que celebrar\u00e1 de 21 de octubre y el 1\u00b0 de noviembre. la ciudad de Cali. El anuncio lo hizo el ministro de Defensa, Iv\u00e1n Vel\u00e1squez, al t\u00e9rmino de un consejo de seguridad que [&hellip;]<\/p>\n","protected":false},"author":2,"featured_media":76884,"comment_status":"closed","ping_status":"open","sticky":false,"template":"","format":"standard","meta":{"footnotes":""},"categories":[28,32],"tags":[],"class_list":["post-76883","post","type-post","status-publish","format-standard","has-post-thumbnail","hentry","category-actualidad","category-nacional"],"yoast_head":"<!-- This site is optimized with the Yoast SEO plugin v26.6 - https:\/\/yoast.com\/wordpress\/plugins\/seo\/ -->\n<title>Fortalecimiento de la seguridad pensando en la COP 16 -<\/title>\n<meta name=\"robots\" content=\"index, follow, max-snippet:-1, max-image-preview:large, max-video-preview:-1\" \/>\n<link rel=\"canonical\" href=\"https:\/\/luchonoticias.com\/editor\/fortalecimiento-de-la-seguridad-pensando-en-la-cop-16\/\" \/>\n<meta property=\"og:locale\" content=\"es_ES\" \/>\n<meta property=\"og:type\" content=\"article\" \/>\n<meta property=\"og:title\" content=\"Fortalecimiento de la seguridad pensando en la COP 16 -\" \/>\n<meta property=\"og:url\" content=\"https:\/\/luchonoticias.com\/editor\/fortalecimiento-de-la-seguridad-pensando-en-la-cop-16\/\" \/>\n<meta property=\"article:publisher\" content=\"https:\/\/www.facebook.com\/luchonoticiasneiva\" \/>\n<meta property=\"article:published_time\" content=\"2024-09-11T09:16:46+00:00\" \/>\n<meta property=\"og:image\" content=\"https:\/\/luchonoticias.com\/editor\/wp-content\/uploads\/2024\/09\/COP-16.jpg\" \/>\n\t<meta property=\"og:image:width\" content=\"700\" \/>\n\t<meta property=\"og:image:height\" content=\"400\" \/>\n\t<meta property=\"og:image:type\" content=\"image\/jpeg\" \/>\n<meta name=\"author\" content=\"Editor General\" \/>\n<meta name=\"twitter:card\" content=\"summary_large_image\" \/>\n<meta name=\"twitter:label1\" content=\"Escrito por\" \/>\n\t<meta name=\"twitter:data1\" content=\"Editor General\" \/>\n\t<meta name=\"twitter:label2\" content=\"Tiempo de lectura\" \/>\n\t<meta name=\"twitter:data2\" content=\"2 minutos\" \/>\n<script type=\"application\/ld+json\" class=\"yoast-schema-graph\">{\"@context\":\"https:\/\/schema.org\",\"@graph\":[{\"@type\":\"Article\",\"@id\":\"https:\/\/luchonoticias.com\/editor\/fortalecimiento-de-la-seguridad-pensando-en-la-cop-16\/#article\",\"isPartOf\":{\"@id\":\"https:\/\/luchonoticias.com\/editor\/fortalecimiento-de-la-seguridad-pensando-en-la-cop-16\/\"},\"author\":{\"name\":\"Editor General\",\"@id\":\"https:\/\/luchonoticias.com\/editor\/#\/schema\/person\/29217990ddf6f14e35912b2866d591fb\"},\"headline\":\"Fortalecimiento de la seguridad pensando en la COP 16\",\"datePublished\":\"2024-09-11T09:16:46+00:00\",\"mainEntityOfPage\":{\"@id\":\"https:\/\/luchonoticias.com\/editor\/fortalecimiento-de-la-seguridad-pensando-en-la-cop-16\/\"},\"wordCount\":425,\"publisher\":{\"@id\":\"https:\/\/luchonoticias.com\/editor\/#\/schema\/person\/7a7fd911f58561fd056dbac7b55af9cd\"},\"image\":{\"@id\":\"https:\/\/luchonoticias.com\/editor\/fortalecimiento-de-la-seguridad-pensando-en-la-cop-16\/#primaryimage\"},\"thumbnailUrl\":\"https:\/\/luchonoticias.com\/editor\/wp-content\/uploads\/2024\/09\/COP-16.jpg\",\"articleSection\":[\"Actualidad\",\"Nacional\"],\"inLanguage\":\"es\"},{\"@type\":\"WebPage\",\"@id\":\"https:\/\/luchonoticias.com\/editor\/fortalecimiento-de-la-seguridad-pensando-en-la-cop-16\/\",\"url\":\"https:\/\/luchonoticias.com\/editor\/fortalecimiento-de-la-seguridad-pensando-en-la-cop-16\/\",\"name\":\"Fortalecimiento de la seguridad pensando en la COP 16 -\",\"isPartOf\":{\"@id\":\"https:\/\/luchonoticias.com\/editor\/#website\"},\"primaryImageOfPage\":{\"@id\":\"https:\/\/luchonoticias.com\/editor\/fortalecimiento-de-la-seguridad-pensando-en-la-cop-16\/#primaryimage\"},\"image\":{\"@id\":\"https:\/\/luchonoticias.com\/editor\/fortalecimiento-de-la-seguridad-pensando-en-la-cop-16\/#primaryimage\"},\"thumbnailUrl\":\"https:\/\/luchonoticias.com\/editor\/wp-content\/uploads\/2024\/09\/COP-16.jpg\",\"datePublished\":\"2024-09-11T09:16:46+00:00\",\"breadcrumb\":{\"@id\":\"https:\/\/luchonoticias.com\/editor\/fortalecimiento-de-la-seguridad-pensando-en-la-cop-16\/#breadcrumb\"},\"inLanguage\":\"es\",\"potentialAction\":[{\"@type\":\"ReadAction\",\"target\":[\"https:\/\/luchonoticias.com\/editor\/fortalecimiento-de-la-seguridad-pensando-en-la-cop-16\/\"]}]},{\"@type\":\"ImageObject\",\"inLanguage\":\"es\",\"@id\":\"https:\/\/luchonoticias.com\/editor\/fortalecimiento-de-la-seguridad-pensando-en-la-cop-16\/#primaryimage\",\"url\":\"https:\/\/luchonoticias.com\/editor\/wp-content\/uploads\/2024\/09\/COP-16.jpg\",\"contentUrl\":\"https:\/\/luchonoticias.com\/editor\/wp-content\/uploads\/2024\/09\/COP-16.jpg\",\"width\":700,\"height\":400},{\"@type\":\"BreadcrumbList\",\"@id\":\"https:\/\/luchonoticias.com\/editor\/fortalecimiento-de-la-seguridad-pensando-en-la-cop-16\/#breadcrumb\",\"itemListElement\":[{\"@type\":\"ListItem\",\"position\":1,\"name\":\"Portada\",\"item\":\"https:\/\/luchonoticias.com\/editor\/\"},{\"@type\":\"ListItem\",\"position\":2,\"name\":\"Fortalecimiento de la seguridad pensando en la COP 16\"}]},{\"@type\":\"WebSite\",\"@id\":\"https:\/\/luchonoticias.com\/editor\/#website\",\"url\":\"https:\/\/luchonoticias.com\/editor\/\",\"name\":\"\",\"description\":\"\",\"publisher\":{\"@id\":\"https:\/\/luchonoticias.com\/editor\/#\/schema\/person\/7a7fd911f58561fd056dbac7b55af9cd\"},\"potentialAction\":[{\"@type\":\"SearchAction\",\"target\":{\"@type\":\"EntryPoint\",\"urlTemplate\":\"https:\/\/luchonoticias.com\/editor\/?s={search_term_string}\"},\"query-input\":{\"@type\":\"PropertyValueSpecification\",\"valueRequired\":true,\"valueName\":\"search_term_string\"}}],\"inLanguage\":\"es\"},{\"@type\":[\"Person\",\"Organization\"],\"@id\":\"https:\/\/luchonoticias.com\/editor\/#\/schema\/person\/7a7fd911f58561fd056dbac7b55af9cd\",\"name\":\"admin\",\"image\":{\"@type\":\"ImageObject\",\"inLanguage\":\"es\",\"@id\":\"https:\/\/luchonoticias.com\/editor\/#\/schema\/person\/image\/\",\"url\":\"https:\/\/luchonoticias.com\/editor\/wp-content\/uploads\/2024\/02\/cropped-cropped-logolu.webp\",\"contentUrl\":\"https:\/\/luchonoticias.com\/editor\/wp-content\/uploads\/2024\/02\/cropped-cropped-logolu.webp\",\"width\":382,\"height\":170,\"caption\":\"admin\"},\"logo\":{\"@id\":\"https:\/\/luchonoticias.com\/editor\/#\/schema\/person\/image\/\"},\"sameAs\":[\"https:\/\/www.facebook.com\/luchonoticiasneiva\"]},{\"@type\":\"Person\",\"@id\":\"https:\/\/luchonoticias.com\/editor\/#\/schema\/person\/29217990ddf6f14e35912b2866d591fb\",\"name\":\"Editor General\",\"image\":{\"@type\":\"ImageObject\",\"inLanguage\":\"es\",\"@id\":\"https:\/\/luchonoticias.com\/editor\/#\/schema\/person\/image\/\",\"url\":\"https:\/\/luchonoticias.com\/editor\/wp-content\/uploads\/2024\/02\/cropped-cropped-logolu-150x150.webp\",\"contentUrl\":\"https:\/\/luchonoticias.com\/editor\/wp-content\/uploads\/2024\/02\/cropped-cropped-logolu-150x150.webp\",\"caption\":\"Editor General\"},\"sameAs\":[\"https:\/\/luchonoticias.com\/\"],\"url\":\"https:\/\/luchonoticias.com\/editor\/author\/editor-general\/\"}]}<\/script>\n<!-- \/ Yoast SEO plugin. -->","yoast_head_json":{"title":"Fortalecimiento de la seguridad pensando en la COP 16 -","robots":{"index":"index","follow":"follow","max-snippet":"max-snippet:-1","max-image-preview":"max-image-preview:large","max-video-preview":"max-video-preview:-1"},"canonical":"https:\/\/luchonoticias.com\/editor\/fortalecimiento-de-la-seguridad-pensando-en-la-cop-16\/","og_locale":"es_ES","og_type":"article","og_title":"Fortalecimiento de la seguridad pensando en la COP 16 -","og_url":"https:\/\/luchonoticias.com\/editor\/fortalecimiento-de-la-seguridad-pensando-en-la-cop-16\/","article_publisher":"https:\/\/www.facebook.com\/luchonoticiasneiva","article_published_time":"2024-09-11T09:16:46+00:00","og_image":[{"width":700,"height":400,"url":"https:\/\/luchonoticias.com\/editor\/wp-content\/uploads\/2024\/09\/COP-16.jpg","type":"image\/jpeg"}],"author":"Editor General","twitter_card":"summary_large_image","twitter_misc":{"Escrito por":"Editor General","Tiempo de lectura":"2 minutos"},"schema":{"@context":"https:\/\/schema.org","@graph":[{"@type":"Article","@id":"https:\/\/luchonoticias.com\/editor\/fortalecimiento-de-la-seguridad-pensando-en-la-cop-16\/#article","isPartOf":{"@id":"https:\/\/luchonoticias.com\/editor\/fortalecimiento-de-la-seguridad-pensando-en-la-cop-16\/"},"author":{"name":"Editor General","@id":"https:\/\/luchonoticias.com\/editor\/#\/schema\/person\/29217990ddf6f14e35912b2866d591fb"},"headline":"Fortalecimiento de la seguridad pensando en la COP 16","datePublished":"2024-09-11T09:16:46+00:00","mainEntityOfPage":{"@id":"https:\/\/luchonoticias.com\/editor\/fortalecimiento-de-la-seguridad-pensando-en-la-cop-16\/"},"wordCount":425,"publisher":{"@id":"https:\/\/luchonoticias.com\/editor\/#\/schema\/person\/7a7fd911f58561fd056dbac7b55af9cd"},"image":{"@id":"https:\/\/luchonoticias.com\/editor\/fortalecimiento-de-la-seguridad-pensando-en-la-cop-16\/#primaryimage"},"thumbnailUrl":"https:\/\/luchonoticias.com\/editor\/wp-content\/uploads\/2024\/09\/COP-16.jpg","articleSection":["Actualidad","Nacional"],"inLanguage":"es"},{"@type":"WebPage","@id":"https:\/\/luchonoticias.com\/editor\/fortalecimiento-de-la-seguridad-pensando-en-la-cop-16\/","url":"https:\/\/luchonoticias.com\/editor\/fortalecimiento-de-la-seguridad-pensando-en-la-cop-16\/","name":"Fortalecimiento de la seguridad pensando en la COP 16 -","isPartOf":{"@id":"https:\/\/luchonoticias.com\/editor\/#website"},"primaryImageOfPage":{"@id":"https:\/\/luchonoticias.com\/editor\/fortalecimiento-de-la-seguridad-pensando-en-la-cop-16\/#primaryimage"},"image":{"@id":"https:\/\/luchonoticias.com\/editor\/fortalecimiento-de-la-seguridad-pensando-en-la-cop-16\/#primaryimage"},"thumbnailUrl":"https:\/\/luchonoticias.com\/editor\/wp-content\/uploads\/2024\/09\/COP-16.jpg","datePublished":"2024-09-11T09:16:46+00:00","breadcrumb":{"@id":"https:\/\/luchonoticias.com\/editor\/fortalecimiento-de-la-seguridad-pensando-en-la-cop-16\/#breadcrumb"},"inLanguage":"es","potentialAction":[{"@type":"ReadAction","target":["https:\/\/luchonoticias.com\/editor\/fortalecimiento-de-la-seguridad-pensando-en-la-cop-16\/"]}]},{"@type":"ImageObject","inLanguage":"es","@id":"https:\/\/luchonoticias.com\/editor\/fortalecimiento-de-la-seguridad-pensando-en-la-cop-16\/#primaryimage","url":"https:\/\/luchonoticias.com\/editor\/wp-content\/uploads\/2024\/09\/COP-16.jpg","contentUrl":"https:\/\/luchonoticias.com\/editor\/wp-content\/uploads\/2024\/09\/COP-16.jpg","width":700,"height":400},{"@type":"BreadcrumbList","@id":"https:\/\/luchonoticias.com\/editor\/fortalecimiento-de-la-seguridad-pensando-en-la-cop-16\/#breadcrumb","itemListElement":[{"@type":"ListItem","position":1,"name":"Portada","item":"https:\/\/luchonoticias.com\/editor\/"},{"@type":"ListItem","position":2,"name":"Fortalecimiento de la seguridad pensando en la COP 16"}]},{"@type":"WebSite","@id":"https:\/\/luchonoticias.com\/editor\/#website","url":"https:\/\/luchonoticias.com\/editor\/","name":"","description":"","publisher":{"@id":"https:\/\/luchonoticias.com\/editor\/#\/schema\/person\/7a7fd911f58561fd056dbac7b55af9cd"},"potentialAction":[{"@type":"SearchAction","target":{"@type":"EntryPoint","urlTemplate":"https:\/\/luchonoticias.com\/editor\/?s={search_term_string}"},"query-input":{"@type":"PropertyValueSpecification","valueRequired":true,"valueName":"search_term_string"}}],"inLanguage":"es"},{"@type":["Person","Organization"],"@id":"https:\/\/luchonoticias.com\/editor\/#\/schema\/person\/7a7fd911f58561fd056dbac7b55af9cd","name":"admin","image":{"@type":"ImageObject","inLanguage":"es","@id":"https:\/\/luchonoticias.com\/editor\/#\/schema\/person\/image\/","url":"https:\/\/luchonoticias.com\/editor\/wp-content\/uploads\/2024\/02\/cropped-cropped-logolu.webp","contentUrl":"https:\/\/luchonoticias.com\/editor\/wp-content\/uploads\/2024\/02\/cropped-cropped-logolu.webp","width":382,"height":170,"caption":"admin"},"logo":{"@id":"https:\/\/luchonoticias.com\/editor\/#\/schema\/person\/image\/"},"sameAs":["https:\/\/www.facebook.com\/luchonoticiasneiva"]},{"@type":"Person","@id":"https:\/\/luchonoticias.com\/editor\/#\/schema\/person\/29217990ddf6f14e35912b2866d591fb","name":"Editor General","image":{"@type":"ImageObject","inLanguage":"es","@id":"https:\/\/luchonoticias.com\/editor\/#\/schema\/person\/image\/","url":"https:\/\/luchonoticias.com\/editor\/wp-content\/uploads\/2024\/02\/cropped-cropped-logolu-150x150.webp","contentUrl":"https:\/\/luchonoticias.com\/editor\/wp-content\/uploads\/2024\/02\/cropped-cropped-logolu-150x150.webp","caption":"Editor General"},"sameAs":["https:\/\/luchonoticias.com\/"],"url":"https:\/\/luchonoticias.com\/editor\/author\/editor-general\/"}]}},"_links":{"self":[{"href":"https:\/\/luchonoticias.com\/editor\/wp-json\/wp\/v2\/posts\/76883","targetHints":{"allow":["GET"]}}],"collection":[{"href":"https:\/\/luchonoticias.com\/editor\/wp-json\/wp\/v2\/posts"}],"about":[{"href":"https:\/\/luchonoticias.com\/editor\/wp-json\/wp\/v2\/types\/post"}],"author":[{"embeddable":true,"href":"https:\/\/luchonoticias.com\/editor\/wp-json\/wp\/v2\/users\/2"}],"replies":[{"embeddable":true,"href":"https:\/\/luchonoticias.com\/editor\/wp-json\/wp\/v2\/comments?post=76883"}],"version-history":[{"count":1,"href":"https:\/\/luchonoticias.com\/editor\/wp-json\/wp\/v2\/posts\/76883\/revisions"}],"predecessor-version":[{"id":76885,"href":"https:\/\/luchonoticias.com\/editor\/wp-json\/wp\/v2\/posts\/76883\/revisions\/76885"}],"wp:featuredmedia":[{"embeddable":true,"href":"https:\/\/luchonoticias.com\/editor\/wp-json\/wp\/v2\/media\/76884"}],"wp:attachment":[{"href":"https:\/\/luchonoticias.com\/editor\/wp-json\/wp\/v2\/media?parent=76883"}],"wp:term":[{"taxonomy":"category","embeddable":true,"href":"https:\/\/luchonoticias.com\/editor\/wp-json\/wp\/v2\/categories?post=76883"},{"taxonomy":"post_tag","embeddable":true,"href":"https:\/\/luchonoticias.com\/editor\/wp-json\/wp\/v2\/tags?post=76883"}],"curies":[{"name":"wp","href":"https:\/\/api.w.org\/{rel}","templated":true}]}}