{"id":77076,"date":"2024-09-17T04:10:42","date_gmt":"2024-09-17T09:10:42","guid":{"rendered":"https:\/\/luchonoticias.com\/?p=77076"},"modified":"2024-09-17T04:10:42","modified_gmt":"2024-09-17T09:10:42","slug":"mas-de-172-000-conciliaciones-en-colombia","status":"publish","type":"post","link":"https:\/\/luchonoticias.com\/editor\/mas-de-172-000-conciliaciones-en-colombia\/","title":{"rendered":"M\u00e1s de 172.000 conciliaciones en Colombia"},"content":{"rendered":"<div>En Colombia funcionan 497 centros de conciliaci\u00f3n que entre junio de 2023 y junio de 2024 atendieron 172.657 casos de conciliaci\u00f3n en derecho, confirm\u00f3 el Ministerio de Justicia.<\/div>\n<div><\/div>\n<div>De acuerdo con cifras de esta cartera, solo en 2023 se registraron 31.327 casos de conciliaci\u00f3n en equidad y 19.329 en el primer semestre de 2024, en los que se resolvieron conflictos de convivencia entre vecinos, asuntos relacionados con bienes y arrendamientos como los principales motivos de consulta.<\/div>\n<div><\/div>\n<div>Las obligaciones contra\u00eddas por alimentos y atenci\u00f3n a hijos han sido el mayor porcentaje de casos atendidos en los \u00faltimos cuatro trimestres, representan el 26 % del total de conciliaciones, lo que equivale a 44.148 asuntos, seg\u00fan reporte entregado por la viceministra de Promoci\u00f3n de la Justicia, Helen Ortiz.<\/div>\n<div><\/div>\n<div>Le siguen los relacionados con contratos en general, 37.022 casos (21%); la responsabilidad extracontractual, con 18.377 (11%); los contratos de trabajo, con 12.436 (7%); y las uniones maritales de hecho con 12.119 (7%), enumer\u00f3 la funcionaria durante un acto de rendici\u00f3n de cuentas realizado en Quibd\u00f3 (Choc\u00f3).<\/div>\n<div><\/div>\n<div>Tambi\u00e9n destac\u00f3 las 39 jornadas m\u00f3viles realizadas en el \u00faltimo a\u00f1o, que han beneficiado a cerca de 3.500 usuarios atendidos en 133 municipios como uno de los programas misionales de casas de justicia y centros de convivencia ciudadana con mayores resultados en ese lapso.<\/div>\n<div><\/div>\n<div>\u201cQueremos ofrecer mayor acceso a la justicia en los territorios. Esa es la misi\u00f3n de nuestro Ministerio. Brindar acceso a la justicia es lo que nos va a permitir eliminar barreras y cerrar brechas mientras construimos paz\u00bb, afirm\u00f3 la Viceministra Ortiz.<\/div>\n<div><\/div>\n<div>Destac\u00f3 que en el pa\u00eds cada vez m\u00e1s personas recurren a estos mecanismos para resolver sus conflictos de manera pac\u00edfica y efectiva, lo que los consolida como herramientas para resolver diferencias entre los ciudadanos.<\/div>\n<div><\/div>\n<div>Las \u00e1reas con mayor actividad en cuanto a conciliaci\u00f3n son Bogot\u00e1, Antioquia, Valle del Cauca y Santander, seguidos por los centros privados y los consultorios jur\u00eddicos universitarios. Le siguen Atl\u00e1ntico, Magdalena y Tolima como los departamentos que lideran en este apartado.<\/div>\n","protected":false},"excerpt":{"rendered":"<p>Las \u00e1reas con mayor actividad en cuanto a conciliaci\u00f3n son Bogot\u00e1, Antioquia, Valle del Cauca y Santander, seguidos por los centros privados y los consultorios jur\u00eddicos universitarios.<\/p>\n","protected":false},"author":2,"featured_media":77077,"comment_status":"closed","ping_status":"open","sticky":false,"template":"","format":"standard","meta":{"footnotes":""},"categories":[28,32],"tags":[],"class_list":["post-77076","post","type-post","status-publish","format-standard","has-post-thumbnail","hentry","category-actualidad","category-nacional"],"yoast_head":"<!-- This site is optimized with the Yoast SEO plugin v26.6 - https:\/\/yoast.com\/wordpress\/plugins\/seo\/ -->\n<title>M\u00e1s de 172.000 conciliaciones en Colombia -<\/title>\n<meta name=\"description\" content=\"Las \u00e1reas con mayor actividad en cuanto a conciliaci\u00f3n son Bogot\u00e1, Antioquia, Valle del Cauca y Santander, seguidos por los centros privados y los consultorios jur\u00eddicos universitarios.\" \/>\n<meta name=\"robots\" content=\"index, follow, max-snippet:-1, max-image-preview:large, max-video-preview:-1\" \/>\n<link rel=\"canonical\" href=\"https:\/\/luchonoticias.com\/editor\/mas-de-172-000-conciliaciones-en-colombia\/\" \/>\n<meta property=\"og:locale\" content=\"es_ES\" \/>\n<meta property=\"og:type\" content=\"article\" \/>\n<meta property=\"og:title\" content=\"M\u00e1s de 172.000 conciliaciones en Colombia -\" \/>\n<meta property=\"og:description\" content=\"Las \u00e1reas con mayor actividad en cuanto a conciliaci\u00f3n son Bogot\u00e1, Antioquia, Valle del Cauca y Santander, seguidos por los centros privados y los consultorios jur\u00eddicos universitarios.\" \/>\n<meta property=\"og:url\" content=\"https:\/\/luchonoticias.com\/editor\/mas-de-172-000-conciliaciones-en-colombia\/\" \/>\n<meta property=\"article:publisher\" content=\"https:\/\/www.facebook.com\/luchonoticiasneiva\" \/>\n<meta property=\"article:published_time\" content=\"2024-09-17T09:10:42+00:00\" \/>\n<meta property=\"og:image\" content=\"https:\/\/luchonoticias.com\/editor\/wp-content\/uploads\/2024\/09\/conciliaciones.jpg\" \/>\n\t<meta property=\"og:image:width\" content=\"700\" \/>\n\t<meta property=\"og:image:height\" content=\"400\" \/>\n\t<meta property=\"og:image:type\" content=\"image\/jpeg\" \/>\n<meta name=\"author\" content=\"Editor General\" \/>\n<meta name=\"twitter:card\" content=\"summary_large_image\" \/>\n<meta name=\"twitter:label1\" content=\"Escrito por\" \/>\n\t<meta name=\"twitter:data1\" content=\"Editor General\" \/>\n\t<meta name=\"twitter:label2\" content=\"Tiempo de lectura\" \/>\n\t<meta name=\"twitter:data2\" content=\"2 minutos\" \/>\n<script type=\"application\/ld+json\" class=\"yoast-schema-graph\">{\"@context\":\"https:\/\/schema.org\",\"@graph\":[{\"@type\":\"Article\",\"@id\":\"https:\/\/luchonoticias.com\/editor\/mas-de-172-000-conciliaciones-en-colombia\/#article\",\"isPartOf\":{\"@id\":\"https:\/\/luchonoticias.com\/editor\/mas-de-172-000-conciliaciones-en-colombia\/\"},\"author\":{\"name\":\"Editor General\",\"@id\":\"https:\/\/luchonoticias.com\/editor\/#\/schema\/person\/29217990ddf6f14e35912b2866d591fb\"},\"headline\":\"M\u00e1s de 172.000 conciliaciones en Colombia\",\"datePublished\":\"2024-09-17T09:10:42+00:00\",\"mainEntityOfPage\":{\"@id\":\"https:\/\/luchonoticias.com\/editor\/mas-de-172-000-conciliaciones-en-colombia\/\"},\"wordCount\":334,\"publisher\":{\"@id\":\"https:\/\/luchonoticias.com\/editor\/#\/schema\/person\/7a7fd911f58561fd056dbac7b55af9cd\"},\"image\":{\"@id\":\"https:\/\/luchonoticias.com\/editor\/mas-de-172-000-conciliaciones-en-colombia\/#primaryimage\"},\"thumbnailUrl\":\"https:\/\/luchonoticias.com\/editor\/wp-content\/uploads\/2024\/09\/conciliaciones.jpg\",\"articleSection\":[\"Actualidad\",\"Nacional\"],\"inLanguage\":\"es\"},{\"@type\":\"WebPage\",\"@id\":\"https:\/\/luchonoticias.com\/editor\/mas-de-172-000-conciliaciones-en-colombia\/\",\"url\":\"https:\/\/luchonoticias.com\/editor\/mas-de-172-000-conciliaciones-en-colombia\/\",\"name\":\"M\u00e1s de 172.000 conciliaciones en Colombia -\",\"isPartOf\":{\"@id\":\"https:\/\/luchonoticias.com\/editor\/#website\"},\"primaryImageOfPage\":{\"@id\":\"https:\/\/luchonoticias.com\/editor\/mas-de-172-000-conciliaciones-en-colombia\/#primaryimage\"},\"image\":{\"@id\":\"https:\/\/luchonoticias.com\/editor\/mas-de-172-000-conciliaciones-en-colombia\/#primaryimage\"},\"thumbnailUrl\":\"https:\/\/luchonoticias.com\/editor\/wp-content\/uploads\/2024\/09\/conciliaciones.jpg\",\"datePublished\":\"2024-09-17T09:10:42+00:00\",\"description\":\"Las \u00e1reas con mayor actividad en cuanto a conciliaci\u00f3n son Bogot\u00e1, Antioquia, Valle del Cauca y Santander, seguidos por los centros privados y los consultorios jur\u00eddicos universitarios.\",\"breadcrumb\":{\"@id\":\"https:\/\/luchonoticias.com\/editor\/mas-de-172-000-conciliaciones-en-colombia\/#breadcrumb\"},\"inLanguage\":\"es\",\"potentialAction\":[{\"@type\":\"ReadAction\",\"target\":[\"https:\/\/luchonoticias.com\/editor\/mas-de-172-000-conciliaciones-en-colombia\/\"]}]},{\"@type\":\"ImageObject\",\"inLanguage\":\"es\",\"@id\":\"https:\/\/luchonoticias.com\/editor\/mas-de-172-000-conciliaciones-en-colombia\/#primaryimage\",\"url\":\"https:\/\/luchonoticias.com\/editor\/wp-content\/uploads\/2024\/09\/conciliaciones.jpg\",\"contentUrl\":\"https:\/\/luchonoticias.com\/editor\/wp-content\/uploads\/2024\/09\/conciliaciones.jpg\",\"width\":700,\"height\":400},{\"@type\":\"BreadcrumbList\",\"@id\":\"https:\/\/luchonoticias.com\/editor\/mas-de-172-000-conciliaciones-en-colombia\/#breadcrumb\",\"itemListElement\":[{\"@type\":\"ListItem\",\"position\":1,\"name\":\"Portada\",\"item\":\"https:\/\/luchonoticias.com\/editor\/\"},{\"@type\":\"ListItem\",\"position\":2,\"name\":\"M\u00e1s de 172.000 conciliaciones en Colombia\"}]},{\"@type\":\"WebSite\",\"@id\":\"https:\/\/luchonoticias.com\/editor\/#website\",\"url\":\"https:\/\/luchonoticias.com\/editor\/\",\"name\":\"\",\"description\":\"\",\"publisher\":{\"@id\":\"https:\/\/luchonoticias.com\/editor\/#\/schema\/person\/7a7fd911f58561fd056dbac7b55af9cd\"},\"potentialAction\":[{\"@type\":\"SearchAction\",\"target\":{\"@type\":\"EntryPoint\",\"urlTemplate\":\"https:\/\/luchonoticias.com\/editor\/?s={search_term_string}\"},\"query-input\":{\"@type\":\"PropertyValueSpecification\",\"valueRequired\":true,\"valueName\":\"search_term_string\"}}],\"inLanguage\":\"es\"},{\"@type\":[\"Person\",\"Organization\"],\"@id\":\"https:\/\/luchonoticias.com\/editor\/#\/schema\/person\/7a7fd911f58561fd056dbac7b55af9cd\",\"name\":\"admin\",\"image\":{\"@type\":\"ImageObject\",\"inLanguage\":\"es\",\"@id\":\"https:\/\/luchonoticias.com\/editor\/#\/schema\/person\/image\/\",\"url\":\"https:\/\/luchonoticias.com\/editor\/wp-content\/uploads\/2024\/02\/cropped-cropped-logolu.webp\",\"contentUrl\":\"https:\/\/luchonoticias.com\/editor\/wp-content\/uploads\/2024\/02\/cropped-cropped-logolu.webp\",\"width\":382,\"height\":170,\"caption\":\"admin\"},\"logo\":{\"@id\":\"https:\/\/luchonoticias.com\/editor\/#\/schema\/person\/image\/\"},\"sameAs\":[\"https:\/\/www.facebook.com\/luchonoticiasneiva\"]},{\"@type\":\"Person\",\"@id\":\"https:\/\/luchonoticias.com\/editor\/#\/schema\/person\/29217990ddf6f14e35912b2866d591fb\",\"name\":\"Editor General\",\"image\":{\"@type\":\"ImageObject\",\"inLanguage\":\"es\",\"@id\":\"https:\/\/luchonoticias.com\/editor\/#\/schema\/person\/image\/\",\"url\":\"https:\/\/luchonoticias.com\/editor\/wp-content\/uploads\/2024\/02\/cropped-cropped-logolu-150x150.webp\",\"contentUrl\":\"https:\/\/luchonoticias.com\/editor\/wp-content\/uploads\/2024\/02\/cropped-cropped-logolu-150x150.webp\",\"caption\":\"Editor General\"},\"sameAs\":[\"https:\/\/luchonoticias.com\/\"],\"url\":\"https:\/\/luchonoticias.com\/editor\/author\/editor-general\/\"}]}<\/script>\n<!-- \/ Yoast SEO plugin. -->","yoast_head_json":{"title":"M\u00e1s de 172.000 conciliaciones en Colombia -","description":"Las \u00e1reas con mayor actividad en cuanto a conciliaci\u00f3n son Bogot\u00e1, Antioquia, Valle del Cauca y Santander, seguidos por los centros privados y los consultorios jur\u00eddicos universitarios.","robots":{"index":"index","follow":"follow","max-snippet":"max-snippet:-1","max-image-preview":"max-image-preview:large","max-video-preview":"max-video-preview:-1"},"canonical":"https:\/\/luchonoticias.com\/editor\/mas-de-172-000-conciliaciones-en-colombia\/","og_locale":"es_ES","og_type":"article","og_title":"M\u00e1s de 172.000 conciliaciones en Colombia -","og_description":"Las \u00e1reas con mayor actividad en cuanto a conciliaci\u00f3n son Bogot\u00e1, Antioquia, Valle del Cauca y Santander, seguidos por los centros privados y los consultorios jur\u00eddicos universitarios.","og_url":"https:\/\/luchonoticias.com\/editor\/mas-de-172-000-conciliaciones-en-colombia\/","article_publisher":"https:\/\/www.facebook.com\/luchonoticiasneiva","article_published_time":"2024-09-17T09:10:42+00:00","og_image":[{"width":700,"height":400,"url":"https:\/\/luchonoticias.com\/editor\/wp-content\/uploads\/2024\/09\/conciliaciones.jpg","type":"image\/jpeg"}],"author":"Editor General","twitter_card":"summary_large_image","twitter_misc":{"Escrito por":"Editor General","Tiempo de lectura":"2 minutos"},"schema":{"@context":"https:\/\/schema.org","@graph":[{"@type":"Article","@id":"https:\/\/luchonoticias.com\/editor\/mas-de-172-000-conciliaciones-en-colombia\/#article","isPartOf":{"@id":"https:\/\/luchonoticias.com\/editor\/mas-de-172-000-conciliaciones-en-colombia\/"},"author":{"name":"Editor General","@id":"https:\/\/luchonoticias.com\/editor\/#\/schema\/person\/29217990ddf6f14e35912b2866d591fb"},"headline":"M\u00e1s de 172.000 conciliaciones en Colombia","datePublished":"2024-09-17T09:10:42+00:00","mainEntityOfPage":{"@id":"https:\/\/luchonoticias.com\/editor\/mas-de-172-000-conciliaciones-en-colombia\/"},"wordCount":334,"publisher":{"@id":"https:\/\/luchonoticias.com\/editor\/#\/schema\/person\/7a7fd911f58561fd056dbac7b55af9cd"},"image":{"@id":"https:\/\/luchonoticias.com\/editor\/mas-de-172-000-conciliaciones-en-colombia\/#primaryimage"},"thumbnailUrl":"https:\/\/luchonoticias.com\/editor\/wp-content\/uploads\/2024\/09\/conciliaciones.jpg","articleSection":["Actualidad","Nacional"],"inLanguage":"es"},{"@type":"WebPage","@id":"https:\/\/luchonoticias.com\/editor\/mas-de-172-000-conciliaciones-en-colombia\/","url":"https:\/\/luchonoticias.com\/editor\/mas-de-172-000-conciliaciones-en-colombia\/","name":"M\u00e1s de 172.000 conciliaciones en Colombia -","isPartOf":{"@id":"https:\/\/luchonoticias.com\/editor\/#website"},"primaryImageOfPage":{"@id":"https:\/\/luchonoticias.com\/editor\/mas-de-172-000-conciliaciones-en-colombia\/#primaryimage"},"image":{"@id":"https:\/\/luchonoticias.com\/editor\/mas-de-172-000-conciliaciones-en-colombia\/#primaryimage"},"thumbnailUrl":"https:\/\/luchonoticias.com\/editor\/wp-content\/uploads\/2024\/09\/conciliaciones.jpg","datePublished":"2024-09-17T09:10:42+00:00","description":"Las \u00e1reas con mayor actividad en cuanto a conciliaci\u00f3n son Bogot\u00e1, Antioquia, Valle del Cauca y Santander, seguidos por los centros privados y los consultorios jur\u00eddicos universitarios.","breadcrumb":{"@id":"https:\/\/luchonoticias.com\/editor\/mas-de-172-000-conciliaciones-en-colombia\/#breadcrumb"},"inLanguage":"es","potentialAction":[{"@type":"ReadAction","target":["https:\/\/luchonoticias.com\/editor\/mas-de-172-000-conciliaciones-en-colombia\/"]}]},{"@type":"ImageObject","inLanguage":"es","@id":"https:\/\/luchonoticias.com\/editor\/mas-de-172-000-conciliaciones-en-colombia\/#primaryimage","url":"https:\/\/luchonoticias.com\/editor\/wp-content\/uploads\/2024\/09\/conciliaciones.jpg","contentUrl":"https:\/\/luchonoticias.com\/editor\/wp-content\/uploads\/2024\/09\/conciliaciones.jpg","width":700,"height":400},{"@type":"BreadcrumbList","@id":"https:\/\/luchonoticias.com\/editor\/mas-de-172-000-conciliaciones-en-colombia\/#breadcrumb","itemListElement":[{"@type":"ListItem","position":1,"name":"Portada","item":"https:\/\/luchonoticias.com\/editor\/"},{"@type":"ListItem","position":2,"name":"M\u00e1s de 172.000 conciliaciones en Colombia"}]},{"@type":"WebSite","@id":"https:\/\/luchonoticias.com\/editor\/#website","url":"https:\/\/luchonoticias.com\/editor\/","name":"","description":"","publisher":{"@id":"https:\/\/luchonoticias.com\/editor\/#\/schema\/person\/7a7fd911f58561fd056dbac7b55af9cd"},"potentialAction":[{"@type":"SearchAction","target":{"@type":"EntryPoint","urlTemplate":"https:\/\/luchonoticias.com\/editor\/?s={search_term_string}"},"query-input":{"@type":"PropertyValueSpecification","valueRequired":true,"valueName":"search_term_string"}}],"inLanguage":"es"},{"@type":["Person","Organization"],"@id":"https:\/\/luchonoticias.com\/editor\/#\/schema\/person\/7a7fd911f58561fd056dbac7b55af9cd","name":"admin","image":{"@type":"ImageObject","inLanguage":"es","@id":"https:\/\/luchonoticias.com\/editor\/#\/schema\/person\/image\/","url":"https:\/\/luchonoticias.com\/editor\/wp-content\/uploads\/2024\/02\/cropped-cropped-logolu.webp","contentUrl":"https:\/\/luchonoticias.com\/editor\/wp-content\/uploads\/2024\/02\/cropped-cropped-logolu.webp","width":382,"height":170,"caption":"admin"},"logo":{"@id":"https:\/\/luchonoticias.com\/editor\/#\/schema\/person\/image\/"},"sameAs":["https:\/\/www.facebook.com\/luchonoticiasneiva"]},{"@type":"Person","@id":"https:\/\/luchonoticias.com\/editor\/#\/schema\/person\/29217990ddf6f14e35912b2866d591fb","name":"Editor General","image":{"@type":"ImageObject","inLanguage":"es","@id":"https:\/\/luchonoticias.com\/editor\/#\/schema\/person\/image\/","url":"https:\/\/luchonoticias.com\/editor\/wp-content\/uploads\/2024\/02\/cropped-cropped-logolu-150x150.webp","contentUrl":"https:\/\/luchonoticias.com\/editor\/wp-content\/uploads\/2024\/02\/cropped-cropped-logolu-150x150.webp","caption":"Editor General"},"sameAs":["https:\/\/luchonoticias.com\/"],"url":"https:\/\/luchonoticias.com\/editor\/author\/editor-general\/"}]}},"_links":{"self":[{"href":"https:\/\/luchonoticias.com\/editor\/wp-json\/wp\/v2\/posts\/77076","targetHints":{"allow":["GET"]}}],"collection":[{"href":"https:\/\/luchonoticias.com\/editor\/wp-json\/wp\/v2\/posts"}],"about":[{"href":"https:\/\/luchonoticias.com\/editor\/wp-json\/wp\/v2\/types\/post"}],"author":[{"embeddable":true,"href":"https:\/\/luchonoticias.com\/editor\/wp-json\/wp\/v2\/users\/2"}],"replies":[{"embeddable":true,"href":"https:\/\/luchonoticias.com\/editor\/wp-json\/wp\/v2\/comments?post=77076"}],"version-history":[{"count":2,"href":"https:\/\/luchonoticias.com\/editor\/wp-json\/wp\/v2\/posts\/77076\/revisions"}],"predecessor-version":[{"id":77079,"href":"https:\/\/luchonoticias.com\/editor\/wp-json\/wp\/v2\/posts\/77076\/revisions\/77079"}],"wp:featuredmedia":[{"embeddable":true,"href":"https:\/\/luchonoticias.com\/editor\/wp-json\/wp\/v2\/media\/77077"}],"wp:attachment":[{"href":"https:\/\/luchonoticias.com\/editor\/wp-json\/wp\/v2\/media?parent=77076"}],"wp:term":[{"taxonomy":"category","embeddable":true,"href":"https:\/\/luchonoticias.com\/editor\/wp-json\/wp\/v2\/categories?post=77076"},{"taxonomy":"post_tag","embeddable":true,"href":"https:\/\/luchonoticias.com\/editor\/wp-json\/wp\/v2\/tags?post=77076"}],"curies":[{"name":"wp","href":"https:\/\/api.w.org\/{rel}","templated":true}]}}