{"id":77080,"date":"2024-09-17T04:16:36","date_gmt":"2024-09-17T09:16:36","guid":{"rendered":"https:\/\/luchonoticias.com\/?p=77080"},"modified":"2024-09-17T04:16:36","modified_gmt":"2024-09-17T09:16:36","slug":"importante-noticia-de-reparacion-a-los-campesinos","status":"publish","type":"post","link":"https:\/\/luchonoticias.com\/editor\/importante-noticia-de-reparacion-a-los-campesinos\/","title":{"rendered":"Importante noticia de reparaci\u00f3n a los campesinos"},"content":{"rendered":"<div>La Unidad para las V\u00edctimas y la Agencia Nacional de Tierras (ANT) firmaron un convenio para la adquisici\u00f3n de 18.000 hect\u00e1reas, marcando la primera venta masiva de tierras del Fondo para la Reparaci\u00f3n de las V\u00edctimas (FRV) a la ANT. Este acuerdo acelera la reparaci\u00f3n integral de las v\u00edctimas del paramilitarismo y permite un avance en la Reforma Agraria al otorgar tierras a campesinos afectados por el conflicto armado.<\/div>\n<div><\/div>\n<div>El convenio moviliza m\u00e1s de $175.000 millones que ingresar\u00e1n directamente al Fondo de Reparaci\u00f3n, destinados a apoyar a las v\u00edctimas y a transformar los predios bajo su administraci\u00f3n en tierras productivas con vocaci\u00f3n reparadora.<\/div>\n<div><\/div>\n<div>\u201cCon este paso, esperamos reparar a alrededor de 5.000 v\u00edctimas reconocidas en las sentencias de Justicia y Paz\u201d, afirm\u00f3 Lilia Solano, directora de la Unidad para las V\u00edctimas, destacando la importancia de esta acci\u00f3n para reducir el rezago en la reparaci\u00f3n a las v\u00edctimas del conflicto.<\/div>\n<div><\/div>\n<div>Felipe Harman, director de la Agencia Nacional de Tierras, explic\u00f3 que \u00abeste acuerdo derriba las barreras institucionales que imped\u00edan su puesta en marcha. Estamos comprando 18.000 hect\u00e1reas que ser\u00e1n entregadas a campesinos sin tierras, y el convenio tiene el potencial de alcanzar hasta 130.000 hect\u00e1reas\u00bb.<\/div>\n<div><\/div>\n<div><strong>Las finalidades de este convenio <\/strong><\/div>\n<div><\/div>\n<div>El convenio cumple con dos objetivos clave: la entrega de tierras a los campesinos y la reparaci\u00f3n econ\u00f3mica de las v\u00edctimas. Las tierras adquiridas provienen de predios entregados por jefes paramilitares en el marco de la Ley de Justicia y Paz, contribuyendo as\u00ed a la reparaci\u00f3n integral de los afectados por el conflicto armado.<\/div>\n<div><\/div>\n<div>Los predios priorizados para esta adquisici\u00f3n se encuentran en departamentos como Antioquia, C\u00f3rdoba y Santander. Entre ellos est\u00e1n tierras que alguna vez pertenecieron a bloques paramilitares como Casa Casta\u00f1o, Bloque Central Bol\u00edvar y Bloque Centauros, que ahora se pondr\u00e1n al servicio de los campesinos v\u00edctimas.<\/div>\n<div><\/div>\n<div>Este convenio tambi\u00e9n incluye una modificaci\u00f3n que acelera la toma de posesi\u00f3n de los predios, permitiendo que la ANT realice estudios agron\u00f3micos y t\u00e9cnicos para garantizar la viabilidad de los terrenos adquiridos para el desarrollo rural. Esto asegura que las tierras ser\u00e1n aptas para proyectos productivos por parte de los campesinos.<\/div>\n<div><\/div>\n<div>El convenio entre la Unidad para las V\u00edctimas y la ANT se suma a otras dos v\u00edas principales para adquirir tierras en el marco de la Reforma Agraria: la compra voluntaria de predios y el convenio con la Sociedad de Activos Especiales (SAE), mediante el cual se adquieren bienes objeto de extinci\u00f3n de dominio.<\/div>\n","protected":false},"excerpt":{"rendered":"<p>La Unidad para las V\u00edctimas y la Agencia Nacional de Tierras (ANT) firmaron un convenio para la adquisici\u00f3n de 18.000 hect\u00e1reas, marcando la primera venta masiva de tierras del Fondo para la Reparaci\u00f3n de las V\u00edctimas (FRV) a la ANT. Este acuerdo acelera la reparaci\u00f3n integral de las v\u00edctimas del paramilitarismo y permite un avance [&hellip;]<\/p>\n","protected":false},"author":2,"featured_media":77081,"comment_status":"closed","ping_status":"open","sticky":false,"template":"","format":"standard","meta":{"footnotes":""},"categories":[28,32],"tags":[],"class_list":["post-77080","post","type-post","status-publish","format-standard","has-post-thumbnail","hentry","category-actualidad","category-nacional"],"yoast_head":"<!-- This site is optimized with the Yoast SEO plugin v26.6 - https:\/\/yoast.com\/wordpress\/plugins\/seo\/ -->\n<title>Importante noticia de reparaci\u00f3n a los campesinos -<\/title>\n<meta name=\"robots\" content=\"index, follow, max-snippet:-1, max-image-preview:large, max-video-preview:-1\" \/>\n<link rel=\"canonical\" href=\"https:\/\/luchonoticias.com\/editor\/importante-noticia-de-reparacion-a-los-campesinos\/\" \/>\n<meta property=\"og:locale\" content=\"es_ES\" \/>\n<meta property=\"og:type\" content=\"article\" \/>\n<meta property=\"og:title\" content=\"Importante noticia de reparaci\u00f3n a los campesinos -\" \/>\n<meta property=\"og:url\" content=\"https:\/\/luchonoticias.com\/editor\/importante-noticia-de-reparacion-a-los-campesinos\/\" \/>\n<meta property=\"article:publisher\" content=\"https:\/\/www.facebook.com\/luchonoticiasneiva\" \/>\n<meta property=\"article:published_time\" content=\"2024-09-17T09:16:36+00:00\" \/>\n<meta property=\"og:image\" content=\"https:\/\/luchonoticias.com\/editor\/wp-content\/uploads\/2024\/09\/convenio-tierras.jpg\" \/>\n\t<meta property=\"og:image:width\" content=\"700\" \/>\n\t<meta property=\"og:image:height\" content=\"400\" \/>\n\t<meta property=\"og:image:type\" content=\"image\/jpeg\" \/>\n<meta name=\"author\" content=\"Editor General\" \/>\n<meta name=\"twitter:card\" content=\"summary_large_image\" \/>\n<meta name=\"twitter:label1\" content=\"Escrito por\" \/>\n\t<meta name=\"twitter:data1\" content=\"Editor General\" \/>\n\t<meta name=\"twitter:label2\" content=\"Tiempo de lectura\" \/>\n\t<meta name=\"twitter:data2\" content=\"3 minutos\" \/>\n<script type=\"application\/ld+json\" class=\"yoast-schema-graph\">{\"@context\":\"https:\/\/schema.org\",\"@graph\":[{\"@type\":\"Article\",\"@id\":\"https:\/\/luchonoticias.com\/editor\/importante-noticia-de-reparacion-a-los-campesinos\/#article\",\"isPartOf\":{\"@id\":\"https:\/\/luchonoticias.com\/editor\/importante-noticia-de-reparacion-a-los-campesinos\/\"},\"author\":{\"name\":\"Editor General\",\"@id\":\"https:\/\/luchonoticias.com\/editor\/#\/schema\/person\/29217990ddf6f14e35912b2866d591fb\"},\"headline\":\"Importante noticia de reparaci\u00f3n a los campesinos\",\"datePublished\":\"2024-09-17T09:16:36+00:00\",\"mainEntityOfPage\":{\"@id\":\"https:\/\/luchonoticias.com\/editor\/importante-noticia-de-reparacion-a-los-campesinos\/\"},\"wordCount\":448,\"publisher\":{\"@id\":\"https:\/\/luchonoticias.com\/editor\/#\/schema\/person\/7a7fd911f58561fd056dbac7b55af9cd\"},\"image\":{\"@id\":\"https:\/\/luchonoticias.com\/editor\/importante-noticia-de-reparacion-a-los-campesinos\/#primaryimage\"},\"thumbnailUrl\":\"https:\/\/luchonoticias.com\/editor\/wp-content\/uploads\/2024\/09\/convenio-tierras.jpg\",\"articleSection\":[\"Actualidad\",\"Nacional\"],\"inLanguage\":\"es\"},{\"@type\":\"WebPage\",\"@id\":\"https:\/\/luchonoticias.com\/editor\/importante-noticia-de-reparacion-a-los-campesinos\/\",\"url\":\"https:\/\/luchonoticias.com\/editor\/importante-noticia-de-reparacion-a-los-campesinos\/\",\"name\":\"Importante noticia de reparaci\u00f3n a los campesinos -\",\"isPartOf\":{\"@id\":\"https:\/\/luchonoticias.com\/editor\/#website\"},\"primaryImageOfPage\":{\"@id\":\"https:\/\/luchonoticias.com\/editor\/importante-noticia-de-reparacion-a-los-campesinos\/#primaryimage\"},\"image\":{\"@id\":\"https:\/\/luchonoticias.com\/editor\/importante-noticia-de-reparacion-a-los-campesinos\/#primaryimage\"},\"thumbnailUrl\":\"https:\/\/luchonoticias.com\/editor\/wp-content\/uploads\/2024\/09\/convenio-tierras.jpg\",\"datePublished\":\"2024-09-17T09:16:36+00:00\",\"breadcrumb\":{\"@id\":\"https:\/\/luchonoticias.com\/editor\/importante-noticia-de-reparacion-a-los-campesinos\/#breadcrumb\"},\"inLanguage\":\"es\",\"potentialAction\":[{\"@type\":\"ReadAction\",\"target\":[\"https:\/\/luchonoticias.com\/editor\/importante-noticia-de-reparacion-a-los-campesinos\/\"]}]},{\"@type\":\"ImageObject\",\"inLanguage\":\"es\",\"@id\":\"https:\/\/luchonoticias.com\/editor\/importante-noticia-de-reparacion-a-los-campesinos\/#primaryimage\",\"url\":\"https:\/\/luchonoticias.com\/editor\/wp-content\/uploads\/2024\/09\/convenio-tierras.jpg\",\"contentUrl\":\"https:\/\/luchonoticias.com\/editor\/wp-content\/uploads\/2024\/09\/convenio-tierras.jpg\",\"width\":700,\"height\":400},{\"@type\":\"BreadcrumbList\",\"@id\":\"https:\/\/luchonoticias.com\/editor\/importante-noticia-de-reparacion-a-los-campesinos\/#breadcrumb\",\"itemListElement\":[{\"@type\":\"ListItem\",\"position\":1,\"name\":\"Portada\",\"item\":\"https:\/\/luchonoticias.com\/editor\/\"},{\"@type\":\"ListItem\",\"position\":2,\"name\":\"Importante noticia de reparaci\u00f3n a los campesinos\"}]},{\"@type\":\"WebSite\",\"@id\":\"https:\/\/luchonoticias.com\/editor\/#website\",\"url\":\"https:\/\/luchonoticias.com\/editor\/\",\"name\":\"\",\"description\":\"\",\"publisher\":{\"@id\":\"https:\/\/luchonoticias.com\/editor\/#\/schema\/person\/7a7fd911f58561fd056dbac7b55af9cd\"},\"potentialAction\":[{\"@type\":\"SearchAction\",\"target\":{\"@type\":\"EntryPoint\",\"urlTemplate\":\"https:\/\/luchonoticias.com\/editor\/?s={search_term_string}\"},\"query-input\":{\"@type\":\"PropertyValueSpecification\",\"valueRequired\":true,\"valueName\":\"search_term_string\"}}],\"inLanguage\":\"es\"},{\"@type\":[\"Person\",\"Organization\"],\"@id\":\"https:\/\/luchonoticias.com\/editor\/#\/schema\/person\/7a7fd911f58561fd056dbac7b55af9cd\",\"name\":\"admin\",\"image\":{\"@type\":\"ImageObject\",\"inLanguage\":\"es\",\"@id\":\"https:\/\/luchonoticias.com\/editor\/#\/schema\/person\/image\/\",\"url\":\"https:\/\/luchonoticias.com\/editor\/wp-content\/uploads\/2024\/02\/cropped-cropped-logolu.webp\",\"contentUrl\":\"https:\/\/luchonoticias.com\/editor\/wp-content\/uploads\/2024\/02\/cropped-cropped-logolu.webp\",\"width\":382,\"height\":170,\"caption\":\"admin\"},\"logo\":{\"@id\":\"https:\/\/luchonoticias.com\/editor\/#\/schema\/person\/image\/\"},\"sameAs\":[\"https:\/\/www.facebook.com\/luchonoticiasneiva\"]},{\"@type\":\"Person\",\"@id\":\"https:\/\/luchonoticias.com\/editor\/#\/schema\/person\/29217990ddf6f14e35912b2866d591fb\",\"name\":\"Editor General\",\"image\":{\"@type\":\"ImageObject\",\"inLanguage\":\"es\",\"@id\":\"https:\/\/luchonoticias.com\/editor\/#\/schema\/person\/image\/\",\"url\":\"https:\/\/luchonoticias.com\/editor\/wp-content\/uploads\/2024\/02\/cropped-cropped-logolu-150x150.webp\",\"contentUrl\":\"https:\/\/luchonoticias.com\/editor\/wp-content\/uploads\/2024\/02\/cropped-cropped-logolu-150x150.webp\",\"caption\":\"Editor General\"},\"sameAs\":[\"https:\/\/luchonoticias.com\/\"],\"url\":\"https:\/\/luchonoticias.com\/editor\/author\/editor-general\/\"}]}<\/script>\n<!-- \/ Yoast SEO plugin. -->","yoast_head_json":{"title":"Importante noticia de reparaci\u00f3n a los campesinos -","robots":{"index":"index","follow":"follow","max-snippet":"max-snippet:-1","max-image-preview":"max-image-preview:large","max-video-preview":"max-video-preview:-1"},"canonical":"https:\/\/luchonoticias.com\/editor\/importante-noticia-de-reparacion-a-los-campesinos\/","og_locale":"es_ES","og_type":"article","og_title":"Importante noticia de reparaci\u00f3n a los campesinos -","og_url":"https:\/\/luchonoticias.com\/editor\/importante-noticia-de-reparacion-a-los-campesinos\/","article_publisher":"https:\/\/www.facebook.com\/luchonoticiasneiva","article_published_time":"2024-09-17T09:16:36+00:00","og_image":[{"width":700,"height":400,"url":"https:\/\/luchonoticias.com\/editor\/wp-content\/uploads\/2024\/09\/convenio-tierras.jpg","type":"image\/jpeg"}],"author":"Editor General","twitter_card":"summary_large_image","twitter_misc":{"Escrito por":"Editor General","Tiempo de lectura":"3 minutos"},"schema":{"@context":"https:\/\/schema.org","@graph":[{"@type":"Article","@id":"https:\/\/luchonoticias.com\/editor\/importante-noticia-de-reparacion-a-los-campesinos\/#article","isPartOf":{"@id":"https:\/\/luchonoticias.com\/editor\/importante-noticia-de-reparacion-a-los-campesinos\/"},"author":{"name":"Editor General","@id":"https:\/\/luchonoticias.com\/editor\/#\/schema\/person\/29217990ddf6f14e35912b2866d591fb"},"headline":"Importante noticia de reparaci\u00f3n a los campesinos","datePublished":"2024-09-17T09:16:36+00:00","mainEntityOfPage":{"@id":"https:\/\/luchonoticias.com\/editor\/importante-noticia-de-reparacion-a-los-campesinos\/"},"wordCount":448,"publisher":{"@id":"https:\/\/luchonoticias.com\/editor\/#\/schema\/person\/7a7fd911f58561fd056dbac7b55af9cd"},"image":{"@id":"https:\/\/luchonoticias.com\/editor\/importante-noticia-de-reparacion-a-los-campesinos\/#primaryimage"},"thumbnailUrl":"https:\/\/luchonoticias.com\/editor\/wp-content\/uploads\/2024\/09\/convenio-tierras.jpg","articleSection":["Actualidad","Nacional"],"inLanguage":"es"},{"@type":"WebPage","@id":"https:\/\/luchonoticias.com\/editor\/importante-noticia-de-reparacion-a-los-campesinos\/","url":"https:\/\/luchonoticias.com\/editor\/importante-noticia-de-reparacion-a-los-campesinos\/","name":"Importante noticia de reparaci\u00f3n a los campesinos -","isPartOf":{"@id":"https:\/\/luchonoticias.com\/editor\/#website"},"primaryImageOfPage":{"@id":"https:\/\/luchonoticias.com\/editor\/importante-noticia-de-reparacion-a-los-campesinos\/#primaryimage"},"image":{"@id":"https:\/\/luchonoticias.com\/editor\/importante-noticia-de-reparacion-a-los-campesinos\/#primaryimage"},"thumbnailUrl":"https:\/\/luchonoticias.com\/editor\/wp-content\/uploads\/2024\/09\/convenio-tierras.jpg","datePublished":"2024-09-17T09:16:36+00:00","breadcrumb":{"@id":"https:\/\/luchonoticias.com\/editor\/importante-noticia-de-reparacion-a-los-campesinos\/#breadcrumb"},"inLanguage":"es","potentialAction":[{"@type":"ReadAction","target":["https:\/\/luchonoticias.com\/editor\/importante-noticia-de-reparacion-a-los-campesinos\/"]}]},{"@type":"ImageObject","inLanguage":"es","@id":"https:\/\/luchonoticias.com\/editor\/importante-noticia-de-reparacion-a-los-campesinos\/#primaryimage","url":"https:\/\/luchonoticias.com\/editor\/wp-content\/uploads\/2024\/09\/convenio-tierras.jpg","contentUrl":"https:\/\/luchonoticias.com\/editor\/wp-content\/uploads\/2024\/09\/convenio-tierras.jpg","width":700,"height":400},{"@type":"BreadcrumbList","@id":"https:\/\/luchonoticias.com\/editor\/importante-noticia-de-reparacion-a-los-campesinos\/#breadcrumb","itemListElement":[{"@type":"ListItem","position":1,"name":"Portada","item":"https:\/\/luchonoticias.com\/editor\/"},{"@type":"ListItem","position":2,"name":"Importante noticia de reparaci\u00f3n a los campesinos"}]},{"@type":"WebSite","@id":"https:\/\/luchonoticias.com\/editor\/#website","url":"https:\/\/luchonoticias.com\/editor\/","name":"","description":"","publisher":{"@id":"https:\/\/luchonoticias.com\/editor\/#\/schema\/person\/7a7fd911f58561fd056dbac7b55af9cd"},"potentialAction":[{"@type":"SearchAction","target":{"@type":"EntryPoint","urlTemplate":"https:\/\/luchonoticias.com\/editor\/?s={search_term_string}"},"query-input":{"@type":"PropertyValueSpecification","valueRequired":true,"valueName":"search_term_string"}}],"inLanguage":"es"},{"@type":["Person","Organization"],"@id":"https:\/\/luchonoticias.com\/editor\/#\/schema\/person\/7a7fd911f58561fd056dbac7b55af9cd","name":"admin","image":{"@type":"ImageObject","inLanguage":"es","@id":"https:\/\/luchonoticias.com\/editor\/#\/schema\/person\/image\/","url":"https:\/\/luchonoticias.com\/editor\/wp-content\/uploads\/2024\/02\/cropped-cropped-logolu.webp","contentUrl":"https:\/\/luchonoticias.com\/editor\/wp-content\/uploads\/2024\/02\/cropped-cropped-logolu.webp","width":382,"height":170,"caption":"admin"},"logo":{"@id":"https:\/\/luchonoticias.com\/editor\/#\/schema\/person\/image\/"},"sameAs":["https:\/\/www.facebook.com\/luchonoticiasneiva"]},{"@type":"Person","@id":"https:\/\/luchonoticias.com\/editor\/#\/schema\/person\/29217990ddf6f14e35912b2866d591fb","name":"Editor General","image":{"@type":"ImageObject","inLanguage":"es","@id":"https:\/\/luchonoticias.com\/editor\/#\/schema\/person\/image\/","url":"https:\/\/luchonoticias.com\/editor\/wp-content\/uploads\/2024\/02\/cropped-cropped-logolu-150x150.webp","contentUrl":"https:\/\/luchonoticias.com\/editor\/wp-content\/uploads\/2024\/02\/cropped-cropped-logolu-150x150.webp","caption":"Editor General"},"sameAs":["https:\/\/luchonoticias.com\/"],"url":"https:\/\/luchonoticias.com\/editor\/author\/editor-general\/"}]}},"_links":{"self":[{"href":"https:\/\/luchonoticias.com\/editor\/wp-json\/wp\/v2\/posts\/77080","targetHints":{"allow":["GET"]}}],"collection":[{"href":"https:\/\/luchonoticias.com\/editor\/wp-json\/wp\/v2\/posts"}],"about":[{"href":"https:\/\/luchonoticias.com\/editor\/wp-json\/wp\/v2\/types\/post"}],"author":[{"embeddable":true,"href":"https:\/\/luchonoticias.com\/editor\/wp-json\/wp\/v2\/users\/2"}],"replies":[{"embeddable":true,"href":"https:\/\/luchonoticias.com\/editor\/wp-json\/wp\/v2\/comments?post=77080"}],"version-history":[{"count":1,"href":"https:\/\/luchonoticias.com\/editor\/wp-json\/wp\/v2\/posts\/77080\/revisions"}],"predecessor-version":[{"id":77082,"href":"https:\/\/luchonoticias.com\/editor\/wp-json\/wp\/v2\/posts\/77080\/revisions\/77082"}],"wp:featuredmedia":[{"embeddable":true,"href":"https:\/\/luchonoticias.com\/editor\/wp-json\/wp\/v2\/media\/77081"}],"wp:attachment":[{"href":"https:\/\/luchonoticias.com\/editor\/wp-json\/wp\/v2\/media?parent=77080"}],"wp:term":[{"taxonomy":"category","embeddable":true,"href":"https:\/\/luchonoticias.com\/editor\/wp-json\/wp\/v2\/categories?post=77080"},{"taxonomy":"post_tag","embeddable":true,"href":"https:\/\/luchonoticias.com\/editor\/wp-json\/wp\/v2\/tags?post=77080"}],"curies":[{"name":"wp","href":"https:\/\/api.w.org\/{rel}","templated":true}]}}