{"id":77089,"date":"2024-09-17T11:38:03","date_gmt":"2024-09-17T16:38:03","guid":{"rendered":"https:\/\/luchonoticias.com\/?p=77089"},"modified":"2024-09-17T11:38:03","modified_gmt":"2024-09-17T16:38:03","slug":"sector-educativo-tambien-esta-alerta-ante-los-incendios","status":"publish","type":"post","link":"https:\/\/luchonoticias.com\/editor\/sector-educativo-tambien-esta-alerta-ante-los-incendios\/","title":{"rendered":"Sector educativo tambi\u00e9n est\u00e1 alerta ante los incendios"},"content":{"rendered":"<p>Para hacerle frente a las emergencias por eventos naturales en las instituciones educativas del departamento del Huila, la Secretar\u00eda de Educaci\u00f3n ha implementado el Plan de Gesti\u00f3n Integral del Riesgo Escolar, con el prop\u00f3sito de que las directivas de las escuelas y colegios, las pongan en pr\u00e1ctica una vez detecten cualquier situaci\u00f3n de riesgo que afecte la integridad de los estudiantes.<\/p>\n<p>\u201cLos lineamientos est\u00e1n dirigidos a las instituciones educativas del Huila para que puedan garantizar la identificaci\u00f3n de los riesgos de manera temprana y poder prevenir y mitigar diferentes situaciones que se puedan presentar por efecto de las sequ\u00edas prolongadas, por la temporada de menos lluvias. Estas orientaciones sugieren identificar las amenazas que puedan representar un riesgo latente para las instituciones educativas. El plan brinda orientaciones para que las instituciones educativas se doten de herramientas y se articulen interinstitucionalmente en sus municipios para que puedan atender en caso de presentarse una de emergencia\u201d indic\u00f3 Martha Patricia Obreg\u00f3n (en la foto), L\u00edder de Calidad Educativa, de la Secretar\u00eda Departamental de Educaci\u00f3n.<\/p>\n<p>El Plan de Gesti\u00f3n Integral del Riesgo Escolar, busca que las siguientes recomendaciones, sean conocidas por las directivas de las instituciones educativas y posteriormente, ejecutadas una vez sea necesario.<\/p>\n<p>\u2022 Realizar el inventario de los recursos disponibles para atender una emergencia.<\/p>\n<p>\u2022 Establecer un equipo de respuestas conformado por la comunidad educativa.<\/p>\n<p>\u2022 Socializar las l\u00edneas de emergencias con los estudiantes.<\/p>\n<p>\u2022 Establecer un punto de encuentro ante cualquier emergencia.<\/p>\n<p>\u2022 No arrojar elementos de vidrio que puedan ocasionar incendios.<\/p>\n<p>\u2022 No arrojar colillas de cigarrillos encendidas en espacios abiertos.<\/p>\n<p>\u2022 No realizar fogatas ni quemas de basuras en el interior ni en los alrededores de los planteles educativos.<\/p>\n<p>\u201cDesde la Secretar\u00eda Departamental de Educaci\u00f3n, ante los diferentes eventos climatol\u00f3gicos que se vienen presentando en el territorio, desde el mes de enero se inici\u00f3 un proceso de actualizaci\u00f3n del Plan Territorial de Gesti\u00f3n Integral del Riesgo Escolar. Este plan contiene unas orientaciones y lineamientos basados en el Ministerio de Educaci\u00f3n y de la Unidad Nacional para la Gesti\u00f3n de Riesgo y Desastres\u201d se\u00f1al\u00f3 la L\u00edder de Calidad Educativa.<\/p>\n<p>Aunque de momento no se han reportado emergencias en el interior de las instituciones educativas, se tiene el reporte de dos casos en los alrededores de los planteles educativos ubicados en la ruralidad del Huila, en los municipios de Palermo y El\u00edas. La Secretar\u00eda de Educaci\u00f3n invita a los directivos de las instituciones educativas a conocer estas recomendaciones y activar el Plan de Gesti\u00f3n Integral del Riesgo Escolar, el cual, debe ser socializado con los estudiantes y dem\u00e1s personal de los planteles educativos.<\/p>\n","protected":false},"excerpt":{"rendered":"<p>Para hacerle frente a las emergencias por eventos naturales en las instituciones educativas del departamento del Huila, la Secretar\u00eda de Educaci\u00f3n ha implementado el Plan de Gesti\u00f3n Integral del Riesgo Escolar, con el prop\u00f3sito de que las directivas de las escuelas y colegios, las pongan en pr\u00e1ctica una vez detecten cualquier situaci\u00f3n de riesgo que [&hellip;]<\/p>\n","protected":false},"author":2,"featured_media":77090,"comment_status":"closed","ping_status":"open","sticky":false,"template":"","format":"standard","meta":{"footnotes":""},"categories":[33],"tags":[],"class_list":["post-77089","post","type-post","status-publish","format-standard","has-post-thumbnail","hentry","category-huila"],"yoast_head":"<!-- This site is optimized with the Yoast SEO plugin v26.6 - https:\/\/yoast.com\/wordpress\/plugins\/seo\/ -->\n<title>Sector educativo tambi\u00e9n est\u00e1 alerta ante los incendios -<\/title>\n<meta name=\"robots\" content=\"index, follow, max-snippet:-1, max-image-preview:large, max-video-preview:-1\" \/>\n<link rel=\"canonical\" href=\"https:\/\/luchonoticias.com\/editor\/sector-educativo-tambien-esta-alerta-ante-los-incendios\/\" \/>\n<meta property=\"og:locale\" content=\"es_ES\" \/>\n<meta property=\"og:type\" content=\"article\" \/>\n<meta property=\"og:title\" content=\"Sector educativo tambi\u00e9n est\u00e1 alerta ante los incendios -\" \/>\n<meta property=\"og:url\" content=\"https:\/\/luchonoticias.com\/editor\/sector-educativo-tambien-esta-alerta-ante-los-incendios\/\" \/>\n<meta property=\"article:publisher\" content=\"https:\/\/www.facebook.com\/luchonoticiasneiva\" \/>\n<meta property=\"article:published_time\" content=\"2024-09-17T16:38:03+00:00\" \/>\n<meta property=\"og:image\" content=\"https:\/\/luchonoticias.com\/editor\/wp-content\/uploads\/2024\/09\/calidad-educativa.jpg\" \/>\n\t<meta property=\"og:image:width\" content=\"700\" \/>\n\t<meta property=\"og:image:height\" content=\"400\" \/>\n\t<meta property=\"og:image:type\" content=\"image\/jpeg\" \/>\n<meta name=\"author\" content=\"Editor General\" \/>\n<meta name=\"twitter:card\" content=\"summary_large_image\" \/>\n<meta name=\"twitter:label1\" content=\"Escrito por\" \/>\n\t<meta name=\"twitter:data1\" content=\"Editor General\" \/>\n\t<meta name=\"twitter:label2\" content=\"Tiempo de lectura\" \/>\n\t<meta name=\"twitter:data2\" content=\"3 minutos\" \/>\n<script type=\"application\/ld+json\" class=\"yoast-schema-graph\">{\"@context\":\"https:\/\/schema.org\",\"@graph\":[{\"@type\":\"Article\",\"@id\":\"https:\/\/luchonoticias.com\/editor\/sector-educativo-tambien-esta-alerta-ante-los-incendios\/#article\",\"isPartOf\":{\"@id\":\"https:\/\/luchonoticias.com\/editor\/sector-educativo-tambien-esta-alerta-ante-los-incendios\/\"},\"author\":{\"name\":\"Editor General\",\"@id\":\"https:\/\/luchonoticias.com\/editor\/#\/schema\/person\/29217990ddf6f14e35912b2866d591fb\"},\"headline\":\"Sector educativo tambi\u00e9n est\u00e1 alerta ante los incendios\",\"datePublished\":\"2024-09-17T16:38:03+00:00\",\"mainEntityOfPage\":{\"@id\":\"https:\/\/luchonoticias.com\/editor\/sector-educativo-tambien-esta-alerta-ante-los-incendios\/\"},\"wordCount\":462,\"publisher\":{\"@id\":\"https:\/\/luchonoticias.com\/editor\/#\/schema\/person\/7a7fd911f58561fd056dbac7b55af9cd\"},\"image\":{\"@id\":\"https:\/\/luchonoticias.com\/editor\/sector-educativo-tambien-esta-alerta-ante-los-incendios\/#primaryimage\"},\"thumbnailUrl\":\"https:\/\/luchonoticias.com\/editor\/wp-content\/uploads\/2024\/09\/calidad-educativa.jpg\",\"articleSection\":[\"Huila\"],\"inLanguage\":\"es\"},{\"@type\":\"WebPage\",\"@id\":\"https:\/\/luchonoticias.com\/editor\/sector-educativo-tambien-esta-alerta-ante-los-incendios\/\",\"url\":\"https:\/\/luchonoticias.com\/editor\/sector-educativo-tambien-esta-alerta-ante-los-incendios\/\",\"name\":\"Sector educativo tambi\u00e9n est\u00e1 alerta ante los incendios -\",\"isPartOf\":{\"@id\":\"https:\/\/luchonoticias.com\/editor\/#website\"},\"primaryImageOfPage\":{\"@id\":\"https:\/\/luchonoticias.com\/editor\/sector-educativo-tambien-esta-alerta-ante-los-incendios\/#primaryimage\"},\"image\":{\"@id\":\"https:\/\/luchonoticias.com\/editor\/sector-educativo-tambien-esta-alerta-ante-los-incendios\/#primaryimage\"},\"thumbnailUrl\":\"https:\/\/luchonoticias.com\/editor\/wp-content\/uploads\/2024\/09\/calidad-educativa.jpg\",\"datePublished\":\"2024-09-17T16:38:03+00:00\",\"breadcrumb\":{\"@id\":\"https:\/\/luchonoticias.com\/editor\/sector-educativo-tambien-esta-alerta-ante-los-incendios\/#breadcrumb\"},\"inLanguage\":\"es\",\"potentialAction\":[{\"@type\":\"ReadAction\",\"target\":[\"https:\/\/luchonoticias.com\/editor\/sector-educativo-tambien-esta-alerta-ante-los-incendios\/\"]}]},{\"@type\":\"ImageObject\",\"inLanguage\":\"es\",\"@id\":\"https:\/\/luchonoticias.com\/editor\/sector-educativo-tambien-esta-alerta-ante-los-incendios\/#primaryimage\",\"url\":\"https:\/\/luchonoticias.com\/editor\/wp-content\/uploads\/2024\/09\/calidad-educativa.jpg\",\"contentUrl\":\"https:\/\/luchonoticias.com\/editor\/wp-content\/uploads\/2024\/09\/calidad-educativa.jpg\",\"width\":700,\"height\":400},{\"@type\":\"BreadcrumbList\",\"@id\":\"https:\/\/luchonoticias.com\/editor\/sector-educativo-tambien-esta-alerta-ante-los-incendios\/#breadcrumb\",\"itemListElement\":[{\"@type\":\"ListItem\",\"position\":1,\"name\":\"Portada\",\"item\":\"https:\/\/luchonoticias.com\/editor\/\"},{\"@type\":\"ListItem\",\"position\":2,\"name\":\"Sector educativo tambi\u00e9n est\u00e1 alerta ante los incendios\"}]},{\"@type\":\"WebSite\",\"@id\":\"https:\/\/luchonoticias.com\/editor\/#website\",\"url\":\"https:\/\/luchonoticias.com\/editor\/\",\"name\":\"\",\"description\":\"\",\"publisher\":{\"@id\":\"https:\/\/luchonoticias.com\/editor\/#\/schema\/person\/7a7fd911f58561fd056dbac7b55af9cd\"},\"potentialAction\":[{\"@type\":\"SearchAction\",\"target\":{\"@type\":\"EntryPoint\",\"urlTemplate\":\"https:\/\/luchonoticias.com\/editor\/?s={search_term_string}\"},\"query-input\":{\"@type\":\"PropertyValueSpecification\",\"valueRequired\":true,\"valueName\":\"search_term_string\"}}],\"inLanguage\":\"es\"},{\"@type\":[\"Person\",\"Organization\"],\"@id\":\"https:\/\/luchonoticias.com\/editor\/#\/schema\/person\/7a7fd911f58561fd056dbac7b55af9cd\",\"name\":\"admin\",\"image\":{\"@type\":\"ImageObject\",\"inLanguage\":\"es\",\"@id\":\"https:\/\/luchonoticias.com\/editor\/#\/schema\/person\/image\/\",\"url\":\"https:\/\/luchonoticias.com\/editor\/wp-content\/uploads\/2024\/02\/cropped-cropped-logolu.webp\",\"contentUrl\":\"https:\/\/luchonoticias.com\/editor\/wp-content\/uploads\/2024\/02\/cropped-cropped-logolu.webp\",\"width\":382,\"height\":170,\"caption\":\"admin\"},\"logo\":{\"@id\":\"https:\/\/luchonoticias.com\/editor\/#\/schema\/person\/image\/\"},\"sameAs\":[\"https:\/\/www.facebook.com\/luchonoticiasneiva\"]},{\"@type\":\"Person\",\"@id\":\"https:\/\/luchonoticias.com\/editor\/#\/schema\/person\/29217990ddf6f14e35912b2866d591fb\",\"name\":\"Editor General\",\"image\":{\"@type\":\"ImageObject\",\"inLanguage\":\"es\",\"@id\":\"https:\/\/luchonoticias.com\/editor\/#\/schema\/person\/image\/\",\"url\":\"https:\/\/luchonoticias.com\/editor\/wp-content\/uploads\/2024\/02\/cropped-cropped-logolu-150x150.webp\",\"contentUrl\":\"https:\/\/luchonoticias.com\/editor\/wp-content\/uploads\/2024\/02\/cropped-cropped-logolu-150x150.webp\",\"caption\":\"Editor General\"},\"sameAs\":[\"https:\/\/luchonoticias.com\/\"],\"url\":\"https:\/\/luchonoticias.com\/editor\/author\/editor-general\/\"}]}<\/script>\n<!-- \/ Yoast SEO plugin. -->","yoast_head_json":{"title":"Sector educativo tambi\u00e9n est\u00e1 alerta ante los incendios -","robots":{"index":"index","follow":"follow","max-snippet":"max-snippet:-1","max-image-preview":"max-image-preview:large","max-video-preview":"max-video-preview:-1"},"canonical":"https:\/\/luchonoticias.com\/editor\/sector-educativo-tambien-esta-alerta-ante-los-incendios\/","og_locale":"es_ES","og_type":"article","og_title":"Sector educativo tambi\u00e9n est\u00e1 alerta ante los incendios -","og_url":"https:\/\/luchonoticias.com\/editor\/sector-educativo-tambien-esta-alerta-ante-los-incendios\/","article_publisher":"https:\/\/www.facebook.com\/luchonoticiasneiva","article_published_time":"2024-09-17T16:38:03+00:00","og_image":[{"width":700,"height":400,"url":"https:\/\/luchonoticias.com\/editor\/wp-content\/uploads\/2024\/09\/calidad-educativa.jpg","type":"image\/jpeg"}],"author":"Editor General","twitter_card":"summary_large_image","twitter_misc":{"Escrito por":"Editor General","Tiempo de lectura":"3 minutos"},"schema":{"@context":"https:\/\/schema.org","@graph":[{"@type":"Article","@id":"https:\/\/luchonoticias.com\/editor\/sector-educativo-tambien-esta-alerta-ante-los-incendios\/#article","isPartOf":{"@id":"https:\/\/luchonoticias.com\/editor\/sector-educativo-tambien-esta-alerta-ante-los-incendios\/"},"author":{"name":"Editor General","@id":"https:\/\/luchonoticias.com\/editor\/#\/schema\/person\/29217990ddf6f14e35912b2866d591fb"},"headline":"Sector educativo tambi\u00e9n est\u00e1 alerta ante los incendios","datePublished":"2024-09-17T16:38:03+00:00","mainEntityOfPage":{"@id":"https:\/\/luchonoticias.com\/editor\/sector-educativo-tambien-esta-alerta-ante-los-incendios\/"},"wordCount":462,"publisher":{"@id":"https:\/\/luchonoticias.com\/editor\/#\/schema\/person\/7a7fd911f58561fd056dbac7b55af9cd"},"image":{"@id":"https:\/\/luchonoticias.com\/editor\/sector-educativo-tambien-esta-alerta-ante-los-incendios\/#primaryimage"},"thumbnailUrl":"https:\/\/luchonoticias.com\/editor\/wp-content\/uploads\/2024\/09\/calidad-educativa.jpg","articleSection":["Huila"],"inLanguage":"es"},{"@type":"WebPage","@id":"https:\/\/luchonoticias.com\/editor\/sector-educativo-tambien-esta-alerta-ante-los-incendios\/","url":"https:\/\/luchonoticias.com\/editor\/sector-educativo-tambien-esta-alerta-ante-los-incendios\/","name":"Sector educativo tambi\u00e9n est\u00e1 alerta ante los incendios -","isPartOf":{"@id":"https:\/\/luchonoticias.com\/editor\/#website"},"primaryImageOfPage":{"@id":"https:\/\/luchonoticias.com\/editor\/sector-educativo-tambien-esta-alerta-ante-los-incendios\/#primaryimage"},"image":{"@id":"https:\/\/luchonoticias.com\/editor\/sector-educativo-tambien-esta-alerta-ante-los-incendios\/#primaryimage"},"thumbnailUrl":"https:\/\/luchonoticias.com\/editor\/wp-content\/uploads\/2024\/09\/calidad-educativa.jpg","datePublished":"2024-09-17T16:38:03+00:00","breadcrumb":{"@id":"https:\/\/luchonoticias.com\/editor\/sector-educativo-tambien-esta-alerta-ante-los-incendios\/#breadcrumb"},"inLanguage":"es","potentialAction":[{"@type":"ReadAction","target":["https:\/\/luchonoticias.com\/editor\/sector-educativo-tambien-esta-alerta-ante-los-incendios\/"]}]},{"@type":"ImageObject","inLanguage":"es","@id":"https:\/\/luchonoticias.com\/editor\/sector-educativo-tambien-esta-alerta-ante-los-incendios\/#primaryimage","url":"https:\/\/luchonoticias.com\/editor\/wp-content\/uploads\/2024\/09\/calidad-educativa.jpg","contentUrl":"https:\/\/luchonoticias.com\/editor\/wp-content\/uploads\/2024\/09\/calidad-educativa.jpg","width":700,"height":400},{"@type":"BreadcrumbList","@id":"https:\/\/luchonoticias.com\/editor\/sector-educativo-tambien-esta-alerta-ante-los-incendios\/#breadcrumb","itemListElement":[{"@type":"ListItem","position":1,"name":"Portada","item":"https:\/\/luchonoticias.com\/editor\/"},{"@type":"ListItem","position":2,"name":"Sector educativo tambi\u00e9n est\u00e1 alerta ante los incendios"}]},{"@type":"WebSite","@id":"https:\/\/luchonoticias.com\/editor\/#website","url":"https:\/\/luchonoticias.com\/editor\/","name":"","description":"","publisher":{"@id":"https:\/\/luchonoticias.com\/editor\/#\/schema\/person\/7a7fd911f58561fd056dbac7b55af9cd"},"potentialAction":[{"@type":"SearchAction","target":{"@type":"EntryPoint","urlTemplate":"https:\/\/luchonoticias.com\/editor\/?s={search_term_string}"},"query-input":{"@type":"PropertyValueSpecification","valueRequired":true,"valueName":"search_term_string"}}],"inLanguage":"es"},{"@type":["Person","Organization"],"@id":"https:\/\/luchonoticias.com\/editor\/#\/schema\/person\/7a7fd911f58561fd056dbac7b55af9cd","name":"admin","image":{"@type":"ImageObject","inLanguage":"es","@id":"https:\/\/luchonoticias.com\/editor\/#\/schema\/person\/image\/","url":"https:\/\/luchonoticias.com\/editor\/wp-content\/uploads\/2024\/02\/cropped-cropped-logolu.webp","contentUrl":"https:\/\/luchonoticias.com\/editor\/wp-content\/uploads\/2024\/02\/cropped-cropped-logolu.webp","width":382,"height":170,"caption":"admin"},"logo":{"@id":"https:\/\/luchonoticias.com\/editor\/#\/schema\/person\/image\/"},"sameAs":["https:\/\/www.facebook.com\/luchonoticiasneiva"]},{"@type":"Person","@id":"https:\/\/luchonoticias.com\/editor\/#\/schema\/person\/29217990ddf6f14e35912b2866d591fb","name":"Editor General","image":{"@type":"ImageObject","inLanguage":"es","@id":"https:\/\/luchonoticias.com\/editor\/#\/schema\/person\/image\/","url":"https:\/\/luchonoticias.com\/editor\/wp-content\/uploads\/2024\/02\/cropped-cropped-logolu-150x150.webp","contentUrl":"https:\/\/luchonoticias.com\/editor\/wp-content\/uploads\/2024\/02\/cropped-cropped-logolu-150x150.webp","caption":"Editor General"},"sameAs":["https:\/\/luchonoticias.com\/"],"url":"https:\/\/luchonoticias.com\/editor\/author\/editor-general\/"}]}},"_links":{"self":[{"href":"https:\/\/luchonoticias.com\/editor\/wp-json\/wp\/v2\/posts\/77089","targetHints":{"allow":["GET"]}}],"collection":[{"href":"https:\/\/luchonoticias.com\/editor\/wp-json\/wp\/v2\/posts"}],"about":[{"href":"https:\/\/luchonoticias.com\/editor\/wp-json\/wp\/v2\/types\/post"}],"author":[{"embeddable":true,"href":"https:\/\/luchonoticias.com\/editor\/wp-json\/wp\/v2\/users\/2"}],"replies":[{"embeddable":true,"href":"https:\/\/luchonoticias.com\/editor\/wp-json\/wp\/v2\/comments?post=77089"}],"version-history":[{"count":1,"href":"https:\/\/luchonoticias.com\/editor\/wp-json\/wp\/v2\/posts\/77089\/revisions"}],"predecessor-version":[{"id":77091,"href":"https:\/\/luchonoticias.com\/editor\/wp-json\/wp\/v2\/posts\/77089\/revisions\/77091"}],"wp:featuredmedia":[{"embeddable":true,"href":"https:\/\/luchonoticias.com\/editor\/wp-json\/wp\/v2\/media\/77090"}],"wp:attachment":[{"href":"https:\/\/luchonoticias.com\/editor\/wp-json\/wp\/v2\/media?parent=77089"}],"wp:term":[{"taxonomy":"category","embeddable":true,"href":"https:\/\/luchonoticias.com\/editor\/wp-json\/wp\/v2\/categories?post=77089"},{"taxonomy":"post_tag","embeddable":true,"href":"https:\/\/luchonoticias.com\/editor\/wp-json\/wp\/v2\/tags?post=77089"}],"curies":[{"name":"wp","href":"https:\/\/api.w.org\/{rel}","templated":true}]}}