{"id":77139,"date":"2024-09-19T11:26:20","date_gmt":"2024-09-19T16:26:20","guid":{"rendered":"https:\/\/luchonoticias.com\/?p=77139"},"modified":"2024-09-19T11:26:20","modified_gmt":"2024-09-19T16:26:20","slug":"cafeteros-huilenses-buscan-fortalecer-sus-unidades-productivas","status":"publish","type":"post","link":"https:\/\/luchonoticias.com\/editor\/cafeteros-huilenses-buscan-fortalecer-sus-unidades-productivas\/","title":{"rendered":"Cafeteros huilenses buscan fortalecer sus unidades productivas"},"content":{"rendered":"<p>M\u00e1s de 1.500 familias caficultoras v\u00edctimas del conflicto armado respondieron a la convocatoria realizada por la Gobernaci\u00f3n del Huila para acceder al proyecto de fortalecimiento de unidades productivas. Esta iniciativa, enmarcada dentro del Plan de Desarrollo \u00abPor un Huila Grande\u00bb, busca apoyar a peque\u00f1os productores caficultores, generando ingresos sostenibles y mejorando su calidad de vida, luego de haber enfrentado las consecuencias del conflicto armado.<\/p>\n<p>Las familias participantes han mostrado gran inter\u00e9s en esta oportunidad que no solo se enfoca en la producci\u00f3n de caf\u00e9, sino tambi\u00e9n en aspectos como la renovaci\u00f3n de cafetales, adquisici\u00f3n de estufas ecoeficientes, implementaci\u00f3n de huertas caseras, gallinas ponedoras, y la promoci\u00f3n de cultivos alternativos.<\/p>\n<p>Los municipios de Pitalito, Acevedo, Campoalegre, Gigante, Guadalupe, Neiva, Paicol, La Plata, La Argentina, N\u00e1taga, Colombia, \u00cdquira, Algeciras, Palermo, Isnos, Oporapa, Pital, Garz\u00f3n, Baraya, Hobo, Palestina, Suaza, San Agust\u00edn, Santa Mar\u00eda y Tello respaldaron y se unieron a esta iniciativa del Gobierno Departamental, liderado por Rodrigo Villalba Mosquera, demostrando amplio alcance y compromiso regional.<\/p>\n<p>Javier Mora Duque, Enlace Departamental de V\u00edctimas, inform\u00f3 que, como parte del proceso de selecci\u00f3n, se realizar\u00e1 una verificaci\u00f3n exhaustiva de la informaci\u00f3n proporcionada por las familias, en colaboraci\u00f3n con la Unidad de V\u00edctimas y el Comit\u00e9 Departamental de Cafeteros. \u00abQueremos asegurarnos que quienes se benefician de estas unidades productivas sean aquellos con mayor grado de vulnerabilidad\u00bb, enfatiz\u00f3 Mora Duque.<\/p>\n<p>Adem\u00e1s, destac\u00f3 el apoyo brindado por las administraciones municipales y los coordinadores de las mesas municipales de v\u00edctimas que hicieron parte de esta exitosa convocatoria.<\/p>\n<p>\u201cEl Comit\u00e9 de Cafeteros realizar\u00e1 un filtro de la informaci\u00f3n, en la cual se verifica la inscripci\u00f3n al SICA y la cantidad de hect\u00e1reas sembradas por parte de cada una de las familias postuladas, as\u00ed mismo, realizar\u00e1 el seguimiento riguroso a las inversiones en las propiedades beneficiarias, garantizando que los recursos destinados se utilicen de manera efectiva\u201d inform\u00f3 Mora Duque.<\/p>\n<p>El proyecto, liderado por la Secretar\u00eda de Gobierno, Seguridad y Asuntos Comunitarios junto con la Oficina de Atenci\u00f3n a V\u00edctimas del Conflicto, ha sido destacado como una herramienta importante para la integraci\u00f3n econ\u00f3mica de la poblaci\u00f3n afectada por el conflicto.<\/p>\n<p>Los resultados de la convocatoria se informar\u00e1n a trav\u00e9s de las sedes electr\u00f3nicas de la Gobernaci\u00f3n del Huila y el Comit\u00e9 Departamental de Cafeteros.<\/p>\n","protected":false},"excerpt":{"rendered":"<p>La convocatoria, que cont\u00f3 con el respaldo del Comit\u00e9 Departamental de Cafeteros y 25 municipios del Huila, se enfoca en familias inscritas en el Sistema de Informaci\u00f3n Cafetero (SICA) y en el Registro \u00danico de V\u00edctimas.<\/p>\n","protected":false},"author":2,"featured_media":77140,"comment_status":"closed","ping_status":"open","sticky":false,"template":"","format":"standard","meta":{"footnotes":""},"categories":[33],"tags":[],"class_list":["post-77139","post","type-post","status-publish","format-standard","has-post-thumbnail","hentry","category-huila"],"yoast_head":"<!-- This site is optimized with the Yoast SEO plugin v26.6 - https:\/\/yoast.com\/wordpress\/plugins\/seo\/ -->\n<title>Cafeteros huilenses buscan fortalecer sus unidades productivas -<\/title>\n<meta name=\"description\" content=\"La convocatoria, que cont\u00f3 con el respaldo del Comit\u00e9 Departamental de Cafeteros y 25 municipios del Huila, se enfoca en familias inscritas en el Sistema de Informaci\u00f3n Cafetero (SICA) y en el Registro \u00danico de V\u00edctimas.\" \/>\n<meta name=\"robots\" content=\"index, follow, max-snippet:-1, max-image-preview:large, max-video-preview:-1\" \/>\n<link rel=\"canonical\" href=\"https:\/\/luchonoticias.com\/editor\/cafeteros-huilenses-buscan-fortalecer-sus-unidades-productivas\/\" \/>\n<meta property=\"og:locale\" content=\"es_ES\" \/>\n<meta property=\"og:type\" content=\"article\" \/>\n<meta property=\"og:title\" content=\"Cafeteros huilenses buscan fortalecer sus unidades productivas -\" \/>\n<meta property=\"og:description\" content=\"La convocatoria, que cont\u00f3 con el respaldo del Comit\u00e9 Departamental de Cafeteros y 25 municipios del Huila, se enfoca en familias inscritas en el Sistema de Informaci\u00f3n Cafetero (SICA) y en el Registro \u00danico de V\u00edctimas.\" \/>\n<meta property=\"og:url\" content=\"https:\/\/luchonoticias.com\/editor\/cafeteros-huilenses-buscan-fortalecer-sus-unidades-productivas\/\" \/>\n<meta property=\"article:publisher\" content=\"https:\/\/www.facebook.com\/luchonoticiasneiva\" \/>\n<meta property=\"article:published_time\" content=\"2024-09-19T16:26:20+00:00\" \/>\n<meta property=\"og:image\" content=\"https:\/\/luchonoticias.com\/editor\/wp-content\/uploads\/2024\/09\/cafe.jpg\" \/>\n\t<meta property=\"og:image:width\" content=\"700\" \/>\n\t<meta property=\"og:image:height\" content=\"400\" \/>\n\t<meta property=\"og:image:type\" content=\"image\/jpeg\" \/>\n<meta name=\"author\" content=\"Editor General\" \/>\n<meta name=\"twitter:card\" content=\"summary_large_image\" \/>\n<meta name=\"twitter:label1\" content=\"Escrito por\" \/>\n\t<meta name=\"twitter:data1\" content=\"Editor General\" \/>\n\t<meta name=\"twitter:label2\" content=\"Tiempo de lectura\" \/>\n\t<meta name=\"twitter:data2\" content=\"2 minutos\" \/>\n<script type=\"application\/ld+json\" class=\"yoast-schema-graph\">{\"@context\":\"https:\/\/schema.org\",\"@graph\":[{\"@type\":\"Article\",\"@id\":\"https:\/\/luchonoticias.com\/editor\/cafeteros-huilenses-buscan-fortalecer-sus-unidades-productivas\/#article\",\"isPartOf\":{\"@id\":\"https:\/\/luchonoticias.com\/editor\/cafeteros-huilenses-buscan-fortalecer-sus-unidades-productivas\/\"},\"author\":{\"name\":\"Editor General\",\"@id\":\"https:\/\/luchonoticias.com\/editor\/#\/schema\/person\/29217990ddf6f14e35912b2866d591fb\"},\"headline\":\"Cafeteros huilenses buscan fortalecer sus unidades productivas\",\"datePublished\":\"2024-09-19T16:26:20+00:00\",\"mainEntityOfPage\":{\"@id\":\"https:\/\/luchonoticias.com\/editor\/cafeteros-huilenses-buscan-fortalecer-sus-unidades-productivas\/\"},\"wordCount\":414,\"publisher\":{\"@id\":\"https:\/\/luchonoticias.com\/editor\/#\/schema\/person\/7a7fd911f58561fd056dbac7b55af9cd\"},\"image\":{\"@id\":\"https:\/\/luchonoticias.com\/editor\/cafeteros-huilenses-buscan-fortalecer-sus-unidades-productivas\/#primaryimage\"},\"thumbnailUrl\":\"https:\/\/luchonoticias.com\/editor\/wp-content\/uploads\/2024\/09\/cafe.jpg\",\"articleSection\":[\"Huila\"],\"inLanguage\":\"es\"},{\"@type\":\"WebPage\",\"@id\":\"https:\/\/luchonoticias.com\/editor\/cafeteros-huilenses-buscan-fortalecer-sus-unidades-productivas\/\",\"url\":\"https:\/\/luchonoticias.com\/editor\/cafeteros-huilenses-buscan-fortalecer-sus-unidades-productivas\/\",\"name\":\"Cafeteros huilenses buscan fortalecer sus unidades productivas -\",\"isPartOf\":{\"@id\":\"https:\/\/luchonoticias.com\/editor\/#website\"},\"primaryImageOfPage\":{\"@id\":\"https:\/\/luchonoticias.com\/editor\/cafeteros-huilenses-buscan-fortalecer-sus-unidades-productivas\/#primaryimage\"},\"image\":{\"@id\":\"https:\/\/luchonoticias.com\/editor\/cafeteros-huilenses-buscan-fortalecer-sus-unidades-productivas\/#primaryimage\"},\"thumbnailUrl\":\"https:\/\/luchonoticias.com\/editor\/wp-content\/uploads\/2024\/09\/cafe.jpg\",\"datePublished\":\"2024-09-19T16:26:20+00:00\",\"description\":\"La convocatoria, que cont\u00f3 con el respaldo del Comit\u00e9 Departamental de Cafeteros y 25 municipios del Huila, se enfoca en familias inscritas en el Sistema de Informaci\u00f3n Cafetero (SICA) y en el Registro \u00danico de V\u00edctimas.\",\"breadcrumb\":{\"@id\":\"https:\/\/luchonoticias.com\/editor\/cafeteros-huilenses-buscan-fortalecer-sus-unidades-productivas\/#breadcrumb\"},\"inLanguage\":\"es\",\"potentialAction\":[{\"@type\":\"ReadAction\",\"target\":[\"https:\/\/luchonoticias.com\/editor\/cafeteros-huilenses-buscan-fortalecer-sus-unidades-productivas\/\"]}]},{\"@type\":\"ImageObject\",\"inLanguage\":\"es\",\"@id\":\"https:\/\/luchonoticias.com\/editor\/cafeteros-huilenses-buscan-fortalecer-sus-unidades-productivas\/#primaryimage\",\"url\":\"https:\/\/luchonoticias.com\/editor\/wp-content\/uploads\/2024\/09\/cafe.jpg\",\"contentUrl\":\"https:\/\/luchonoticias.com\/editor\/wp-content\/uploads\/2024\/09\/cafe.jpg\",\"width\":700,\"height\":400},{\"@type\":\"BreadcrumbList\",\"@id\":\"https:\/\/luchonoticias.com\/editor\/cafeteros-huilenses-buscan-fortalecer-sus-unidades-productivas\/#breadcrumb\",\"itemListElement\":[{\"@type\":\"ListItem\",\"position\":1,\"name\":\"Portada\",\"item\":\"https:\/\/luchonoticias.com\/editor\/\"},{\"@type\":\"ListItem\",\"position\":2,\"name\":\"Cafeteros huilenses buscan fortalecer sus unidades productivas\"}]},{\"@type\":\"WebSite\",\"@id\":\"https:\/\/luchonoticias.com\/editor\/#website\",\"url\":\"https:\/\/luchonoticias.com\/editor\/\",\"name\":\"\",\"description\":\"\",\"publisher\":{\"@id\":\"https:\/\/luchonoticias.com\/editor\/#\/schema\/person\/7a7fd911f58561fd056dbac7b55af9cd\"},\"potentialAction\":[{\"@type\":\"SearchAction\",\"target\":{\"@type\":\"EntryPoint\",\"urlTemplate\":\"https:\/\/luchonoticias.com\/editor\/?s={search_term_string}\"},\"query-input\":{\"@type\":\"PropertyValueSpecification\",\"valueRequired\":true,\"valueName\":\"search_term_string\"}}],\"inLanguage\":\"es\"},{\"@type\":[\"Person\",\"Organization\"],\"@id\":\"https:\/\/luchonoticias.com\/editor\/#\/schema\/person\/7a7fd911f58561fd056dbac7b55af9cd\",\"name\":\"admin\",\"image\":{\"@type\":\"ImageObject\",\"inLanguage\":\"es\",\"@id\":\"https:\/\/luchonoticias.com\/editor\/#\/schema\/person\/image\/\",\"url\":\"https:\/\/luchonoticias.com\/editor\/wp-content\/uploads\/2024\/02\/cropped-cropped-logolu.webp\",\"contentUrl\":\"https:\/\/luchonoticias.com\/editor\/wp-content\/uploads\/2024\/02\/cropped-cropped-logolu.webp\",\"width\":382,\"height\":170,\"caption\":\"admin\"},\"logo\":{\"@id\":\"https:\/\/luchonoticias.com\/editor\/#\/schema\/person\/image\/\"},\"sameAs\":[\"https:\/\/www.facebook.com\/luchonoticiasneiva\"]},{\"@type\":\"Person\",\"@id\":\"https:\/\/luchonoticias.com\/editor\/#\/schema\/person\/29217990ddf6f14e35912b2866d591fb\",\"name\":\"Editor General\",\"image\":{\"@type\":\"ImageObject\",\"inLanguage\":\"es\",\"@id\":\"https:\/\/luchonoticias.com\/editor\/#\/schema\/person\/image\/\",\"url\":\"https:\/\/luchonoticias.com\/editor\/wp-content\/uploads\/2024\/02\/cropped-cropped-logolu-150x150.webp\",\"contentUrl\":\"https:\/\/luchonoticias.com\/editor\/wp-content\/uploads\/2024\/02\/cropped-cropped-logolu-150x150.webp\",\"caption\":\"Editor General\"},\"sameAs\":[\"https:\/\/luchonoticias.com\/\"],\"url\":\"https:\/\/luchonoticias.com\/editor\/author\/editor-general\/\"}]}<\/script>\n<!-- \/ Yoast SEO plugin. -->","yoast_head_json":{"title":"Cafeteros huilenses buscan fortalecer sus unidades productivas -","description":"La convocatoria, que cont\u00f3 con el respaldo del Comit\u00e9 Departamental de Cafeteros y 25 municipios del Huila, se enfoca en familias inscritas en el Sistema de Informaci\u00f3n Cafetero (SICA) y en el Registro \u00danico de V\u00edctimas.","robots":{"index":"index","follow":"follow","max-snippet":"max-snippet:-1","max-image-preview":"max-image-preview:large","max-video-preview":"max-video-preview:-1"},"canonical":"https:\/\/luchonoticias.com\/editor\/cafeteros-huilenses-buscan-fortalecer-sus-unidades-productivas\/","og_locale":"es_ES","og_type":"article","og_title":"Cafeteros huilenses buscan fortalecer sus unidades productivas -","og_description":"La convocatoria, que cont\u00f3 con el respaldo del Comit\u00e9 Departamental de Cafeteros y 25 municipios del Huila, se enfoca en familias inscritas en el Sistema de Informaci\u00f3n Cafetero (SICA) y en el Registro \u00danico de V\u00edctimas.","og_url":"https:\/\/luchonoticias.com\/editor\/cafeteros-huilenses-buscan-fortalecer-sus-unidades-productivas\/","article_publisher":"https:\/\/www.facebook.com\/luchonoticiasneiva","article_published_time":"2024-09-19T16:26:20+00:00","og_image":[{"width":700,"height":400,"url":"https:\/\/luchonoticias.com\/editor\/wp-content\/uploads\/2024\/09\/cafe.jpg","type":"image\/jpeg"}],"author":"Editor General","twitter_card":"summary_large_image","twitter_misc":{"Escrito por":"Editor General","Tiempo de lectura":"2 minutos"},"schema":{"@context":"https:\/\/schema.org","@graph":[{"@type":"Article","@id":"https:\/\/luchonoticias.com\/editor\/cafeteros-huilenses-buscan-fortalecer-sus-unidades-productivas\/#article","isPartOf":{"@id":"https:\/\/luchonoticias.com\/editor\/cafeteros-huilenses-buscan-fortalecer-sus-unidades-productivas\/"},"author":{"name":"Editor General","@id":"https:\/\/luchonoticias.com\/editor\/#\/schema\/person\/29217990ddf6f14e35912b2866d591fb"},"headline":"Cafeteros huilenses buscan fortalecer sus unidades productivas","datePublished":"2024-09-19T16:26:20+00:00","mainEntityOfPage":{"@id":"https:\/\/luchonoticias.com\/editor\/cafeteros-huilenses-buscan-fortalecer-sus-unidades-productivas\/"},"wordCount":414,"publisher":{"@id":"https:\/\/luchonoticias.com\/editor\/#\/schema\/person\/7a7fd911f58561fd056dbac7b55af9cd"},"image":{"@id":"https:\/\/luchonoticias.com\/editor\/cafeteros-huilenses-buscan-fortalecer-sus-unidades-productivas\/#primaryimage"},"thumbnailUrl":"https:\/\/luchonoticias.com\/editor\/wp-content\/uploads\/2024\/09\/cafe.jpg","articleSection":["Huila"],"inLanguage":"es"},{"@type":"WebPage","@id":"https:\/\/luchonoticias.com\/editor\/cafeteros-huilenses-buscan-fortalecer-sus-unidades-productivas\/","url":"https:\/\/luchonoticias.com\/editor\/cafeteros-huilenses-buscan-fortalecer-sus-unidades-productivas\/","name":"Cafeteros huilenses buscan fortalecer sus unidades productivas -","isPartOf":{"@id":"https:\/\/luchonoticias.com\/editor\/#website"},"primaryImageOfPage":{"@id":"https:\/\/luchonoticias.com\/editor\/cafeteros-huilenses-buscan-fortalecer-sus-unidades-productivas\/#primaryimage"},"image":{"@id":"https:\/\/luchonoticias.com\/editor\/cafeteros-huilenses-buscan-fortalecer-sus-unidades-productivas\/#primaryimage"},"thumbnailUrl":"https:\/\/luchonoticias.com\/editor\/wp-content\/uploads\/2024\/09\/cafe.jpg","datePublished":"2024-09-19T16:26:20+00:00","description":"La convocatoria, que cont\u00f3 con el respaldo del Comit\u00e9 Departamental de Cafeteros y 25 municipios del Huila, se enfoca en familias inscritas en el Sistema de Informaci\u00f3n Cafetero (SICA) y en el Registro \u00danico de V\u00edctimas.","breadcrumb":{"@id":"https:\/\/luchonoticias.com\/editor\/cafeteros-huilenses-buscan-fortalecer-sus-unidades-productivas\/#breadcrumb"},"inLanguage":"es","potentialAction":[{"@type":"ReadAction","target":["https:\/\/luchonoticias.com\/editor\/cafeteros-huilenses-buscan-fortalecer-sus-unidades-productivas\/"]}]},{"@type":"ImageObject","inLanguage":"es","@id":"https:\/\/luchonoticias.com\/editor\/cafeteros-huilenses-buscan-fortalecer-sus-unidades-productivas\/#primaryimage","url":"https:\/\/luchonoticias.com\/editor\/wp-content\/uploads\/2024\/09\/cafe.jpg","contentUrl":"https:\/\/luchonoticias.com\/editor\/wp-content\/uploads\/2024\/09\/cafe.jpg","width":700,"height":400},{"@type":"BreadcrumbList","@id":"https:\/\/luchonoticias.com\/editor\/cafeteros-huilenses-buscan-fortalecer-sus-unidades-productivas\/#breadcrumb","itemListElement":[{"@type":"ListItem","position":1,"name":"Portada","item":"https:\/\/luchonoticias.com\/editor\/"},{"@type":"ListItem","position":2,"name":"Cafeteros huilenses buscan fortalecer sus unidades productivas"}]},{"@type":"WebSite","@id":"https:\/\/luchonoticias.com\/editor\/#website","url":"https:\/\/luchonoticias.com\/editor\/","name":"","description":"","publisher":{"@id":"https:\/\/luchonoticias.com\/editor\/#\/schema\/person\/7a7fd911f58561fd056dbac7b55af9cd"},"potentialAction":[{"@type":"SearchAction","target":{"@type":"EntryPoint","urlTemplate":"https:\/\/luchonoticias.com\/editor\/?s={search_term_string}"},"query-input":{"@type":"PropertyValueSpecification","valueRequired":true,"valueName":"search_term_string"}}],"inLanguage":"es"},{"@type":["Person","Organization"],"@id":"https:\/\/luchonoticias.com\/editor\/#\/schema\/person\/7a7fd911f58561fd056dbac7b55af9cd","name":"admin","image":{"@type":"ImageObject","inLanguage":"es","@id":"https:\/\/luchonoticias.com\/editor\/#\/schema\/person\/image\/","url":"https:\/\/luchonoticias.com\/editor\/wp-content\/uploads\/2024\/02\/cropped-cropped-logolu.webp","contentUrl":"https:\/\/luchonoticias.com\/editor\/wp-content\/uploads\/2024\/02\/cropped-cropped-logolu.webp","width":382,"height":170,"caption":"admin"},"logo":{"@id":"https:\/\/luchonoticias.com\/editor\/#\/schema\/person\/image\/"},"sameAs":["https:\/\/www.facebook.com\/luchonoticiasneiva"]},{"@type":"Person","@id":"https:\/\/luchonoticias.com\/editor\/#\/schema\/person\/29217990ddf6f14e35912b2866d591fb","name":"Editor General","image":{"@type":"ImageObject","inLanguage":"es","@id":"https:\/\/luchonoticias.com\/editor\/#\/schema\/person\/image\/","url":"https:\/\/luchonoticias.com\/editor\/wp-content\/uploads\/2024\/02\/cropped-cropped-logolu-150x150.webp","contentUrl":"https:\/\/luchonoticias.com\/editor\/wp-content\/uploads\/2024\/02\/cropped-cropped-logolu-150x150.webp","caption":"Editor General"},"sameAs":["https:\/\/luchonoticias.com\/"],"url":"https:\/\/luchonoticias.com\/editor\/author\/editor-general\/"}]}},"_links":{"self":[{"href":"https:\/\/luchonoticias.com\/editor\/wp-json\/wp\/v2\/posts\/77139","targetHints":{"allow":["GET"]}}],"collection":[{"href":"https:\/\/luchonoticias.com\/editor\/wp-json\/wp\/v2\/posts"}],"about":[{"href":"https:\/\/luchonoticias.com\/editor\/wp-json\/wp\/v2\/types\/post"}],"author":[{"embeddable":true,"href":"https:\/\/luchonoticias.com\/editor\/wp-json\/wp\/v2\/users\/2"}],"replies":[{"embeddable":true,"href":"https:\/\/luchonoticias.com\/editor\/wp-json\/wp\/v2\/comments?post=77139"}],"version-history":[{"count":2,"href":"https:\/\/luchonoticias.com\/editor\/wp-json\/wp\/v2\/posts\/77139\/revisions"}],"predecessor-version":[{"id":77142,"href":"https:\/\/luchonoticias.com\/editor\/wp-json\/wp\/v2\/posts\/77139\/revisions\/77142"}],"wp:featuredmedia":[{"embeddable":true,"href":"https:\/\/luchonoticias.com\/editor\/wp-json\/wp\/v2\/media\/77140"}],"wp:attachment":[{"href":"https:\/\/luchonoticias.com\/editor\/wp-json\/wp\/v2\/media?parent=77139"}],"wp:term":[{"taxonomy":"category","embeddable":true,"href":"https:\/\/luchonoticias.com\/editor\/wp-json\/wp\/v2\/categories?post=77139"},{"taxonomy":"post_tag","embeddable":true,"href":"https:\/\/luchonoticias.com\/editor\/wp-json\/wp\/v2\/tags?post=77139"}],"curies":[{"name":"wp","href":"https:\/\/api.w.org\/{rel}","templated":true}]}}