{"id":77297,"date":"2024-09-25T11:47:22","date_gmt":"2024-09-25T16:47:22","guid":{"rendered":"https:\/\/luchonoticias.com\/?p=77297"},"modified":"2024-09-25T11:47:22","modified_gmt":"2024-09-25T16:47:22","slug":"huila-y-su-apuesta-comunitaria-en-materia-de-salud","status":"publish","type":"post","link":"https:\/\/luchonoticias.com\/editor\/huila-y-su-apuesta-comunitaria-en-materia-de-salud\/","title":{"rendered":"Huila y su apuesta comunitaria en materia de salud"},"content":{"rendered":"<p>Como un esfuerzo para lograr mejores niveles de conocimiento y apropiaci\u00f3n de los temas relacionados con la prestaci\u00f3n de los servicios de salud, fue calificado el encuentro de Participaci\u00f3n Social, que lider\u00f3 la Secretar\u00eda de Salud del Huila en compa\u00f1\u00eda del Ministerio de Salud y la Protecci\u00f3n Social.<\/p>\n<p>Este evento, cont\u00f3 con la participaci\u00f3n de los veedores en salud de la mayor\u00eda de municipios del departamento del Huila, organizaciones sociales, directivos m\u00e9dicos, funcionarios encargados de la recepci\u00f3n de quejas y reclamos de las entidades hospitalarias y dem\u00e1s, quienes pudieron conocer de primera mano las pol\u00edticas que se vienen implementando como parte de un plan en la mejora de los servicios m\u00e9dico asistenciales y de procurar respuestas oportunas que ayuden a que el sistema de salud sea operativo, eficiente y funcional.<\/p>\n<p>\u201cEl Huila es uno de los departamentos con mayor impulso en la implementaci\u00f3n de la Participaci\u00f3n Social en Salud, este primer encuentro de control social es una muestra del liderazgo e inter\u00e9s que se viene teniendo en la intenci\u00f3n de que las comunidades puedan hacerles seguimiento a las inversiones que desde el Ministerio de Salud se vienen realizando en los territorios. Hay un desconocimiento muy grande por parte de la ciudadan\u00eda de los recursos que el Ministerio viene haciendo en los territorios, los medios de comunicaci\u00f3n no est\u00e1n transmitiendo la informaci\u00f3n de manera di\u00e1fana, lo que nos obliga a trabajar en el empoderamiento comunitario, para movilizar a la sociedad en torno a que se conozcan los esfuerzos efectuados para mejorar la atenci\u00f3n en salud\u201d, dijo Rafael Aguja, delegado del Ministerio de Salud y coordinador de gesti\u00f3n territorial de esa entidad.<\/p>\n<p><strong>Positiva participaci\u00f3n social<\/strong><\/p>\n<p>Desde el Ministerio de Salud se expres\u00f3 benepl\u00e1cito por la participaci\u00f3n masiva de la comunidad en el proceso de la construcci\u00f3n de la pol\u00edtica p\u00fablica de participaci\u00f3n social, manifestaron que es un paso adelante en aras de empoderar a la ciudadan\u00eda y convertir a las comunidades en gestores y transformadores de los procesos dirigidos a mejorar la calidad en los servicios de salud.<\/p>\n<p>\u201cEs muy positivo lo que est\u00e1 pasando. Nos han manifestado que es la primera vez que se hace una exposici\u00f3n concreta y sensata de las inversiones que el Gobierno Nacional est\u00e1 haciendo en los territorios, fundamentalmente en infraestructura, equipos b\u00e1sicos, renovaci\u00f3n de equipo de apoyo entre otros. Ha sido una fortaleza muy grande porque esto le permite a las comunidades tener elementos para poder exigir, pero tambi\u00e9n llenarse de razones para defender su derecho a la salud de una manera m\u00e1s eficiente y contundente\u201d, explic\u00f3 el funcionario del Ministerio de Salud.<\/p>\n<p><strong>Conformada Red Departamental de Control Social<\/strong><\/p>\n<p>Una de las principales decisiones de este encuentro, es la conformaci\u00f3n de la Red Departamental de Control Social, algo que es considerado como un avance que impactar\u00e1 los procesos en materia de mejoramiento de la calidad de los servicios de salud a las comunidades de la regi\u00f3n.<\/p>\n<p>\u201cLa Red es un paso hacia adelante, es uno de los primeros departamentos que avanza en esa tarea. Se han involucrado directamente los veedores de salud, que ser\u00e1n fundamentales en este proceso porque ser\u00e1 a partir de la informaci\u00f3n que nos suministren como podremos intervenir en situaciones espec\u00edficas. Las autoridades todas, hemos ofrecido y estamos brindando las garant\u00edas para fortalecer este proceso. La idea es que vamos a tener una mesa de interlocuci\u00f3n permanente para hacerle seguimiento de manera contundente y continua a la inversi\u00f3n que se viene realizando. Queremos que la experiencia que estamos desarrollando en el Huila, sea ejemplo para todo el pa\u00eds y se replique de la mejor manera. La participaci\u00f3n social es clave\u201d, dijo Rafael Aguja, del Ministerio de Salud.<\/p>\n","protected":false},"excerpt":{"rendered":"<p>Como un esfuerzo para lograr mejores niveles de conocimiento y apropiaci\u00f3n de los temas relacionados con la prestaci\u00f3n de los servicios de salud, fue calificado el encuentro de Participaci\u00f3n Social, que lider\u00f3 la Secretar\u00eda de Salud del Huila en compa\u00f1\u00eda del Ministerio de Salud y la Protecci\u00f3n Social. Este evento, cont\u00f3 con la participaci\u00f3n de [&hellip;]<\/p>\n","protected":false},"author":2,"featured_media":77298,"comment_status":"closed","ping_status":"open","sticky":false,"template":"","format":"standard","meta":{"footnotes":""},"categories":[33],"tags":[],"class_list":["post-77297","post","type-post","status-publish","format-standard","has-post-thumbnail","hentry","category-huila"],"yoast_head":"<!-- This site is optimized with the Yoast SEO plugin v26.6 - https:\/\/yoast.com\/wordpress\/plugins\/seo\/ -->\n<title>Huila y su apuesta comunitaria en materia de salud -<\/title>\n<meta name=\"robots\" content=\"index, follow, max-snippet:-1, max-image-preview:large, max-video-preview:-1\" \/>\n<link rel=\"canonical\" href=\"https:\/\/luchonoticias.com\/editor\/huila-y-su-apuesta-comunitaria-en-materia-de-salud\/\" \/>\n<meta property=\"og:locale\" content=\"es_ES\" \/>\n<meta property=\"og:type\" content=\"article\" \/>\n<meta property=\"og:title\" content=\"Huila y su apuesta comunitaria en materia de salud -\" \/>\n<meta property=\"og:url\" content=\"https:\/\/luchonoticias.com\/editor\/huila-y-su-apuesta-comunitaria-en-materia-de-salud\/\" \/>\n<meta property=\"article:publisher\" content=\"https:\/\/www.facebook.com\/luchonoticiasneiva\" \/>\n<meta property=\"article:published_time\" content=\"2024-09-25T16:47:22+00:00\" \/>\n<meta property=\"og:image\" content=\"https:\/\/luchonoticias.com\/editor\/wp-content\/uploads\/2024\/09\/salud-comunitaria.jpg\" \/>\n\t<meta property=\"og:image:width\" content=\"700\" \/>\n\t<meta property=\"og:image:height\" content=\"400\" \/>\n\t<meta property=\"og:image:type\" content=\"image\/jpeg\" \/>\n<meta name=\"author\" content=\"Editor General\" \/>\n<meta name=\"twitter:card\" content=\"summary_large_image\" \/>\n<meta name=\"twitter:label1\" content=\"Escrito por\" \/>\n\t<meta name=\"twitter:data1\" content=\"Editor General\" \/>\n\t<meta name=\"twitter:label2\" content=\"Tiempo de lectura\" \/>\n\t<meta name=\"twitter:data2\" content=\"3 minutos\" \/>\n<script type=\"application\/ld+json\" class=\"yoast-schema-graph\">{\"@context\":\"https:\/\/schema.org\",\"@graph\":[{\"@type\":\"Article\",\"@id\":\"https:\/\/luchonoticias.com\/editor\/huila-y-su-apuesta-comunitaria-en-materia-de-salud\/#article\",\"isPartOf\":{\"@id\":\"https:\/\/luchonoticias.com\/editor\/huila-y-su-apuesta-comunitaria-en-materia-de-salud\/\"},\"author\":{\"name\":\"Editor General\",\"@id\":\"https:\/\/luchonoticias.com\/editor\/#\/schema\/person\/29217990ddf6f14e35912b2866d591fb\"},\"headline\":\"Huila y su apuesta comunitaria en materia de salud\",\"datePublished\":\"2024-09-25T16:47:22+00:00\",\"mainEntityOfPage\":{\"@id\":\"https:\/\/luchonoticias.com\/editor\/huila-y-su-apuesta-comunitaria-en-materia-de-salud\/\"},\"wordCount\":660,\"publisher\":{\"@id\":\"https:\/\/luchonoticias.com\/editor\/#\/schema\/person\/7a7fd911f58561fd056dbac7b55af9cd\"},\"image\":{\"@id\":\"https:\/\/luchonoticias.com\/editor\/huila-y-su-apuesta-comunitaria-en-materia-de-salud\/#primaryimage\"},\"thumbnailUrl\":\"https:\/\/luchonoticias.com\/editor\/wp-content\/uploads\/2024\/09\/salud-comunitaria.jpg\",\"articleSection\":[\"Huila\"],\"inLanguage\":\"es\"},{\"@type\":\"WebPage\",\"@id\":\"https:\/\/luchonoticias.com\/editor\/huila-y-su-apuesta-comunitaria-en-materia-de-salud\/\",\"url\":\"https:\/\/luchonoticias.com\/editor\/huila-y-su-apuesta-comunitaria-en-materia-de-salud\/\",\"name\":\"Huila y su apuesta comunitaria en materia de salud -\",\"isPartOf\":{\"@id\":\"https:\/\/luchonoticias.com\/editor\/#website\"},\"primaryImageOfPage\":{\"@id\":\"https:\/\/luchonoticias.com\/editor\/huila-y-su-apuesta-comunitaria-en-materia-de-salud\/#primaryimage\"},\"image\":{\"@id\":\"https:\/\/luchonoticias.com\/editor\/huila-y-su-apuesta-comunitaria-en-materia-de-salud\/#primaryimage\"},\"thumbnailUrl\":\"https:\/\/luchonoticias.com\/editor\/wp-content\/uploads\/2024\/09\/salud-comunitaria.jpg\",\"datePublished\":\"2024-09-25T16:47:22+00:00\",\"breadcrumb\":{\"@id\":\"https:\/\/luchonoticias.com\/editor\/huila-y-su-apuesta-comunitaria-en-materia-de-salud\/#breadcrumb\"},\"inLanguage\":\"es\",\"potentialAction\":[{\"@type\":\"ReadAction\",\"target\":[\"https:\/\/luchonoticias.com\/editor\/huila-y-su-apuesta-comunitaria-en-materia-de-salud\/\"]}]},{\"@type\":\"ImageObject\",\"inLanguage\":\"es\",\"@id\":\"https:\/\/luchonoticias.com\/editor\/huila-y-su-apuesta-comunitaria-en-materia-de-salud\/#primaryimage\",\"url\":\"https:\/\/luchonoticias.com\/editor\/wp-content\/uploads\/2024\/09\/salud-comunitaria.jpg\",\"contentUrl\":\"https:\/\/luchonoticias.com\/editor\/wp-content\/uploads\/2024\/09\/salud-comunitaria.jpg\",\"width\":700,\"height\":400},{\"@type\":\"BreadcrumbList\",\"@id\":\"https:\/\/luchonoticias.com\/editor\/huila-y-su-apuesta-comunitaria-en-materia-de-salud\/#breadcrumb\",\"itemListElement\":[{\"@type\":\"ListItem\",\"position\":1,\"name\":\"Portada\",\"item\":\"https:\/\/luchonoticias.com\/editor\/\"},{\"@type\":\"ListItem\",\"position\":2,\"name\":\"Huila y su apuesta comunitaria en materia de salud\"}]},{\"@type\":\"WebSite\",\"@id\":\"https:\/\/luchonoticias.com\/editor\/#website\",\"url\":\"https:\/\/luchonoticias.com\/editor\/\",\"name\":\"\",\"description\":\"\",\"publisher\":{\"@id\":\"https:\/\/luchonoticias.com\/editor\/#\/schema\/person\/7a7fd911f58561fd056dbac7b55af9cd\"},\"potentialAction\":[{\"@type\":\"SearchAction\",\"target\":{\"@type\":\"EntryPoint\",\"urlTemplate\":\"https:\/\/luchonoticias.com\/editor\/?s={search_term_string}\"},\"query-input\":{\"@type\":\"PropertyValueSpecification\",\"valueRequired\":true,\"valueName\":\"search_term_string\"}}],\"inLanguage\":\"es\"},{\"@type\":[\"Person\",\"Organization\"],\"@id\":\"https:\/\/luchonoticias.com\/editor\/#\/schema\/person\/7a7fd911f58561fd056dbac7b55af9cd\",\"name\":\"admin\",\"image\":{\"@type\":\"ImageObject\",\"inLanguage\":\"es\",\"@id\":\"https:\/\/luchonoticias.com\/editor\/#\/schema\/person\/image\/\",\"url\":\"https:\/\/luchonoticias.com\/editor\/wp-content\/uploads\/2024\/02\/cropped-cropped-logolu.webp\",\"contentUrl\":\"https:\/\/luchonoticias.com\/editor\/wp-content\/uploads\/2024\/02\/cropped-cropped-logolu.webp\",\"width\":382,\"height\":170,\"caption\":\"admin\"},\"logo\":{\"@id\":\"https:\/\/luchonoticias.com\/editor\/#\/schema\/person\/image\/\"},\"sameAs\":[\"https:\/\/www.facebook.com\/luchonoticiasneiva\"]},{\"@type\":\"Person\",\"@id\":\"https:\/\/luchonoticias.com\/editor\/#\/schema\/person\/29217990ddf6f14e35912b2866d591fb\",\"name\":\"Editor General\",\"image\":{\"@type\":\"ImageObject\",\"inLanguage\":\"es\",\"@id\":\"https:\/\/luchonoticias.com\/editor\/#\/schema\/person\/image\/\",\"url\":\"https:\/\/luchonoticias.com\/editor\/wp-content\/uploads\/2024\/02\/cropped-cropped-logolu-150x150.webp\",\"contentUrl\":\"https:\/\/luchonoticias.com\/editor\/wp-content\/uploads\/2024\/02\/cropped-cropped-logolu-150x150.webp\",\"caption\":\"Editor General\"},\"sameAs\":[\"https:\/\/luchonoticias.com\/\"],\"url\":\"https:\/\/luchonoticias.com\/editor\/author\/editor-general\/\"}]}<\/script>\n<!-- \/ Yoast SEO plugin. -->","yoast_head_json":{"title":"Huila y su apuesta comunitaria en materia de salud -","robots":{"index":"index","follow":"follow","max-snippet":"max-snippet:-1","max-image-preview":"max-image-preview:large","max-video-preview":"max-video-preview:-1"},"canonical":"https:\/\/luchonoticias.com\/editor\/huila-y-su-apuesta-comunitaria-en-materia-de-salud\/","og_locale":"es_ES","og_type":"article","og_title":"Huila y su apuesta comunitaria en materia de salud -","og_url":"https:\/\/luchonoticias.com\/editor\/huila-y-su-apuesta-comunitaria-en-materia-de-salud\/","article_publisher":"https:\/\/www.facebook.com\/luchonoticiasneiva","article_published_time":"2024-09-25T16:47:22+00:00","og_image":[{"width":700,"height":400,"url":"https:\/\/luchonoticias.com\/editor\/wp-content\/uploads\/2024\/09\/salud-comunitaria.jpg","type":"image\/jpeg"}],"author":"Editor General","twitter_card":"summary_large_image","twitter_misc":{"Escrito por":"Editor General","Tiempo de lectura":"3 minutos"},"schema":{"@context":"https:\/\/schema.org","@graph":[{"@type":"Article","@id":"https:\/\/luchonoticias.com\/editor\/huila-y-su-apuesta-comunitaria-en-materia-de-salud\/#article","isPartOf":{"@id":"https:\/\/luchonoticias.com\/editor\/huila-y-su-apuesta-comunitaria-en-materia-de-salud\/"},"author":{"name":"Editor General","@id":"https:\/\/luchonoticias.com\/editor\/#\/schema\/person\/29217990ddf6f14e35912b2866d591fb"},"headline":"Huila y su apuesta comunitaria en materia de salud","datePublished":"2024-09-25T16:47:22+00:00","mainEntityOfPage":{"@id":"https:\/\/luchonoticias.com\/editor\/huila-y-su-apuesta-comunitaria-en-materia-de-salud\/"},"wordCount":660,"publisher":{"@id":"https:\/\/luchonoticias.com\/editor\/#\/schema\/person\/7a7fd911f58561fd056dbac7b55af9cd"},"image":{"@id":"https:\/\/luchonoticias.com\/editor\/huila-y-su-apuesta-comunitaria-en-materia-de-salud\/#primaryimage"},"thumbnailUrl":"https:\/\/luchonoticias.com\/editor\/wp-content\/uploads\/2024\/09\/salud-comunitaria.jpg","articleSection":["Huila"],"inLanguage":"es"},{"@type":"WebPage","@id":"https:\/\/luchonoticias.com\/editor\/huila-y-su-apuesta-comunitaria-en-materia-de-salud\/","url":"https:\/\/luchonoticias.com\/editor\/huila-y-su-apuesta-comunitaria-en-materia-de-salud\/","name":"Huila y su apuesta comunitaria en materia de salud -","isPartOf":{"@id":"https:\/\/luchonoticias.com\/editor\/#website"},"primaryImageOfPage":{"@id":"https:\/\/luchonoticias.com\/editor\/huila-y-su-apuesta-comunitaria-en-materia-de-salud\/#primaryimage"},"image":{"@id":"https:\/\/luchonoticias.com\/editor\/huila-y-su-apuesta-comunitaria-en-materia-de-salud\/#primaryimage"},"thumbnailUrl":"https:\/\/luchonoticias.com\/editor\/wp-content\/uploads\/2024\/09\/salud-comunitaria.jpg","datePublished":"2024-09-25T16:47:22+00:00","breadcrumb":{"@id":"https:\/\/luchonoticias.com\/editor\/huila-y-su-apuesta-comunitaria-en-materia-de-salud\/#breadcrumb"},"inLanguage":"es","potentialAction":[{"@type":"ReadAction","target":["https:\/\/luchonoticias.com\/editor\/huila-y-su-apuesta-comunitaria-en-materia-de-salud\/"]}]},{"@type":"ImageObject","inLanguage":"es","@id":"https:\/\/luchonoticias.com\/editor\/huila-y-su-apuesta-comunitaria-en-materia-de-salud\/#primaryimage","url":"https:\/\/luchonoticias.com\/editor\/wp-content\/uploads\/2024\/09\/salud-comunitaria.jpg","contentUrl":"https:\/\/luchonoticias.com\/editor\/wp-content\/uploads\/2024\/09\/salud-comunitaria.jpg","width":700,"height":400},{"@type":"BreadcrumbList","@id":"https:\/\/luchonoticias.com\/editor\/huila-y-su-apuesta-comunitaria-en-materia-de-salud\/#breadcrumb","itemListElement":[{"@type":"ListItem","position":1,"name":"Portada","item":"https:\/\/luchonoticias.com\/editor\/"},{"@type":"ListItem","position":2,"name":"Huila y su apuesta comunitaria en materia de salud"}]},{"@type":"WebSite","@id":"https:\/\/luchonoticias.com\/editor\/#website","url":"https:\/\/luchonoticias.com\/editor\/","name":"","description":"","publisher":{"@id":"https:\/\/luchonoticias.com\/editor\/#\/schema\/person\/7a7fd911f58561fd056dbac7b55af9cd"},"potentialAction":[{"@type":"SearchAction","target":{"@type":"EntryPoint","urlTemplate":"https:\/\/luchonoticias.com\/editor\/?s={search_term_string}"},"query-input":{"@type":"PropertyValueSpecification","valueRequired":true,"valueName":"search_term_string"}}],"inLanguage":"es"},{"@type":["Person","Organization"],"@id":"https:\/\/luchonoticias.com\/editor\/#\/schema\/person\/7a7fd911f58561fd056dbac7b55af9cd","name":"admin","image":{"@type":"ImageObject","inLanguage":"es","@id":"https:\/\/luchonoticias.com\/editor\/#\/schema\/person\/image\/","url":"https:\/\/luchonoticias.com\/editor\/wp-content\/uploads\/2024\/02\/cropped-cropped-logolu.webp","contentUrl":"https:\/\/luchonoticias.com\/editor\/wp-content\/uploads\/2024\/02\/cropped-cropped-logolu.webp","width":382,"height":170,"caption":"admin"},"logo":{"@id":"https:\/\/luchonoticias.com\/editor\/#\/schema\/person\/image\/"},"sameAs":["https:\/\/www.facebook.com\/luchonoticiasneiva"]},{"@type":"Person","@id":"https:\/\/luchonoticias.com\/editor\/#\/schema\/person\/29217990ddf6f14e35912b2866d591fb","name":"Editor General","image":{"@type":"ImageObject","inLanguage":"es","@id":"https:\/\/luchonoticias.com\/editor\/#\/schema\/person\/image\/","url":"https:\/\/luchonoticias.com\/editor\/wp-content\/uploads\/2024\/02\/cropped-cropped-logolu-150x150.webp","contentUrl":"https:\/\/luchonoticias.com\/editor\/wp-content\/uploads\/2024\/02\/cropped-cropped-logolu-150x150.webp","caption":"Editor General"},"sameAs":["https:\/\/luchonoticias.com\/"],"url":"https:\/\/luchonoticias.com\/editor\/author\/editor-general\/"}]}},"_links":{"self":[{"href":"https:\/\/luchonoticias.com\/editor\/wp-json\/wp\/v2\/posts\/77297","targetHints":{"allow":["GET"]}}],"collection":[{"href":"https:\/\/luchonoticias.com\/editor\/wp-json\/wp\/v2\/posts"}],"about":[{"href":"https:\/\/luchonoticias.com\/editor\/wp-json\/wp\/v2\/types\/post"}],"author":[{"embeddable":true,"href":"https:\/\/luchonoticias.com\/editor\/wp-json\/wp\/v2\/users\/2"}],"replies":[{"embeddable":true,"href":"https:\/\/luchonoticias.com\/editor\/wp-json\/wp\/v2\/comments?post=77297"}],"version-history":[{"count":1,"href":"https:\/\/luchonoticias.com\/editor\/wp-json\/wp\/v2\/posts\/77297\/revisions"}],"predecessor-version":[{"id":77299,"href":"https:\/\/luchonoticias.com\/editor\/wp-json\/wp\/v2\/posts\/77297\/revisions\/77299"}],"wp:featuredmedia":[{"embeddable":true,"href":"https:\/\/luchonoticias.com\/editor\/wp-json\/wp\/v2\/media\/77298"}],"wp:attachment":[{"href":"https:\/\/luchonoticias.com\/editor\/wp-json\/wp\/v2\/media?parent=77297"}],"wp:term":[{"taxonomy":"category","embeddable":true,"href":"https:\/\/luchonoticias.com\/editor\/wp-json\/wp\/v2\/categories?post=77297"},{"taxonomy":"post_tag","embeddable":true,"href":"https:\/\/luchonoticias.com\/editor\/wp-json\/wp\/v2\/tags?post=77297"}],"curies":[{"name":"wp","href":"https:\/\/api.w.org\/{rel}","templated":true}]}}