{"id":77300,"date":"2024-09-25T11:59:25","date_gmt":"2024-09-25T16:59:25","guid":{"rendered":"https:\/\/luchonoticias.com\/?p=77300"},"modified":"2024-09-25T11:59:25","modified_gmt":"2024-09-25T16:59:25","slug":"en-marcha-plan-de-escuelas-seguras-en-el-huila","status":"publish","type":"post","link":"https:\/\/luchonoticias.com\/editor\/en-marcha-plan-de-escuelas-seguras-en-el-huila\/","title":{"rendered":"En marcha plan de escuelas seguras en el Huila"},"content":{"rendered":"<p>El Plan Nacional de Acci\u00f3n \u2018Escuelas Seguras\u2019 fue adoptado por el Ministerio de Educaci\u00f3n en el a\u00f1o 2022, ante las amenazas de las cuales estaban siendo v\u00edctimas los docentes, rectores y dem\u00e1s miembros de las instituciones educativas en varias regiones del territorio colombiano. Recientemente dicho plan, fue socializado por la Secretar\u00eda Departamental de Educaci\u00f3n, ante representantes de algunos colegios que han reportado alertas tempranas por posibles amenazas.<\/p>\n<p>\u201cEs una estrategia para identificar en los territorios, las zonas de alto riesgo, las alertas tempranas en el marco del conflicto armado que pueda poner en riesgo a las instituciones educativas. De esta manera, pretendemos hacer la identificaci\u00f3n, la priorizaci\u00f3n de acciones conjuntas a trav\u00e9s de las diferentes instancias que existen en las entidades territoriales certificadas y que logren las instituciones ser un escenario seguro para la educaci\u00f3n de nuestros ni\u00f1os y ni\u00f1as\u201d dijo Marta Patricia Obreg\u00f3n Silva, L\u00edder del \u00e1rea de Calidad Educativa de la Secretar\u00eda de Educaci\u00f3n del Huila.<\/p>\n<p>Los asistentes a la socializaci\u00f3n del plan \u2018Escuelas Seguras\u2019 reconocieron la importancia del tema abordado. Desde la Secretar\u00eda de Educaci\u00f3n, se ha buscado la articulaci\u00f3n interinstitucional para prevenir que las escuelas y colegios se vean afectados por el conflicto armado.<\/p>\n<p>\u201cEl plan incluye todo un proceso de trabajo articulado. Son nueve pasos que nos indican c\u00f3mo articularnos en el territorio, saber cu\u00e1les son esas acciones interinstitucionales en el marco de la norma del conocimiento internacional humanitario, para prevenir que las escuelas sean utilizadas como territorios por actores armados y que afecte la educaci\u00f3n de nuestros ni\u00f1os y ni\u00f1as\u201d agreg\u00f3 la funcionaria de la cartera de educaci\u00f3n en el Huila.<\/p>\n<p>La institucionalidad y la comunidad, articuladamente, activar\u00e1n los protocolos y rutas de acci\u00f3n, con las cuales se buscan prevenir que los entornos educativos en el departamento del Huila sean tomadas por el conflicto armado.<\/p>\n","protected":false},"excerpt":{"rendered":"<p>El Plan Nacional de Acci\u00f3n \u2018Escuelas Seguras\u2019 fue adoptado por el Ministerio de Educaci\u00f3n en el a\u00f1o 2022, ante las amenazas de las cuales estaban siendo v\u00edctimas los docentes, rectores y dem\u00e1s miembros de las instituciones educativas en varias regiones del territorio colombiano. Recientemente dicho plan, fue socializado por la Secretar\u00eda Departamental de Educaci\u00f3n, ante [&hellip;]<\/p>\n","protected":false},"author":2,"featured_media":77301,"comment_status":"closed","ping_status":"open","sticky":false,"template":"","format":"standard","meta":{"footnotes":""},"categories":[33],"tags":[],"class_list":["post-77300","post","type-post","status-publish","format-standard","has-post-thumbnail","hentry","category-huila"],"yoast_head":"<!-- This site is optimized with the Yoast SEO plugin v26.6 - https:\/\/yoast.com\/wordpress\/plugins\/seo\/ -->\n<title>En marcha plan de escuelas seguras en el Huila -<\/title>\n<meta name=\"robots\" content=\"index, follow, max-snippet:-1, max-image-preview:large, max-video-preview:-1\" \/>\n<link rel=\"canonical\" href=\"https:\/\/luchonoticias.com\/editor\/en-marcha-plan-de-escuelas-seguras-en-el-huila\/\" \/>\n<meta property=\"og:locale\" content=\"es_ES\" \/>\n<meta property=\"og:type\" content=\"article\" \/>\n<meta property=\"og:title\" content=\"En marcha plan de escuelas seguras en el Huila -\" \/>\n<meta property=\"og:url\" content=\"https:\/\/luchonoticias.com\/editor\/en-marcha-plan-de-escuelas-seguras-en-el-huila\/\" \/>\n<meta property=\"article:publisher\" content=\"https:\/\/www.facebook.com\/luchonoticiasneiva\" \/>\n<meta property=\"article:published_time\" content=\"2024-09-25T16:59:25+00:00\" \/>\n<meta property=\"og:image\" content=\"https:\/\/luchonoticias.com\/editor\/wp-content\/uploads\/2024\/09\/escuelas-huila.jpg\" \/>\n\t<meta property=\"og:image:width\" content=\"700\" \/>\n\t<meta property=\"og:image:height\" content=\"400\" \/>\n\t<meta property=\"og:image:type\" content=\"image\/jpeg\" \/>\n<meta name=\"author\" content=\"Editor General\" \/>\n<meta name=\"twitter:card\" content=\"summary_large_image\" \/>\n<meta name=\"twitter:label1\" content=\"Escrito por\" \/>\n\t<meta name=\"twitter:data1\" content=\"Editor General\" \/>\n\t<meta name=\"twitter:label2\" content=\"Tiempo de lectura\" \/>\n\t<meta name=\"twitter:data2\" content=\"2 minutos\" \/>\n<script type=\"application\/ld+json\" class=\"yoast-schema-graph\">{\"@context\":\"https:\/\/schema.org\",\"@graph\":[{\"@type\":\"Article\",\"@id\":\"https:\/\/luchonoticias.com\/editor\/en-marcha-plan-de-escuelas-seguras-en-el-huila\/#article\",\"isPartOf\":{\"@id\":\"https:\/\/luchonoticias.com\/editor\/en-marcha-plan-de-escuelas-seguras-en-el-huila\/\"},\"author\":{\"name\":\"Editor General\",\"@id\":\"https:\/\/luchonoticias.com\/editor\/#\/schema\/person\/29217990ddf6f14e35912b2866d591fb\"},\"headline\":\"En marcha plan de escuelas seguras en el Huila\",\"datePublished\":\"2024-09-25T16:59:25+00:00\",\"mainEntityOfPage\":{\"@id\":\"https:\/\/luchonoticias.com\/editor\/en-marcha-plan-de-escuelas-seguras-en-el-huila\/\"},\"wordCount\":338,\"publisher\":{\"@id\":\"https:\/\/luchonoticias.com\/editor\/#\/schema\/person\/7a7fd911f58561fd056dbac7b55af9cd\"},\"image\":{\"@id\":\"https:\/\/luchonoticias.com\/editor\/en-marcha-plan-de-escuelas-seguras-en-el-huila\/#primaryimage\"},\"thumbnailUrl\":\"https:\/\/luchonoticias.com\/editor\/wp-content\/uploads\/2024\/09\/escuelas-huila.jpg\",\"articleSection\":[\"Huila\"],\"inLanguage\":\"es\"},{\"@type\":\"WebPage\",\"@id\":\"https:\/\/luchonoticias.com\/editor\/en-marcha-plan-de-escuelas-seguras-en-el-huila\/\",\"url\":\"https:\/\/luchonoticias.com\/editor\/en-marcha-plan-de-escuelas-seguras-en-el-huila\/\",\"name\":\"En marcha plan de escuelas seguras en el Huila -\",\"isPartOf\":{\"@id\":\"https:\/\/luchonoticias.com\/editor\/#website\"},\"primaryImageOfPage\":{\"@id\":\"https:\/\/luchonoticias.com\/editor\/en-marcha-plan-de-escuelas-seguras-en-el-huila\/#primaryimage\"},\"image\":{\"@id\":\"https:\/\/luchonoticias.com\/editor\/en-marcha-plan-de-escuelas-seguras-en-el-huila\/#primaryimage\"},\"thumbnailUrl\":\"https:\/\/luchonoticias.com\/editor\/wp-content\/uploads\/2024\/09\/escuelas-huila.jpg\",\"datePublished\":\"2024-09-25T16:59:25+00:00\",\"breadcrumb\":{\"@id\":\"https:\/\/luchonoticias.com\/editor\/en-marcha-plan-de-escuelas-seguras-en-el-huila\/#breadcrumb\"},\"inLanguage\":\"es\",\"potentialAction\":[{\"@type\":\"ReadAction\",\"target\":[\"https:\/\/luchonoticias.com\/editor\/en-marcha-plan-de-escuelas-seguras-en-el-huila\/\"]}]},{\"@type\":\"ImageObject\",\"inLanguage\":\"es\",\"@id\":\"https:\/\/luchonoticias.com\/editor\/en-marcha-plan-de-escuelas-seguras-en-el-huila\/#primaryimage\",\"url\":\"https:\/\/luchonoticias.com\/editor\/wp-content\/uploads\/2024\/09\/escuelas-huila.jpg\",\"contentUrl\":\"https:\/\/luchonoticias.com\/editor\/wp-content\/uploads\/2024\/09\/escuelas-huila.jpg\",\"width\":700,\"height\":400},{\"@type\":\"BreadcrumbList\",\"@id\":\"https:\/\/luchonoticias.com\/editor\/en-marcha-plan-de-escuelas-seguras-en-el-huila\/#breadcrumb\",\"itemListElement\":[{\"@type\":\"ListItem\",\"position\":1,\"name\":\"Portada\",\"item\":\"https:\/\/luchonoticias.com\/editor\/\"},{\"@type\":\"ListItem\",\"position\":2,\"name\":\"En marcha plan de escuelas seguras en el Huila\"}]},{\"@type\":\"WebSite\",\"@id\":\"https:\/\/luchonoticias.com\/editor\/#website\",\"url\":\"https:\/\/luchonoticias.com\/editor\/\",\"name\":\"\",\"description\":\"\",\"publisher\":{\"@id\":\"https:\/\/luchonoticias.com\/editor\/#\/schema\/person\/7a7fd911f58561fd056dbac7b55af9cd\"},\"potentialAction\":[{\"@type\":\"SearchAction\",\"target\":{\"@type\":\"EntryPoint\",\"urlTemplate\":\"https:\/\/luchonoticias.com\/editor\/?s={search_term_string}\"},\"query-input\":{\"@type\":\"PropertyValueSpecification\",\"valueRequired\":true,\"valueName\":\"search_term_string\"}}],\"inLanguage\":\"es\"},{\"@type\":[\"Person\",\"Organization\"],\"@id\":\"https:\/\/luchonoticias.com\/editor\/#\/schema\/person\/7a7fd911f58561fd056dbac7b55af9cd\",\"name\":\"admin\",\"image\":{\"@type\":\"ImageObject\",\"inLanguage\":\"es\",\"@id\":\"https:\/\/luchonoticias.com\/editor\/#\/schema\/person\/image\/\",\"url\":\"https:\/\/luchonoticias.com\/editor\/wp-content\/uploads\/2024\/02\/cropped-cropped-logolu.webp\",\"contentUrl\":\"https:\/\/luchonoticias.com\/editor\/wp-content\/uploads\/2024\/02\/cropped-cropped-logolu.webp\",\"width\":382,\"height\":170,\"caption\":\"admin\"},\"logo\":{\"@id\":\"https:\/\/luchonoticias.com\/editor\/#\/schema\/person\/image\/\"},\"sameAs\":[\"https:\/\/www.facebook.com\/luchonoticiasneiva\"]},{\"@type\":\"Person\",\"@id\":\"https:\/\/luchonoticias.com\/editor\/#\/schema\/person\/29217990ddf6f14e35912b2866d591fb\",\"name\":\"Editor General\",\"image\":{\"@type\":\"ImageObject\",\"inLanguage\":\"es\",\"@id\":\"https:\/\/luchonoticias.com\/editor\/#\/schema\/person\/image\/\",\"url\":\"https:\/\/luchonoticias.com\/editor\/wp-content\/uploads\/2024\/02\/cropped-cropped-logolu-150x150.webp\",\"contentUrl\":\"https:\/\/luchonoticias.com\/editor\/wp-content\/uploads\/2024\/02\/cropped-cropped-logolu-150x150.webp\",\"caption\":\"Editor General\"},\"sameAs\":[\"https:\/\/luchonoticias.com\/\"],\"url\":\"https:\/\/luchonoticias.com\/editor\/author\/editor-general\/\"}]}<\/script>\n<!-- \/ Yoast SEO plugin. -->","yoast_head_json":{"title":"En marcha plan de escuelas seguras en el Huila -","robots":{"index":"index","follow":"follow","max-snippet":"max-snippet:-1","max-image-preview":"max-image-preview:large","max-video-preview":"max-video-preview:-1"},"canonical":"https:\/\/luchonoticias.com\/editor\/en-marcha-plan-de-escuelas-seguras-en-el-huila\/","og_locale":"es_ES","og_type":"article","og_title":"En marcha plan de escuelas seguras en el Huila -","og_url":"https:\/\/luchonoticias.com\/editor\/en-marcha-plan-de-escuelas-seguras-en-el-huila\/","article_publisher":"https:\/\/www.facebook.com\/luchonoticiasneiva","article_published_time":"2024-09-25T16:59:25+00:00","og_image":[{"width":700,"height":400,"url":"https:\/\/luchonoticias.com\/editor\/wp-content\/uploads\/2024\/09\/escuelas-huila.jpg","type":"image\/jpeg"}],"author":"Editor General","twitter_card":"summary_large_image","twitter_misc":{"Escrito por":"Editor General","Tiempo de lectura":"2 minutos"},"schema":{"@context":"https:\/\/schema.org","@graph":[{"@type":"Article","@id":"https:\/\/luchonoticias.com\/editor\/en-marcha-plan-de-escuelas-seguras-en-el-huila\/#article","isPartOf":{"@id":"https:\/\/luchonoticias.com\/editor\/en-marcha-plan-de-escuelas-seguras-en-el-huila\/"},"author":{"name":"Editor General","@id":"https:\/\/luchonoticias.com\/editor\/#\/schema\/person\/29217990ddf6f14e35912b2866d591fb"},"headline":"En marcha plan de escuelas seguras en el Huila","datePublished":"2024-09-25T16:59:25+00:00","mainEntityOfPage":{"@id":"https:\/\/luchonoticias.com\/editor\/en-marcha-plan-de-escuelas-seguras-en-el-huila\/"},"wordCount":338,"publisher":{"@id":"https:\/\/luchonoticias.com\/editor\/#\/schema\/person\/7a7fd911f58561fd056dbac7b55af9cd"},"image":{"@id":"https:\/\/luchonoticias.com\/editor\/en-marcha-plan-de-escuelas-seguras-en-el-huila\/#primaryimage"},"thumbnailUrl":"https:\/\/luchonoticias.com\/editor\/wp-content\/uploads\/2024\/09\/escuelas-huila.jpg","articleSection":["Huila"],"inLanguage":"es"},{"@type":"WebPage","@id":"https:\/\/luchonoticias.com\/editor\/en-marcha-plan-de-escuelas-seguras-en-el-huila\/","url":"https:\/\/luchonoticias.com\/editor\/en-marcha-plan-de-escuelas-seguras-en-el-huila\/","name":"En marcha plan de escuelas seguras en el Huila -","isPartOf":{"@id":"https:\/\/luchonoticias.com\/editor\/#website"},"primaryImageOfPage":{"@id":"https:\/\/luchonoticias.com\/editor\/en-marcha-plan-de-escuelas-seguras-en-el-huila\/#primaryimage"},"image":{"@id":"https:\/\/luchonoticias.com\/editor\/en-marcha-plan-de-escuelas-seguras-en-el-huila\/#primaryimage"},"thumbnailUrl":"https:\/\/luchonoticias.com\/editor\/wp-content\/uploads\/2024\/09\/escuelas-huila.jpg","datePublished":"2024-09-25T16:59:25+00:00","breadcrumb":{"@id":"https:\/\/luchonoticias.com\/editor\/en-marcha-plan-de-escuelas-seguras-en-el-huila\/#breadcrumb"},"inLanguage":"es","potentialAction":[{"@type":"ReadAction","target":["https:\/\/luchonoticias.com\/editor\/en-marcha-plan-de-escuelas-seguras-en-el-huila\/"]}]},{"@type":"ImageObject","inLanguage":"es","@id":"https:\/\/luchonoticias.com\/editor\/en-marcha-plan-de-escuelas-seguras-en-el-huila\/#primaryimage","url":"https:\/\/luchonoticias.com\/editor\/wp-content\/uploads\/2024\/09\/escuelas-huila.jpg","contentUrl":"https:\/\/luchonoticias.com\/editor\/wp-content\/uploads\/2024\/09\/escuelas-huila.jpg","width":700,"height":400},{"@type":"BreadcrumbList","@id":"https:\/\/luchonoticias.com\/editor\/en-marcha-plan-de-escuelas-seguras-en-el-huila\/#breadcrumb","itemListElement":[{"@type":"ListItem","position":1,"name":"Portada","item":"https:\/\/luchonoticias.com\/editor\/"},{"@type":"ListItem","position":2,"name":"En marcha plan de escuelas seguras en el Huila"}]},{"@type":"WebSite","@id":"https:\/\/luchonoticias.com\/editor\/#website","url":"https:\/\/luchonoticias.com\/editor\/","name":"","description":"","publisher":{"@id":"https:\/\/luchonoticias.com\/editor\/#\/schema\/person\/7a7fd911f58561fd056dbac7b55af9cd"},"potentialAction":[{"@type":"SearchAction","target":{"@type":"EntryPoint","urlTemplate":"https:\/\/luchonoticias.com\/editor\/?s={search_term_string}"},"query-input":{"@type":"PropertyValueSpecification","valueRequired":true,"valueName":"search_term_string"}}],"inLanguage":"es"},{"@type":["Person","Organization"],"@id":"https:\/\/luchonoticias.com\/editor\/#\/schema\/person\/7a7fd911f58561fd056dbac7b55af9cd","name":"admin","image":{"@type":"ImageObject","inLanguage":"es","@id":"https:\/\/luchonoticias.com\/editor\/#\/schema\/person\/image\/","url":"https:\/\/luchonoticias.com\/editor\/wp-content\/uploads\/2024\/02\/cropped-cropped-logolu.webp","contentUrl":"https:\/\/luchonoticias.com\/editor\/wp-content\/uploads\/2024\/02\/cropped-cropped-logolu.webp","width":382,"height":170,"caption":"admin"},"logo":{"@id":"https:\/\/luchonoticias.com\/editor\/#\/schema\/person\/image\/"},"sameAs":["https:\/\/www.facebook.com\/luchonoticiasneiva"]},{"@type":"Person","@id":"https:\/\/luchonoticias.com\/editor\/#\/schema\/person\/29217990ddf6f14e35912b2866d591fb","name":"Editor General","image":{"@type":"ImageObject","inLanguage":"es","@id":"https:\/\/luchonoticias.com\/editor\/#\/schema\/person\/image\/","url":"https:\/\/luchonoticias.com\/editor\/wp-content\/uploads\/2024\/02\/cropped-cropped-logolu-150x150.webp","contentUrl":"https:\/\/luchonoticias.com\/editor\/wp-content\/uploads\/2024\/02\/cropped-cropped-logolu-150x150.webp","caption":"Editor General"},"sameAs":["https:\/\/luchonoticias.com\/"],"url":"https:\/\/luchonoticias.com\/editor\/author\/editor-general\/"}]}},"_links":{"self":[{"href":"https:\/\/luchonoticias.com\/editor\/wp-json\/wp\/v2\/posts\/77300","targetHints":{"allow":["GET"]}}],"collection":[{"href":"https:\/\/luchonoticias.com\/editor\/wp-json\/wp\/v2\/posts"}],"about":[{"href":"https:\/\/luchonoticias.com\/editor\/wp-json\/wp\/v2\/types\/post"}],"author":[{"embeddable":true,"href":"https:\/\/luchonoticias.com\/editor\/wp-json\/wp\/v2\/users\/2"}],"replies":[{"embeddable":true,"href":"https:\/\/luchonoticias.com\/editor\/wp-json\/wp\/v2\/comments?post=77300"}],"version-history":[{"count":1,"href":"https:\/\/luchonoticias.com\/editor\/wp-json\/wp\/v2\/posts\/77300\/revisions"}],"predecessor-version":[{"id":77302,"href":"https:\/\/luchonoticias.com\/editor\/wp-json\/wp\/v2\/posts\/77300\/revisions\/77302"}],"wp:featuredmedia":[{"embeddable":true,"href":"https:\/\/luchonoticias.com\/editor\/wp-json\/wp\/v2\/media\/77301"}],"wp:attachment":[{"href":"https:\/\/luchonoticias.com\/editor\/wp-json\/wp\/v2\/media?parent=77300"}],"wp:term":[{"taxonomy":"category","embeddable":true,"href":"https:\/\/luchonoticias.com\/editor\/wp-json\/wp\/v2\/categories?post=77300"},{"taxonomy":"post_tag","embeddable":true,"href":"https:\/\/luchonoticias.com\/editor\/wp-json\/wp\/v2\/tags?post=77300"}],"curies":[{"name":"wp","href":"https:\/\/api.w.org\/{rel}","templated":true}]}}