{"id":77303,"date":"2024-09-25T15:33:19","date_gmt":"2024-09-25T20:33:19","guid":{"rendered":"https:\/\/luchonoticias.com\/?p=77303"},"modified":"2024-09-25T15:33:19","modified_gmt":"2024-09-25T20:33:19","slug":"labor-de-mantenimiento-vial-en-seis-municipios","status":"publish","type":"post","link":"https:\/\/luchonoticias.com\/editor\/labor-de-mantenimiento-vial-en-seis-municipios\/","title":{"rendered":"Labor de mantenimiento vial en seis municipios"},"content":{"rendered":"<p>Esta semana, del 23 al 29 de septiembre, la maquinaria de la gobernaci\u00f3n que administra la Secretar\u00eda de V\u00edas del Huila, estar\u00e1 trabajando en diversas necesidades que han solicitado las comunidades, entre las que se encuentran las de mantenimiento vial.<\/p>\n<p>De acuerdo al jefe de esta cartera del Gobierno Huila Grande, ingeniero Andr\u00e9s Camilo Cabrera Leiva, la maquinaria de la gobernaci\u00f3n estar\u00e1 en el municipio de Pitalito haciendo correcci\u00f3n de cauce R\u00edo Guachicos, en la vereda La Holanda. As\u00ed mismo, en el mismo municipio, se estar\u00e1 realizando en complementariedad con la maquinaria de la alcald\u00eda, el mantenimiento vial de la v\u00eda Ingal\u00ed-Criollo-Bruselas.<\/p>\n<p>En el municipio de Suaza, se encuentra un kit de maquinaria realizando mantenimiento a la v\u00eda Suaza-San Calixto &#8211; La Palma. Lo propio en Teruel, en la v\u00eda a la vereda La Mina y en Paicol, a la v\u00eda Matanzas-Puerto M\u00e9xico.<\/p>\n<p>En el Municipio de Colombia, otro kit de maquinaria realiza el mantenimiento vial en la v\u00eda Potrero grande \u2013 Carrasposo, y en El Agrado, otro kit avanza con trabajos en la v\u00eda El Agrado-El Carmen -Tres Esquinas &#8211; Los Pinos.<\/p>\n<p>\u201cTambi\u00e9n tenemos en movimiento los carrotanques para la atenci\u00f3n de las emergencias por incendios en el municipio de Palermo y suministrando agua potable a los acueductos de los municipios de N\u00e1taga y Tesalia. Tenemos un equipo Vactor atendiendo el destaponamiento de redes de alcantarillado a pozos y sumideros en el municipio de Pitalito. No paramos, seguimos en estas labores de atenci\u00f3n comunitaria que nos ha instruido el se\u00f1or gobernador, Rodrigo Villalba Mosquera\u201d, resalt\u00f3 el secretario de v\u00edas, Camilo Cabrera.<\/p>\n","protected":false},"excerpt":{"rendered":"<p>Esta semana, del 23 al 29 de septiembre, la maquinaria de la gobernaci\u00f3n que administra la Secretar\u00eda de V\u00edas del Huila, estar\u00e1 trabajando en diversas necesidades que han solicitado las comunidades, entre las que se encuentran las de mantenimiento vial. De acuerdo al jefe de esta cartera del Gobierno Huila Grande, ingeniero Andr\u00e9s Camilo Cabrera [&hellip;]<\/p>\n","protected":false},"author":2,"featured_media":77304,"comment_status":"closed","ping_status":"open","sticky":false,"template":"","format":"standard","meta":{"footnotes":""},"categories":[33],"tags":[],"class_list":["post-77303","post","type-post","status-publish","format-standard","has-post-thumbnail","hentry","category-huila"],"yoast_head":"<!-- This site is optimized with the Yoast SEO plugin v26.6 - https:\/\/yoast.com\/wordpress\/plugins\/seo\/ -->\n<title>Labor de mantenimiento vial en seis municipios -<\/title>\n<meta name=\"robots\" content=\"index, follow, max-snippet:-1, max-image-preview:large, max-video-preview:-1\" \/>\n<link rel=\"canonical\" href=\"https:\/\/luchonoticias.com\/editor\/labor-de-mantenimiento-vial-en-seis-municipios\/\" \/>\n<meta property=\"og:locale\" content=\"es_ES\" \/>\n<meta property=\"og:type\" content=\"article\" \/>\n<meta property=\"og:title\" content=\"Labor de mantenimiento vial en seis municipios -\" \/>\n<meta property=\"og:url\" content=\"https:\/\/luchonoticias.com\/editor\/labor-de-mantenimiento-vial-en-seis-municipios\/\" \/>\n<meta property=\"article:publisher\" content=\"https:\/\/www.facebook.com\/luchonoticiasneiva\" \/>\n<meta property=\"article:published_time\" content=\"2024-09-25T20:33:19+00:00\" \/>\n<meta property=\"og:image\" content=\"https:\/\/luchonoticias.com\/editor\/wp-content\/uploads\/2024\/09\/mantenimiento-vial.jpg\" \/>\n\t<meta property=\"og:image:width\" content=\"700\" \/>\n\t<meta property=\"og:image:height\" content=\"400\" \/>\n\t<meta property=\"og:image:type\" content=\"image\/jpeg\" \/>\n<meta name=\"author\" content=\"Editor General\" \/>\n<meta name=\"twitter:card\" content=\"summary_large_image\" \/>\n<meta name=\"twitter:label1\" content=\"Escrito por\" \/>\n\t<meta name=\"twitter:data1\" content=\"Editor General\" \/>\n\t<meta name=\"twitter:label2\" content=\"Tiempo de lectura\" \/>\n\t<meta name=\"twitter:data2\" content=\"2 minutos\" \/>\n<script type=\"application\/ld+json\" class=\"yoast-schema-graph\">{\"@context\":\"https:\/\/schema.org\",\"@graph\":[{\"@type\":\"Article\",\"@id\":\"https:\/\/luchonoticias.com\/editor\/labor-de-mantenimiento-vial-en-seis-municipios\/#article\",\"isPartOf\":{\"@id\":\"https:\/\/luchonoticias.com\/editor\/labor-de-mantenimiento-vial-en-seis-municipios\/\"},\"author\":{\"name\":\"Editor General\",\"@id\":\"https:\/\/luchonoticias.com\/editor\/#\/schema\/person\/29217990ddf6f14e35912b2866d591fb\"},\"headline\":\"Labor de mantenimiento vial en seis municipios\",\"datePublished\":\"2024-09-25T20:33:19+00:00\",\"mainEntityOfPage\":{\"@id\":\"https:\/\/luchonoticias.com\/editor\/labor-de-mantenimiento-vial-en-seis-municipios\/\"},\"wordCount\":288,\"publisher\":{\"@id\":\"https:\/\/luchonoticias.com\/editor\/#\/schema\/person\/7a7fd911f58561fd056dbac7b55af9cd\"},\"image\":{\"@id\":\"https:\/\/luchonoticias.com\/editor\/labor-de-mantenimiento-vial-en-seis-municipios\/#primaryimage\"},\"thumbnailUrl\":\"https:\/\/luchonoticias.com\/editor\/wp-content\/uploads\/2024\/09\/mantenimiento-vial.jpg\",\"articleSection\":[\"Huila\"],\"inLanguage\":\"es\"},{\"@type\":\"WebPage\",\"@id\":\"https:\/\/luchonoticias.com\/editor\/labor-de-mantenimiento-vial-en-seis-municipios\/\",\"url\":\"https:\/\/luchonoticias.com\/editor\/labor-de-mantenimiento-vial-en-seis-municipios\/\",\"name\":\"Labor de mantenimiento vial en seis municipios -\",\"isPartOf\":{\"@id\":\"https:\/\/luchonoticias.com\/editor\/#website\"},\"primaryImageOfPage\":{\"@id\":\"https:\/\/luchonoticias.com\/editor\/labor-de-mantenimiento-vial-en-seis-municipios\/#primaryimage\"},\"image\":{\"@id\":\"https:\/\/luchonoticias.com\/editor\/labor-de-mantenimiento-vial-en-seis-municipios\/#primaryimage\"},\"thumbnailUrl\":\"https:\/\/luchonoticias.com\/editor\/wp-content\/uploads\/2024\/09\/mantenimiento-vial.jpg\",\"datePublished\":\"2024-09-25T20:33:19+00:00\",\"breadcrumb\":{\"@id\":\"https:\/\/luchonoticias.com\/editor\/labor-de-mantenimiento-vial-en-seis-municipios\/#breadcrumb\"},\"inLanguage\":\"es\",\"potentialAction\":[{\"@type\":\"ReadAction\",\"target\":[\"https:\/\/luchonoticias.com\/editor\/labor-de-mantenimiento-vial-en-seis-municipios\/\"]}]},{\"@type\":\"ImageObject\",\"inLanguage\":\"es\",\"@id\":\"https:\/\/luchonoticias.com\/editor\/labor-de-mantenimiento-vial-en-seis-municipios\/#primaryimage\",\"url\":\"https:\/\/luchonoticias.com\/editor\/wp-content\/uploads\/2024\/09\/mantenimiento-vial.jpg\",\"contentUrl\":\"https:\/\/luchonoticias.com\/editor\/wp-content\/uploads\/2024\/09\/mantenimiento-vial.jpg\",\"width\":700,\"height\":400},{\"@type\":\"BreadcrumbList\",\"@id\":\"https:\/\/luchonoticias.com\/editor\/labor-de-mantenimiento-vial-en-seis-municipios\/#breadcrumb\",\"itemListElement\":[{\"@type\":\"ListItem\",\"position\":1,\"name\":\"Portada\",\"item\":\"https:\/\/luchonoticias.com\/editor\/\"},{\"@type\":\"ListItem\",\"position\":2,\"name\":\"Labor de mantenimiento vial en seis municipios\"}]},{\"@type\":\"WebSite\",\"@id\":\"https:\/\/luchonoticias.com\/editor\/#website\",\"url\":\"https:\/\/luchonoticias.com\/editor\/\",\"name\":\"\",\"description\":\"\",\"publisher\":{\"@id\":\"https:\/\/luchonoticias.com\/editor\/#\/schema\/person\/7a7fd911f58561fd056dbac7b55af9cd\"},\"potentialAction\":[{\"@type\":\"SearchAction\",\"target\":{\"@type\":\"EntryPoint\",\"urlTemplate\":\"https:\/\/luchonoticias.com\/editor\/?s={search_term_string}\"},\"query-input\":{\"@type\":\"PropertyValueSpecification\",\"valueRequired\":true,\"valueName\":\"search_term_string\"}}],\"inLanguage\":\"es\"},{\"@type\":[\"Person\",\"Organization\"],\"@id\":\"https:\/\/luchonoticias.com\/editor\/#\/schema\/person\/7a7fd911f58561fd056dbac7b55af9cd\",\"name\":\"admin\",\"image\":{\"@type\":\"ImageObject\",\"inLanguage\":\"es\",\"@id\":\"https:\/\/luchonoticias.com\/editor\/#\/schema\/person\/image\/\",\"url\":\"https:\/\/luchonoticias.com\/editor\/wp-content\/uploads\/2024\/02\/cropped-cropped-logolu.webp\",\"contentUrl\":\"https:\/\/luchonoticias.com\/editor\/wp-content\/uploads\/2024\/02\/cropped-cropped-logolu.webp\",\"width\":382,\"height\":170,\"caption\":\"admin\"},\"logo\":{\"@id\":\"https:\/\/luchonoticias.com\/editor\/#\/schema\/person\/image\/\"},\"sameAs\":[\"https:\/\/www.facebook.com\/luchonoticiasneiva\"]},{\"@type\":\"Person\",\"@id\":\"https:\/\/luchonoticias.com\/editor\/#\/schema\/person\/29217990ddf6f14e35912b2866d591fb\",\"name\":\"Editor General\",\"image\":{\"@type\":\"ImageObject\",\"inLanguage\":\"es\",\"@id\":\"https:\/\/luchonoticias.com\/editor\/#\/schema\/person\/image\/\",\"url\":\"https:\/\/luchonoticias.com\/editor\/wp-content\/uploads\/2024\/02\/cropped-cropped-logolu-150x150.webp\",\"contentUrl\":\"https:\/\/luchonoticias.com\/editor\/wp-content\/uploads\/2024\/02\/cropped-cropped-logolu-150x150.webp\",\"caption\":\"Editor General\"},\"sameAs\":[\"https:\/\/luchonoticias.com\/\"],\"url\":\"https:\/\/luchonoticias.com\/editor\/author\/editor-general\/\"}]}<\/script>\n<!-- \/ Yoast SEO plugin. -->","yoast_head_json":{"title":"Labor de mantenimiento vial en seis municipios -","robots":{"index":"index","follow":"follow","max-snippet":"max-snippet:-1","max-image-preview":"max-image-preview:large","max-video-preview":"max-video-preview:-1"},"canonical":"https:\/\/luchonoticias.com\/editor\/labor-de-mantenimiento-vial-en-seis-municipios\/","og_locale":"es_ES","og_type":"article","og_title":"Labor de mantenimiento vial en seis municipios -","og_url":"https:\/\/luchonoticias.com\/editor\/labor-de-mantenimiento-vial-en-seis-municipios\/","article_publisher":"https:\/\/www.facebook.com\/luchonoticiasneiva","article_published_time":"2024-09-25T20:33:19+00:00","og_image":[{"width":700,"height":400,"url":"https:\/\/luchonoticias.com\/editor\/wp-content\/uploads\/2024\/09\/mantenimiento-vial.jpg","type":"image\/jpeg"}],"author":"Editor General","twitter_card":"summary_large_image","twitter_misc":{"Escrito por":"Editor General","Tiempo de lectura":"2 minutos"},"schema":{"@context":"https:\/\/schema.org","@graph":[{"@type":"Article","@id":"https:\/\/luchonoticias.com\/editor\/labor-de-mantenimiento-vial-en-seis-municipios\/#article","isPartOf":{"@id":"https:\/\/luchonoticias.com\/editor\/labor-de-mantenimiento-vial-en-seis-municipios\/"},"author":{"name":"Editor General","@id":"https:\/\/luchonoticias.com\/editor\/#\/schema\/person\/29217990ddf6f14e35912b2866d591fb"},"headline":"Labor de mantenimiento vial en seis municipios","datePublished":"2024-09-25T20:33:19+00:00","mainEntityOfPage":{"@id":"https:\/\/luchonoticias.com\/editor\/labor-de-mantenimiento-vial-en-seis-municipios\/"},"wordCount":288,"publisher":{"@id":"https:\/\/luchonoticias.com\/editor\/#\/schema\/person\/7a7fd911f58561fd056dbac7b55af9cd"},"image":{"@id":"https:\/\/luchonoticias.com\/editor\/labor-de-mantenimiento-vial-en-seis-municipios\/#primaryimage"},"thumbnailUrl":"https:\/\/luchonoticias.com\/editor\/wp-content\/uploads\/2024\/09\/mantenimiento-vial.jpg","articleSection":["Huila"],"inLanguage":"es"},{"@type":"WebPage","@id":"https:\/\/luchonoticias.com\/editor\/labor-de-mantenimiento-vial-en-seis-municipios\/","url":"https:\/\/luchonoticias.com\/editor\/labor-de-mantenimiento-vial-en-seis-municipios\/","name":"Labor de mantenimiento vial en seis municipios -","isPartOf":{"@id":"https:\/\/luchonoticias.com\/editor\/#website"},"primaryImageOfPage":{"@id":"https:\/\/luchonoticias.com\/editor\/labor-de-mantenimiento-vial-en-seis-municipios\/#primaryimage"},"image":{"@id":"https:\/\/luchonoticias.com\/editor\/labor-de-mantenimiento-vial-en-seis-municipios\/#primaryimage"},"thumbnailUrl":"https:\/\/luchonoticias.com\/editor\/wp-content\/uploads\/2024\/09\/mantenimiento-vial.jpg","datePublished":"2024-09-25T20:33:19+00:00","breadcrumb":{"@id":"https:\/\/luchonoticias.com\/editor\/labor-de-mantenimiento-vial-en-seis-municipios\/#breadcrumb"},"inLanguage":"es","potentialAction":[{"@type":"ReadAction","target":["https:\/\/luchonoticias.com\/editor\/labor-de-mantenimiento-vial-en-seis-municipios\/"]}]},{"@type":"ImageObject","inLanguage":"es","@id":"https:\/\/luchonoticias.com\/editor\/labor-de-mantenimiento-vial-en-seis-municipios\/#primaryimage","url":"https:\/\/luchonoticias.com\/editor\/wp-content\/uploads\/2024\/09\/mantenimiento-vial.jpg","contentUrl":"https:\/\/luchonoticias.com\/editor\/wp-content\/uploads\/2024\/09\/mantenimiento-vial.jpg","width":700,"height":400},{"@type":"BreadcrumbList","@id":"https:\/\/luchonoticias.com\/editor\/labor-de-mantenimiento-vial-en-seis-municipios\/#breadcrumb","itemListElement":[{"@type":"ListItem","position":1,"name":"Portada","item":"https:\/\/luchonoticias.com\/editor\/"},{"@type":"ListItem","position":2,"name":"Labor de mantenimiento vial en seis municipios"}]},{"@type":"WebSite","@id":"https:\/\/luchonoticias.com\/editor\/#website","url":"https:\/\/luchonoticias.com\/editor\/","name":"","description":"","publisher":{"@id":"https:\/\/luchonoticias.com\/editor\/#\/schema\/person\/7a7fd911f58561fd056dbac7b55af9cd"},"potentialAction":[{"@type":"SearchAction","target":{"@type":"EntryPoint","urlTemplate":"https:\/\/luchonoticias.com\/editor\/?s={search_term_string}"},"query-input":{"@type":"PropertyValueSpecification","valueRequired":true,"valueName":"search_term_string"}}],"inLanguage":"es"},{"@type":["Person","Organization"],"@id":"https:\/\/luchonoticias.com\/editor\/#\/schema\/person\/7a7fd911f58561fd056dbac7b55af9cd","name":"admin","image":{"@type":"ImageObject","inLanguage":"es","@id":"https:\/\/luchonoticias.com\/editor\/#\/schema\/person\/image\/","url":"https:\/\/luchonoticias.com\/editor\/wp-content\/uploads\/2024\/02\/cropped-cropped-logolu.webp","contentUrl":"https:\/\/luchonoticias.com\/editor\/wp-content\/uploads\/2024\/02\/cropped-cropped-logolu.webp","width":382,"height":170,"caption":"admin"},"logo":{"@id":"https:\/\/luchonoticias.com\/editor\/#\/schema\/person\/image\/"},"sameAs":["https:\/\/www.facebook.com\/luchonoticiasneiva"]},{"@type":"Person","@id":"https:\/\/luchonoticias.com\/editor\/#\/schema\/person\/29217990ddf6f14e35912b2866d591fb","name":"Editor General","image":{"@type":"ImageObject","inLanguage":"es","@id":"https:\/\/luchonoticias.com\/editor\/#\/schema\/person\/image\/","url":"https:\/\/luchonoticias.com\/editor\/wp-content\/uploads\/2024\/02\/cropped-cropped-logolu-150x150.webp","contentUrl":"https:\/\/luchonoticias.com\/editor\/wp-content\/uploads\/2024\/02\/cropped-cropped-logolu-150x150.webp","caption":"Editor General"},"sameAs":["https:\/\/luchonoticias.com\/"],"url":"https:\/\/luchonoticias.com\/editor\/author\/editor-general\/"}]}},"_links":{"self":[{"href":"https:\/\/luchonoticias.com\/editor\/wp-json\/wp\/v2\/posts\/77303","targetHints":{"allow":["GET"]}}],"collection":[{"href":"https:\/\/luchonoticias.com\/editor\/wp-json\/wp\/v2\/posts"}],"about":[{"href":"https:\/\/luchonoticias.com\/editor\/wp-json\/wp\/v2\/types\/post"}],"author":[{"embeddable":true,"href":"https:\/\/luchonoticias.com\/editor\/wp-json\/wp\/v2\/users\/2"}],"replies":[{"embeddable":true,"href":"https:\/\/luchonoticias.com\/editor\/wp-json\/wp\/v2\/comments?post=77303"}],"version-history":[{"count":1,"href":"https:\/\/luchonoticias.com\/editor\/wp-json\/wp\/v2\/posts\/77303\/revisions"}],"predecessor-version":[{"id":77305,"href":"https:\/\/luchonoticias.com\/editor\/wp-json\/wp\/v2\/posts\/77303\/revisions\/77305"}],"wp:featuredmedia":[{"embeddable":true,"href":"https:\/\/luchonoticias.com\/editor\/wp-json\/wp\/v2\/media\/77304"}],"wp:attachment":[{"href":"https:\/\/luchonoticias.com\/editor\/wp-json\/wp\/v2\/media?parent=77303"}],"wp:term":[{"taxonomy":"category","embeddable":true,"href":"https:\/\/luchonoticias.com\/editor\/wp-json\/wp\/v2\/categories?post=77303"},{"taxonomy":"post_tag","embeddable":true,"href":"https:\/\/luchonoticias.com\/editor\/wp-json\/wp\/v2\/tags?post=77303"}],"curies":[{"name":"wp","href":"https:\/\/api.w.org\/{rel}","templated":true}]}}